{"id":2286181,"date":"2026-09-06T15:00:10","date_gmt":"2026-09-06T13:00:10","guid":{"rendered":"https:\/\/www.startlap.hu\/vasarlas\/?p=2286181"},"modified":"2026-09-06T15:29:00","modified_gmt":"2026-09-06T13:29:00","slug":"parkside-lidl-porszivo","status":"publish","type":"post","link":"https:\/\/www.startlap.hu\/vasarlas\/parkside-lidl-porszivo\/","title":{"rendered":"Olcs\u00f3bban t\u00e9r vissza a Lidlbe az egyik legjobb Parkside term\u00e9k: cs\u00fct\u00f6rt\u00f6kt\u0151l k\u00edgy\u00f3zhatnak \u00e9rte a sorok"},"content":{"rendered":"<p>A <strong><a href=\"https:\/\/www.startlap.hu\/vasarlas\/basket-plus-magyarorszag-bezaras\/\" target=\"_blank\" rel=\"noopener\">diszkontl\u00e1nc<\/a><\/strong> akci\u00f3s aj\u00e1nlatai k\u00f6z\u00f6tt rendszeresen felt\u0171nnek olyan bark\u00e1cs- \u00e9s h\u00e1ztart\u00e1si g\u00e9pek, amelyeket otthon \u00e9s a m\u0171helyben egyar\u00e1nt eredm\u00e9nyesen bevethet\u00fcnk. Ezekn\u00e9l a term\u00e9kekn\u00e9l a kedvez\u0151 \u00e1r mellett a sokoldal\u00fas\u00e1g \u00e9s a hossz\u00fa garanciaid\u0151 is fontos szempont lehet.<\/p>\n<div class=\"o-widget m-readMoreWidget -readMore u-shortDecorLineAfter row widget-container _ce_measure_widget bigdata-widget read-more\" data-ce-measure-widget=\"olvass tov\u00e1bb\">\n\t<div class=\"m-readMoreWidget__imgWrapper image-wrapper col-12 col-md-4 no-p\">\n\t\t<a class=\"m-readMoreWidget__imgLink\" href=\"https:\/\/www.startlap.hu\/vasarlas\/csomagdij-europa-temu-shein-kina\/\" >\n\t\t\t<img decoding=\"async\" src=\"https:\/\/www.startlap.hu\/vasarlas\/uploads\/2026\/08\/csomag-posta-temu-350x285.jpg\" class=\"m-readMoreWidget__img\">\n\t\t<\/a>\n\t<\/div>\n\t<div class=\"m-readMoreWidget__titleWrapper title-wrapper col-12 col-md-8\">\n\t\t<span class=\"m-readMoreWidget__titleLabel u-shortDecorLineBefore label hidden-sm-up\">Ez is \u00e9rdekelhet:<\/span>\n\t\t<h3 class=\"m-readMoreWidget__title title\">\n\t\t\t<a class=\"m-readMoreWidget__titleLink -secondFont u-bold u-upperCase\" href=\"https:\/\/www.startlap.hu\/vasarlas\/csomagdij-europa-temu-shein-kina\/\" >Visszafel\u00e9 s\u00fclt el a Kin\u00e1b\u00f3l \u00e9rkez\u0151 csomagokra kivetett 3 eur\u00f3s v\u00e1m: cs\u00f6kkent a rendel\u00e9sek sz\u00e1ma, m\u00e9gis n\u0151tt az \u00e9rt\u00e9k\u00fck<\/a>\n\t\t<\/h3>\n\t\t<a class=\"m-readMoreWidget__btn -coloredBack u-tC link\" href=\"https:\/\/www.startlap.hu\/vasarlas\/csomagdij-europa-temu-shein-kina\/\" >Elolvasom<\/a>\n\t<\/div>\n<\/div>\n<blockquote class=\"article__extraTxt\"><p>A <strong><a href=\"https:\/\/www.startlap.hu\/vasarlas\/wagyu-hus-lidl-60-ezer-forint\/\" target=\"_blank\" rel=\"noopener\">Lidl<\/a><\/strong> j\u00f6v\u0151 cs\u00fct\u00f6rt\u00f6kt\u0151l ism\u00e9t rengeteg Parkside term\u00e9kkel t\u00f6lti meg a polcokat, az aktu\u00e1lis non food akci\u00f3s \u00fajs\u00e1g k\u00f6zel fel\u00e9t a m\u00e1rka term\u00e9kei foglalj\u00e1k el.<\/p><\/blockquote>\n<p>A k\u00edn\u00e1latban az olyan kisebb apr\u00f3s\u00e1gokt\u00f3l kezdve, mint a zokni vagy a csavark\u00e9szlet, a sarokcsiszol\u00f3n \u00e1t eg\u00e9szen az asztalk\u00e9szletig szinte mindenf\u00e9le term\u00e9k megtal\u00e1lhat\u00f3, r\u00e1ad\u00e1sul \u00e1rban \u00e9s t\u00edpusban is igen sz\u00e9les a v\u00e1laszt\u00e9k. A sok Parkside \u00fajdons\u00e1g k\u00f6z\u00fcl azonban az egyik legjobb v\u00e1laszt\u00e1s egy porsz\u00edv\u00f3: sokoldal\u00fa, nagy kapacit\u00e1s\u00fa \u00e9s most a kor\u00e1bbin\u00e1l olcs\u00f3bban ker\u00fcl a Lidlbe a Parkside sz\u00e1raz-nedves porsz\u00edv\u00f3t.&nbsp;<\/p>\n<h2>Hogyan v\u00e1lasszunk porsz\u00edv\u00f3t?<\/h2>\n<p>Porsz\u00edv\u00f3 v\u00e1s\u00e1rl\u00e1sakor az egyik<strong> legfontosabb szempont a teljes\u00edtm\u00e9ny \u00e9s a sz\u00edv\u00f3er\u0151<\/strong>. \u00c1ltal\u00e1noss\u00e1gban a hagyom\u00e1nyos, porzs\u00e1kos porsz\u00edv\u00f3k sz\u00edv\u00f3teljes\u00edtm\u00e9nye jobb lehet az \u00e1ll\u00f3 k\u00e9sz\u00fcl\u00e9kek\u00e9n\u00e9l, az ipari porsz\u00edv\u00f3k pedig rendszerint m\u00e9g er\u0151sebbek. A nagyobb teljes\u00edtm\u00e9ny ugyanakkor nem minden esetben jelent automatikusan jobb takar\u00edt\u00e1st, ez\u00e9rt a k\u00e9sz\u00fcl\u00e9k fel\u00e9p\u00edt\u00e9s\u00e9t \u00e9s a sz\u00edv\u00f3er\u0151t is \u00e9rdemes figyelembe venni.<\/p>\n<p>A <strong>tart\u00e1ly vagy a porzs\u00e1k m\u00e9rete<\/strong> szint\u00e9n sz\u00e1m\u00edt, hiszen a nagyobb \u0171rtartalom ritk\u00e1bb \u00fcr\u00edt\u00e9st jelent. Az \u00e1ll\u00f3 porsz\u00edv\u00f3k mellett sz\u00f3l, hogy kev\u00e9s helyet foglalnak, m\u00edg a porzs\u00e1k n\u00e9lk\u00fcli k\u00e9sz\u00fcl\u00e9kekn\u00e9l nem kell folyamatosan \u00faj porzs\u00e1kokat v\u00e1s\u00e1rolni \u00e9s beszerezni. A <strong>hagyom\u00e1nyos, porzs\u00e1kos modellek mellett viszont \u00e9ppen a jellemz\u0151en er\u0151sebb sz\u00edv\u00f3teljes\u00edtm\u00e9ny sz\u00f3lhat<\/strong>, \u00edgy els\u0151sorban azt \u00e9rdemes m\u00e9rlegelni, hogy milyen feladatokra \u00e9s milyen gyakran haszn\u00e1ljuk a g\u00e9pet.<\/p>\n<h2>Mire j\u00f3 egy sz\u00e1raz-nedves porsz\u00edv\u00f3?<\/h2>\n<p>A sz\u00e1raz-nedves porsz\u00edv\u00f3k egyik legnagyobb el\u0151nye, hogy nemcsak a hagyom\u00e1nyos port \u00e9s szennyez\u0151d\u00e9seket k\u00e9pesek \u00f6sszegy\u0171jteni, hanem<\/p>\n<blockquote class=\"article__extraTxt\"><p>folyad\u00e9kok felsz\u00edv\u00e1s\u00e1ra is alkalmasak. Ez k\u00fcl\u00f6n\u00f6sen hasznos lehet gar\u00e1zsban, pinc\u00e9ben, m\u0171helyben vagy ak\u00e1r akkor, ha nagyobb mennyis\u00e9g\u0171 v\u00edz \u00f6mlik ki valahol.<\/p><\/blockquote>\n<p>Ezek a k\u00e9sz\u00fcl\u00e9kek <strong>\u00e1ltal\u00e1ban nagyobb tart\u00e1llyal, strapab\u00edr\u00f3bb kialak\u00edt\u00e1ssal \u00e9s er\u0151sebb sz\u00edv\u00f3er\u0151vel rendelkeznek,<\/strong> mint a klasszikus h\u00e1ztart\u00e1si porsz\u00edv\u00f3k. Sok modell f\u00faj\u00f3funkci\u00f3t is k\u00edn\u00e1l, ami p\u00e9ld\u00e1ul a levelek, forg\u00e1cs vagy egy\u00e9b k\u00f6nny\u0171 szennyez\u0151d\u00e9sek \u00f6sszef\u00faj\u00e1s\u00e1n\u00e1l, illetve nehezen hozz\u00e1f\u00e9rhet\u0151 helyek kitiszt\u00edt\u00e1s\u00e1n\u00e1l lehet praktikus.<\/p>\n<p>Ez a sokoldal\u00fas\u00e1g teszi igaz\u00e1n hasznoss\u00e1 a sz\u00e1raz-nedves porsz\u00edv\u00f3t: nemcsak a lak\u00e1sban keletkez\u0151 sz\u00e1raz szennyez\u0151d\u00e9sek eltakar\u00edt\u00e1s\u00e1ra haszn\u00e1lhat\u00f3, hanem olyan munk\u00e1khoz is, amelyekhez egy hagyom\u00e1nyos porsz\u00edv\u00f3 m\u00e1r nem lenne megfelel\u0151.<\/p>\n<h2>Mit tud a Parkside porsz\u00edv\u00f3ja?<\/h2>\n<figure id=\"attachment_2286183\" aria-describedby=\"caption-attachment-2286183\" style=\"width: 755px\" class=\"wp-caption alignnone\"><img loading=\"lazy\" decoding=\"async\" class=\"size-article-size-large-image wp-image-2286183\" src=\"https:\/\/www.startlap.hu\/vasarlas\/uploads\/2026\/09\/lidl-1-755x503.jpg\" alt=\"V\u00e1s\u00e1rl\u00f3k \u00e9s parkol\u00f3 aut\u00f3k a Lidl el\u0151tt\" width=\"755\" height=\"503\" srcset=\"https:\/\/www.startlap.hu\/vasarlas\/uploads\/2026\/09\/lidl-1-755x503.jpg 755w, https:\/\/www.startlap.hu\/vasarlas\/uploads\/2026\/09\/lidl-1-1536x1024.jpg 1536w, https:\/\/www.startlap.hu\/vasarlas\/uploads\/2026\/09\/lidl-1-2048x1365.jpg 2048w, https:\/\/www.startlap.hu\/vasarlas\/uploads\/2026\/09\/lidl-1-525x350.jpg 525w\" sizes=\"auto, (max-width: 755px) 100vw, 755px\" \/><figcaption id=\"caption-attachment-2286183\" class=\"wp-caption-text\">Cs\u00fct\u00f6rt\u00f6k\u00f6n egy csom\u00f3 Parkside term\u00e9k \u00e9rkezik a Lidlbe. (Fot\u00f3: Getty Images)<\/figcaption><\/figure>\n<p>A Lidl k\u00edn\u00e1lat\u00e1ba \u00e9rkez\u0151 Parkside sz\u00e1raz-nedves porsz\u00edv\u00f3 egy olyan univerz\u00e1lis tiszt\u00edt\u00f3eszk\u00f6z, amely sz\u00e1raz \u00e9s nedves szennyez\u0151d\u00e9sek elt\u00e1vol\u00edt\u00e1s\u00e1ra egyar\u00e1nt haszn\u00e1lhat\u00f3. A csinos diz\u00e1jnnal rendelkez\u0151, ez\u00fcst sz\u00edn\u0171 k\u00e9sz\u00fcl\u00e9k (a term\u00e9k fot\u00f3ja az <strong><a href=\"https:\/\/akcios-ujsag.hu\/akcios-ujsagok\/lidl-nonfood-akcios-ujsag-2026-09-10\/\" target=\"_blank\" target=\"_blank\" rel=\"noopener\">akci\u00f3s \u00fajs\u00e1gban<\/a><\/strong> l\u00e1that\u00f3) 1300 wattos motorral m\u0171k\u00f6dik, sz\u00edv\u00e1si teljes\u00edtm\u00e9nye k\u00f6r\u00fclbel\u00fcl 200 Airwatt, a mintegy 20 literes nemesac\u00e9l tart\u00e1ly pedig nagyobb mennyis\u00e9g\u0171 szennyez\u0151d\u00e9s befogad\u00e1s\u00e1ra is alkalmas.<\/p>\n<p>A k\u00e9sz\u00fcl\u00e9kkel vizet is felsz\u00edvhatunk, emellett f\u00faj\u00f3funkci\u00f3val is rendelkezik, \u00e9s t\u00f6bbf\u00e9le kieg\u00e9sz\u00edt\u0151 fej j\u00e1r hozz\u00e1. A tart\u00e1ly egyszer\u0171en ki\u00fcr\u00edthet\u0151, a 3 \u00e9ves garancia pedig tov\u00e1bbi el\u0151nyt jelenthet, k\u00fcl\u00f6n\u00f6sen egy olyan g\u00e9pn\u00e9l, amelyet ak\u00e1r rendszeresen, nagyobb ig\u00e9nybev\u00e9tel mellett is haszn\u00e1lhatunk.<\/p>\n<h3>A Parkside sz\u00e1raz-nedves porsz\u00edv\u00f3 f\u0151bb param\u00e9terei:<\/h3>\n<ul>\n<li>Parkside sz\u00e1raz-nedves porsz\u00edv\u00f3;<\/li>\n<li>univerz\u00e1lis tiszt\u00edt\u00f3eszk\u00f6z <strong>sz\u00e1raz \u00e9s nedves szennyez\u0151d\u00e9sekhez<\/strong>;<\/li>\n<li><strong>f\u00faj\u00e1sra is alkalmas<\/strong>;<\/li>\n<li><strong>v\u00edz felsz\u00edv\u00e1s\u00e1ra<\/strong> is haszn\u00e1lhat\u00f3;<\/li>\n<li>sz\u00edv\u00e1si teljes\u00edtm\u00e9ny k\u00f6r\u00fclbel\u00fcl <strong>200 Airwatt<\/strong>;<\/li>\n<li>motor teljes\u00edtm\u00e9nye<strong> 1300 watt<\/strong>;<\/li>\n<li><strong>nemesac\u00e9l<\/strong> tart\u00e1ly;<\/li>\n<li><strong>tart\u00e1lykapacit\u00e1s<\/strong> k\u00f6r\u00fclbel\u00fcl <strong>20 liter<\/strong>;<\/li>\n<li><strong>egyszer\u0171en ki\u00fcr\u00edthet\u0151<\/strong>;<\/li>\n<li><strong>t\u00f6bbf\u00e9le kieg\u00e9sz\u00edt\u0151 fejjel<\/strong> \u00e9rkezik;<\/li>\n<li><strong>3 \u00e9v garancia<\/strong>;<\/li>\n<li>akci\u00f3s <strong>\u00e1ra 14 999 forint.<\/strong><\/li>\n<\/ul>\n<h2>Most 16 sz\u00e1zal\u00e9kkal olcs\u00f3bb, mint kor\u00e1bban<\/h2>\n<p>A <strong><a href=\"https:\/\/www.startlap.hu\/vasarlas\/lidl-parkside-szerszamok-titkok-barkacs\/\" target=\"_blank\" rel=\"noopener\">Parkside<\/a><\/strong> porsz\u00edv\u00f3 ez\u00fattal 14 999 forintos \u00e1ron ker\u00fcl a Lidl polcaira, ami 16 sz\u00e1zal\u00e9kkal alacsonyabb \u00f6sszeg ann\u00e1l, mint amennyi\u00e9rt a term\u00e9k legut\u00f3bb kaphat\u00f3 volt.<\/p>\n<p>A hasonl\u00f3, sz\u00e1raz-nedves porsz\u00edv\u00f3k k\u00f6z\u00f6tt tal\u00e1lni enn\u00e9l olcs\u00f3bb modelleket is, ezekn\u00e9l azonban jellemz\u0151en kompromisszumot kell k\u00f6tni a teljes\u00edtm\u00e9ny, a tart\u00e1ly m\u00e9rete vagy a felszerelts\u00e9g ter\u00e9n. A 20 liter k\u00f6r\u00fcli tart\u00e1llyal \u00e9s hasonl\u00f3 teljes\u00edtm\u00e9nnyel rendelkez\u0151 k\u00e9sz\u00fcl\u00e9kek \u00e1ra sok esetben 18-20 ezer forint felett kezd\u0151dik, m\u00edg az ismertebb, nagy nev\u0171 gy\u00e1rt\u00f3k hasonl\u00f3 kateg\u00f3ri\u00e1j\u00fa modelljei\u00e9rt gyakran 25-35 ezer forintot is elk\u00e9rnek.<\/p>\n<p>Ehhez k\u00e9pest a mostani 14 999 forintos \u00e1r, a 1300 wattos teljes\u00edtm\u00e9ny, a 20 literes nemesac\u00e9l tart\u00e1ly, a f\u00faj\u00f3funkci\u00f3 \u00e9s a h\u00e1rom\u00e9ves garancia egy\u00fctt kifejezetten kedvez\u0151 kombin\u00e1ci\u00f3.<\/p>\n<h2>Meg\u00e9ri a Parkside sz\u00e1raz-nedves porsz\u00edv\u00f3 az \u00e1r\u00e1t?<\/h2>\n<p>A sz\u00e1raz-nedves porsz\u00edv\u00f3 legnagyobb el\u0151nye, hogy j\u00f3val t\u00f6bb helyzetben haszn\u00e1lhat\u00f3, mint egy hagyom\u00e1nyos h\u00e1ztart\u00e1si k\u00e9sz\u00fcl\u00e9k. A port \u00e9s a sz\u00e1raz szennyez\u0151d\u00e9seket ugyan\u00fagy felsz\u00edvhatjuk vele, de nem okoz gondot a ki\u00f6ml\u00f6tt v\u00edz sem, a f\u00faj\u00f3funkci\u00f3 pedig olyan feladatokn\u00e1l is j\u00f3l j\u00f6het, amelyekre egy hagyom\u00e1nyos porsz\u00edv\u00f3 alkalmatlan.<\/p>\n<p>A 20 literes tart\u00e1lynak k\u00f6sz\u00f6nhet\u0151en nem kell gyakran ki\u00fcr\u00edteni, a nemesac\u00e9l kialak\u00edt\u00e1s pedig kell\u0151en eszt\u00e9tikus, egy\u00fattal strapab\u00edr\u00f3 ahhoz, hogy a k\u00e9sz\u00fcl\u00e9ket a lak\u00e1sban, gar\u00e1zsban, pinc\u00e9ben vagy m\u0171helyben is haszn\u00e1ljuk. A t\u00f6bbf\u00e9le fej szint\u00e9n azt jelenti, hogy nem egyetlen konkr\u00e9t feladatra v\u00e1s\u00e1rolunk g\u00e9pet, hanem egy sokoldal\u00fa takar\u00edt\u00f3eszk\u00f6zt kapunk.<\/p>\n<blockquote class=\"article__extraTxt\"><p>Az \u00e1r mellett a h\u00e1rom\u00e9ves garancia is fontos \u00e9rv.<\/p><\/blockquote>\n<p>Egy ilyen k\u00e9sz\u00fcl\u00e9ket jellemz\u0151en nagyobb ig\u00e9nybev\u00e9telnek tesz\u00fcnk ki, mint egy egyszer\u0171 h\u00e1ztart\u00e1si porsz\u00edv\u00f3t, ez\u00e9rt nem mindegy, hogy a v\u00e1s\u00e1rl\u00e1s ut\u00e1n mennyi ideig sz\u00e1m\u00edthatunk garanci\u00e1lis h\u00e1tt\u00e9rre.<\/p>\n<p>A term\u00e9k j\u00f6v\u0151 <strong>szeptember 10-t\u0151l lesz kaphat\u00f3<\/strong>.<\/p>\n<p><strong>\u00c9rdemes az&nbsp;<\/strong><a id=\"menuri8\" class=\"fui-Link ___1q1shib f2hkw1w f3rmtva f1ewtqcl fyind8e f1k6fduh f1w7gpdv fk6fouc fjoy568 figsok6 f1s184ao f1mk8lai fnbmjn9 f1o700av f13mvf36 f1cmlufx f9n3di6 f1ids18y f1tx3yz7 f1deo86v f1eh06m1 f1iescvh fhgqx19 f1olyrje f1p93eir f1nev41a f1h8hb77 f1lqvz6u f10aw75t fsle3fq f17ae5zn\" title=\"https:\/\/akcios-ujsag.hu\/\" href=\"https:\/\/akcios-ujsag.hu\/\" target=\"_blank\" target=\"_blank\" rel=\"noreferrer noopener\" aria-label=\"Hivatkoz\u00e1s: Akci\u00f3s-\u00dajs\u00e1g.hu\"><strong>Akci\u00f3s-\u00dajs\u00e1g.hu<\/strong><\/a><strong>&nbsp;oldal\u00e1n megtal\u00e1lhat\u00f3 m\u00e1s \u00e1ruh\u00e1zl\u00e1ncok akci\u00f3s term\u00e9keit is \u00e1tb\u00f6ng\u00e9szni, p\u00e9ld\u00e1ul:<\/strong><\/p>\n<ul>\n<li><a id=\"menuria\" class=\"fui-Link ___1q1shib f2hkw1w f3rmtva f1ewtqcl fyind8e f1k6fduh f1w7gpdv fk6fouc fjoy568 figsok6 f1s184ao f1mk8lai fnbmjn9 f1o700av f13mvf36 f1cmlufx f9n3di6 f1ids18y f1tx3yz7 f1deo86v f1eh06m1 f1iescvh fhgqx19 f1olyrje f1p93eir f1nev41a f1h8hb77 f1lqvz6u f10aw75t fsle3fq f17ae5zn\" title=\"https:\/\/akcios-ujsag.hu\/akcios-ujsag\/elelmiszer-aruhaz\/aldi\/\" href=\"https:\/\/akcios-ujsag.hu\/akcios-ujsag\/elelmiszer-aruhaz\/aldi\/\" target=\"_blank\" target=\"_blank\" rel=\"noreferrer noopener\" aria-label=\"Hivatkoz\u00e1s: Aldi\"><strong>Aldi<\/strong><\/a><\/li>\n<li><a id=\"menuric\" class=\"fui-Link ___1q1shib f2hkw1w f3rmtva f1ewtqcl fyind8e f1k6fduh f1w7gpdv fk6fouc fjoy568 figsok6 f1s184ao f1mk8lai fnbmjn9 f1o700av f13mvf36 f1cmlufx f9n3di6 f1ids18y f1tx3yz7 f1deo86v f1eh06m1 f1iescvh fhgqx19 f1olyrje f1p93eir f1nev41a f1h8hb77 f1lqvz6u f10aw75t fsle3fq f17ae5zn\" title=\"https:\/\/akcios-ujsag.hu\/akcios-ujsag\/elelmiszer-aruhaz\/auchan\/\" href=\"https:\/\/akcios-ujsag.hu\/akcios-ujsag\/elelmiszer-aruhaz\/auchan\/\" target=\"_blank\" target=\"_blank\" rel=\"noreferrer noopener\" aria-label=\"Hivatkoz\u00e1s: Auchan\"><strong>Auchan<\/strong><\/a><\/li>\n<li><a id=\"menurie\" class=\"fui-Link ___1q1shib f2hkw1w f3rmtva f1ewtqcl fyind8e f1k6fduh f1w7gpdv fk6fouc fjoy568 figsok6 f1s184ao f1mk8lai fnbmjn9 f1o700av f13mvf36 f1cmlufx f9n3di6 f1ids18y f1tx3yz7 f1deo86v f1eh06m1 f1iescvh fhgqx19 f1olyrje f1p93eir f1nev41a f1h8hb77 f1lqvz6u f10aw75t fsle3fq f17ae5zn\" title=\"https:\/\/akcios-ujsag.hu\/akcios-ujsag\/elelmiszer-aruhaz\/spar-interspar\/\" href=\"https:\/\/akcios-ujsag.hu\/akcios-ujsag\/elelmiszer-aruhaz\/spar-interspar\/\" target=\"_blank\" target=\"_blank\" rel=\"noreferrer noopener\" aria-label=\"Hivatkoz\u00e1s: Interspar\"><strong>Interspar<\/strong><\/a><\/li>\n<li><a id=\"menurig\" class=\"fui-Link ___1q1shib f2hkw1w f3rmtva f1ewtqcl fyind8e f1k6fduh f1w7gpdv fk6fouc fjoy568 figsok6 f1s184ao f1mk8lai fnbmjn9 f1o700av f13mvf36 f1cmlufx f9n3di6 f1ids18y f1tx3yz7 f1deo86v f1eh06m1 f1iescvh fhgqx19 f1olyrje f1p93eir f1nev41a f1h8hb77 f1lqvz6u f10aw75t fsle3fq f17ae5zn\" title=\"https:\/\/akcios-ujsag.hu\/akcios-ujsag\/elelmiszer-aruhaz\/penny-market\/\" href=\"https:\/\/akcios-ujsag.hu\/akcios-ujsag\/elelmiszer-aruhaz\/penny-market\/\" target=\"_blank\" target=\"_blank\" rel=\"noreferrer noopener\" aria-label=\"Hivatkoz\u00e1s: Penny&nbsp;\"><strong>Penny&nbsp;<\/strong><\/a><\/li>\n<li><a id=\"menurii\" class=\"fui-Link ___1q1shib f2hkw1w f3rmtva f1ewtqcl fyind8e f1k6fduh f1w7gpdv fk6fouc fjoy568 figsok6 f1s184ao f1mk8lai fnbmjn9 f1o700av f13mvf36 f1cmlufx f9n3di6 f1ids18y f1tx3yz7 f1deo86v f1eh06m1 f1iescvh fhgqx19 f1olyrje f1p93eir f1nev41a f1h8hb77 f1lqvz6u f10aw75t fsle3fq f17ae5zn\" title=\"https:\/\/akcios-ujsag.hu\/akcios-ujsag\/elelmiszer-aruhaz\/tesco\/\" href=\"https:\/\/akcios-ujsag.hu\/akcios-ujsag\/elelmiszer-aruhaz\/tesco\/\" target=\"_blank\" target=\"_blank\" rel=\"noreferrer noopener\" aria-label=\"Hivatkoz\u00e1s: Tesco\"><strong>Tesco<\/strong><\/a><\/li>\n<\/ul>\n<div class=\"o-widget m-readMoreWidget -readMore u-shortDecorLineAfter row widget-container _ce_measure_widget bigdata-widget read-more\" data-ce-measure-widget=\"olvass tov\u00e1bb\">\n\t<div class=\"m-readMoreWidget__imgWrapper image-wrapper col-12 col-md-4 no-p\">\n\t\t<a class=\"m-readMoreWidget__imgLink\" href=\"https:\/\/www.startlap.hu\/vasarlas\/lidl-aldi-non-food\/\" >\n\t\t\t<img decoding=\"async\" src=\"https:\/\/www.startlap.hu\/vasarlas\/uploads\/2026\/09\/lidl-350x285.jpg\" class=\"m-readMoreWidget__img\">\n\t\t<\/a>\n\t<\/div>\n\t<div class=\"m-readMoreWidget__titleWrapper title-wrapper col-12 col-md-8\">\n\t\t<span class=\"m-readMoreWidget__titleLabel u-shortDecorLineBefore label hidden-sm-up\">Ez is \u00e9rdekelhet:<\/span>\n\t\t<h3 class=\"m-readMoreWidget__title title\">\n\t\t\t<a class=\"m-readMoreWidget__titleLink -secondFont u-bold u-upperCase\" href=\"https:\/\/www.startlap.hu\/vasarlas\/lidl-aldi-non-food\/\" >A Lidl \u00faj aranyb\u00e1ny\u00e1ra lelt: ez hozza az igazi bev\u00e9telt, nem az \u00e9lelmiszer-\u00e9rt\u00e9kes\u00edt\u00e9s<\/a>\n\t\t<\/h3>\n\t\t<a class=\"m-readMoreWidget__btn -coloredBack u-tC link\" href=\"https:\/\/www.startlap.hu\/vasarlas\/lidl-aldi-non-food\/\" >Elolvasom<\/a>\n\t<\/div>\n<\/div>\n","protected":false},"excerpt":{"rendered":"<p>A Lidl id\u0151r\u0151l id\u0151re olyan term\u00e9keket hoz vissza a k\u00edn\u00e1lat\u00e1ba, amelyek kor\u00e1bban is gyorsan elt\u0171ntek a polcokr\u00f3l. Most ism\u00e9t \u00e9rkezik egy n\u00e9pszer\u0171 Parkside eszk\u00f6z, r\u00e1ad\u00e1sul a kor\u00e1bbin\u00e1l kedvez\u0151bb \u00e1ron.<\/p>\n","protected":false},"author":14,"featured_media":2286183,"comment_status":"closed","ping_status":"closed","sticky":false,"template":"","format":"standard","meta":{"footnotes":""},"categories":[8180],"tags":[13999,280,19147,9668],"class_list":["post-2286181","post","type-post","status-publish","format-standard","has-post-thumbnail","hentry","category-trending","tag-akcios-ujsag","tag-lidl","tag-parkside","tag-porszivo"],"aioseo_notices":[],"_links":{"self":[{"href":"https:\/\/www.startlap.hu\/vasarlas\/wp-json\/wp\/v2\/posts\/2286181","targetHints":{"allow":["GET"]}}],"collection":[{"href":"https:\/\/www.startlap.hu\/vasarlas\/wp-json\/wp\/v2\/posts"}],"about":[{"href":"https:\/\/www.startlap.hu\/vasarlas\/wp-json\/wp\/v2\/types\/post"}],"author":[{"embeddable":true,"href":"https:\/\/www.startlap.hu\/vasarlas\/wp-json\/wp\/v2\/users\/14"}],"replies":[{"embeddable":true,"href":"https:\/\/www.startlap.hu\/vasarlas\/wp-json\/wp\/v2\/comments?post=2286181"}],"version-history":[{"count":3,"href":"https:\/\/www.startlap.hu\/vasarlas\/wp-json\/wp\/v2\/posts\/2286181\/revisions"}],"predecessor-version":[{"id":2286185,"href":"https:\/\/www.startlap.hu\/vasarlas\/wp-json\/wp\/v2\/posts\/2286181\/revisions\/2286185"}],"wp:featuredmedia":[{"embeddable":true,"href":"https:\/\/www.startlap.hu\/vasarlas\/wp-json\/wp\/v2\/media\/2286183"}],"wp:attachment":[{"href":"https:\/\/www.startlap.hu\/vasarlas\/wp-json\/wp\/v2\/media?parent=2286181"}],"wp:term":[{"taxonomy":"category","embeddable":true,"href":"https:\/\/www.startlap.hu\/vasarlas\/wp-json\/wp\/v2\/categories?post=2286181"},{"taxonomy":"post_tag","embeddable":true,"href":"https:\/\/www.startlap.hu\/vasarlas\/wp-json\/wp\/v2\/tags?post=2286181"}],"curies":[{"name":"wp","href":"https:\/\/api.w.org\/{rel}","templated":true}]}}