{"id":2286149,"date":"2026-09-04T20:54:01","date_gmt":"2026-09-04T18:54:01","guid":{"rendered":"https:\/\/www.startlap.hu\/vasarlas\/?p=2286149"},"modified":"2026-09-04T21:24:53","modified_gmt":"2026-09-04T19:24:53","slug":"lidl-aldi-non-food","status":"publish","type":"post","link":"https:\/\/www.startlap.hu\/vasarlas\/lidl-aldi-non-food\/","title":{"rendered":"A Lidl \u00e9s \u00faj aranyb\u00e1ny\u00e1ra lelt: ez hozza az igazi bev\u00e9telt, nem az \u00e9lelmiszer-\u00e9rt\u00e9kes\u00edt\u00e9s"},"content":{"rendered":"<p>P\u00e1r \u00e9ve m\u00e9g szokatlanabb volt, ha valaki egy \u00e9lelmiszerboltban nemcsak a heti bev\u00e1s\u00e1rl\u00e1st int\u00e9zte el, hanem p\u00e9ld\u00e1ul <strong><a href=\"https:\/\/www.startlap.hu\/vasarlas\/lidl-parkside-szerszamok-titkok-barkacs\/\" target=\"_blank\" rel=\"noopener\">szersz\u00e1mot<\/a><\/strong>, konyhai kisg\u00e9pet vagy j\u00e1t\u00e9kot is v\u00e1s\u00e1rolt. Ma m\u00e1r a nagy l\u00e1ncok tudatosan \u00e9p\u00edtenek arra, hogy az \u00e9lelmiszerek mellett min\u00e9l t\u00f6bb m\u00e1s term\u00e9ket is k\u00edn\u00e1ljanak.<\/p>\n<div class=\"o-widget m-readMoreWidget -readMore u-shortDecorLineAfter row widget-container _ce_measure_widget bigdata-widget read-more\" data-ce-measure-widget=\"olvass tov\u00e1bb\">\n\t<div class=\"m-readMoreWidget__imgWrapper image-wrapper col-12 col-md-4 no-p\">\n\t\t<a class=\"m-readMoreWidget__imgLink\" href=\"https:\/\/www.startlap.hu\/vasarlas\/baberlevel-szodabikarbona-termeszetes-tisztitoszer\/\" >\n\t\t\t<img decoding=\"async\" src=\"https:\/\/www.startlap.hu\/vasarlas\/uploads\/2026\/08\/baberlevel-350x285.jpg\" class=\"m-readMoreWidget__img\">\n\t\t<\/a>\n\t<\/div>\n\t<div class=\"m-readMoreWidget__titleWrapper title-wrapper col-12 col-md-8\">\n\t\t<span class=\"m-readMoreWidget__titleLabel u-shortDecorLineBefore label hidden-sm-up\">Ez is \u00e9rdekelhet:<\/span>\n\t\t<h3 class=\"m-readMoreWidget__title title\">\n\t\t\t<a class=\"m-readMoreWidget__titleLink -secondFont u-bold u-upperCase\" href=\"https:\/\/www.startlap.hu\/vasarlas\/baberlevel-szodabikarbona-termeszetes-tisztitoszer\/\" >Bab\u00e9rlevelet forralnak sz\u00f3dabikarb\u00f3n\u00e1val: meglep\u0151dsz, mire j\u00f3 otthon<\/a>\n\t\t<\/h3>\n\t\t<a class=\"m-readMoreWidget__btn -coloredBack u-tC link\" href=\"https:\/\/www.startlap.hu\/vasarlas\/baberlevel-szodabikarbona-termeszetes-tisztitoszer\/\" >Elolvasom<\/a>\n\t<\/div>\n<\/div>\n<p>A matracokt\u00f3l \u00e9s forr\u00f3leveg\u0151s s\u00fct\u0151kt\u0151l az \u00e1gv\u00e1g\u00f3 oll\u00f3kon \u00e9s szendvicss\u00fct\u0151k\u00f6n \u00e1t a j\u00e1t\u00e9kokig \u00e9s az iskolai felszerel\u00e9sekig egyre sz\u00e9lesebb ez a k\u00f6r. Csehorsz\u00e1gban az Albert, a Billa, a Lidl \u00e9s a Penny Market eset\u00e9ben a nem \u00e9lelmiszer jelleg\u0171 term\u00e9kek ar\u00e1nya el\u00e9rheti a teljes k\u00edn\u00e1lat 15 sz\u00e1zal\u00e9k\u00e1t is. Gyakorlatilag ugyanez a modell m\u0171k\u00f6dik Magyarorsz\u00e1gon is, csak kicsit m\u00e1s szerepl\u0151kkel, n\u00e1lunk a <a href=\"https:\/\/www.startlap.hu\/vasarlas\/wagyu-hus-lidl-60-ezer-forint\/\" target=\"_blank\" rel=\"noopener\"><strong>Lidl<\/strong><\/a> \u00e9s az Aldi k\u00f6z\u00f6tt zajlik az igazi verseny. A Lidl magyar oldal\u00e1n k\u00fcl\u00f6n non-food k\u00edn\u00e1lat szerepel, az Aldin\u00e1l pedig rendszeresen megjelenik az \u00fagynevezett k\u00f6z\u00e9ps\u0151 sor term\u00e9kk\u00f6re.<\/p>\n<h2>Az infl\u00e1ci\u00f3s id\u0151szakban a l\u00e1ncoknak komoly nyom\u00e1ssal kellett szemben\u00e9zni\u00fck<\/h2>\n<p>Mivel<strong> az alapvet\u0151 term\u00e9kekn\u00e9l az \u00e1r\u00e9rz\u00e9keny v\u00e1s\u00e1rl\u00f3k miatt neh\u00e9z volt jelent\u0151sen emelni az \u00e1rakat<\/strong>, a keresked\u0151k olyan term\u00e9keket kerestek, amelyeken magasabb \u00e1rr\u00e9st \u00e9rhetnek el. A nem \u00e9lelmiszer jelleg\u0171 \u00e1ruk ebben k\u00fcl\u00f6n\u00f6sen j\u00f3k, mivel egy szersz\u00e1m, egy kisebb h\u00e1ztart\u00e1si g\u00e9p vagy egy szezon\u00e1lis kerti term\u00e9k eset\u00e9ben eg\u00e9szen m\u00e1s az \u00e1rk\u00e9pz\u00e9s, mint az olyan alapvet\u0151 \u00e9lelmiszerekn\u00e9l, amelyekn\u00e9l a v\u00e1s\u00e1rl\u00f3k folyamatosan figyelik az \u00e1rakat.<\/p>\n<p>\u201eAz infl\u00e1ci\u00f3s v\u00e1ls\u00e1g cs\u00f6kkentette a l\u00e1ncok \u00e9lelmiszereken el\u00e9rt \u00e1rr\u00e9s\u00e9t. Nyom\u00e1s alatt voltak a magas \u00e1rak miatt, \u00e9s ezek n\u00f6veked\u00e9s\u00e9t legal\u00e1bb r\u00e9szben \u00e9ppen az \u00e1rr\u00e9sek cs\u00f6kkent\u00e9s\u00e9vel pr\u00f3b\u00e1lt\u00e1k tomp\u00edtani.<\/p>\n<blockquote><p>Annak \u00e9rdek\u00e9ben, hogy legal\u00e1bb bizonyos \u00e9rt\u00e9kes\u00edt\u00e9si volumeneket fenntartsanak, elkezdtek jobban odafigyelni a k\u00edn\u00e1lat b\u0151v\u00edt\u00e9s\u00e9nek m\u00e1s lehet\u0151s\u00e9geire.<\/p><\/blockquote>\n<p>Ha m\u00e1r siker\u00fcl magunkhoz cs\u00e1b\u00edtani egy v\u00e1s\u00e1rl\u00f3t \u2013 ami egyre dr\u00e1g\u00e1bb \u2013, akkor \u00e9rdemes neki valami m\u00e1st is k\u00edn\u00e1lni. Ide\u00e1lis esetben olyat, amin magasabb az \u00e1rr\u00e9s, \u00e9s amivel kompenz\u00e1lni lehet az alapvet\u0151 \u00e9lelmiszerek t\u00e1mogat\u00e1s\u00e1t\u201d \u2013 mondta Tom\u00e1\u0161 Prouza, a Cseh Kereskedelmi \u00e9s Idegenforgalmi Sz\u00f6vets\u00e9g eln\u00f6ke.<\/p>\n<p>Prouza szerint <strong>egyes alapvet\u0151 \u00e9lelmiszereket, p\u00e9ld\u00e1ul a vajat, a csirkeh\u00fast vagy a cukrot a l\u00e1ncok ak\u00e1r t\u00f6bb t\u00edz sz\u00e1zal\u00e9kos negat\u00edv \u00e1rr\u00e9ssel is \u00e9rt\u00e9kes\u00edthetnek<\/strong>, m\u00edg m\u00e1s \u00e9lelmiszerekn\u00e9l a pozit\u00edv \u00e1rr\u00e9s legfeljebb 15 sz\u00e1zal\u00e9k k\u00f6r\u00fcl alakul. A nem \u00e9lelmiszer jelleg\u0171 term\u00e9kekn\u00e9l ugyanakkor enn\u00e9l j\u00f3val magasabb lehet a keresked\u0151k keresete.<\/p>\n<h2>A Lidl r\u00e1j\u00f6tt, mekkora \u00fczlet van benne<\/h2>\n<figure id=\"attachment_2286150\" aria-describedby=\"caption-attachment-2286150\" style=\"width: 755px\" class=\"wp-caption alignnone\"><img loading=\"lazy\" decoding=\"async\" class=\"size-article-size-large-image wp-image-2286150\" src=\"https:\/\/www.startlap.hu\/vasarlas\/uploads\/2026\/09\/lidl-755x504.jpg\" alt=\"K\u00f6z\u00e9pkor\u00fa n\u0151 teli kosarat tol a Lidl \u00fczlete el\u0151tti parkol\u00f3ban, a kos\u00e1rban Lidl log\u00f3s szatyrok\" width=\"755\" height=\"504\" srcset=\"https:\/\/www.startlap.hu\/vasarlas\/uploads\/2026\/09\/lidl-755x504.jpg 755w, https:\/\/www.startlap.hu\/vasarlas\/uploads\/2026\/09\/lidl-525x350.jpg 525w, https:\/\/www.startlap.hu\/vasarlas\/uploads\/2026\/09\/lidl.jpg 1024w\" sizes=\"auto, (max-width: 755px) 100vw, 755px\" \/><figcaption id=\"caption-attachment-2286150\" class=\"wp-caption-text\">A diszkontl\u00e1ncok k\u00f6z\u00f6tt egyre \u00e9lesedik a verseny a non-food term\u00e9kek k\u00edn\u00e1lat\u00e1ban. (Fot\u00f3: Newscast\/Universal Images Group via Getty Images)<\/figcaption><\/figure>\n<p>A folyamat egyik legakt\u00edvabb szerepl\u0151je a n\u00e9met Schwarz Gruppe \u00e9rdekelts\u00e9g\u00e9be tartoz\u00f3 Lidl.<\/p>\n<blockquote class=\"article__extraTxt\"><p>A Lidl arra \u00e9p\u00edt, hogy a v\u00e1s\u00e1rl\u00f3 ink\u00e1bb egy helyen szerezzen be mindent, mintsem k\u00fcl\u00f6n szak\u00fczleteket keressen fel.<\/p><\/blockquote>\n<p>\u00cdgy fordulhat el\u0151, hogy valaki ugyanabban az \u00fczletben vesz joghurtot, ahol n\u00e9h\u00e1ny perccel k\u00e9s\u0151bb m\u00e1r egy kerti vagy bark\u00e1cseszk\u00f6zt is a kosar\u00e1ba tesz.<\/p>\n<p>A Lidl k\u00fcl\u00f6n\u00f6sen er\u0151s a bark\u00e1cs- \u00e9s kerti term\u00e9kek ter\u00fclet\u00e9n. Ezeket Eur\u00f3pa-szerte saj\u00e1t Parkside m\u00e1rk\u00e1ja alatt \u00e9rt\u00e9kes\u00edti.&nbsp;Az Euromonitor <strong>2022-ben a Parkside-ot a DIY, vagyis a \u201ecsin\u00e1ld magad\u201d kateg\u00f3ria legnagyobb forgalm\u00fa m\u00e1rk\u00e1j\u00e1nak nevezte<\/strong>.&nbsp;<\/p>\n<p>A Nielsen adatai szerint 2019-ben az \u00e1ruh\u00e1zl\u00e1ncok saj\u00e1t m\u00e1rk\u00e1s term\u00e9kei a k\u00edn\u00e1lat 21 sz\u00e1zal\u00e9k\u00e1t tett\u00e9k ki, tavaly viszont m\u00e1r megk\u00f6zel\u00edtett\u00e9k a 30 sz\u00e1zal\u00e9kot.<\/p>\n<h2>A Billa \u00e9s az Albert is b\u0151v\u00edti a k\u00edn\u00e1latot<\/h2>\n<p>A n\u00e9met Rewe csoporthoz tartoz\u00f3<\/p>\n<blockquote class=\"article__extraTxt\"><p>Billa csehorsz\u00e1gi \u00fczleteiben a nem \u00e9lelmiszer jelleg\u0171 term\u00e9kek m\u00e1r csaknem a k\u00edn\u00e1lat tized\u00e9t adj\u00e1k.<\/p><\/blockquote>\n<p>A l\u00e1nc r\u00e1ad\u00e1sul folyamatosan cser\u00e9li a term\u00e9keket a szezon \u00e9s a kereslet alapj\u00e1n. Az iskolakezd\u00e9si id\u0151szakban p\u00e9ld\u00e1ul iskolai felszerel\u00e9sek ker\u00fclnek el\u0151t\u00e9rbe: a cikk szerint egy<strong> Pilot iskolai toll<\/strong> 89,90 koron\u00e1ba, vagyis mintegy <strong>1350 forintba<\/strong>, egy <strong>biopapucs<\/strong> 249,90 koron\u00e1ba, azaz k\u00f6r\u00fclbel\u00fcl <strong>3750 forintba<\/strong>, egy <strong>n\u00e9gy sz\u00ednes ceruz\u00e1b\u00f3l \u00e1ll\u00f3 k\u00e9szlet<\/strong> pedig 39,90 koron\u00e1ba, nagyj\u00e1b\u00f3l <strong>600 forintba<\/strong> ker\u00fclt.<\/p>\n<p>Az Albert szint\u00e9n egyre sz\u00e9lesebb non-food v\u00e1laszt\u00e9kkal dolgozik. Ji\u0159\u00ed Mare\u010dek, az Albert kommunik\u00e1ci\u00f3s igazgat\u00f3ja szerint az elm\u00falt \u00e9vekben v\u00e1ltozott a kateg\u00f3ria szerkezete is.<\/p>\n<blockquote><p>A non-food term\u00e9kk\u00edn\u00e1lat fontos r\u00e9sze a k\u00edn\u00e1latnak, az elm\u00falt \u00e9vekben els\u0151sorban annak szerkezete v\u00e1ltozott. A pand\u00e9mia idej\u00e9n er\u0151teljesebben jelent meg az otthoni kreat\u00edv tev\u00e9kenys\u00e9gek trendje,<\/p><\/blockquote>\n<p>p\u00e9ld\u00e1ul saj\u00e1t dekor\u00e1ci\u00f3k vagy gyerty\u00e1k k\u00e9sz\u00edt\u00e9se. Tov\u00e1bbra is n\u00e9pszer\u0171ek a t\u00e1rsasj\u00e1t\u00e9kok \u00e9s a k\u00fcl\u00f6nf\u00e9le kreat\u00edv j\u00e1t\u00e9kok. Emellett n\u00f6vekszik a feln\u0151tt v\u00e1s\u00e1rl\u00f3knak sz\u00e1nt j\u00e1t\u00e9kok \u00e9s gy\u0171jthet\u0151 t\u00e1rgyak szegmense is\u201d \u2013 mondta.<\/p>\n<p>Az Albert egyik nagy pr\u00e1gai \u00fczlet\u00e9ben p\u00e9ld\u00e1ul 999 koron\u00e1s, mintegy <strong>15 ezer forintos iskolat\u00e1ska<\/strong>, 259 koron\u00e1s, k\u00f6r\u00fclbel\u00fcl<strong> 3900 forintos rajzfelszerel\u00e9si t\u00e1ska<\/strong> \u00e9s 229 koron\u00e1s, nagyj\u00e1b\u00f3l<strong> 3400 forintos tolltart\u00f3<\/strong> is szerepelt a k\u00edn\u00e1latban.<\/p>\n<h2>A KiK \u00e9s a Datart sem \u00f6r\u00fcl a terjeszked\u00e9snek<\/h2>\n<p>A n\u00e9met KiK ruh\u00e1zati \u00e9s non-food <strong><a href=\"https:\/\/www.startlap.hu\/vasarlas\/basket-plus-magyarorszag-bezaras\/\" target=\"_blank\" rel=\"noopener\">diszkontl\u00e1nc<\/a><\/strong> szint\u00e9n \u00e9rz\u00e9keli az \u00e9lelmiszerl\u00e1ncok er\u0151s\u00f6d\u00e9s\u00e9t.<\/p>\n<blockquote><p>Az \u00e9lelmiszerl\u00e1ncok kihaszn\u00e1lj\u00e1k a magas l\u00e1togatotts\u00e1got, \u00e9s az impulzusv\u00e1s\u00e1rl\u00e1sra \u00e9p\u00edtenek<\/p><\/blockquote>\n<p>\u2013 a v\u00e1s\u00e1rl\u00f3 a szok\u00e1sos \u00e9lelmiszer-bev\u00e1s\u00e1rl\u00e1s sor\u00e1n hozz\u00e1ad a kosar\u00e1hoz egy apr\u00f3s\u00e1got vagy egy gyerekp\u00f3l\u00f3t\u201d \u2013 mondta Martin \u0160atn\u00fd, a KiK \u00fcgyvezet\u0151je.<\/p>\n<p>A t\u00f6bb mint k\u00e9tsz\u00e1z csehorsz\u00e1gi \u00fczlettel rendelkez\u0151 KiK ez\u00e9rt els\u0151sorban a specializ\u00e1ci\u00f3val, a sz\u00e9les v\u00e1laszt\u00e9kkal \u00e9s a kisz\u00e1m\u00edthat\u00f3 \u00e1rakkal pr\u00f3b\u00e1lja felvenni a versenyt.<\/p>\n<p>Hasonl\u00f3an l\u00e1tja a helyzetet a Datartot is tulajdonl\u00f3 HP Tronic csoport.<\/p>\n<p>\u201eAz \u00e9lelmiszerl\u00e1ncok aktivit\u00e1s\u00e1nak er\u0151s\u00f6d\u00e9s\u00e9t ebben a szegmensben term\u00e9szetesen \u00e9rz\u00e9kelj\u00fck. R\u00e9szben konkurenci\u00e1t jelenthetnek sz\u00e1munkra a standardiz\u00e1lt term\u00e9kekn\u00e9l \u00e9s azokban a helyzetekben, amikor a v\u00e1s\u00e1rl\u00f3 els\u0151sorban az alacsony \u00e1rat keresi\u201d \u2013 mondta Petra Psotkov\u00e1, a HP Tronic sz\u00f3viv\u0151je.<\/p>\n<p>Szerinte azonban azokban a kateg\u00f3ri\u00e1kban, ahol fontos a szak\u00e9rtelem, a tan\u00e1csad\u00e1s \u00e9s a v\u00e1s\u00e1rl\u00e1s ut\u00e1ni \u00fcgyf\u00e9lkezel\u00e9s, a szak\u00fczleteknek tov\u00e1bbra is komoly el\u0151ny\u00fck van.<\/p>\n<h2>Magyarorsz\u00e1gon is egyre sz\u00e9lesebb a k\u00edn\u00e1lat<\/h2>\n<p class=\"isSelectedEnd\">A magyar Lidl \u00e9s Aldi k\u00edn\u00e1lata ugyanerre a modellre \u00e9p\u00fcl. A Lidl m\u00e1r nem puszt\u00e1n id\u0151szakos akci\u00f3k\u00e9nt kezeli a nem \u00e9lelmiszer jelleg\u0171 term\u00e9keket: k\u00fcl\u00f6n non-food beszerz\u00e9si ter\u00fcletet m\u0171k\u00f6dtet, saj\u00e1t m\u00e1rk\u00e1i k\u00f6z\u00f6tt pedig a Parkside a bark\u00e1cs- \u00e9s kerti term\u00e9kek, a Silvercrest pedig a konyhai \u00e9s h\u00e1ztart\u00e1si kisg\u00e9pek meghat\u00e1roz\u00f3 m\u00e1rk\u00e1ja. A Parkside magyarorsz\u00e1gi jelenl\u00e9te r\u00e1ad\u00e1sul 2024-ben \u00faj szintre l\u00e9pett, amikor<strong> a Lidl \u00f6n\u00e1ll\u00f3 Parkside Outletet nyitott Biatorb\u00e1gyon<\/strong>.<\/p>\n<p class=\"isSelectedEnd\">A magyar Lidl a 2025-\u00f6s gazdas\u00e1gi \u00e9vben 1485,8 milli\u00e1rd forintos \u00e1rbev\u00e9telt \u00e9rt el, \u00e1m a nyilv\u00e1nos besz\u00e1mol\u00f3b\u00f3l nem der\u00fcl ki, ebb\u0151l mekkora \u00f6sszeget hoztak a non-food term\u00e9kek. A kateg\u00f3ria jelent\u0151s\u00e9g\u00e9re ugyanakkor utal, hogy a v\u00e1llalat k\u00fcl\u00f6n non-food beszerz\u0151i poz\u00edci\u00f3kat m\u0171k\u00f6dtet, mik\u00f6zben a Parkside \u00e9s a Silvercrest mellett tov\u00e1bbi saj\u00e1t m\u00e1rk\u00e1s term\u00e9kvonalakat is fenntart.<\/p>\n<p><strong><a href=\"https:\/\/www.e15.cz\/byznys\/obchod-a-sluzby\/lidl-i-albert-nasly-novy-zlaty-dul-retezcum-vydelava-nasobne-vic-nez-prodej-potravin-1435473?meiro=dnt\" target=\"_blank\" target=\"_blank\" rel=\"noopener\">via<\/a><\/strong><\/p>\n<div class=\"o-widget m-readMoreWidget -readMore u-shortDecorLineAfter row widget-container _ce_measure_widget bigdata-widget read-more\" data-ce-measure-widget=\"olvass tov\u00e1bb\">\n\t<div class=\"m-readMoreWidget__imgWrapper image-wrapper col-12 col-md-4 no-p\">\n\t\t<a class=\"m-readMoreWidget__imgLink\" href=\"https:\/\/www.startlap.hu\/vasarlas\/penztar-kassza-elelmiszerbolt-viselkedes\/\" >\n\t\t\t<img decoding=\"async\" src=\"https:\/\/www.startlap.hu\/vasarlas\/uploads\/2026\/06\/penztar-kassza-350x285.jpg\" class=\"m-readMoreWidget__img\">\n\t\t<\/a>\n\t<\/div>\n\t<div class=\"m-readMoreWidget__titleWrapper title-wrapper col-12 col-md-8\">\n\t\t<span class=\"m-readMoreWidget__titleLabel u-shortDecorLineBefore label hidden-sm-up\">Ez is \u00e9rdekelhet:<\/span>\n\t\t<h3 class=\"m-readMoreWidget__title title\">\n\t\t\t<a class=\"m-readMoreWidget__titleLink -secondFont u-bold u-upperCase\" href=\"https:\/\/www.startlap.hu\/vasarlas\/penztar-kassza-elelmiszerbolt-viselkedes\/\" >A p\u00e9nzt\u00e1rosok el\u00e1rult\u00e1k: ezeket a v\u00e1s\u00e1rl\u00f3kat ki nem \u00e1llhatj\u00e1k<\/a>\n\t\t<\/h3>\n\t\t<a class=\"m-readMoreWidget__btn -coloredBack u-tC link\" href=\"https:\/\/www.startlap.hu\/vasarlas\/penztar-kassza-elelmiszerbolt-viselkedes\/\" >Elolvasom<\/a>\n\t<\/div>\n<\/div>\n","protected":false},"excerpt":{"rendered":"<p>A nagy \u00e1ruh\u00e1zl\u00e1ncok m\u00e1r nem csak azzal versenyeznek egym\u00e1ssal, hogy kin\u00e9l ker\u00fcl kevesebbe a tej, a h\u00fas vagy a keny\u00e9r. Egyre nagyobb teret kapnak azok a term\u00e9kek is, amelyek\u00e9rt kor\u00e1bban k\u00fcl\u00f6n \u00fczletbe kellett menni\u00fck a v\u00e1s\u00e1rl\u00f3knak.<\/p>\n","protected":false},"author":14,"featured_media":2286150,"comment_status":"closed","ping_status":"closed","sticky":false,"template":"","format":"standard","meta":{"footnotes":""},"categories":[8180],"tags":[8402,850,280,19728],"class_list":["post-2286149","post","type-post","status-publish","format-standard","has-post-thumbnail","hentry","category-trending","tag-akcios-termekek","tag-aldi","tag-lidl","tag-non-food"],"aioseo_notices":[],"_links":{"self":[{"href":"https:\/\/www.startlap.hu\/vasarlas\/wp-json\/wp\/v2\/posts\/2286149","targetHints":{"allow":["GET"]}}],"collection":[{"href":"https:\/\/www.startlap.hu\/vasarlas\/wp-json\/wp\/v2\/posts"}],"about":[{"href":"https:\/\/www.startlap.hu\/vasarlas\/wp-json\/wp\/v2\/types\/post"}],"author":[{"embeddable":true,"href":"https:\/\/www.startlap.hu\/vasarlas\/wp-json\/wp\/v2\/users\/14"}],"replies":[{"embeddable":true,"href":"https:\/\/www.startlap.hu\/vasarlas\/wp-json\/wp\/v2\/comments?post=2286149"}],"version-history":[{"count":3,"href":"https:\/\/www.startlap.hu\/vasarlas\/wp-json\/wp\/v2\/posts\/2286149\/revisions"}],"predecessor-version":[{"id":2286153,"href":"https:\/\/www.startlap.hu\/vasarlas\/wp-json\/wp\/v2\/posts\/2286149\/revisions\/2286153"}],"wp:featuredmedia":[{"embeddable":true,"href":"https:\/\/www.startlap.hu\/vasarlas\/wp-json\/wp\/v2\/media\/2286150"}],"wp:attachment":[{"href":"https:\/\/www.startlap.hu\/vasarlas\/wp-json\/wp\/v2\/media?parent=2286149"}],"wp:term":[{"taxonomy":"category","embeddable":true,"href":"https:\/\/www.startlap.hu\/vasarlas\/wp-json\/wp\/v2\/categories?post=2286149"},{"taxonomy":"post_tag","embeddable":true,"href":"https:\/\/www.startlap.hu\/vasarlas\/wp-json\/wp\/v2\/tags?post=2286149"}],"curies":[{"name":"wp","href":"https:\/\/api.w.org\/{rel}","templated":true}]}}