{"id":2286140,"date":"2026-09-05T09:33:45","date_gmt":"2026-09-05T07:33:45","guid":{"rendered":"https:\/\/www.startlap.hu\/vasarlas\/?p=2286140"},"modified":"2026-09-04T18:27:33","modified_gmt":"2026-09-04T16:27:33","slug":"javitas-joga-mobiltelefon-mosogep","status":"publish","type":"post","link":"https:\/\/www.startlap.hu\/vasarlas\/javitas-joga-mobiltelefon-mosogep\/","title":{"rendered":"\u00daj szab\u00e1ly: mostant\u00f3l jogod van megjav\u00edttatni a mobiltelefonodat \u00e9s a mos\u00f3g\u00e9pedet"},"content":{"rendered":"<p>Sok h\u00e1ztart\u00e1sban ismer\u0151s lehet a helyzet: elromlik egy n\u00e9h\u00e1ny \u00e9ves <a href=\"https:\/\/www.startlap.hu\/vasarlas\/mosogep-tippek-kutyaszor-haj\/\" target=\"_blank\" rel=\"noopener\">mos\u00f3g\u00e9p<\/a>, <a href=\"https:\/\/www.startlap.hu\/vasarlas\/a-legjobb-porszivok-2025\/\" target=\"_blank\" rel=\"noopener\">porsz\u00edv\u00f3<\/a> vagy <a href=\"https:\/\/www.startlap.hu\/vasarlas\/regi-mobiltelefon-mennyit-er\/\" target=\"_blank\" rel=\"noopener\">mobiltelefon<\/a>, a j\u00f3t\u00e1ll\u00e1s m\u00e1r lej\u00e1rt, a jav\u00edt\u00e1s pedig annyira k\u00f6r\u00fclm\u00e9nyesnek vagy dr\u00e1g\u00e1nak t\u0171nik, hogy v\u00e9g\u00fcl egyszer\u0171bbnek l\u00e1tszik \u00fajat v\u00e1s\u00e1rolni. <strong>Ezen pr\u00f3b\u00e1l v\u00e1ltoztatni az Eur\u00f3pai Uni\u00f3 \u00fagynevezett jav\u00edt\u00e1shoz val\u00f3 joga, vagyis a <a href=\"https:\/\/repair.eu\/news\/the-right-to-repair-directive\/\" target=\"_blank\" target=\"_blank\" rel=\"noopener\">Right to Repair szab\u00e1lyoz\u00e1s<\/a><\/strong>.<\/p>\n<div class=\"o-widget m-readMoreWidget -readMore u-shortDecorLineAfter row widget-container _ce_measure_widget bigdata-widget read-more\" data-ce-measure-widget=\"olvass tov\u00e1bb\">\n\t<div class=\"m-readMoreWidget__imgWrapper image-wrapper col-12 col-md-4 no-p\">\n\t\t<a class=\"m-readMoreWidget__imgLink\" href=\"https:\/\/www.startlap.hu\/vasarlas\/takaritas-rendrakas-pszichologia-vendegek\/\" >\n\t\t\t<img decoding=\"async\" src=\"https:\/\/www.startlap.hu\/vasarlas\/uploads\/2026\/07\/takaritas-6-350x285.jpg\" class=\"m-readMoreWidget__img\">\n\t\t<\/a>\n\t<\/div>\n\t<div class=\"m-readMoreWidget__titleWrapper title-wrapper col-12 col-md-8\">\n\t\t<span class=\"m-readMoreWidget__titleLabel u-shortDecorLineBefore label hidden-sm-up\">Ez is \u00e9rdekelhet:<\/span>\n\t\t<h3 class=\"m-readMoreWidget__title title\">\n\t\t\t<a class=\"m-readMoreWidget__titleLink -secondFont u-bold u-upperCase\" href=\"https:\/\/www.startlap.hu\/vasarlas\/takaritas-rendrakas-pszichologia-vendegek\/\" >Pszichol\u00f3gia: azok, akik csak akkor raknak rendet, ha vend\u00e9get v\u00e1rnak, meglep\u0151 tulajdons\u00e1gokkal rendelkeznek<\/a>\n\t\t<\/h3>\n\t\t<a class=\"m-readMoreWidget__btn -coloredBack u-tC link\" href=\"https:\/\/www.startlap.hu\/vasarlas\/takaritas-rendrakas-pszichologia-vendegek\/\" >Elolvasom<\/a>\n\t<\/div>\n<\/div>\n<p>Az uni\u00f3s ir\u00e1nyelvet Magyarorsz\u00e1g is \u00e1t\u00fcltette: a legfontosabb \u00faj magyar rendelkez\u00e9sek 2026. augusztus 31-\u00e9n l\u00e9ptek hat\u00e1lyba. A c\u00e9l az, hogy a m\u00e9g menthet\u0151 term\u00e9kek ne ker\u00fcljenek id\u0151 el\u0151tt a hullad\u00e9kba, \u00e9s a fogyaszt\u00f3knak val\u00f3s lehet\u0151s\u00e9g\u00fck legyen a jav\u00edt\u00e1st v\u00e1lasztani.<\/p>\n<h2>Akkor is k\u00e9rhetsz jav\u00edt\u00e1st, ha m\u00e1r lej\u00e1rt a garancia<\/h2>\n<p>Az egyik legfontosabb v\u00e1ltoz\u00e1s, hogy az \u00faj rendszer nem csak azokra az esetekre vonatkozik, amikor a term\u00e9k m\u00e1r a v\u00e1s\u00e1rl\u00e1skor hib\u00e1s volt.<\/p>\n<p>A <a href=\"https:\/\/njt.jog.gov.hu\/jogszabaly\/2026-114-20-22\" target=\"_blank\" target=\"_blank\" rel=\"noopener\">magyar korm\u00e1nyrendelet<\/a> kifejezetten a hib\u00e1s teljes\u00edt\u00e9s k\u00f6r\u00e9n k\u00edv\u00fcl es\u0151 meghib\u00e1sod\u00e1sokra is szab\u00e1lyokat \u00e1llap\u00edt meg. Vagyis sz\u00f3ba j\u00f6het p\u00e9ld\u00e1ul egy olyan k\u00e9sz\u00fcl\u00e9k is, amely norm\u00e1l haszn\u00e1lat sor\u00e1n elkopott, t\u00f6bb \u00e9v ut\u00e1n meghib\u00e1sodott, vagy amelynek probl\u00e9m\u00e1j\u00e1ra m\u00e1r nem terjed ki a keresked\u0151 szavatoss\u00e1gi vagy j\u00f3t\u00e1ll\u00e1si felel\u0151ss\u00e9ge.<\/p>\n<blockquote class=\"article__extraTxt\"><p>A l\u00e9nyeg ugyanakkor nem az, hogy minden r\u00e9gi k\u00e9sz\u00fcl\u00e9ket korl\u00e1tlan ideig k\u00f6telez\u0151 megjav\u00edtani.<\/p><\/blockquote>\n<p><strong>A gy\u00e1rt\u00f3i jav\u00edt\u00e1si k\u00f6telezetts\u00e9g csak azokra a term\u00e9kekre vonatkozik, amelyekre uni\u00f3s jogszab\u00e1ly k\u00fcl\u00f6n jav\u00edthat\u00f3s\u00e1gi k\u00f6vetelm\u00e9nyeket \u00edr el\u0151, \u00e9s csak addig, ameddig ezek a k\u00f6vetelm\u00e9nyek az adott term\u00e9kn\u00e9l fenn\u00e1llnak.<\/strong><\/p>\n<figure id=\"attachment_2286146\" aria-describedby=\"caption-attachment-2286146\" style=\"width: 755px\" class=\"wp-caption alignnone\"><a href=\"https:\/\/www.startlap.hu\/vasarlas\/uploads\/2026\/09\/mosogep-szerelo.jpg\"><img loading=\"lazy\" decoding=\"async\" class=\"size-article-size-large-image wp-image-2286146\" src=\"https:\/\/www.startlap.hu\/vasarlas\/uploads\/2026\/09\/mosogep-szerelo-755x503.jpg\" alt=\"Mos\u00f3g\u00e9pet szerel egy szakember\" width=\"755\" height=\"503\" srcset=\"https:\/\/www.startlap.hu\/vasarlas\/uploads\/2026\/09\/mosogep-szerelo-755x503.jpg 755w, https:\/\/www.startlap.hu\/vasarlas\/uploads\/2026\/09\/mosogep-szerelo-1536x1024.jpg 1536w, https:\/\/www.startlap.hu\/vasarlas\/uploads\/2026\/09\/mosogep-szerelo-2048x1365.jpg 2048w, https:\/\/www.startlap.hu\/vasarlas\/uploads\/2026\/09\/mosogep-szerelo-525x350.jpg 525w\" sizes=\"auto, (max-width: 755px) 100vw, 755px\" \/><\/a><figcaption id=\"caption-attachment-2286146\" class=\"wp-caption-text\">\u00daj szab\u00e1ly: mostant\u00f3l jogod van megjav\u00edttatni a mobiltelefonodat \u00e9s a mos\u00f3g\u00e9pedet. Fot\u00f3: Getty Images<\/figcaption><\/figure>\n<h2>Ezekn\u00e9l a term\u00e9kekn\u00e9l j\u00f6het sz\u00f3ba az \u00faj jav\u00edt\u00e1shoz val\u00f3 jog<\/h2>\n<p>A rendelet jelenleg t\u00f6bb olyan term\u00e9kcsoportot sorol fel, amelyekn\u00e9l uni\u00f3s jav\u00edthat\u00f3s\u00e1gi el\u0151\u00edr\u00e1sok vannak \u00e9rv\u00e9nyben. A h\u00e9tk\u00f6znapi v\u00e1s\u00e1rl\u00f3 sz\u00e1m\u00e1ra ezek k\u00f6z\u00fcl a legfontosabbak:<\/p>\n<ul>\n<li>h\u00e1ztart\u00e1si mos\u00f3g\u00e9pek \u00e9s <a href=\"https:\/\/www.startlap.hu\/vasarlas\/legjobb-mosogep-szaritogep\/\" target=\"_blank\" rel=\"noopener\">mos\u00f3-sz\u00e1r\u00edt\u00f3g\u00e9pek<\/a>;<\/li>\n<li>mosogat\u00f3g\u00e9pek;<\/li>\n<li><a href=\"https:\/\/www.startlap.hu\/vasarlas\/huto-rezsi-fogyasztas-tippek\/\" target=\"_blank\" rel=\"noopener\">h\u0171t\u0151szekr\u00e9nyek<\/a> \u00e9s m\u00e1s \u00e9rintett h\u0171t\u0151k\u00e9sz\u00fcl\u00e9kek;<\/li>\n<li>telev\u00edzi\u00f3k, monitorok \u00e9s m\u00e1s elektronikus kijelz\u0151k;<\/li>\n<li>porsz\u00edv\u00f3k;<\/li>\n<li>okostelefonok \u00e9s m\u00e1s mobiltelefonok;<\/li>\n<li>vezet\u00e9k n\u00e9lk\u00fcli telefonok;<\/li>\n<li><a href=\"https:\/\/www.startlap.hu\/vasarlas\/legjobb-tabletek-2025\/\" target=\"_blank\" rel=\"noopener\">t\u00e1blag\u00e9pek<\/a>;<\/li>\n<li>h\u00e1ztart\u00e1si sz\u00e1r\u00edt\u00f3g\u00e9pek;<\/li>\n<li>egyes akkumul\u00e1toros k\u00f6nny\u0171 k\u00f6zleked\u00e9si eszk\u00f6z\u00f6kh\u00f6z kapcsol\u00f3d\u00f3 term\u00e9kek;<\/li>\n<li>h\u00e1ztart\u00e1si egyedi helyis\u00e9gf\u0171t\u0151 berendez\u00e9sek.<\/li>\n<\/ul>\n<p>A szab\u00e1lyoz\u00e1s ezen k\u00edv\u00fcl szerverekre, adatt\u00e1rol\u00f3kra \u00e9s hegeszt\u0151berendez\u00e9sekre is kiterjed. Az EU a j\u00f6v\u0151ben tov\u00e1bb b\u0151v\u00edtheti a jav\u00edthat\u00f3s\u00e1gi k\u00f6vetelm\u00e9nyekkel \u00e9rintett term\u00e9kek k\u00f6r\u00e9t.<\/p>\n<h2>Nem biztos, hogy ingyen lesz a jav\u00edt\u00e1s<\/h2>\n<p>Itt j\u00f6n az egyik legfontosabb r\u00e9sz: a jav\u00edt\u00e1shoz val\u00f3 jog nem jelent \u00faj, korl\u00e1tlan garanci\u00e1t.<\/p>\n<p>Ha egy k\u00e9sz\u00fcl\u00e9k p\u00e9ld\u00e1ul t\u00f6bb\u00e9ves haszn\u00e1lat ut\u00e1n egyszer\u0171en elkopott, a gy\u00e1rt\u00f3 k\u00e9rhet p\u00e9nzt a jav\u00edt\u00e1s\u00e9rt. A magyar szab\u00e1ly szerint a jav\u00edt\u00e1st d\u00edjmentesen vagy \u00e9szszer\u0171 d\u00edj ellen\u00e9ben, \u00e9szszer\u0171 id\u0151n bel\u00fcl kell elv\u00e9gezni.<\/p>\n<p>A gy\u00e1rt\u00f3nak emellett a jav\u00edthat\u00f3s\u00e1gi k\u00f6vetelm\u00e9nnyel \u00e9rintett term\u00e9khez sz\u00fcks\u00e9ges alkatr\u00e9szeket \u00e9s tartoz\u00e9kokat is olyan \u00e9szszer\u0171 \u00e1ron kell k\u00edn\u00e1lnia, amely nem tartja vissza a fogyaszt\u00f3t a jav\u00edt\u00e1st\u00f3l.<\/p>\n<blockquote class=\"article__extraTxt\"><p>A tipikus jav\u00edt\u00e1sok ir\u00e1nyad\u00f3 d\u00edj\u00e1t pedig szabadon hozz\u00e1f\u00e9rhet\u0151 honlapon is k\u00f6zz\u00e9 kell tennie.<\/p><\/blockquote>\n<p>Ez az\u00e9rt fontos k\u00fcl\u00f6nbs\u00e9g, mert ha p\u00e9ld\u00e1ul egy n\u00e9gy\u00e9ves mos\u00f3g\u00e9p szivatty\u00faja norm\u00e1l elhaszn\u00e1l\u00f3d\u00e1s miatt t\u00f6nkremegy, az \u00faj szab\u00e1ly alapj\u00e1n lehet jogod arra, hogy a gy\u00e1rt\u00f3 biztos\u00edtsa a jav\u00edt\u00e1s lehet\u0151s\u00e9g\u00e9t \u2013 de mag\u00e1t a jav\u00edt\u00e1st nem felt\u00e9tlen\u00fcl neki kell kifizetnie.<\/p>\n<h2>Ha m\u00e9g szavatoss\u00e1g vagy j\u00f3t\u00e1ll\u00e1s vonatkozik r\u00e1, m\u00e1s a helyzet<\/h2>\n<p>Nem \u00e9rdemes \u00f6sszekeverni az \u00faj jav\u00edt\u00e1shoz val\u00f3 jogot a m\u00e1r megl\u00e9v\u0151 j\u00f3t\u00e1ll\u00e1si \u00e9s kell\u00e9kszavatoss\u00e1gi jogokkal.<\/p>\n<p>Ha a term\u00e9k az\u00e9rt hib\u00e1s, mert m\u00e1r az \u00e9rt\u00e9kes\u00edt\u00e9skor nem felelt meg a szerz\u0151d\u00e9snek, \u00e9s m\u00e9g \u00e9rv\u00e9nyes\u00edthet\u0151 kell\u00e9kszavatoss\u00e1gi vagy j\u00f3t\u00e1ll\u00e1si ig\u00e9ny, akkor tov\u00e1bbra is els\u0151sorban az elad\u00f3val, vagyis azzal a v\u00e1llalkoz\u00e1ssal kell rendezni a probl\u00e9m\u00e1t, amelyt\u0151l a term\u00e9ket megv\u00e1s\u00e1roltad.<\/p>\n<p><strong>Az \u00faj jav\u00edt\u00e1si szab\u00e1lyok ezzel szemben \u00e9ppen azokban a helyzetekben kapnak nagy szerepet, amikor m\u00e1r nem hib\u00e1s teljes\u00edt\u00e9sr\u0151l besz\u00e9l\u00fcnk.<\/strong><\/p>\n<p>R\u00e1ad\u00e1sul a szavatoss\u00e1gi szab\u00e1lyok is v\u00e1ltoztak. A 2026. j\u00falius 31. ut\u00e1n megk\u00f6t\u00f6tt szerz\u0151d\u00e9sekn\u00e9l, ha a hib\u00e1s term\u00e9k szerz\u0151d\u00e9sszer\u0171v\u00e9 t\u00e9tele kijav\u00edt\u00e1ssal t\u00f6rt\u00e9nik, a kell\u00e9kszavatoss\u00e1gi ig\u00e9ny el\u00e9v\u00fcl\u00e9si ideje egyszer 12 h\u00f3nappal meghosszabbodik.<\/p>\n<blockquote class=\"article__extraTxt\"><p>A keresked\u0151nek arr\u00f3l is t\u00e1j\u00e9koztatnia kell a v\u00e1s\u00e1rl\u00f3t, hogy kijav\u00edt\u00e1st vagy kicser\u00e9l\u00e9st v\u00e1laszthat, illetve a jav\u00edt\u00e1s milyen hat\u00e1ssal van a szavatoss\u00e1gi id\u0151re.<\/p><\/blockquote>\n<h2>Nem felt\u00e9tlen\u00fcl a boltba kell visszavinni a k\u00e9sz\u00fcl\u00e9ket<\/h2>\n<p>Ha m\u00e1r nem szavatoss\u00e1gi vagy j\u00f3t\u00e1ll\u00e1si \u00fcgyr\u0151l van sz\u00f3, az \u00faj rendszerben f\u0151szab\u00e1ly szerint a gy\u00e1rt\u00f3hoz kell fordulni.<\/p>\n<p>Amennyiben a gy\u00e1rt\u00f3nak nincs az Eur\u00f3pai Uni\u00f3ban sz\u00e9khelye vagy fi\u00f3ktelepe, a k\u00f6telezetts\u00e9g a meghatalmazott k\u00e9pvisel\u0151j\u00e9re sz\u00e1ll. Ha ilyen sincs, az import\u0151r, v\u00e9gs\u0151 esetben pedig a forgalmaz\u00f3 k\u00f6teles gondoskodni a jav\u00edt\u00e1sr\u00f3l.<\/p>\n<p>Ez k\u00fcl\u00f6n\u00f6sen az EU-n k\u00edv\u00fcl gy\u00e1rtott \u00e9s import\u00e1lt elektronikai term\u00e9kekn\u00e9l lehet fontos.<\/p>\n<h2>F\u00fcggetlen szerel\u0151h\u00f6z is viheted \u2013 ez\u00e9rt k\u00e9s\u0151bb sem utas\u00edthatnak el<\/h2>\n<p>Az \u00faj szab\u00e1lyoz\u00e1s a f\u00fcggetlen szervizek helyzet\u00e9t is er\u0151s\u00edti.<\/p>\n<p>A gy\u00e1rt\u00f3 f\u0151szab\u00e1ly szerint sem szerz\u0151d\u00e9ses felt\u00e9telekkel, sem hardveres vagy szoftveres megold\u00e1sokkal nem akad\u00e1lyozhatja a jav\u00edthat\u00f3s\u00e1gi k\u00f6vetelm\u00e9nyekkel \u00e9rintett term\u00e9k jav\u00edt\u00e1s\u00e1t, hacsak erre nincs objekt\u00edv oka.<\/p>\n<p><strong>F\u00fcggetlen jav\u00edt\u00f3szolg\u00e1lat megfelel\u0151 biztons\u00e1gi felt\u00e9telek mellett eredeti vagy haszn\u00e1lt alkatr\u00e9szt, kompatibilis alkatr\u00e9szt, s\u0151t ak\u00e1r 3D-nyomtat\u00e1ssal k\u00e9sz\u00fclt p\u00f3talkatr\u00e9szt is haszn\u00e1lhat.<\/strong><\/p>\n<p>Fontos az is, hogy a gy\u00e1rt\u00f3 nem tagadhatja meg k\u00e9s\u0151bb a jav\u00edt\u00e1st puszt\u00e1n arra hivatkozva, hogy a k\u00e9sz\u00fcl\u00e9ket kor\u00e1bban egy f\u00fcggetlen szerviz m\u00e1r sz\u00e9tszedte vagy jav\u00edtotta.<\/p>\n<h2>Ha lehetetlen megjav\u00edtani, nem k\u00f6telez\u0151 csod\u00e1t tenni<\/h2>\n<p>Term\u00e9szetesen van hat\u00e1ra a jav\u00edt\u00e1si k\u00f6telezetts\u00e9gnek.<\/p>\n<p><strong>Ha egy term\u00e9k jav\u00edt\u00e1sa objekt\u00edve lehetetlen, a gy\u00e1rt\u00f3nak nem kell azt minden\u00e1ron helyre\u00e1ll\u00edtania<\/strong>. Ilyen esetben azonban d\u00f6nthet \u00fagy, hogy helyette fel\u00faj\u00edtott term\u00e9ket aj\u00e1nl fel a v\u00e1s\u00e1rl\u00f3nak.<\/p>\n<p>Az sem mindegy, h\u00e1ny \u00e9ves a k\u00e9sz\u00fcl\u00e9k. Az egyes term\u00e9kekhez kapcsol\u00f3d\u00f3 uni\u00f3s el\u0151\u00edr\u00e1sok elt\u00e9r\u0151 ideig k\u00f6vetelhetik meg p\u00e9ld\u00e1ul a p\u00f3talkatr\u00e9szek rendelkez\u00e9sre \u00e1ll\u00e1s\u00e1t, ez\u00e9rt nincs egyetlen olyan \u00e1ltal\u00e1nos szab\u00e1ly, hogy minden mobiltelefont vagy mos\u00f3g\u00e9pet p\u00e9ld\u00e1ul t\u00edz \u00e9vig k\u00f6telez\u0151 jav\u00edtani.<\/p>\n<h2>El\u0151re tiszt\u00e1bb k\u00e9pet kaphatsz arr\u00f3l is, mennyibe ker\u00fcl a jav\u00edt\u00e1s<\/h2>\n<p>A szab\u00e1lyoz\u00e1s l\u00e9trehozott egy egys\u00e9ges eur\u00f3pai jav\u00edt\u00e1si adatlapot is, amelyet a jav\u00edt\u00f3szolg\u00e1latok haszn\u00e1lhatnak.<\/p>\n<p>Ha ilyen adatlapot adnak, azon szerepel t\u00f6bbek k\u00f6z\u00f6tt a hiba jellege, a tervezett jav\u00edt\u00e1s m\u00f3dja, az \u00e1r, a v\u00e1rhat\u00f3 jav\u00edt\u00e1si id\u0151, a cserek\u00e9sz\u00fcl\u00e9k lehet\u0151s\u00e9ge \u00e9s az esetleges tov\u00e1bbi k\u00f6lts\u00e9gek.<\/p>\n<blockquote class=\"article__extraTxt\"><p>Ha az \u00e1rat el\u0151re nem lehet pontosan meg\u00e1llap\u00edtani, meg kell adni annak sz\u00e1m\u00edt\u00e1si m\u00f3dj\u00e1t \u00e9s a jav\u00edt\u00e1s maxim\u00e1lis d\u00edj\u00e1t.<\/p><\/blockquote>\n<p>Az adatlapot d\u00edjmentesen kell rendelkez\u00e9sre bocs\u00e1tani, b\u00e1r a hiba felt\u00e1r\u00e1s\u00e1hoz sz\u00fcks\u00e9ges diagnosztik\u00e1\u00e9rt el\u0151zetes t\u00e1j\u00e9koztat\u00e1s mellett k\u00e9rhetnek d\u00edjat. Az aj\u00e1nlat legal\u00e1bb 30 napig \u00e9rv\u00e9nyes, ezalatt a jav\u00edt\u00f3szolg\u00e1lat nem v\u00e1ltoztathatja meg az abban szerepl\u0151 felt\u00e9teleket.<\/p>\n<h2>2027-t\u0151l m\u00e9g egyszer\u0171bb lehet szerel\u0151t tal\u00e1lni<\/h2>\n<p>A k\u00f6vetkez\u0151 l\u00e9pcs\u0151 az eur\u00f3pai online jav\u00edt\u00e1si platform lesz. Magyarorsz\u00e1g is csatlakozik a rendszerhez, amelyen a fogyaszt\u00f3k jav\u00edt\u00f3szolg\u00e1latokat, fel\u00faj\u00edtott term\u00e9keket k\u00edn\u00e1l\u00f3 v\u00e1llalkoz\u00e1sokat \u00e9s m\u00e1s jav\u00edt\u00e1si lehet\u0151s\u00e9geket kereshetnek majd.<\/p>\n<p>A platformra vonatkoz\u00f3 magyar rendelkez\u00e9sek 2027. j\u00falius 31-\u00e9n l\u00e9pnek hat\u00e1lyba. Az NKFH 2026-os munkaterv\u00e9ben m\u00e1r k\u00fcl\u00f6n feladatk\u00e9nt szerepel a Right to Repair rendszer\u00e9hez kapcsol\u00f3d\u00f3 hat\u00f3s\u00e1gi munka \u00e9s a jav\u00edt\u00e1st v\u00e9gz\u0151 szolg\u00e1ltat\u00f3kat nyilv\u00e1ntart\u00f3 fel\u00fclet el\u0151k\u00e9sz\u00edt\u00e9se.<\/p>\n<p><strong>Az \u00faj rendszer teh\u00e1t nem azt jelenti, hogy mostant\u00f3l minden elromlott k\u00e9sz\u00fcl\u00e9ket ingyen meg kell jav\u00edtania a gy\u00e1rt\u00f3nak.<\/strong> A v\u00e1ltoz\u00e1s ink\u00e1bb abban jelent nagy el\u0151rel\u00e9p\u00e9st, hogy a j\u00f3t\u00e1ll\u00e1si \u00e9s szavatoss\u00e1gi id\u0151n t\u00fal sem lehet automatikusan az \u00faj term\u00e9k megv\u00e1s\u00e1rl\u00e1sa az egyetlen re\u00e1lis lehet\u0151s\u00e9g. Az \u00e9rintett term\u00e9kekn\u00e9l a gy\u00e1rt\u00f3nak t\u00e9nyleges jav\u00edt\u00e1si lehet\u0151s\u00e9get kell biztos\u00edtania, alkatr\u00e9szekkel \u00e9s megfelel\u0151 t\u00e1j\u00e9koztat\u00e1ssal egy\u00fctt.<\/p>\n<p><em>Forr\u00e1sunk volt: <a href=\"https:\/\/fogyasztobarat.hu\/a-javitashoz-valo-jog-uj-kotelezettsegek-a-gyartok-es-a-webaruhazak-szamara\/\" target=\"_blank\" target=\"_blank\" rel=\"noopener\">1<\/a>., <a href=\"https:\/\/fagligsenior.dk\/2026\/09\/03\/ny-lov-nu-har-du-ret-til-at-faa-mobilen-og-vaskemaskinen-repareret\/\" target=\"_blank\" target=\"_blank\" rel=\"noopener\">2<\/a>.<\/em><\/p>\n<div class=\"o-widget m-readMoreWidget -readMore u-shortDecorLineAfter row widget-container _ce_measure_widget bigdata-widget read-more\" data-ce-measure-widget=\"olvass tov\u00e1bb\">\n\t<div class=\"m-readMoreWidget__imgWrapper image-wrapper col-12 col-md-4 no-p\">\n\t\t<a class=\"m-readMoreWidget__imgLink\" href=\"https:\/\/www.startlap.hu\/vasarlas\/wifi-router-jelerosseg-internet\/\" >\n\t\t\t<img decoding=\"async\" src=\"https:\/\/www.startlap.hu\/vasarlas\/uploads\/2026\/09\/wifi-router-internet_11zon-350x285.jpg\" class=\"m-readMoreWidget__img\">\n\t\t<\/a>\n\t<\/div>\n\t<div class=\"m-readMoreWidget__titleWrapper title-wrapper col-12 col-md-8\">\n\t\t<span class=\"m-readMoreWidget__titleLabel u-shortDecorLineBefore label hidden-sm-up\">Ez is \u00e9rdekelhet:<\/span>\n\t\t<h3 class=\"m-readMoreWidget__title title\">\n\t\t\t<a class=\"m-readMoreWidget__titleLink -secondFont u-bold u-upperCase\" href=\"https:\/\/www.startlap.hu\/vasarlas\/wifi-router-jelerosseg-internet\/\" >Internet: mi &#8222;blokkolja&#8221; a Wi-Fi-t otthon? &#8211; a meglep\u0151 t\u00e9nyez\u0151, ami befoly\u00e1solja a jeler\u0151ss\u00e9get<\/a>\n\t\t<\/h3>\n\t\t<a class=\"m-readMoreWidget__btn -coloredBack u-tC link\" href=\"https:\/\/www.startlap.hu\/vasarlas\/wifi-router-jelerosseg-internet\/\" >Elolvasom<\/a>\n\t<\/div>\n<\/div>\n","protected":false},"excerpt":{"rendered":"<p>Elromlott a mobiltelefonod, a mos\u00f3g\u00e9ped vagy a porsz\u00edv\u00f3d, de m\u00e1r lej\u00e1rt a garancia? Szeptembert\u0151l Magyarorsz\u00e1gon is \u00faj szab\u00e1lyok vonatkoznak sz\u00e1mos m\u0171szaki term\u00e9k jav\u00edt\u00e1s\u00e1ra. Bizonyos esetekben a gy\u00e1rt\u00f3 akkor sem utas\u00edthatja el a jav\u00edt\u00e1st, ha a meghib\u00e1sod\u00e1st elhaszn\u00e1l\u00f3d\u00e1s vagy ak\u00e1r nem megfelel\u0151 haszn\u00e1lat okozta. Mutatjuk a r\u00e9szleteket.<\/p>\n","protected":false},"author":45,"featured_media":2286146,"comment_status":"closed","ping_status":"closed","sticky":false,"template":"","format":"standard","meta":{"footnotes":""},"categories":[8180],"tags":[5952,14229,2629,3942],"class_list":["post-2286140","post","type-post","status-publish","format-standard","has-post-thumbnail","hentry","category-trending","tag-fogyasztovedelem","tag-garancia","tag-mobiltelefon","tag-mosogep"],"aioseo_notices":[],"_links":{"self":[{"href":"https:\/\/www.startlap.hu\/vasarlas\/wp-json\/wp\/v2\/posts\/2286140","targetHints":{"allow":["GET"]}}],"collection":[{"href":"https:\/\/www.startlap.hu\/vasarlas\/wp-json\/wp\/v2\/posts"}],"about":[{"href":"https:\/\/www.startlap.hu\/vasarlas\/wp-json\/wp\/v2\/types\/post"}],"author":[{"embeddable":true,"href":"https:\/\/www.startlap.hu\/vasarlas\/wp-json\/wp\/v2\/users\/45"}],"replies":[{"embeddable":true,"href":"https:\/\/www.startlap.hu\/vasarlas\/wp-json\/wp\/v2\/comments?post=2286140"}],"version-history":[{"count":6,"href":"https:\/\/www.startlap.hu\/vasarlas\/wp-json\/wp\/v2\/posts\/2286140\/revisions"}],"predecessor-version":[{"id":2286147,"href":"https:\/\/www.startlap.hu\/vasarlas\/wp-json\/wp\/v2\/posts\/2286140\/revisions\/2286147"}],"wp:featuredmedia":[{"embeddable":true,"href":"https:\/\/www.startlap.hu\/vasarlas\/wp-json\/wp\/v2\/media\/2286146"}],"wp:attachment":[{"href":"https:\/\/www.startlap.hu\/vasarlas\/wp-json\/wp\/v2\/media?parent=2286140"}],"wp:term":[{"taxonomy":"category","embeddable":true,"href":"https:\/\/www.startlap.hu\/vasarlas\/wp-json\/wp\/v2\/categories?post=2286140"},{"taxonomy":"post_tag","embeddable":true,"href":"https:\/\/www.startlap.hu\/vasarlas\/wp-json\/wp\/v2\/tags?post=2286140"}],"curies":[{"name":"wp","href":"https:\/\/api.w.org\/{rel}","templated":true}]}}