{"id":2286137,"date":"2026-09-04T17:46:26","date_gmt":"2026-09-04T15:46:26","guid":{"rendered":"https:\/\/www.startlap.hu\/vasarlas\/?p=2286137"},"modified":"2026-09-04T17:46:26","modified_gmt":"2026-09-04T15:46:26","slug":"sarga-foltok-parnan","status":"publish","type":"post","link":"https:\/\/www.startlap.hu\/vasarlas\/sarga-foltok-parnan\/","title":{"rendered":"Figyelmeztet\u0151 jelek a p\u00e1rn\u00e1n: mit jelentenek ezek a foltok?"},"content":{"rendered":"<p>A <strong><a href=\"https:\/\/www.startlap.hu\/vasarlas\/parna-sarga-foltok-eltavolitasa\/\" target=\"_blank\" rel=\"noopener\">p\u00e1rna<\/a><\/strong> \u00e9jszak\u00e1r\u00f3l \u00e9jszak\u00e1ra k\u00f6zvetlen\u00fcl \u00e9rintkezik a fej\u00fcnkkel \u00e9s az arcunkkal. Ezalatt ker\u00fcl r\u00e1 izzads\u00e1g, faggy\u00fa \u00e9s ny\u00e1l, valamint a haj- \u00e9s b\u0151r\u00e1pol\u00f3 term\u00e9kek maradv\u00e1nyai is eljuthatnak a huzaton kereszt\u00fcl a t\u00f6ltethez. Id\u0151vel ezek elsz\u00ednezhetik az anyagot.<\/p>\n<div class=\"o-widget m-readMoreWidget -readMore u-shortDecorLineAfter row widget-container _ce_measure_widget bigdata-widget read-more\" data-ce-measure-widget=\"olvass tov\u00e1bb\">\n\t<div class=\"m-readMoreWidget__imgWrapper image-wrapper col-12 col-md-4 no-p\">\n\t\t<a class=\"m-readMoreWidget__imgLink\" href=\"https:\/\/www.startlap.hu\/vasarlas\/nyilvanos-vece-uloke-res\/\" >\n\t\t\t<img decoding=\"async\" src=\"https:\/\/www.startlap.hu\/vasarlas\/uploads\/2026\/08\/wc-uloke-lyuk_11zon-350x285.jpg\" class=\"m-readMoreWidget__img\">\n\t\t<\/a>\n\t<\/div>\n\t<div class=\"m-readMoreWidget__titleWrapper title-wrapper col-12 col-md-8\">\n\t\t<span class=\"m-readMoreWidget__titleLabel u-shortDecorLineBefore label hidden-sm-up\">Ez is \u00e9rdekelhet:<\/span>\n\t\t<h3 class=\"m-readMoreWidget__title title\">\n\t\t\t<a class=\"m-readMoreWidget__titleLink -secondFont u-bold u-upperCase\" href=\"https:\/\/www.startlap.hu\/vasarlas\/nyilvanos-vece-uloke-res\/\" >Mire szolg\u00e1l a h\u00e9zag, amely a nyilv\u00e1nos mosd\u00f3k WC-cs\u00e9sz\u00e9in tal\u00e1lhat\u00f3?<\/a>\n\t\t<\/h3>\n\t\t<a class=\"m-readMoreWidget__btn -coloredBack u-tC link\" href=\"https:\/\/www.startlap.hu\/vasarlas\/nyilvanos-vece-uloke-res\/\" >Elolvasom<\/a>\n\t<\/div>\n<\/div>\n<p>A <strong><a href=\"https:\/\/www.startlap.hu\/vasarlas\/sarga-parna-folt-szodabikarbona\/\" target=\"_blank\" rel=\"noopener\">s\u00e1rga folt<\/a><\/strong> \u00f6nmag\u00e1ban nem szokatlan egy r\u00e9g\u00f3ta haszn\u00e1lt p\u00e1rn\u00e1n\u00e1l. A p\u00e1rn\u00e1kon l\u00e9v\u0151 foltok fontos jelz\u00e9sek, de ahhoz, hogy meg\u00edt\u00e9lj\u00fck, sz\u00fcks\u00e9g van-e tiszt\u00edt\u00e1sra vagy cser\u00e9re, nem el\u00e9g csak a sz\u00edn\u00e9t megn\u00e9zni.<\/p>\n<h2>Mit\u0151l lesz s\u00e1rga a p\u00e1rna?<\/h2>\n<blockquote class=\"article__extraTxt\"><p>Az elsz\u00ednez\u0151d\u00e9s leggyakoribb oka az \u00e9jszaka sor\u00e1n a p\u00e1rn\u00e1ba ker\u00fcl\u0151 nedvess\u00e9g \u00e9s b\u0151rzs\u00edr. Az izzads\u00e1g, a faggy\u00fa \u00e9s a ny\u00e1l fokozatosan felhalmoz\u00f3dhat az anyagban,<\/p><\/blockquote>\n<p>\u00e9s ehhez k\u00fcl\u00f6nf\u00e9le kr\u00e9mek, haj\u00e1pol\u00f3k \u00e9s m\u00e1s kozmetikumok is hozz\u00e1j\u00e1rulnak.<\/p>\n<p>Ez egy lass\u00fa folyamat, a foltok \u00e1ltal\u00e1ban csak hosszabb haszn\u00e1lat ut\u00e1n v\u00e1lnak l\u00e1tv\u00e1nyoss\u00e1. A p\u00e1rnahuzat rendszeres mos\u00e1sa sem felt\u00e9tlen\u00fcl akad\u00e1lyozza meg az elsz\u00ednez\u0151d\u00e9st, hiszen a nedvess\u00e9g egy r\u00e9sze \u00e1tjuthat rajta.<\/p>\n<h2>A s\u00e1rga folt \u00f6nmag\u00e1ban nem vesz\u00e9lyes<\/h2>\n<p>Az elsz\u00ednez\u0151d\u00f6tt p\u00e1rna l\u00e1tv\u00e1nya kellemetlen lehet, de a s\u00e1rga folt \u00f6nmag\u00e1ban nem jelenti azt, hogy a p\u00e1rna pen\u00e9szes vagy eg\u00e9szs\u00e9g\u00fcgyi vesz\u00e9lyt jelent. A sz\u00edn\u00e9b\u0151l nem lehet meg\u00e1llap\u00edtani, mi zajlik a t\u00f6ltet belsej\u00e9ben.<\/p>\n<h3>\u00c9rdemes ez\u00e9rt m\u00e1s jeleket is ellen\u0151rizni:<\/h3>\n<ul>\n<li>a <strong>dohos szag, <\/strong><\/li>\n<li><strong>a tart\u00f3san nedves \u00e1llapot, <\/strong><\/li>\n<li><strong>a nyirkos tapint\u00e1s<\/strong><\/li>\n<li><strong>vagy a l\u00e1that\u00f3 pen\u00e9sz<\/strong><\/li>\n<\/ul>\n<p>m\u00e1r olyan probl\u00e9m\u00e1ra utalhat, amellyel foglalkozni kell. A pen\u00e9sz n\u00f6veked\u00e9s\u00e9nek egyik alapvet\u0151 felt\u00e9tele a nedvess\u00e9g, ez\u00e9rt <strong>a p\u00e1rna sz\u00e1razon tart\u00e1sa kulcsfontoss\u00e1g\u00fa<\/strong>.<\/p>\n<h2>Reggel szell\u0151ztess\u00fck ki a p\u00e1rn\u00e1t<\/h2>\n<p>Alv\u00e1s k\u00f6zben a p\u00e1rna nedvess\u00e9get vesz fel, ez\u00e9rt \u00e9rdemes reggel lehet\u0151s\u00e9get adni arra, hogy ez elt\u00e1vozzon.<\/p>\n<blockquote class=\"article__extraTxt\"><p>A huzat lev\u00e9tele, a p\u00e1rna felr\u00e1z\u00e1sa \u00e9s a h\u00e1l\u00f3szoba kiszell\u0151ztet\u00e9se seg\u00edti a sz\u00e1rad\u00e1st.<\/p><\/blockquote>\n<p>A p\u00e1rn\u00e1t lehet\u0151leg ne hagyjuk eg\u00e9sz nap olyan helyen, ahol a leveg\u0151 nem tud k\u00f6r\u00fcl\u00f6tte mozogni. A rendszeres szell\u0151ztet\u00e9s \u00e9s kisz\u00e1r\u00edt\u00e1s a mindennapi \u00e1pol\u00e1s fontos r\u00e9sze, amelyet minden reggel \u00e9rdemes elv\u00e9gezni.<\/p>\n<h2>A p\u00e1rna mos\u00e1s\u00e1n\u00e1l a c\u00edmke az els\u0151<\/h2>\n<p>A <strong><a href=\"https:\/\/www.startlap.hu\/vasarlas\/parna-mosas-sarga-feherito-szodabikarbona\/\" target=\"_blank\" rel=\"noopener\">p\u00e1rn\u00e1k tiszt\u00edt\u00e1s\u00e1ra<\/a><\/strong> nincs minden t\u00edpusra \u00e9rv\u00e9nyes m\u00f3dszer. A mos\u00e1s el\u0151tt mindig ellen\u0151rizz\u00fck a kezel\u00e9si c\u00edmk\u00e9t: <strong>a toll-, pehely-, szintetikus, mem\u00f3riahabos \u00e9s latex p\u00e1rn\u00e1k elt\u00e9r\u0151 kezel\u00e9st ig\u00e9nyelhetnek<\/strong>.<\/p>\n<p>Ha a p\u00e1rna g\u00e9pben moshat\u00f3, \u00e1ltal\u00e1ban k\u00edm\u00e9l\u0151 programot \u00e9s a gy\u00e1rt\u00f3 \u00e1ltal el\u0151\u00edrt h\u0151m\u00e9rs\u00e9kletet \u00e9rdemes v\u00e1lasztani. Nincs sz\u00fcks\u00e9g nagy mennyis\u00e9g\u0171 mos\u00f3szerre, \u00e9s hasznos lehet az alapos \u00f6bl\u00edt\u00e9s.<\/p>\n<p>Toll- \u00e9s pehelyp\u00e1rn\u00e1n\u00e1l k\u00fcl\u00f6n\u00f6sen fontos a kezel\u00e9si \u00fatmutat\u00f3 k\u00f6vet\u00e9se. Ha a c\u00edmke engedi a g\u00e9pi mos\u00e1st, k\u00edm\u00e9l\u0151 program \u00e9s enyhe, lehet\u0151leg pehelyhez aj\u00e1nlott mos\u00f3szer haszn\u00e1lhat\u00f3.<\/p>\n<blockquote class=\"article__extraTxt\"><p>A mos\u00e1s ut\u00e1n a legfontosabb, hogy a p\u00e1rna <strong>bel\u00fcl is teljesen kisz\u00e1radjon, a<\/strong>&nbsp;nedves t\u00f6ltet nem ker\u00fclhet vissza az \u00e1gyba.<\/p><\/blockquote>\n<p>A sz\u00e1r\u00edt\u00e1s m\u00f3dj\u00e1t \u2013 p\u00e9ld\u00e1ul azt, hogy haszn\u00e1lhat\u00f3-e sz\u00e1r\u00edt\u00f3g\u00e9p \u2013 szint\u00e9n a gy\u00e1rt\u00f3 el\u0151\u00edr\u00e1sa alapj\u00e1n v\u00e1lasszuk meg.<\/p>\n<h2>A p\u00e1rnav\u00e9d\u0151vel egy nagyon hasznos t\u00e1rgy<\/h2>\n<p>A p\u00e1rnav\u00e9d\u0151 egyszer\u0171 m\u00f3dja annak, hogy a p\u00e1rn\u00e1t meg\u00f3vjuk a mindennapi szennyez\u0151d\u00e9sekt\u0151l. A norm\u00e1l huzat alatt elhelyezett plusz r\u00e9teg felfogja az izzads\u00e1g, a faggy\u00fa \u00e9s m\u00e1s szennyez\u0151d\u00e9sek egy r\u00e9sz\u00e9t, mik\u00f6zben k\u00f6nnyebben moshat\u00f3, mint maga a p\u00e1rna.<\/p>\n<p>Ha szeretn\u00e9d cs\u00f6kkenteni a poratk\u00e1nak val\u00f3 kitetts\u00e9get, <strong>v\u00e1laszthatsz speci\u00e1lis, allerg\u00e9nz\u00e1r\u00f3 huzatot<\/strong> is. Ezek az \u00e1gynem\u0171k seg\u00edthetnek m\u00e9rs\u00e9kelni a poratka-allerg\u00e9nek mennyis\u00e9g\u00e9t az alv\u00e1si k\u00f6rnyezetben.<\/p>\n<p>A p\u00e1rnav\u00e9d\u0151 haszn\u00e1lat\u00e1val a p\u00e1rna ritk\u00e1bban ker\u00fcl k\u00f6zvetlen kapcsolatba a testb\u0151l sz\u00e1rmaz\u00f3 nedvess\u00e9ggel, \u00edgy az elsz\u00ednez\u0151d\u00e9s kialakul\u00e1sa is lass\u00edthat\u00f3.<\/p>\n<h2>Mikor j\u00f6tt el a csere ideje?<\/h2>\n<p>A p\u00e1rna \u00e1llapot\u00e1t nem lehet puszt\u00e1n a foltok alapj\u00e1n meg\u00edt\u00e9lni. Fontosabb, hogy meg\u0151rizte-e m\u00e9g a form\u00e1j\u00e1t \u00e9s a tart\u00e1s\u00e1t, illetve tiszt\u00edthat\u00f3 \u00e9s megfelel\u0151en sz\u00e1r\u00edthat\u00f3-e.<\/p>\n<p>Ha tart\u00f3san dohos szag\u00fa marad, l\u00e1that\u00f3 pen\u00e9sz jelent meg rajta, a t\u00f6ltete \u00f6sszecsom\u00f3sodott vagy elvesztette a tart\u00e1s\u00e1t, \u00e9rdemes \u00faj p\u00e1rn\u00e1t v\u00e1lasztani. Ugyanez lehet a helyzet akkor, ha a p\u00e1rna belsej\u00e9t m\u00e1r nem lehet megb\u00edzhat\u00f3an megtiszt\u00edtani \u00e9s kisz\u00e1r\u00edtani.<\/p>\n<div class=\"o-widget m-readMoreWidget -readMore u-shortDecorLineAfter row widget-container _ce_measure_widget bigdata-widget read-more\" data-ce-measure-widget=\"olvass tov\u00e1bb\">\n\t<div class=\"m-readMoreWidget__imgWrapper image-wrapper col-12 col-md-4 no-p\">\n\t\t<a class=\"m-readMoreWidget__imgLink\" href=\"https:\/\/www.startlap.hu\/vasarlas\/mosogep-tippek-kutyaszor-haj\/\" >\n\t\t\t<img decoding=\"async\" src=\"https:\/\/www.startlap.hu\/vasarlas\/uploads\/2026\/08\/mosogep-szor-macska-350x285.jpg\" class=\"m-readMoreWidget__img\">\n\t\t<\/a>\n\t<\/div>\n\t<div class=\"m-readMoreWidget__titleWrapper title-wrapper col-12 col-md-8\">\n\t\t<span class=\"m-readMoreWidget__titleLabel u-shortDecorLineBefore label hidden-sm-up\">Ez is \u00e9rdekelhet:<\/span>\n\t\t<h3 class=\"m-readMoreWidget__title title\">\n\t\t\t<a class=\"m-readMoreWidget__titleLink -secondFont u-bold u-upperCase\" href=\"https:\/\/www.startlap.hu\/vasarlas\/mosogep-tippek-kutyaszor-haj\/\" >Ezt tedd a mos\u00f3g\u00e9pbe, ha tele vannak hajjal \u00e9s \u00e1llatsz\u0151rrel a ruh\u00e1id<\/a>\n\t\t<\/h3>\n\t\t<a class=\"m-readMoreWidget__btn -coloredBack u-tC link\" href=\"https:\/\/www.startlap.hu\/vasarlas\/mosogep-tippek-kutyaszor-haj\/\" >Elolvasom<\/a>\n\t<\/div>\n<\/div>\n","protected":false},"excerpt":{"rendered":"<p>S\u00e1rg\u00e1s foltok a p\u00e1rn\u00e1n? Nem felt\u00e9tlen\u00fcl azt jelentik, amire els\u0151re gondoln\u00e1l. Az elsz\u00ednez\u0151d\u00e9s m\u00f6g\u00f6tt t\u00f6bb h\u00e9tk\u00f6znapi ok is \u00e1llhat, ugyanakkor van n\u00e9h\u00e1ny jel, amelyre \u00e9rdemes jobban odafigyelni.<\/p>\n","protected":false},"author":14,"featured_media":2286138,"comment_status":"closed","ping_status":"closed","sticky":false,"template":"","format":"standard","meta":{"footnotes":""},"categories":[8180],"tags":[8902,12472],"class_list":["post-2286137","post","type-post","status-publish","format-standard","has-post-thumbnail","hentry","category-trending","tag-mosas","tag-parna"],"aioseo_notices":[],"_links":{"self":[{"href":"https:\/\/www.startlap.hu\/vasarlas\/wp-json\/wp\/v2\/posts\/2286137","targetHints":{"allow":["GET"]}}],"collection":[{"href":"https:\/\/www.startlap.hu\/vasarlas\/wp-json\/wp\/v2\/posts"}],"about":[{"href":"https:\/\/www.startlap.hu\/vasarlas\/wp-json\/wp\/v2\/types\/post"}],"author":[{"embeddable":true,"href":"https:\/\/www.startlap.hu\/vasarlas\/wp-json\/wp\/v2\/users\/14"}],"replies":[{"embeddable":true,"href":"https:\/\/www.startlap.hu\/vasarlas\/wp-json\/wp\/v2\/comments?post=2286137"}],"version-history":[{"count":1,"href":"https:\/\/www.startlap.hu\/vasarlas\/wp-json\/wp\/v2\/posts\/2286137\/revisions"}],"predecessor-version":[{"id":2286139,"href":"https:\/\/www.startlap.hu\/vasarlas\/wp-json\/wp\/v2\/posts\/2286137\/revisions\/2286139"}],"wp:featuredmedia":[{"embeddable":true,"href":"https:\/\/www.startlap.hu\/vasarlas\/wp-json\/wp\/v2\/media\/2286138"}],"wp:attachment":[{"href":"https:\/\/www.startlap.hu\/vasarlas\/wp-json\/wp\/v2\/media?parent=2286137"}],"wp:term":[{"taxonomy":"category","embeddable":true,"href":"https:\/\/www.startlap.hu\/vasarlas\/wp-json\/wp\/v2\/categories?post=2286137"},{"taxonomy":"post_tag","embeddable":true,"href":"https:\/\/www.startlap.hu\/vasarlas\/wp-json\/wp\/v2\/tags?post=2286137"}],"curies":[{"name":"wp","href":"https:\/\/api.w.org\/{rel}","templated":true}]}}