{"id":2286131,"date":"2026-09-04T13:38:38","date_gmt":"2026-09-04T11:38:38","guid":{"rendered":"https:\/\/www.startlap.hu\/vasarlas\/?p=2286131"},"modified":"2026-09-04T13:38:38","modified_gmt":"2026-09-04T11:38:38","slug":"basket-plus-magyarorszag-bezaras","status":"publish","type":"post","link":"https:\/\/www.startlap.hu\/vasarlas\/basket-plus-magyarorszag-bezaras\/","title":{"rendered":"Ennyit arr\u00f3l, hogy a Lidl \u00e9s az Aldi kih\u00edv\u00f3ja lesz: teljesen ki\u00fcr\u00edtett\u00e9k az egyetlen magyar Basket Plus \u00fczletet"},"content":{"rendered":"<p>Teljesen ki\u00fcr\u00edtett\u00e9k a XVIII. ker\u00fcleti Besence utc\u00e1ban m\u0171k\u00f6d\u0151 Basket Plus \u00e1ruh\u00e1zat &#8211; <a href=\"https:\/\/www.vg.hu\/kiskereskedelem\/2026\/09\/basket-plus-vegleg-bezart-arukeszlet\" target=\"_blank\" target=\"_blank\" rel=\"noopener\">\u00edrja<\/a> a Vil\u00e1ggazdas\u00e1g. Az orosz Svetofor-csoporthoz k\u00f6thet\u0151 diszkont <a href=\"https:\/\/www.startlap.hu\/vasarlas\/mere-magyarorszag-basket-bezaras\/\" target=\"_blank\" rel=\"noopener\">augusztus eleje \u00f3ta nem fogad v\u00e1s\u00e1rl\u00f3kat<\/a>, a bez\u00e1r\u00e1st akkor mind\u00f6ssze \u201etechnikai okokkal\u201d magyar\u00e1zt\u00e1k.<\/p>\n<div class=\"o-widget m-readMoreWidget -readMore u-shortDecorLineAfter row widget-container _ce_measure_widget bigdata-widget read-more\" data-ce-measure-widget=\"olvass tov\u00e1bb\">\n\t<div class=\"m-readMoreWidget__imgWrapper image-wrapper col-12 col-md-4 no-p\">\n\t\t<a class=\"m-readMoreWidget__imgLink\" href=\"https:\/\/www.startlap.hu\/vasarlas\/csomagdij-europa-temu-shein-kina\/\" >\n\t\t\t<img decoding=\"async\" src=\"https:\/\/www.startlap.hu\/vasarlas\/uploads\/2026\/08\/csomag-posta-temu-350x285.jpg\" class=\"m-readMoreWidget__img\">\n\t\t<\/a>\n\t<\/div>\n\t<div class=\"m-readMoreWidget__titleWrapper title-wrapper col-12 col-md-8\">\n\t\t<span class=\"m-readMoreWidget__titleLabel u-shortDecorLineBefore label hidden-sm-up\">Ez is \u00e9rdekelhet:<\/span>\n\t\t<h3 class=\"m-readMoreWidget__title title\">\n\t\t\t<a class=\"m-readMoreWidget__titleLink -secondFont u-bold u-upperCase\" href=\"https:\/\/www.startlap.hu\/vasarlas\/csomagdij-europa-temu-shein-kina\/\" >Visszafel\u00e9 s\u00fclt el a Kin\u00e1b\u00f3l \u00e9rkez\u0151 csomagokra kivetett 3 eur\u00f3s v\u00e1m: cs\u00f6kkent a rendel\u00e9sek sz\u00e1ma, m\u00e9gis n\u0151tt az \u00e9rt\u00e9k\u00fck<\/a>\n\t\t<\/h3>\n\t\t<a class=\"m-readMoreWidget__btn -coloredBack u-tC link\" href=\"https:\/\/www.startlap.hu\/vasarlas\/csomagdij-europa-temu-shein-kina\/\" >Elolvasom<\/a>\n\t<\/div>\n<\/div>\n<p>Mostanra azonban nemcsak a v\u00e1s\u00e1rl\u00f3k t\u0171ntek el az \u00fczletb\u0151l. A lap inform\u00e1ci\u00f3i szerint a kor\u00e1bban raklapokon \u00e9s rakt\u00e1rszer\u0171 k\u00f6rnyezetben k\u00edn\u00e1lt teljes \u00e1ruk\u00e9szletet elsz\u00e1ll\u00edtott\u00e1k a Besence utc\u00e1b\u00f3l.<\/p>\n<p>Ez \u00f6nmag\u00e1ban m\u00e9g nem bizony\u00edtja, hogy a Basket Plus v\u00e9gleg leh\u00fazta a rol\u00f3t Magyarorsz\u00e1gon. Egy \u00fczlet teljes ki\u00fcr\u00edt\u00e9s\u00e9re p\u00e9ld\u00e1ul besz\u00e1ll\u00edt\u00f3i elsz\u00e1mol\u00e1sok vagy m\u00e1s m\u0171k\u00f6d\u00e9si okok miatt is sz\u00fcks\u00e9g lehet. Az azonban mindenk\u00e9ppen figyelemre m\u00e9lt\u00f3, hogy <strong>az augusztusi bez\u00e1r\u00e1s \u00f3ta sem jelent meg olyan hivatalos k\u00f6zlem\u00e9ny, amely az \u00fajranyit\u00e1s id\u0151pontj\u00e1r\u00f3l vagy a magyarorsz\u00e1gi terjeszked\u00e9s folytat\u00e1s\u00e1r\u00f3l sz\u00f3lna<\/strong>. A Vil\u00e1ggazdas\u00e1g szerint az Orsz\u00e1gos Kereskedelmi Nyilv\u00e1ntart\u00e1sban ugyanakkor egyel\u0151re nem v\u00e1ltoztak meg az \u00fczlet adatai.<\/p>\n<figure id=\"attachment_2274424\" aria-describedby=\"caption-attachment-2274424\" style=\"width: 755px\" class=\"wp-caption alignnone\"><a href=\"https:\/\/www.startlap.hu\/vasarlas\/uploads\/2025\/12\/basket-plus31-scaled.jpg\"><img loading=\"lazy\" decoding=\"async\" class=\"size-article-size-large-image wp-image-2274424\" src=\"https:\/\/www.startlap.hu\/vasarlas\/uploads\/2025\/12\/basket-plus31-755x465.jpg\" alt=\"\" width=\"755\" height=\"465\" srcset=\"https:\/\/www.startlap.hu\/vasarlas\/uploads\/2025\/12\/basket-plus31-755x465.jpg 755w, https:\/\/www.startlap.hu\/vasarlas\/uploads\/2025\/12\/basket-plus31-1536x947.jpg 1536w, https:\/\/www.startlap.hu\/vasarlas\/uploads\/2025\/12\/basket-plus31-2048x1262.jpg 2048w, https:\/\/www.startlap.hu\/vasarlas\/uploads\/2025\/12\/basket-plus31-568x350.jpg 568w\" sizes=\"auto, (max-width: 755px) 100vw, 755px\" \/><\/a><figcaption id=\"caption-attachment-2274424\" class=\"wp-caption-text\">Fot\u00f3: Startlap<\/figcaption><\/figure>\n<h2>M\u00e1r a bez\u00e1r\u00e1skor k\u00e9rd\u00e9ses volt, visszat\u00e9r-e a Basket Plus<\/h2>\n<p>Az augusztusi bez\u00e1r\u00e1skor a c\u00e9g sem adott konkr\u00e9t \u00fajranyit\u00e1si d\u00e1tumot, \u00e9s a bez\u00e1r\u00e1s k\u00f6zvetlen okak\u00e9nt sem nevezte meg az Eur\u00f3pai Uni\u00f3 Oroszorsz\u00e1ggal szembeni szankci\u00f3it. Az\u00f3ta viszont eltelt t\u00f6bb h\u00e9t, \u00e9s a mostani teljes ki\u00fcr\u00edt\u00e9s tov\u00e1bb cs\u00f6kkenti annak val\u00f3sz\u00edn\u0171s\u00e9g\u00e9t, hogy a bolt r\u00f6vid id\u0151n bel\u00fcl ism\u00e9t v\u00e1s\u00e1rl\u00f3kat fogadjon.<\/p>\n<p>A helyzet k\u00fcl\u00f6n\u00f6sen nagy fordulat ahhoz k\u00e9pest, milyen tervekkel indult el a magyar Basket Plus: a t\u00e1rsas\u00e1g eredetileg m\u00e1r az els\u0151 \u00e9vben t\u00edz magyarorsz\u00e1gi \u00fczlet megnyit\u00e1s\u00e1t tervezte. Ehhez k\u00e9pest v\u00e9g\u00fcl egyetlen egys\u00e9g m\u0171k\u00f6d\u00f6tt, az is kevesebb mint egy \u00e9vig.<\/p>\n<h2>Hossz\u00fa sorokkal \u00e9s szokatlanul alacsony \u00e1rakkal indult<\/h2>\n<p>Az orosz diszkontot r\u00e1ad\u00e1sul m\u00e1r a magyar piacra l\u00e9p\u00e9se el\u0151tt is a <strong><a href=\"https:\/\/www.startlap.hu\/vasarlas\/wagyu-hus-lidl-60-ezer-forint\/\" target=\"_blank\" rel=\"noopener\">Lidl<\/a><\/strong> \u00e9s az <strong><a href=\"https:\/\/www.startlap.hu\/vasarlas\/aldi-tartalyos-magvak-megszunt\/\" target=\"_blank\" rel=\"noopener\">Aldi<\/a><\/strong> lehets\u00e9ges \u00faj kih\u00edv\u00f3jak\u00e9nt emlegett\u00e9k.<\/p>\n<p>Az \u00f6sszehasonl\u00edt\u00e1s f\u0151k\u00e9nt az agressz\u00edvan alacsony \u00e1rak miatt adta mag\u00e1t, m\u00e9g ha az \u00fczleti modell jelent\u0151sen el is t\u00e9rt a k\u00e9t ismert diszkont\u00e9t\u00f3l: a Basket Plus j\u00f3val purit\u00e1nabb, rakt\u00e1rszer\u0171 k\u00f6rnyezetben, sokszor k\u00f6zvetlen\u00fcl raklapokr\u00f3l \u00e9rt\u00e9kes\u00edtette a term\u00e9keket.<\/p>\n<blockquote class=\"article__extraTxt\"><p>A nyit\u00e1s ut\u00e1ni \u00e9rdekl\u0151d\u00e9s alapj\u00e1n egy ideig val\u00f3ban \u00fagy t\u0171nhetett, hogy van helye a magyar piacon egy ennyire \u00e1r\u00e9rz\u00e9keny v\u00e1s\u00e1rl\u00f3kra \u00e9p\u00edt\u0151 l\u00e1ncnak.<\/p><\/blockquote>\n<p><strong><a href=\"https:\/\/www.startlap.hu\/vasarlas\/basket-plus-arak-bevasarlas-tapasztalat-fotok\/\" target=\"_blank\" rel=\"noopener\">Nem sokkal a nyit\u00e1s ut\u00e1n mi is j\u00e1rtunk az \u00fczletben<\/a><\/strong>:&nbsp;m\u00e9g egy szombat esti id\u0151pontban is hossz\u00fa sorok \u00e1lltak a kassz\u00e1k el\u0151tt, a v\u00e1rakoz\u00e1s pedig k\u00f6zel 40 percig tartott.<\/p>\n<h2>Az uni\u00f3s szankci\u00f3k is nehez\u00edthetik a m\u0171k\u00f6d\u00e9st<\/h2>\n<p>A Basket Plus j\u00f6v\u0151j\u00e9t az orosz tulajdonosi h\u00e1tt\u00e9r is bizonytalann\u00e1 teszi.<\/p>\n<p>Az Eur\u00f3pai Uni\u00f3 2026. j\u00falius 23-\u00e1n szankci\u00f3s list\u00e1ra helyezte t\u00f6bbek k\u00f6z\u00f6tt Sergey Schneidert, a Svetofor Group t\u00e1rsalap\u00edt\u00f3j\u00e1t \u00e9s t\u00e1rstulajdonos\u00e1t. Az uni\u00f3s dokumentum szerint a Svetofor t\u00f6bb mint 2200 diszkontot m\u0171k\u00f6dtet Oroszorsz\u00e1gban \u00e9s k\u00fclf\u00f6ld\u00f6n, egyebek k\u00f6z\u00f6tt Svetofor, Mere \u00e9s MyPrice n\u00e9ven.<\/p>\n<p>A szankci\u00f3k az \u00e9rintett szem\u00e9lyek p\u00e9nzeszk\u00f6zeinek \u00e9s gazdas\u00e1gi er\u0151forr\u00e1sainak befagyaszt\u00e1s\u00e1val j\u00e1rhatnak, \u00e9s tiltj\u00e1k azt is, hogy sz\u00e1mukra k\u00f6zvetlen\u00fcl vagy k\u00f6zvetve p\u00e9nz\u00fcgyi forr\u00e1sokat tegyenek hozz\u00e1f\u00e9rhet\u0151v\u00e9. Ez \u00e9rtelemszer\u0171en komoly neh\u00e9zs\u00e9get jelenthet egy nemzetk\u00f6zi kiskereskedelmi h\u00e1l\u00f3zat p\u00e9nz\u00fcgyi, besz\u00e1ll\u00edt\u00f3i \u00e9s logisztikai m\u0171k\u00f6d\u00e9s\u00e9ben.<\/p>\n<p><strong>Arra ugyanakkor tov\u00e1bbra sincs hivatalos bizony\u00edt\u00e9k, hogy a magyar Basket Plus bez\u00e1r\u00e1s\u00e1t k\u00f6zvetlen\u00fcl a szankci\u00f3k okozt\u00e1k.<\/strong> A v\u00e1llalat eddig technikai probl\u00e9m\u00e1kra hivatkozott.<\/p>\n<h2>Egyre kev\u00e9sb\u00e9 val\u00f3sz\u00edn\u0171 a visszat\u00e9r\u00e9s<\/h2>\n<p>A mostani fejlem\u00e9ny alapj\u00e1n teh\u00e1t tov\u00e1bbra sem lehet kategorikusan kijelenteni, hogy a Basket Plus v\u00e9gleg kivonult Magyarorsz\u00e1gr\u00f3l. Ehhez egy\u00e9rtelm\u0171 v\u00e1llalati bejelent\u00e9sre vagy a hivatalos nyilv\u00e1ntart\u00e1sok v\u00e1ltoz\u00e1s\u00e1ra lenne sz\u00fcks\u00e9g.<\/p>\n<p>A jelek azonban egyel\u0151re nem az \u00fajranyit\u00e1s fel\u00e9 mutatnak: <strong>az egyetlen magyarorsz\u00e1gi \u00fczlet hetek \u00f3ta z\u00e1rva tart, \u00fajranyit\u00e1si d\u00e1tum nincs, az \u00e1ruk\u00e9szletet pedig mostanra teljesen elsz\u00e1ll\u00edtott\u00e1k.<\/strong><\/p>\n<div class=\"o-widget m-readMoreWidget -readMore u-shortDecorLineAfter row widget-container _ce_measure_widget bigdata-widget read-more\" data-ce-measure-widget=\"olvass tov\u00e1bb\">\n\t<div class=\"m-readMoreWidget__imgWrapper image-wrapper col-12 col-md-4 no-p\">\n\t\t<a class=\"m-readMoreWidget__imgLink\" href=\"https:\/\/www.startlap.hu\/vasarlas\/alma-szedd-magad-2026\/\" >\n\t\t\t<img decoding=\"async\" src=\"https:\/\/www.startlap.hu\/vasarlas\/uploads\/2026\/09\/alma-szedes_11zon-350x285.jpg\" class=\"m-readMoreWidget__img\">\n\t\t<\/a>\n\t<\/div>\n\t<div class=\"m-readMoreWidget__titleWrapper title-wrapper col-12 col-md-8\">\n\t\t<span class=\"m-readMoreWidget__titleLabel u-shortDecorLineBefore label hidden-sm-up\">Ez is \u00e9rdekelhet:<\/span>\n\t\t<h3 class=\"m-readMoreWidget__title title\">\n\t\t\t<a class=\"m-readMoreWidget__titleLink -secondFont u-bold u-upperCase\" href=\"https:\/\/www.startlap.hu\/vasarlas\/alma-szedd-magad-2026\/\" >Szedd magad alma 2026: itt a kertek friss, orsz\u00e1gos list\u00e1ja &#8211; id\u00e9n 300 forintt\u00f3l szedhetj\u00fck a gy\u00fcm\u00f6lcs\u00f6t<\/a>\n\t\t<\/h3>\n\t\t<a class=\"m-readMoreWidget__btn -coloredBack u-tC link\" href=\"https:\/\/www.startlap.hu\/vasarlas\/alma-szedd-magad-2026\/\" >Elolvasom<\/a>\n\t<\/div>\n<\/div>\n","protected":false},"excerpt":{"rendered":"<p>\u00dajabb, meglehet\u0151sen er\u0151s jel utal arra, hogy nem \u00e1tmeneti le\u00e1ll\u00e1sr\u00f3l lehet sz\u00f3 a szuperolcs\u00f3nak tartott Basket Plus eset\u00e9ben.<\/p>\n","protected":false},"author":45,"featured_media":2274424,"comment_status":"closed","ping_status":"closed","sticky":false,"template":"","format":"standard","meta":{"footnotes":""},"categories":[8180],"tags":[13213,88,16869],"class_list":["post-2286131","post","type-post","status-publish","format-standard","has-post-thumbnail","hentry","category-trending","tag-boltbezaras","tag-budapest","tag-mere"],"aioseo_notices":[],"_links":{"self":[{"href":"https:\/\/www.startlap.hu\/vasarlas\/wp-json\/wp\/v2\/posts\/2286131","targetHints":{"allow":["GET"]}}],"collection":[{"href":"https:\/\/www.startlap.hu\/vasarlas\/wp-json\/wp\/v2\/posts"}],"about":[{"href":"https:\/\/www.startlap.hu\/vasarlas\/wp-json\/wp\/v2\/types\/post"}],"author":[{"embeddable":true,"href":"https:\/\/www.startlap.hu\/vasarlas\/wp-json\/wp\/v2\/users\/45"}],"replies":[{"embeddable":true,"href":"https:\/\/www.startlap.hu\/vasarlas\/wp-json\/wp\/v2\/comments?post=2286131"}],"version-history":[{"count":5,"href":"https:\/\/www.startlap.hu\/vasarlas\/wp-json\/wp\/v2\/posts\/2286131\/revisions"}],"predecessor-version":[{"id":2286136,"href":"https:\/\/www.startlap.hu\/vasarlas\/wp-json\/wp\/v2\/posts\/2286131\/revisions\/2286136"}],"wp:featuredmedia":[{"embeddable":true,"href":"https:\/\/www.startlap.hu\/vasarlas\/wp-json\/wp\/v2\/media\/2274424"}],"wp:attachment":[{"href":"https:\/\/www.startlap.hu\/vasarlas\/wp-json\/wp\/v2\/media?parent=2286131"}],"wp:term":[{"taxonomy":"category","embeddable":true,"href":"https:\/\/www.startlap.hu\/vasarlas\/wp-json\/wp\/v2\/categories?post=2286131"},{"taxonomy":"post_tag","embeddable":true,"href":"https:\/\/www.startlap.hu\/vasarlas\/wp-json\/wp\/v2\/tags?post=2286131"}],"curies":[{"name":"wp","href":"https:\/\/api.w.org\/{rel}","templated":true}]}}