{"id":2286119,"date":"2026-09-04T10:33:35","date_gmt":"2026-09-04T08:33:35","guid":{"rendered":"https:\/\/www.startlap.hu\/vasarlas\/?p=2286119"},"modified":"2026-09-04T11:41:47","modified_gmt":"2026-09-04T09:41:47","slug":"laminalt-padlo-halszalka-lakasfelujitas","status":"publish","type":"post","link":"https:\/\/www.startlap.hu\/vasarlas\/laminalt-padlo-halszalka-lakasfelujitas\/","title":{"rendered":"A lakberendez\u0151k \u00e9s bels\u0151\u00e9p\u00edt\u00e9szek egyet\u00e9rtenek: a lamin\u00e1lt padl\u00f3 m\u00e1r a m\u00falt\u00e9 &#8211; van egy eleg\u00e1nsabb \u00e9s k\u00fcl\u00f6nlegesebb megold\u00e1s"},"content":{"rendered":"<p>Amikor egy <a href=\"https:\/\/www.startlap.hu\/vasarlas\/furdoszoba-helykihasznalas-zuhany-mosokonyha\/\" target=\"_blank\" rel=\"noopener\">lak\u00e1s fel\u00faj\u00edt\u00e1s\u00e1r\u00f3l<\/a> van sz\u00f3, a legt\u00f6bben els\u0151k\u00e9nt a konyha, a f\u00fcrd\u0151szoba vagy \u00e9ppen a nappali \u00e1talak\u00edt\u00e1s\u00e1ra gondolnak. A <a href=\"https:\/\/www.startlap.hu\/vasarlas\/felmosas-padlo-trukk-csikmentes\/\" target=\"_blank\" rel=\"noopener\">padl\u00f3<\/a> sokszor csak m\u00e1sodlagos k\u00e9rd\u00e9snek t\u0171nik, pedig jelent\u0151s szerepe van abban, hogy v\u00e9g\u00fcl milyen \u00f6sszhat\u00e1st kelt az enteri\u0151r.<\/p>\n<div class=\"o-widget m-readMoreWidget -readMore u-shortDecorLineAfter row widget-container _ce_measure_widget bigdata-widget read-more\" data-ce-measure-widget=\"olvass tov\u00e1bb\">\n\t<div class=\"m-readMoreWidget__imgWrapper image-wrapper col-12 col-md-4 no-p\">\n\t\t<a class=\"m-readMoreWidget__imgLink\" href=\"https:\/\/www.startlap.hu\/vasarlas\/nyilvanos-vece-uloke-res\/\" >\n\t\t\t<img decoding=\"async\" src=\"https:\/\/www.startlap.hu\/vasarlas\/uploads\/2026\/08\/wc-uloke-lyuk_11zon-350x285.jpg\" class=\"m-readMoreWidget__img\">\n\t\t<\/a>\n\t<\/div>\n\t<div class=\"m-readMoreWidget__titleWrapper title-wrapper col-12 col-md-8\">\n\t\t<span class=\"m-readMoreWidget__titleLabel u-shortDecorLineBefore label hidden-sm-up\">Ez is \u00e9rdekelhet:<\/span>\n\t\t<h3 class=\"m-readMoreWidget__title title\">\n\t\t\t<a class=\"m-readMoreWidget__titleLink -secondFont u-bold u-upperCase\" href=\"https:\/\/www.startlap.hu\/vasarlas\/nyilvanos-vece-uloke-res\/\" >Mire szolg\u00e1l a h\u00e9zag, amely a nyilv\u00e1nos mosd\u00f3k WC-cs\u00e9sz\u00e9in tal\u00e1lhat\u00f3?<\/a>\n\t\t<\/h3>\n\t\t<a class=\"m-readMoreWidget__btn -coloredBack u-tC link\" href=\"https:\/\/www.startlap.hu\/vasarlas\/nyilvanos-vece-uloke-res\/\" >Elolvasom<\/a>\n\t<\/div>\n<\/div>\n<p>Az ut\u00f3bbi id\u0151szakban egyre er\u0151sebben megjelent az ig\u00e9ny a megszokott, egyszer\u0171 burkolatok alternat\u00edv\u00e1i ir\u00e1nt. A lakberendez\u00e9sben ugyanis mind fontosabb\u00e1 v\u00e1ltak a <strong>k\u00fcl\u00f6nleges text\u00far\u00e1k, a geometrikus mint\u00e1k<\/strong> \u00e9s azok a r\u00e9szletek, amelyek egyedis\u00e9get adnak egy t\u00e9rnek.<\/p>\n<h2>A klasszikus megold\u00e1s praktikus, de van egy h\u00e1tr\u00e1nya<\/h2>\n<p>A <a href=\"https:\/\/www.startlap.hu\/vasarlas\/laminalt-padlo-lerakas-hibak\/\" target=\"_blank\" rel=\"noopener\">hagyom\u00e1nyos lamin\u00e1lt padl\u00f3<\/a> hossz\u00fa ideje az egyik legn\u00e9pszer\u0171bb v\u00e1laszt\u00e1s azok k\u00f6r\u00e9ben, akik gyorsan \u00e9s viszonylag kedvez\u0151 k\u00f6lts\u00e9ggel szeretn\u00e9nek \u00faj burkolatot.<\/p>\n<p>Ennek t\u00f6bb oka is van:<\/p>\n<ul>\n<li>egyszer\u0171en kombin\u00e1lhat\u00f3 k\u00fcl\u00f6nb\u00f6z\u0151 lakberendez\u00e9si st\u00edlusokkal,<\/li>\n<li>a modern click rendszernek k\u00f6sz\u00f6nhet\u0151en gyorsan lerakhat\u00f3,<\/li>\n<li>\u00e1ltal\u00e1ban nem ig\u00e9nyel ragaszt\u00e1st,<\/li>\n<li>sz\u00e1mos sz\u00ednben \u00e9s famint\u00e1zattal el\u00e9rhet\u0151,<\/li>\n<li>m\u00e1s padl\u00f3burkolatokhoz k\u00e9pest sok esetben p\u00e9nzt\u00e1rcabar\u00e1t megold\u00e1s.<\/li>\n<\/ul>\n<p>\u00c9ppen a n\u00e9pszer\u0171s\u00e9ge miatt azonban egyre t\u00f6bbekben mer\u00fcl fel, hogy valami k\u00fcl\u00f6nlegesebbet szeretn\u00e9nek. Egy sz\u00e9p, klasszikus faerezet \u00f6nmag\u00e1ban m\u00e1r nem felt\u00e9tlen\u00fcl el\u00e9g azoknak, akik karakteresebb enteri\u0151rt \u00e1lmodtak meg.<\/p>\n<h2>Egy r\u00e9gi minta \u00faj k\u00f6nt\u00f6sben t\u00e9r vissza<\/h2>\n<p>A lakberendez\u00e9sben id\u0151r\u0151l id\u0151re visszat\u00e9rnek olyan mint\u00e1k, amelyekr\u0151l kor\u00e1bban azt hitt\u00fck, v\u00e9gleg elt\u0171ntek.<\/p>\n<blockquote class=\"article__extraTxt\"><p>Most a halsz\u00e1lkaminta is renesz\u00e1nsz\u00e1t \u00e9li.<\/p><\/blockquote>\n<p>A minta l\u00e9nyege, hogy a padl\u00f3elemek nem p\u00e1rhuzamosan k\u00f6vetik egym\u00e1st, hanem meghat\u00e1rozott sz\u00f6gben tal\u00e1lkoznak. \u00cdgy egy <strong>jellegzetes, V alak\u00fa geometria alakul ki a padl\u00f3n<\/strong>.<\/p>\n<p>Ez els\u0151re apr\u00f3 v\u00e1ltoztat\u00e1snak t\u0171nhet, a hat\u00e1sa azonban meglep\u0151en l\u00e1tv\u00e1nyos. Ugyanaz a fa\u00e1rnyalat eg\u00e9szen m\u00e1s karaktert kaphat att\u00f3l f\u00fcgg\u0151en, hogy a burkolat hagyom\u00e1nyos m\u00f3don vagy halsz\u00e1lkamint\u00e1ban ker\u00fcl a hely\u00e9re.<\/p>\n<figure id=\"attachment_2286123\" aria-describedby=\"caption-attachment-2286123\" style=\"width: 755px\" class=\"wp-caption alignnone\"><a href=\"https:\/\/www.startlap.hu\/vasarlas\/uploads\/2026\/09\/szakember-laminal-padlo-lerakas.jpg\"><img loading=\"lazy\" decoding=\"async\" class=\"size-article-size-large-image wp-image-2286123\" src=\"https:\/\/www.startlap.hu\/vasarlas\/uploads\/2026\/09\/szakember-laminal-padlo-lerakas-755x458.jpg\" alt=\"Szem\u00fcveges f\u00e9rfi lamin\u00e1lt padl\u00f3t rak le egy helyis\u00e9gben\" width=\"755\" height=\"458\" srcset=\"https:\/\/www.startlap.hu\/vasarlas\/uploads\/2026\/09\/szakember-laminal-padlo-lerakas-755x458.jpg 755w, https:\/\/www.startlap.hu\/vasarlas\/uploads\/2026\/09\/szakember-laminal-padlo-lerakas-1536x932.jpg 1536w, https:\/\/www.startlap.hu\/vasarlas\/uploads\/2026\/09\/szakember-laminal-padlo-lerakas-577x350.jpg 577w, https:\/\/www.startlap.hu\/vasarlas\/uploads\/2026\/09\/szakember-laminal-padlo-lerakas.jpg 1600w\" sizes=\"auto, (max-width: 755px) 100vw, 755px\" \/><\/a><figcaption id=\"caption-attachment-2286123\" class=\"wp-caption-text\">A hagyom\u00e1nyos lamin\u00e1lt padl\u00f3val szemben a halsz\u00e1lkamint\u00e1s lamin\u00e1lt padl\u00f3 egyik el\u0151nye az, hogy karakteres, m\u00e9gsem felt\u00e9tlen\u00fcl k\u00f6t\u0151dik egyetlen konkr\u00e9t lakberendez\u00e9si ir\u00e1nyzathoz. Fot\u00f3: Getty Images<\/figcaption><\/figure>\n<h2>Mi\u00e9rt t\u0171nik t\u00e1gasabbnak \u00e9s izgalmasabbnak?<\/h2>\n<p>A halsz\u00e1lk\u00e1s elrendez\u00e9s egyik legnagyobb el\u0151nye, hogy dinamik\u00e1t visz a helyis\u00e9gbe. A szab\u00e1lyos, ism\u00e9tl\u0151d\u0151 vonalak megt\u00f6rik az egyhang\u00fas\u00e1got, mik\u00f6zben eleg\u00e1nsabb\u00e1 tehetik az \u00f6sszk\u00e9pet.<\/p>\n<p>K\u00fcl\u00f6n\u00f6sen j\u00f3l m\u0171k\u00f6dhet olyan helyis\u00e9gekben, ahol kev\u00e9s a dekor\u00e1ci\u00f3. Ilyenkor maga a padl\u00f3 v\u00e1lhat az enteri\u0151r egyik meghat\u00e1roz\u00f3 l\u00e1tv\u00e1nyelem\u00e9v\u00e9.<\/p>\n<p>A minta t\u00f6bbek k\u00f6z\u00f6tt:<\/p>\n<ul>\n<li>hangs\u00falyosabb\u00e1 teheti a padl\u00f3t,<\/li>\n<li>optikailag mozgalmasabb\u00e1 teszi a teret,<\/li>\n<li>m\u00e9lys\u00e9get adhat az egyszer\u0171bb berendez\u00e9s\u0171 helyis\u00e9geknek,<\/li>\n<li>eleg\u00e1nsabb, pr\u00e9miumabb hat\u00e1st kelthet,<\/li>\n<li>j\u00f3l illeszthet\u0151 modern \u00e9s klasszikus enteri\u0151r\u00f6kh\u00f6z is.<\/li>\n<\/ul>\n<p>Nem v\u00e9letlen, hogy a megold\u00e1s <strong>a minimalista otthonokban is j\u00f3l mutathat<\/strong>. A letisztult b\u00fatorok mellett egy karakteres padl\u00f3 elegend\u0151 lehet ahhoz, hogy ne v\u00e1ljon unalmass\u00e1 a helyis\u00e9g.<\/p>\n<h2>Nem csak a l\u00e1tv\u00e1ny sz\u00e1m\u00edt: a lerak\u00e1sn\u00e1l j\u00f6n a nehezebb r\u00e9sz<\/h2>\n<p>A k\u00fcl\u00f6nleges megjelen\u00e9snek ugyanakkor van egy \u00e1rnyoldala is. A halsz\u00e1lkaminta kialak\u00edt\u00e1sa l\u00e9nyegesen prec\u00edzebb munk\u00e1t ig\u00e9nyelhet, mint az egyszer\u0171, p\u00e1rhuzamos lerak\u00e1s.<\/p>\n<p>A burkolat elemeit ugyanis megfelel\u0151 sz\u00f6gben kell elhelyezni \u00e9s pontosan egym\u00e1shoz illeszteni. Egy kisebb pontatlans\u00e1g is felt\u0171n\u0151 lehet a k\u00e9sz fel\u00fcleten.<\/p>\n<p><strong>Ez\u00e9rt \u00e9rdemes sz\u00e1molni azzal, hogy:<\/strong><\/p>\n<ul>\n<li>a kivitelez\u00e9s t\u00f6bb id\u0151t vehet ig\u00e9nybe,<\/li>\n<li>nagyobb pontoss\u00e1gra van sz\u00fcks\u00e9g,<\/li>\n<li>t\u00f6bb v\u00e1g\u00e1ssal j\u00e1rhat a munka,<\/li>\n<li>szakember bevon\u00e1sa indokolt lehet,<\/li>\n<li>a munkad\u00edj magasabb lehet egy egyszer\u0171bb burkol\u00e1sn\u00e1l.<\/li>\n<\/ul>\n<p>Vagyis hi\u00e1ba kedvez\u0151bb \u00e1r\u00fa maga a lamin\u00e1lt padl\u00f3, mint bizonyos alternat\u00edv\u00e1i, a teljes projekt k\u00f6lts\u00e9g\u00e9t nem kiz\u00e1r\u00f3lag az anyag \u00e1ra hat\u00e1rozza meg.<\/p>\n<h2>A tart\u00f3ss\u00e1g nem a mint\u00e1n m\u00falik<\/h2>\n<p>Fontos szempont, hogy a halsz\u00e1lkaminta \u00f6nmag\u00e1ban nem teszi strapab\u00edr\u00f3bb\u00e1 vagy s\u00e9r\u00fcl\u00e9kenyebb\u00e9 a lamin\u00e1lt padl\u00f3t. A tart\u00f3ss\u00e1g szempontj\u00e1b\u00f3l sokkal fontosabb a v\u00e1lasztott term\u00e9k min\u0151s\u00e9ge \u00e9s kop\u00e1s\u00e1ll\u00f3s\u00e1ga.<\/p>\n<blockquote class=\"article__extraTxt\"><p>A dr\u00e1g\u00e1bb modellek k\u00f6z\u00f6tt tal\u00e1lhat\u00f3k olyan v\u00e1ltozatok, amelyek er\u0151sebb fel\u00fcletkezel\u00e9ssel k\u00e9sz\u00fclnek, \u00e9s jobban ellen\u00e1llhatnak a mindennapos haszn\u00e1latnak.<\/p><\/blockquote>\n<p>\u00c9rdemes ez\u00e9rt v\u00e1s\u00e1rl\u00e1s el\u0151tt nem puszt\u00e1n azt n\u00e9zni, hogy tetszik-e a sz\u00edn vagy a minta. Ugyanilyen l\u00e9nyeges a padl\u00f3 m\u0171szaki tulajdons\u00e1gainak ellen\u0151rz\u00e9se is.<\/p>\n<h2>Kinek lehet j\u00f3 v\u00e1laszt\u00e1s?<\/h2>\n<p>A halsz\u00e1lk\u00e1s lamin\u00e1lt padl\u00f3 els\u0151sorban azoknak lehet \u00e9rdekes, akik szeretn\u00e9nek elszakadni a teljesen hagyom\u00e1nyos megold\u00e1sokt\u00f3l, de nem akarnak lemondani a lamin\u00e1lt burkolatok praktikum\u00e1r\u00f3l.<\/p>\n<p>J\u00f3l illeszkedhet p\u00e9ld\u00e1ul:<\/p>\n<ul>\n<li><a href=\"https:\/\/www.startlap.hu\/vasarlas\/nappali-atalakitasa-olcson\/\" target=\"_blank\" rel=\"noopener\">modern nappalikba<\/a>,<\/li>\n<li>vil\u00e1gos, skandin\u00e1v hangulat\u00fa otthonokba,<\/li>\n<li>klasszikusabb berendez\u00e9s\u0171 lak\u00e1sokba,<\/li>\n<li>eleg\u00e1ns <a href=\"https:\/\/www.startlap.hu\/vasarlas\/rozmaring-haloszoba-illat\/\" target=\"_blank\" rel=\"noopener\">h\u00e1l\u00f3szob\u00e1kba<\/a>,<\/li>\n<li>minimalista enteri\u0151r\u00f6kbe.<\/li>\n<\/ul>\n<p>A megfelel\u0151 \u00e1rnyalat kiv\u00e1laszt\u00e1sa ugyanakkor legal\u00e1bb olyan fontos, mint maga a minta.<\/p>\n<blockquote class=\"article__extraTxt\"><p>A vil\u00e1gosabb t\u00f3nusok leveg\u0151sebb hat\u00e1st kelthetnek, m\u00edg a s\u00f6t\u00e9tebb burkolatok er\u0151teljesebb, karakteresebb megjelen\u00e9st adhatnak.<\/p><\/blockquote>\n<h2>Mire figyelj\u00fcnk?<\/h2>\n<p>Simon Mayhew, a TXTURED alap\u00edt\u00f3ja \u00e9s bels\u0151\u00e9p\u00edt\u00e9sze szerint a halsz\u00e1lkaminta m\u00e1ra annyira elterjedtt\u00e9 v\u00e1lt, hogy az idei fel\u00faj\u00edt\u00e1sok sor\u00e1n szinte mindenhol tal\u00e1lkozni vele. Mint fogalmazott: &#8222;Ha id\u00e9n t\u00edz fel\u00faj\u00edtott otthonba bel\u00e9p\u00fcnk, legal\u00e1bb h\u00e9tben ugyanazt a halsz\u00e1lk\u00e1s padl\u00f3t l\u00e1thatjuk&#8221;. A szakember ugyanakkor arra is <a href=\"https:\/\/www.livingetc.com\/advice\/outdated-flooring-trends-2026\" target=\"_blank\" target=\"_blank\" rel=\"noopener\">figyelmeztet<\/a>, hogy a s\u0171r\u0171, ism\u00e9tl\u0151d\u0151 cikkcakk-minta nem minden helyis\u00e9gben el\u0151ny\u00f6s: egyes terek ar\u00e1nyait optikailag eltorz\u00edthatja, ez\u00e9rt a padl\u00f3 mint\u00e1zat\u00e1t \u00e9rdemes a helyis\u00e9g m\u00e9ret\u00e9hez \u00e9s adotts\u00e1gaihoz igaz\u00edtani.<\/p>\n<h2>Nem felt\u00e9tlen\u00fcl kell mindent lecser\u00e9lni<\/h2>\n<p>A lakberendez\u00e9si trendek v\u00e1ltoz\u00e1s\u00e1val k\u00f6nny\u0171 abba a hib\u00e1ba esni, hogy mindenb\u0151l az aktu\u00e1lis divatot akarjuk k\u00f6vetni. Egy padl\u00f3 azonban \u00e9vekre sz\u00f3l\u00f3 d\u00f6nt\u00e9s, ez\u00e9rt \u00e9rdemes nem kiz\u00e1r\u00f3lag a pillanatnyi trend alapj\u00e1n v\u00e1lasztani.<\/p>\n<p>A lakberendez\u0151k \u00e9s bels\u0151\u00e9p\u00edt\u00e9szek is egyet\u00e9rtenek: a halsz\u00e1lkaminta el\u0151nye \u00e9ppen az lehet, hogy karakteres, m\u00e9gsem felt\u00e9tlen\u00fcl k\u00f6t\u0151dik egyetlen konkr\u00e9t lakberendez\u00e9si ir\u00e1nyzathoz. A klasszikus geometria modern anyagokkal p\u00e1ros\u00edtva id\u0151t\u00e1ll\u00f3bb \u00f6sszhat\u00e1st eredm\u00e9nyezhet.<\/p>\n<p>A k\u00e9rd\u00e9s teh\u00e1t nem felt\u00e9tlen\u00fcl az, hogy a hagyom\u00e1nyos lamin\u00e1lt padl\u00f3 &#8222;kiment-e a divatb\u00f3l&#8221;. Ink\u00e1bb arr\u00f3l van sz\u00f3, hogy azok sz\u00e1m\u00e1ra, akik egyedibb megjelen\u00e9sre v\u00e1gynak, ma m\u00e1r j\u00f3val t\u00f6bb lehet\u0151s\u00e9g \u00e1ll rendelkez\u00e9sre.<\/p>\n<p>A halsz\u00e1lkamint\u00e1s lamin\u00e1lt padl\u00f3 pedig \u00e9ppen ezt a kompromisszumot k\u00edn\u00e1lhatja: a megszokott burkolat praktikum\u00e1t egy olyan l\u00e1tv\u00e1nnyal kombin\u00e1lja, amely \u00f6nmag\u00e1ban is k\u00e9pes meghat\u00e1rozni egy helyis\u00e9g hangulat\u00e1t.<\/p>\n<p><a href=\"https:\/\/www.eleconomista.es\/actualidad\/noticias\/14011773\/09\/26\/los-veterinarios-expertos-coinciden-estas-plantas-deberian-estar-prohibidas-en-una-casa-con-gatos-si-se-las-comen-pueden-morir.html\" target=\"_blank\" target=\"_blank\" rel=\"noopener\">via<\/a><\/p>\n<div class=\"o-widget m-readMoreWidget -readMore u-shortDecorLineAfter row widget-container _ce_measure_widget bigdata-widget read-more\" data-ce-measure-widget=\"olvass tov\u00e1bb\">\n\t<div class=\"m-readMoreWidget__imgWrapper image-wrapper col-12 col-md-4 no-p\">\n\t\t<a class=\"m-readMoreWidget__imgLink\" href=\"https:\/\/www.startlap.hu\/vasarlas\/belyeg-regiseg-orokseg-ertek\/\" >\n\t\t\t<img decoding=\"async\" src=\"https:\/\/www.startlap.hu\/vasarlas\/uploads\/2026\/09\/belyeg-regiseg-350x285.jpg\" class=\"m-readMoreWidget__img\">\n\t\t<\/a>\n\t<\/div>\n\t<div class=\"m-readMoreWidget__titleWrapper title-wrapper col-12 col-md-8\">\n\t\t<span class=\"m-readMoreWidget__titleLabel u-shortDecorLineBefore label hidden-sm-up\">Ez is \u00e9rdekelhet:<\/span>\n\t\t<h3 class=\"m-readMoreWidget__title title\">\n\t\t\t<a class=\"m-readMoreWidget__titleLink -secondFont u-bold u-upperCase\" href=\"https:\/\/www.startlap.hu\/vasarlas\/belyeg-regiseg-orokseg-ertek\/\" >Egy n\u0151 biztos volt benne, hogy az \u00f6r\u00f6k\u00f6lt, 1854-b\u0151l sz\u00e1rmaz\u00f3 b\u00e9lyeg val\u00f3di, ez\u00e9rt visszautas\u00edtott egy k\u00f6zel k\u00e9tmilli\u00f3 forintos aj\u00e1nlatot &#8211; egy szak\u00e9rt\u0151 meg\u00e1llap\u00edtotta, hogy csak egy k\u00e9s\u0151bbi ut\u00e1nnyom\u00e1s volt<\/a>\n\t\t<\/h3>\n\t\t<a class=\"m-readMoreWidget__btn -coloredBack u-tC link\" href=\"https:\/\/www.startlap.hu\/vasarlas\/belyeg-regiseg-orokseg-ertek\/\" >Elolvasom<\/a>\n\t<\/div>\n<\/div>\n","protected":false},"excerpt":{"rendered":"<p>Egy j\u00f3l megv\u00e1lasztott padl\u00f3 alapjaiban v\u00e1ltoztathatja meg egy helyis\u00e9g hangulat\u00e1t. Nem v\u00e9letlen, hogy a lakberendez\u00e9si trendek k\u00f6z\u00f6tt ma m\u00e1r nemcsak a falak, a b\u00fatorok vagy a vil\u00e1g\u00edt\u00e1s kap kiemelt figyelmet. Egyre t\u00f6bben keresnek olyan megold\u00e1st, amely egyszerre praktikus, karakteres \u00e9s l\u00e1tv\u00e1nyos &#8211; r\u00e1ad\u00e1sul nem j\u00f6n szembe minden m\u00e1sodik otthonban.<\/p>\n","protected":false},"author":7,"featured_media":2286123,"comment_status":"closed","ping_status":"closed","sticky":false,"template":"","format":"standard","meta":{"footnotes":""},"categories":[8180],"tags":[1669,1561,15916],"class_list":["post-2286119","post","type-post","status-publish","format-standard","has-post-thumbnail","hentry","category-trending","tag-lakas","tag-lakasfelujitas","tag-padloburkolat"],"aioseo_notices":[],"_links":{"self":[{"href":"https:\/\/www.startlap.hu\/vasarlas\/wp-json\/wp\/v2\/posts\/2286119","targetHints":{"allow":["GET"]}}],"collection":[{"href":"https:\/\/www.startlap.hu\/vasarlas\/wp-json\/wp\/v2\/posts"}],"about":[{"href":"https:\/\/www.startlap.hu\/vasarlas\/wp-json\/wp\/v2\/types\/post"}],"author":[{"embeddable":true,"href":"https:\/\/www.startlap.hu\/vasarlas\/wp-json\/wp\/v2\/users\/7"}],"replies":[{"embeddable":true,"href":"https:\/\/www.startlap.hu\/vasarlas\/wp-json\/wp\/v2\/comments?post=2286119"}],"version-history":[{"count":6,"href":"https:\/\/www.startlap.hu\/vasarlas\/wp-json\/wp\/v2\/posts\/2286119\/revisions"}],"predecessor-version":[{"id":2286127,"href":"https:\/\/www.startlap.hu\/vasarlas\/wp-json\/wp\/v2\/posts\/2286119\/revisions\/2286127"}],"wp:featuredmedia":[{"embeddable":true,"href":"https:\/\/www.startlap.hu\/vasarlas\/wp-json\/wp\/v2\/media\/2286123"}],"wp:attachment":[{"href":"https:\/\/www.startlap.hu\/vasarlas\/wp-json\/wp\/v2\/media?parent=2286119"}],"wp:term":[{"taxonomy":"category","embeddable":true,"href":"https:\/\/www.startlap.hu\/vasarlas\/wp-json\/wp\/v2\/categories?post=2286119"},{"taxonomy":"post_tag","embeddable":true,"href":"https:\/\/www.startlap.hu\/vasarlas\/wp-json\/wp\/v2\/tags?post=2286119"}],"curies":[{"name":"wp","href":"https:\/\/api.w.org\/{rel}","templated":true}]}}