{"id":2286095,"date":"2026-09-03T16:03:00","date_gmt":"2026-09-03T14:03:00","guid":{"rendered":"https:\/\/www.startlap.hu\/vasarlas\/?p=2286095"},"modified":"2026-09-03T13:47:11","modified_gmt":"2026-09-03T11:47:11","slug":"bananhej-viz-turmix-noveny","status":"publish","type":"post","link":"https:\/\/www.startlap.hu\/vasarlas\/bananhej-viz-turmix-noveny\/","title":{"rendered":"Ban\u00e1nh\u00e9j v\u00edzzel \u00f6sszeturmixolva: ez\u00e9rt aj\u00e1nlj\u00e1k, \u00e9s erre haszn\u00e1lhat\u00f3"},"content":{"rendered":"<p>A tudatosabb h\u00e1ztart\u00e1sokban egyre nagyobb figyelem jut arra, hogyan lehet kevesebb <a href=\"https:\/\/www.startlap.hu\/vasarlas\/praktika-tipp-szemetes-kuka-szagok-szodabikarbona\/\" target=\"_blank\" rel=\"noopener\">szemetet<\/a> termelni, \u00e9s mik\u00e9nt hasznos\u00edthat\u00f3k \u00fajra azok az alapanyagok, amelyek egy\u00e9bk\u00e9nt a kuk\u00e1ban v\u00e9gezn\u00e9k.&nbsp;A konyhai marad\u00e9kok k\u00f6z\u00f6tt t\u00f6bb olyan is tal\u00e1lhat\u00f3, amely <a href=\"https:\/\/www.startlap.hu\/vasarlas\/komposztalhato-aramkor-magyar-fejlesztes\/\" target=\"_blank\" rel=\"noopener\">komposzt\u00e1lhat\u00f3<\/a>, vagy megfelel\u0151 el\u0151k\u00e9sz\u00edt\u00e9ssel m\u00e1s c\u00e9lra is felhaszn\u00e1lhat\u00f3. A n\u00f6v\u00e9nykedvel\u0151k k\u00f6r\u00e9ben k\u00fcl\u00f6n\u00f6sen n\u00e9pszer\u0171ek azok a h\u00e1zi praktik\u00e1k, amelyek egyszer\u0171en elk\u00e9sz\u00edthet\u0151k, \u00e9s nem ig\u00e9nyelnek k\u00fcl\u00f6nleges hozz\u00e1val\u00f3kat.<\/p>\n<div class=\"o-widget m-readMoreWidget -readMore u-shortDecorLineAfter row widget-container _ce_measure_widget bigdata-widget read-more\" data-ce-measure-widget=\"olvass tov\u00e1bb\">\n\t<div class=\"m-readMoreWidget__imgWrapper image-wrapper col-12 col-md-4 no-p\">\n\t\t<a class=\"m-readMoreWidget__imgLink\" href=\"https:\/\/www.startlap.hu\/vasarlas\/baberlevel-szodabikarbona-termeszetes-tisztitoszer\/\" >\n\t\t\t<img decoding=\"async\" src=\"https:\/\/www.startlap.hu\/vasarlas\/uploads\/2026\/08\/baberlevel-350x285.jpg\" class=\"m-readMoreWidget__img\">\n\t\t<\/a>\n\t<\/div>\n\t<div class=\"m-readMoreWidget__titleWrapper title-wrapper col-12 col-md-8\">\n\t\t<span class=\"m-readMoreWidget__titleLabel u-shortDecorLineBefore label hidden-sm-up\">Ez is \u00e9rdekelhet:<\/span>\n\t\t<h3 class=\"m-readMoreWidget__title title\">\n\t\t\t<a class=\"m-readMoreWidget__titleLink -secondFont u-bold u-upperCase\" href=\"https:\/\/www.startlap.hu\/vasarlas\/baberlevel-szodabikarbona-termeszetes-tisztitoszer\/\" >Bab\u00e9rlevelet forralnak sz\u00f3dabikarb\u00f3n\u00e1val: meglep\u0151dsz, mire j\u00f3 otthon<\/a>\n\t\t<\/h3>\n\t\t<a class=\"m-readMoreWidget__btn -coloredBack u-tC link\" href=\"https:\/\/www.startlap.hu\/vasarlas\/baberlevel-szodabikarbona-termeszetes-tisztitoszer\/\" >Elolvasom<\/a>\n\t<\/div>\n<\/div>\n<p><strong>A <a href=\"https:\/\/www.startlap.hu\/vasarlas\/dietetikus-banan-gyumolcs-valtozas\/\" target=\"_blank\" rel=\"noopener\">ban\u00e1n<\/a> h\u00e9ja is ebbe a k\u00f6rbe tartozik.<\/strong>&nbsp;Sokan legfeljebb komposzt\u00e1lj\u00e1k, m\u00e1sok viszont n\u00f6v\u00e9ny\u00e1pol\u00e1si c\u00e9lokra is felhaszn\u00e1lj\u00e1k. Egy gyakran emlegetett m\u00f3dszer szerint v\u00edzzel kombin\u00e1lva olyan folyad\u00e9k k\u00e9sz\u00edthet\u0151 bel\u0151le, amit \u00e9rdemes a n\u00f6v\u00e9nyek f\u00f6ldj\u00e9re juttatni.<\/p>\n<h2>Mi\u00e9rt pont a ban\u00e1n h\u00e9ja?<\/h2>\n<p>A ban\u00e1n nemcsak gy\u00fcm\u00f6lcsh\u00fasa miatt \u00e9rt\u00e9kes. A h\u00e9jban is tal\u00e1lhat\u00f3k k\u00fcl\u00f6nb\u00f6z\u0151 \u00e1sv\u00e1nyi anyagok, k\u00f6zt\u00fck <strong>k\u00e1lium \u00e9s magn\u00e9zium, valamint kisebb mennyis\u00e9gben foszfor<\/strong>.<\/p>\n<blockquote class=\"article__extraTxt\"><p>Ezek k\u00f6z\u00fcl t\u00f6bb olyan t\u00e1panyag, amelyre a n\u00f6v\u00e9nyeknek sz\u00fcks\u00e9g\u00fck van a megfelel\u0151 fejl\u0151d\u00e9shez.<\/p><\/blockquote>\n<p>A k\u00e1lium p\u00e9ld\u00e1ul fontos szerepet j\u00e1tszik a n\u00f6v\u00e9nyek \u00e1ltal\u00e1nos m\u0171k\u00f6d\u00e9s\u00e9ben, m\u00edg a magn\u00e9zium a n\u00f6v\u00e9nyek sz\u00e1m\u00e1ra n\u00e9lk\u00fcl\u00f6zhetetlen folyamatokban vesz r\u00e9szt. A foszfor pedig t\u00f6bbek k\u00f6z\u00f6tt a gy\u00f6k\u00e9rfejl\u0151d\u00e9s szempontj\u00e1b\u00f3l fontos.<\/p>\n<p>\u00c9ppen ez\u00e9rt a ban\u00e1nh\u00e9j h\u00e1zi felhaszn\u00e1l\u00e1s\u00e1nak \u00f6tlete nem \u00faj kelet\u0171, \u00e9s a kert\u00e9szked\u0151k k\u00f6r\u00e9ben id\u0151r\u0151l id\u0151re \u00fajra n\u00e9pszer\u0171v\u00e9 v\u00e1lik.<\/p>\n<h2>\u00cdgy k\u00e9sz\u00fcl az egyszer\u0171 h\u00e1zi kever\u00e9k<\/h2>\n<p>A m\u00f3dszer egyik el\u0151nye, hogy nincs sz\u00fcks\u00e9g hossz\u00fa hozz\u00e1val\u00f3list\u00e1ra vagy k\u00fcl\u00f6nleges eszk\u00f6z\u00f6kre.<\/p>\n<p>Mind\u00f6ssze k\u00e9t alapanyagra van sz\u00fcks\u00e9g:<\/p>\n<ul>\n<li>k\u00e9t-h\u00e1rom ban\u00e1n h\u00e9j\u00e1ra;<\/li>\n<li>k\u00f6r\u00fclbel\u00fcl egy liter v\u00edzre.<\/li>\n<\/ul>\n<p>A h\u00e9jakat el\u0151sz\u00f6r \u00e9rdemes kisebb darabokra v\u00e1gni. Ezut\u00e1n ker\u00fclhetnek a turmixg\u00e9pbe, majd hozz\u00e1 kell adni a vizet.&nbsp;Az eg\u00e9szet addig kell turmixolni, am\u00edg egynem\u0171bb kever\u00e9ket nem kapunk. A k\u00e9sz folyad\u00e9kot ezut\u00e1n <strong>c\u00e9lszer\u0171 \u00e1tsz\u0171rni<\/strong>, hogy a nagyobb darabok ne ker\u00fcljenek a n\u00f6v\u00e9ny f\u00f6ldj\u00e9re.<\/p>\n<blockquote class=\"article__extraTxt\"><p>A lesz\u0171rt folyad\u00e9kot tiszta \u00fcvegben vagy <a href=\"https:\/\/www.startlap.hu\/vasarlas\/fagyasztott-vizespalack-lakas-hutes\/\" target=\"_blank\" rel=\"noopener\">palackban<\/a> lehet t\u00e1rolni.<\/p><\/blockquote>\n<h2>Nem kell t\u00falz\u00e1sba vinni<\/h2>\n<p>A term\u00e9szetes eredet\u0171 k\u00e9sz\u00edtm\u00e9nyek eset\u00e9ben sem igaz, hogy min\u00e9l t\u00f6bbet haszn\u00e1lunk bel\u0151l\u00fck, ann\u00e1l jobb eredm\u00e9nyt \u00e9r\u00fcnk el.<\/p>\n<p>A ban\u00e1nh\u00e9jb\u00f3l k\u00e9sz\u00fclt folyad\u00e9kot a n\u00f6v\u00e9nyek f\u00f6ldj\u00e9re lehet kijuttatni, de \u00e9rdemes m\u00e9rt\u00e9kkel b\u00e1nni vele. A t\u00falzott \u00f6nt\u00f6z\u00e9s ugyanis \u00f6nmag\u00e1ban is probl\u00e9m\u00e1t jelenthet, k\u00fcl\u00f6n\u00f6sen olyan n\u00f6v\u00e9nyekn\u00e9l, amelyek nem kedvelik a folyamatosan nedves k\u00f6zeget.<\/p>\n<p>A h\u00e1zi kever\u00e9k haszn\u00e1latakor ez\u00e9rt fontos lehet:<\/p>\n<ul>\n<li>csak m\u00e9rs\u00e9kelt mennyis\u00e9get kijuttatni;<\/li>\n<li>figyelni a n\u00f6v\u00e9ny egyedi v\u00edzig\u00e9ny\u00e9re;<\/li>\n<li>nem minden alkalommal ezzel helyettes\u00edteni a megszokott \u00f6nt\u00f6z\u00e9st;<\/li>\n<li>a n\u00f6v\u00e9ny \u00e1llapot\u00e1t \u00e9s a talaj nedvess\u00e9g\u00e9t is ellen\u0151rizni.<\/li>\n<\/ul>\n<p>A heti egyszeri haszn\u00e1latot gyakran javasolj\u00e1k az ilyen h\u00e1zi praktik\u00e1kn\u00e1l, de ez nem jelenti azt, hogy minden n\u00f6v\u00e9nynek ugyanilyen gyakoris\u00e1gra van sz\u00fcks\u00e9ge.<\/p>\n<figure id=\"attachment_2286097\" aria-describedby=\"caption-attachment-2286097\" style=\"width: 755px\" class=\"wp-caption alignnone\"><a href=\"https:\/\/www.startlap.hu\/vasarlas\/uploads\/2026\/09\/banan-kulacs-asztal-kenyer-ember.jpg\"><img loading=\"lazy\" decoding=\"async\" class=\"size-article-size-large-image wp-image-2286097\" src=\"https:\/\/www.startlap.hu\/vasarlas\/uploads\/2026\/09\/banan-kulacs-asztal-kenyer-ember-755x456.jpg\" alt=\"Egy n\u0151 kenyeret \u00e9s ban\u00e1nt eszik egy asztaln\u00e1l.\" width=\"755\" height=\"456\" srcset=\"https:\/\/www.startlap.hu\/vasarlas\/uploads\/2026\/09\/banan-kulacs-asztal-kenyer-ember-755x456.jpg 755w, https:\/\/www.startlap.hu\/vasarlas\/uploads\/2026\/09\/banan-kulacs-asztal-kenyer-ember-1536x928.jpg 1536w, https:\/\/www.startlap.hu\/vasarlas\/uploads\/2026\/09\/banan-kulacs-asztal-kenyer-ember-579x350.jpg 579w, https:\/\/www.startlap.hu\/vasarlas\/uploads\/2026\/09\/banan-kulacs-asztal-kenyer-ember.jpg 1600w\" sizes=\"auto, (max-width: 755px) 100vw, 755px\" \/><\/a><figcaption id=\"caption-attachment-2286097\" class=\"wp-caption-text\">A ban\u00e1nh\u00e9jb\u00f3l k\u00e9sz\u00fclt folyad\u00e9kot a n\u00f6v\u00e9nyek f\u00f6ldj\u00e9re lehet kijuttatni, de \u00e9rdemes m\u00e9rt\u00e9kkel b\u00e1nni vele. Fot\u00f3: Getty Images<\/figcaption><\/figure>\n<h2>Szoban\u00f6v\u00e9nyekn\u00e9l is kipr\u00f3b\u00e1lhat\u00f3?<\/h2>\n<p>A m\u00f3dszer nem kiz\u00e1r\u00f3lag kerti n\u00f6v\u00e9nyekn\u00e9l mer\u00fcl fel. A <a href=\"https:\/\/www.startlap.hu\/vasarlas\/szobanoveny-kviz\/\" target=\"_blank\" rel=\"noopener\">szoban\u00f6v\u00e9nyek<\/a> kedvel\u0151i is alkalmazz\u00e1k az ilyen term\u00e9szetes t\u00e1panyag-ut\u00e1np\u00f3tl\u00e1si praktik\u00e1kat.<\/p>\n<p>K\u00fcl\u00f6n\u00f6sen azok sz\u00e1m\u00e1ra lehet \u00e9rdekes, akik szeretn\u00e9k \u00fajrahasznos\u00edtani a konyhai marad\u00e9kokat, \u00e9s sz\u00edvesen pr\u00f3b\u00e1lnak ki egyszer\u0171, otthon elk\u00e9sz\u00edthet\u0151 megold\u00e1sokat.<\/p>\n<p>Fontos azonban, hogy <strong>egy ilyen h\u00e1zi k\u00e9sz\u00edtm\u00e9nyt ne tekints\u00fcnk minden esetben teljes \u00e9rt\u00e9k\u0171 n\u00f6v\u00e9nyt\u00e1pnak<\/strong>. A k\u00fcl\u00f6nb\u00f6z\u0151 n\u00f6v\u00e9nyfajok t\u00e1panyagig\u00e9nye elt\u00e9r\u0151, ez\u00e9rt komolyabb hi\u00e1ny\u00e1llapot eset\u00e9n c\u00e9lzott n\u00f6v\u00e9nyt\u00e1p vagy szak\u00e9rt\u0151i tan\u00e1cs lehet indokolt.<\/p>\n<h2>A kert mellett m\u00e1sra is haszn\u00e1lj\u00e1k<\/h2>\n<p>A ban\u00e1nh\u00e9j \u00e9s a v\u00edz p\u00e1ros\u00edt\u00e1sa nemcsak a n\u00f6v\u00e9nyek miatt ker\u00fcl el\u0151 a h\u00e1zi praktik\u00e1k k\u00f6z\u00f6tt. Egyesek a kever\u00e9ket kellemetlen szagok m\u00e9rs\u00e9kl\u00e9s\u00e9re is haszn\u00e1lj\u00e1k a h\u00e1ztart\u00e1s bizonyos pontjain.<\/p>\n<p>Ilyen lehet p\u00e9ld\u00e1ul:<\/p>\n<ul>\n<li>a konyha;<\/li>\n<li>a mos\u00f3konyha;<\/li>\n<li>a szemetes k\u00f6rny\u00e9ke;<\/li>\n<li>m\u00e1s, kellemetlen szagokkal \u00e9rintett helyis\u00e9gek.<\/li>\n<\/ul>\n<p>Ezekn\u00e9l a felhaszn\u00e1l\u00e1si m\u00f3dokn\u00e1l azonban \u00e9rdemes \u00f3vatosan kezelni a h\u00e1zi praktik\u00e1kr\u00f3l sz\u00f3l\u00f3 \u00e1ll\u00edt\u00e1sokat, hiszen nem minden m\u00f3dszer hat\u00e9konys\u00e1g\u00e1t t\u00e1masztj\u00e1k al\u00e1 egyform\u00e1n er\u0151s bizony\u00edt\u00e9kok.<\/p>\n<h2>Egy apr\u00f3 v\u00e1ltoztat\u00e1s, amellyel kevesebb ker\u00fclhet a kuk\u00e1ba<\/h2>\n<p>A ban\u00e1nh\u00e9j felhaszn\u00e1l\u00e1sa j\u00f3l mutatja, hogy nem felt\u00e9tlen\u00fcl kell minden konyhai marad\u00e9kot azonnal hullad\u00e9knak tekinteni. A komposzt\u00e1l\u00e1s mellett bizonyos alapanyagoknak m\u00e1sodlagos felhaszn\u00e1l\u00e1si lehet\u0151s\u00e9g\u00fck is lehet.<\/p>\n<p>A h\u00e1zi n\u00f6v\u00e9ny\u00e1pol\u00e1si praktik\u00e1k r\u00e1ad\u00e1sul azok sz\u00e1m\u00e1ra is \u00e9rdekesek lehetnek, akik szeretn\u00e9nek tudatosabban b\u00e1nni a h\u00e1ztart\u00e1sban keletkez\u0151 hullad\u00e9kkal.<\/p>\n<p>A m\u00f3dszer egyszer\u0171: egy olyan r\u00e9szt haszn\u00e1lunk fel, amelyet egy\u00e9bk\u00e9nt val\u00f3sz\u00edn\u0171leg kidobn\u00e1nk, \u00e9s v\u00edzzel \u00f6sszedolgozva k\u00e9sz\u00edt\u00fcnk bel\u0151le n\u00f6v\u00e9ny\u00e1pol\u00e1sra sz\u00e1nt folyad\u00e9kot.<\/p>\n<p>Ha pedig legk\u00f6zelebb ban\u00e1n ker\u00fcl az asztalra, tal\u00e1n m\u00e1r nem automatikusan a szemetes fel\u00e9 indul majd a h\u00e9ja. El\u0151fordulhat, hogy a kertben vagy a lak\u00e1sban m\u00e9g tartogat n\u00e9mi lehet\u0151s\u00e9get.<\/p>\n<p><a href=\"https:\/\/www.cronista.com\/en\/lifestyle\/blending-banana-peels-with-water-why-they-recommend-doing-it-and-what-it-is-used-for\/\" target=\"_blank\" target=\"_blank\" rel=\"noopener\">via<\/a><\/p>\n<div class=\"o-widget m-readMoreWidget -readMore u-shortDecorLineAfter row widget-container _ce_measure_widget bigdata-widget read-more\" data-ce-measure-widget=\"olvass tov\u00e1bb\">\n\t<div class=\"m-readMoreWidget__imgWrapper image-wrapper col-12 col-md-4 no-p\">\n\t\t<a class=\"m-readMoreWidget__imgLink\" href=\"https:\/\/www.startlap.hu\/vasarlas\/lidl-air-fryer-akcio\/\" >\n\t\t\t<img decoding=\"async\" src=\"https:\/\/www.startlap.hu\/vasarlas\/uploads\/2026\/09\/lidl-vasarlok-1-350x285.jpg\" class=\"m-readMoreWidget__img\">\n\t\t<\/a>\n\t<\/div>\n\t<div class=\"m-readMoreWidget__titleWrapper title-wrapper col-12 col-md-8\">\n\t\t<span class=\"m-readMoreWidget__titleLabel u-shortDecorLineBefore label hidden-sm-up\">Ez is \u00e9rdekelhet:<\/span>\n\t\t<h3 class=\"m-readMoreWidget__title title\">\n\t\t\t<a class=\"m-readMoreWidget__titleLink -secondFont u-bold u-upperCase\" href=\"https:\/\/www.startlap.hu\/vasarlas\/lidl-air-fryer-akcio\/\" >Mintha k\u00e9szletkis\u00f6pr\u00e9s lenne a Lidlben: 6999 forintra zuhan a h\u00e1ztart\u00e1si sl\u00e1gerterm\u00e9k \u00e1ra szombatt\u00f3l \u2013 ennyi\u00e9rt m\u00e1shol nem kapni<\/a>\n\t\t<\/h3>\n\t\t<a class=\"m-readMoreWidget__btn -coloredBack u-tC link\" href=\"https:\/\/www.startlap.hu\/vasarlas\/lidl-air-fryer-akcio\/\" >Elolvasom<\/a>\n\t<\/div>\n<\/div>\n","protected":false},"excerpt":{"rendered":"<p>Van, amit \u00e9tkez\u00e9s ut\u00e1n automatikusan a szemetesbe dobunk, \u00e9s esz\u00fcnkbe sem jut, hogy m\u00e1s m\u00f3don is felhaszn\u00e1lhat\u00f3 lenne. Pedig a h\u00e1ztart\u00e1sban meglep\u0151en sok olyan marad\u00e9k akad, amelynek m\u00e9g lehet m\u00e1sodik \u00e9lete. Egy egyszer\u0171 h\u00e1zi m\u00f3dszerrel r\u00e1ad\u00e1sul olyan k\u00e9sz\u00edtm\u00e9nyt is k\u00e9sz\u00edthet\u00fcnk bel\u0151l\u00fck, ami a n\u00f6v\u00e9nyek gondoz\u00e1s\u00e1ban j\u00f6het j\u00f3l.<\/p>\n","protected":false},"author":7,"featured_media":2286097,"comment_status":"closed","ping_status":"closed","sticky":false,"template":"","format":"standard","meta":{"footnotes":""},"categories":[8180],"tags":[11167,3476],"class_list":["post-2286095","post","type-post","status-publish","format-standard","has-post-thumbnail","hentry","category-trending","tag-banan","tag-kert"],"aioseo_notices":[],"_links":{"self":[{"href":"https:\/\/www.startlap.hu\/vasarlas\/wp-json\/wp\/v2\/posts\/2286095","targetHints":{"allow":["GET"]}}],"collection":[{"href":"https:\/\/www.startlap.hu\/vasarlas\/wp-json\/wp\/v2\/posts"}],"about":[{"href":"https:\/\/www.startlap.hu\/vasarlas\/wp-json\/wp\/v2\/types\/post"}],"author":[{"embeddable":true,"href":"https:\/\/www.startlap.hu\/vasarlas\/wp-json\/wp\/v2\/users\/7"}],"replies":[{"embeddable":true,"href":"https:\/\/www.startlap.hu\/vasarlas\/wp-json\/wp\/v2\/comments?post=2286095"}],"version-history":[{"count":4,"href":"https:\/\/www.startlap.hu\/vasarlas\/wp-json\/wp\/v2\/posts\/2286095\/revisions"}],"predecessor-version":[{"id":2286100,"href":"https:\/\/www.startlap.hu\/vasarlas\/wp-json\/wp\/v2\/posts\/2286095\/revisions\/2286100"}],"wp:featuredmedia":[{"embeddable":true,"href":"https:\/\/www.startlap.hu\/vasarlas\/wp-json\/wp\/v2\/media\/2286097"}],"wp:attachment":[{"href":"https:\/\/www.startlap.hu\/vasarlas\/wp-json\/wp\/v2\/media?parent=2286095"}],"wp:term":[{"taxonomy":"category","embeddable":true,"href":"https:\/\/www.startlap.hu\/vasarlas\/wp-json\/wp\/v2\/categories?post=2286095"},{"taxonomy":"post_tag","embeddable":true,"href":"https:\/\/www.startlap.hu\/vasarlas\/wp-json\/wp\/v2\/tags?post=2286095"}],"curies":[{"name":"wp","href":"https:\/\/api.w.org\/{rel}","templated":true}]}}