{"id":2286089,"date":"2026-09-03T13:03:11","date_gmt":"2026-09-03T11:03:11","guid":{"rendered":"https:\/\/www.startlap.hu\/vasarlas\/?p=2286089"},"modified":"2026-09-03T11:47:42","modified_gmt":"2026-09-03T09:47:42","slug":"pszichologia-rozsdamentes-acelkulacs-szemelyiseg","status":"publish","type":"post","link":"https:\/\/www.startlap.hu\/vasarlas\/pszichologia-rozsdamentes-acelkulacs-szemelyiseg\/","title":{"rendered":"A pszichol\u00f3gusok egyet\u00e9rtenek: akik rozsdamentes ac\u00e9lb\u00f3l k\u00e9sz\u00fclt kulacsb\u00f3l isznak, az \u00e1tlagosn\u00e1l \u00e9rz\u00e9kenyebben reag\u00e1lhatnak a k\u00f6rnyezet\u00fckre"},"content":{"rendered":"<p>Egyre t\u00f6bb ember sz\u00e1m\u00e1ra v\u00e1lt mindennapos kieg\u00e9sz\u00edt\u0151v\u00e9 a rozsdamentes ac\u00e9lb\u00f3l k\u00e9sz\u00fclt <a href=\"https:\/\/www.startlap.hu\/vasarlas\/kulacs-palack-kiszaritas-tippek\/\" target=\"_blank\" rel=\"noopener\">kulacs<\/a>. Van, aki a <a href=\"https:\/\/www.startlap.hu\/vasarlas\/vizszamla-wc-palack\/\" target=\"_blank\" rel=\"noopener\">m\u0171anyag palackok<\/a> haszn\u00e1lat\u00e1t szeretn\u00e9 visszaszor\u00edtani, m\u00e1s egyszer\u0171en azt szereti, hogy a hideg v\u00edz \u00f3r\u00e1kon kereszt\u00fcl hideg marad, a k\u00e1v\u00e9 pedig tov\u00e1bb \u0151rzi a h\u0151j\u00e9t. Akadnak azonban olyanok is, akik szerint a v\u00e1laszt\u00e1s m\u00f6g\u00f6tt nem csup\u00e1n praktikus szempontok \u00e1llhatnak.<\/p>\n<div class=\"o-widget m-readMoreWidget -readMore u-shortDecorLineAfter row widget-container _ce_measure_widget bigdata-widget read-more\" data-ce-measure-widget=\"olvass tov\u00e1bb\">\n\t<div class=\"m-readMoreWidget__imgWrapper image-wrapper col-12 col-md-4 no-p\">\n\t\t<a class=\"m-readMoreWidget__imgLink\" href=\"https:\/\/www.startlap.hu\/vasarlas\/nyilvanos-vece-uloke-res\/\" >\n\t\t\t<img decoding=\"async\" src=\"https:\/\/www.startlap.hu\/vasarlas\/uploads\/2026\/08\/wc-uloke-lyuk_11zon-350x285.jpg\" class=\"m-readMoreWidget__img\">\n\t\t<\/a>\n\t<\/div>\n\t<div class=\"m-readMoreWidget__titleWrapper title-wrapper col-12 col-md-8\">\n\t\t<span class=\"m-readMoreWidget__titleLabel u-shortDecorLineBefore label hidden-sm-up\">Ez is \u00e9rdekelhet:<\/span>\n\t\t<h3 class=\"m-readMoreWidget__title title\">\n\t\t\t<a class=\"m-readMoreWidget__titleLink -secondFont u-bold u-upperCase\" href=\"https:\/\/www.startlap.hu\/vasarlas\/nyilvanos-vece-uloke-res\/\" >Mire szolg\u00e1l a h\u00e9zag, amely a nyilv\u00e1nos mosd\u00f3k WC-cs\u00e9sz\u00e9in tal\u00e1lhat\u00f3?<\/a>\n\t\t<\/h3>\n\t\t<a class=\"m-readMoreWidget__btn -coloredBack u-tC link\" href=\"https:\/\/www.startlap.hu\/vasarlas\/nyilvanos-vece-uloke-res\/\" >Elolvasom<\/a>\n\t<\/div>\n<\/div>\n<p>A kulacs ugyanis bizonyos szem\u00e9lyis\u00e9gjegyekhez \u00e9s szok\u00e1sokhoz is kapcsol\u00f3dhat &#8211; b\u00e1r term\u00e9szetesen egyetlen t\u00e1rgy alapj\u00e1n senkir\u0151l sem lehet pontos szem\u00e9lyis\u00e9gk\u00e9pet fel\u00e1ll\u00edtani.<\/p>\n<h2>Mi\u00e9rt lett ennyire n\u00e9pszer\u0171 a rozsdamentes ac\u00e9lkulacs?<\/h2>\n<p>A kulacs ma m\u00e1r j\u00f3val t\u00f6bb egyszer\u0171 v\u00edztart\u00e1lyn\u00e1l. Az otthoni munkav\u00e9gz\u00e9st\u0151l az edz\u0151termen \u00e1t az irod\u00e1ig vagy ak\u00e1r egy hosszabb utaz\u00e1sig szinte mindenhol tal\u00e1lkozhatunk vele.<\/p>\n<p>A rozsdamentes ac\u00e9l k\u00fcl\u00f6n\u00f6sen n\u00e9pszer\u0171, mert egyszerre k\u00edn\u00e1l praktikus \u00e9s k\u00f6rnyezettudatos megold\u00e1st.<\/p>\n<p><strong>A leggyakoribb \u00e9rvek a haszn\u00e1lata mellett:<\/strong><\/p>\n<ul>\n<li>hossz\u00fa \u00e9lettartam\u00fa, ez\u00e9rt nem kell rendszeresen \u00faj palackot v\u00e1s\u00e1rolni;<\/li>\n<li>megfelel\u0151 kialak\u00edt\u00e1s eset\u00e9n hosszabb ideig k\u00e9pes megtartani az ital h\u0151m\u00e9rs\u00e9klet\u00e9t;<\/li>\n<li>kev\u00e9sb\u00e9 hajlamos \u00e1tvenni az italok szag\u00e1t \u00e9s \u00edz\u00e9t;<\/li>\n<li>k\u00f6nnyen beilleszthet\u0151 a mindennapi rutinba;<\/li>\n<li>seg\u00edts\u00e9g\u00e9vel cs\u00f6kkenthet\u0151 az egyszer haszn\u00e1latos m\u0171anyag palackok haszn\u00e1lata.<\/li>\n<\/ul>\n<p>Nem v\u00e9letlen teh\u00e1t, hogy a kulacs sokakn\u00e1l m\u00e1r a mindennapi felszerel\u00e9s \u00e1lland\u00f3 r\u00e9sze lett.<\/p>\n<h2>Tudatosabb v\u00e1s\u00e1rl\u00f3 vagy, ha ezt v\u00e1lasztod?<\/h2>\n<p>A rozsdamentes ac\u00e9lpalack egyik legk\u00e9zenfekv\u0151bb \u00fczenete a tudatoss\u00e1g. Aki ugyanazt a tart\u00f3s kulacsot haszn\u00e1lja h\u00f3napokon vagy ak\u00e1r \u00e9veken kereszt\u00fcl, az egyetlen v\u00e1s\u00e1rl\u00e1ssal hosszabb t\u00e1vra tervez, ahelyett hogy \u00fajra \u00e9s \u00fajra eldobhat\u00f3 palackos italokat venne.<\/p>\n<p>Ez persze \u00f6nmag\u00e1ban m\u00e9g nem jelenti azt, hogy minden ac\u00e9lkulacs-tulajdonos <a href=\"https:\/\/www.startlap.hu\/vasarlas\/muanyagmentes-julius-tisztitoszerek-praktikak-tippek-trukkok-takaritas\/\" target=\"_blank\" rel=\"noopener\">k\u00f6rnyezetv\u00e9d\u0151 \u00e9letm\u00f3dot<\/a> folytat. A v\u00e1laszt\u00e1s azonban j\u00f3l illeszkedik ahhoz a szeml\u00e9lethez, amelyben fontosabb a tart\u00f3s, \u00fajrahaszn\u00e1lhat\u00f3 term\u00e9k, mint az egyszeri k\u00e9nyelem.<\/p>\n<figure id=\"attachment_2286093\" aria-describedby=\"caption-attachment-2286093\" style=\"width: 755px\" class=\"wp-caption alignnone\"><a href=\"https:\/\/www.startlap.hu\/vasarlas\/uploads\/2026\/09\/fiatal-no-naplemente-acelkulacs.jpg\"><img loading=\"lazy\" decoding=\"async\" class=\"size-article-size-large-image wp-image-2286093\" src=\"https:\/\/www.startlap.hu\/vasarlas\/uploads\/2026\/09\/fiatal-no-naplemente-acelkulacs-755x469.jpg\" alt=\"Fiatal n\u0151 egy t\u00f3parton, naplement\u00e9ben, kez\u00e9ben ac\u00e9lkulacs.\" width=\"755\" height=\"469\" srcset=\"https:\/\/www.startlap.hu\/vasarlas\/uploads\/2026\/09\/fiatal-no-naplemente-acelkulacs-755x469.jpg 755w, https:\/\/www.startlap.hu\/vasarlas\/uploads\/2026\/09\/fiatal-no-naplemente-acelkulacs-563x350.jpg 563w, https:\/\/www.startlap.hu\/vasarlas\/uploads\/2026\/09\/fiatal-no-naplemente-acelkulacs.jpg 1500w\" sizes=\"auto, (max-width: 755px) 100vw, 755px\" \/><\/a><figcaption id=\"caption-attachment-2286093\" class=\"wp-caption-text\">Egyre t\u00f6bb ember haszn\u00e1l rozsdamentes ac\u00e9lb\u00f3l k\u00e9sz\u00fclt kulacsot, \u00e9s ez bizonyos szem\u00e9lyis\u00e9gjegyekr\u0151l \u00e9s szok\u00e1sokr\u00f3l is \u00e1rulkodhat. Fot\u00f3: Getty Images<\/figcaption><\/figure>\n<h2>A hossz\u00fa t\u00e1v\u00fa gondolkod\u00e1s is megjelenhet<\/h2>\n<p>Van egy m\u00e1sik \u00e9rdekes szempont is: a rozsdamentes ac\u00e9lkulacs haszn\u00e1lata bizonyos \u00e9rtelemben a tervez\u00e9sr\u0151l sz\u00f3l.<\/p>\n<p>Nem akkor kell vizet v\u00e1s\u00e1rolni, amikor megszomjazunk, hanem el\u0151re megt\u00f6ltj\u00fck a palackot. Nem felt\u00e9tlen\u00fcl a leggyorsabb megold\u00e1st v\u00e1lasztjuk, hanem gondoskodunk arr\u00f3l, hogy k\u00e9s\u0151bb is k\u00e9zn\u00e9l legyen, amire sz\u00fcks\u00e9g\u00fcnk van.&nbsp;Ez a szok\u00e1s j\u00f3l passzolhat azokhoz, akik<\/p>\n<blockquote class=\"article__extraTxt\"><p>szeretik el\u0151re megszervezni a napjukat, list\u00e1kban gondolkodnak, vagy egyszer\u0171en jobban \u00e9rzik magukat, ha felk\u00e9sz\u00fcltek a v\u00e1ratlan helyzetekre.<\/p><\/blockquote>\n<h2>Ha zavar az idegen \u00edz, lehet, hogy ezt k\u00fcl\u00f6n\u00f6sen \u00e9rt\u00e9keled<\/h2>\n<p>Van egy kev\u00e9sb\u00e9 nyilv\u00e1nval\u00f3 tulajdons\u00e1ga is az ac\u00e9lkulacsoknak: sokan \u00e9ppen az\u00e9rt kedvelik \u0151ket, mert az anyaguk nem olyan k\u00f6nnyen veszi \u00e1t a kor\u00e1bbi italok jellegzetes szag\u00e1t \u00e9s \u00edz\u00e9t.<\/p>\n<p>Aki p\u00e9ld\u00e1ul \u00e9rz\u00e9keny az italok mell\u00e9k\u00edz\u00e9re, annak k\u00fcl\u00f6n\u00f6sen zavar\u00f3 lehet, ha egy palackban kor\u00e1bban \u00e9des \u00fcd\u00edt\u0151 volt, majd ugyanabba ker\u00fcl a v\u00edz. Az eredm\u00e9ny gyakran nem t\u00fal kellemes: hi\u00e1ba t\u00f6lt\u00f6tt\u00fcnk bele friss vizet, az el\u0151z\u0151 ital eml\u00e9ke m\u00e9g ott marad.<\/p>\n<p>A rozsdamentes ac\u00e9l ebb\u0151l a szempontb\u00f3l sokak sz\u00e1m\u00e1ra komfortosabb v\u00e1laszt\u00e1s lehet.<\/p>\n<p>Ez azonban nem felt\u00e9tlen\u00fcl jelent \u201ek\u00fcl\u00f6nleges\u201d szem\u00e9lyis\u00e9get. Ink\u00e1bb arra utalhat, hogy a haszn\u00e1l\u00f3ja <strong>nagyobb figyelmet ford\u00edt az \u00e9rz\u00e9kszervi \u00e9lm\u00e9nyekre<\/strong>, p\u00e9ld\u00e1ul:<\/p>\n<ul>\n<li>zavarj\u00e1k az idegen szagok;<\/li>\n<li>k\u00f6nnyen \u00e9szreveszi az \u00e9telek vagy italok apr\u00f3 \u00edzbeli k\u00fcl\u00f6nbs\u00e9geit;<\/li>\n<li>fontos sz\u00e1m\u00e1ra az anyagok tapint\u00e1sa;<\/li>\n<li>kellemetlen\u00fcl \u00e9rinti, ha egy term\u00e9k \u00e1tveszi egy kor\u00e1bbi haszn\u00e1lat nyomait.<\/li>\n<\/ul>\n<h2>A kulacs mint apr\u00f3 kapaszkod\u00f3 a stresszes napokon<\/h2>\n<p>Tal\u00e1n ez az egyik leg\u00e9rdekesebb aspektusa a t\u00f6rt\u00e9netnek. Egyes terapeut\u00e1k szerint bizonyos t\u00e1rgyaknak <a href=\"https:\/\/www.startlap.hu\/vasarlas\/pszichologia-fozes-mosogatas-rendrakas\/\" target=\"_blank\" rel=\"noopener\">pszichol\u00f3giai<\/a> szerep\u00fck is lehet: seg\u00edthetnek megnyugodni, koncentr\u00e1lni vagy egyszer\u0171en komfortosabban \u00e9rezni magunkat egy fesz\u00fcltebb helyzetben.<\/p>\n<p>Gondoljunk arra, amikor valaki egy megbesz\u00e9l\u00e9s alatt folyamatosan forgat egy tollat a kez\u00e9ben, megigaz\u00edtja a jegyzetf\u00fczet\u00e9t, vagy automatikusan kortyol egyet az ital\u00e1b\u00f3l.&nbsp;Nem felt\u00e9tlen\u00fcl az\u00e9rt teszi, mert \u00e9ppen szomjas.<\/p>\n<p>A megszokott t\u00e1rgy \u00e9s a hozz\u00e1 kapcsol\u00f3d\u00f3 mozdulat egyfajta rutint teremthet. Egy j\u00f3l ismert kulacs k\u00e9zbe v\u00e9tele, kinyit\u00e1sa vagy az abb\u00f3l val\u00f3 kortyol\u00e1s \u00edgy ak\u00e1r egy<\/p>\n<blockquote class=\"article__extraTxt\"><p>apr\u00f3, h\u00e9tk\u00f6znapi \u201esz\u00fcnet\u201d is lehet egy stresszes helyzetben.<\/p><\/blockquote>\n<p>Fontos ugyanakkor, hogy ebb\u0151l nem k\u00f6vetkezik: aki kulacsot haszn\u00e1l, annak szorong\u00e1sa van. A t\u00e1rgyakhoz kapcsol\u00f3d\u00f3 megnyugtat\u00f3 rutinok teljesen h\u00e9tk\u00f6znapi viselked\u00e9sek lehetnek.<\/p>\n<h2>Nem mindegy, hogyan haszn\u00e1ljuk<\/h2>\n<p>A rozsdamentes ac\u00e9lpalack val\u00f3ban tart\u00f3s v\u00e1laszt\u00e1s lehet, de a higi\u00e9nia itt is fontos. A kulacsot \u00e9rdemes rendszeresen \u00e9s alaposan elmosni, k\u00fcl\u00f6n\u00f6sen akkor, ha nem csup\u00e1n vizet, hanem <a href=\"https:\/\/www.startlap.hu\/vasarlas\/kave-reggeli-ehgyomor-egeszseg\/\" target=\"_blank\" rel=\"noopener\">k\u00e1v\u00e9t<\/a>, te\u00e1t, \u00edzes\u00edtett italokat vagy m\u00e1s folyad\u00e9kokat is t\u00e1rolunk benne.<\/p>\n<p><strong>A mindennapi haszn\u00e1lat sor\u00e1n erre \u00e9rdemes figyelni:<\/strong><\/p>\n<ul>\n<li>ne hagyjuk hossz\u00fa id\u0151re mosatlanul;<\/li>\n<li>az \u00fcveg vagy palack kupakj\u00e1t \u00e9s t\u00f6m\u00edt\u00e9s\u00e9t is tiszt\u00edtsuk meg;<\/li>\n<li>\u00e9des italok ut\u00e1n k\u00fcl\u00f6n\u00f6sen alaposan mossuk el;<\/li>\n<li>ha a gy\u00e1rt\u00f3 engedi, haszn\u00e1lhatjuk mosogat\u00f3g\u00e9pben;<\/li>\n<li>id\u0151nk\u00e9nt ellen\u0151rizz\u00fck, nincs-e kellemetlen szag vagy elsz\u00ednez\u0151d\u00e9s a t\u00f6m\u00edt\u00e9sekn\u00e9l.<\/li>\n<\/ul>\n<h2>Egy kulacs nem szem\u00e9lyis\u00e9gteszt &#8211; de sokat elmondhat a szok\u00e1sainkr\u00f3l<\/h2>\n<p>\u00c9rdemes fenntart\u00e1sokkal kezelni azokat az \u00e1ll\u00edt\u00e1sokat, amelyek egyetlen haszn\u00e1lati t\u00e1rgyb\u00f3l pontos szem\u00e9lyis\u00e9gprofilt pr\u00f3b\u00e1lnak fel\u00e1ll\u00edtani. Att\u00f3l, hogy valaki rozsdamentes ac\u00e9lkulacsot hord mag\u00e1val, m\u00e9g nem lesz automatikusan k\u00f6rnyezettudatos, eredm\u00e9nyorient\u00e1lt vagy szenzorosan \u00e9rz\u00e9keny.<\/p>\n<p>A v\u00e1laszt\u00e1s azonban \u00e9rdekes betekint\u00e9st adhat abba, milyen szempontokat tartunk fontosnak a h\u00e9tk\u00f6znapokban.<\/p>\n<p>Lehet, hogy a tart\u00f3ss\u00e1g sz\u00e1m\u00edt. Lehet, hogy a praktikum. Lehet, hogy a m\u0171anyaghaszn\u00e1lat cs\u00f6kkent\u00e9se motiv\u00e1l. M\u00e1snak az a legfontosabb, hogy a reggeli k\u00e1v\u00e9 m\u00e9g d\u00e9lben is megfelel\u0151 h\u0151m\u00e9rs\u00e9klet\u0171 legyen.<\/p>\n<p>\u00c9s tal\u00e1n \u00e9ppen ez a rozsdamentes ac\u00e9lkulacs leg\u00e9rdekesebb tulajdons\u00e1ga: egy egyszer\u0171 h\u00e9tk\u00f6znapi t\u00e1rgy egyszerre lehet praktikus eszk\u00f6z, tudatos v\u00e1laszt\u00e1s \u00e9s a mindennapi rutin egyik apr\u00f3, megszokott eleme.<\/p>\n<p><a href=\"https:\/\/as.com\/tikitakas\/salud\/los-psicologos-coinciden-las-personas-que-beben-en-una-botella-de-acero-inoxidable-pueden-tener-alta-sensibilidad-sensorial-f202609-n\/\" target=\"_blank\" target=\"_blank\" rel=\"noopener\">via<\/a><\/p>\n<div class=\"o-widget m-readMoreWidget -readMore u-shortDecorLineAfter row widget-container _ce_measure_widget bigdata-widget read-more\" data-ce-measure-widget=\"olvass tov\u00e1bb\">\n\t<div class=\"m-readMoreWidget__imgWrapper image-wrapper col-12 col-md-4 no-p\">\n\t\t<a class=\"m-readMoreWidget__imgLink\" href=\"https:\/\/www.startlap.hu\/vasarlas\/lidl-air-fryer-akcio\/\" >\n\t\t\t<img decoding=\"async\" src=\"https:\/\/www.startlap.hu\/vasarlas\/uploads\/2026\/09\/lidl-vasarlok-1-350x285.jpg\" class=\"m-readMoreWidget__img\">\n\t\t<\/a>\n\t<\/div>\n\t<div class=\"m-readMoreWidget__titleWrapper title-wrapper col-12 col-md-8\">\n\t\t<span class=\"m-readMoreWidget__titleLabel u-shortDecorLineBefore label hidden-sm-up\">Ez is \u00e9rdekelhet:<\/span>\n\t\t<h3 class=\"m-readMoreWidget__title title\">\n\t\t\t<a class=\"m-readMoreWidget__titleLink -secondFont u-bold u-upperCase\" href=\"https:\/\/www.startlap.hu\/vasarlas\/lidl-air-fryer-akcio\/\" >Mintha k\u00e9szletkis\u00f6pr\u00e9s lenne a Lidlben: 6999 forintra zuhan a h\u00e1ztart\u00e1si sl\u00e1gerterm\u00e9k \u00e1ra szombatt\u00f3l \u2013 ennyi\u00e9rt m\u00e1shol nem kapni<\/a>\n\t\t<\/h3>\n\t\t<a class=\"m-readMoreWidget__btn -coloredBack u-tC link\" href=\"https:\/\/www.startlap.hu\/vasarlas\/lidl-air-fryer-akcio\/\" >Elolvasom<\/a>\n\t<\/div>\n<\/div>\n","protected":false},"excerpt":{"rendered":"<p>Lehet, hogy eddig csak egy praktikus haszn\u00e1lati t\u00e1rgyk\u00e9nt tekintett\u00e9l a rozsdamentes ac\u00e9lkulacsodra. Pedig a pszichol\u00f3gusok szerint az sem teljesen v\u00e9letlen, hogy ki milyen palackot v\u00e1laszt: a d\u00f6nt\u00e9s m\u00f6g\u00f6tt t\u00f6bbf\u00e9le meglep\u0151  szempont is \u00e1llhat.<\/p>\n","protected":false},"author":7,"featured_media":2286093,"comment_status":"closed","ping_status":"closed","sticky":false,"template":"","format":"standard","meta":{"footnotes":""},"categories":[8180],"tags":[9298,1245],"class_list":["post-2286089","post","type-post","status-publish","format-standard","has-post-thumbnail","hentry","category-trending","tag-kulacs","tag-pszichologia"],"aioseo_notices":[],"_links":{"self":[{"href":"https:\/\/www.startlap.hu\/vasarlas\/wp-json\/wp\/v2\/posts\/2286089","targetHints":{"allow":["GET"]}}],"collection":[{"href":"https:\/\/www.startlap.hu\/vasarlas\/wp-json\/wp\/v2\/posts"}],"about":[{"href":"https:\/\/www.startlap.hu\/vasarlas\/wp-json\/wp\/v2\/types\/post"}],"author":[{"embeddable":true,"href":"https:\/\/www.startlap.hu\/vasarlas\/wp-json\/wp\/v2\/users\/7"}],"replies":[{"embeddable":true,"href":"https:\/\/www.startlap.hu\/vasarlas\/wp-json\/wp\/v2\/comments?post=2286089"}],"version-history":[{"count":2,"href":"https:\/\/www.startlap.hu\/vasarlas\/wp-json\/wp\/v2\/posts\/2286089\/revisions"}],"predecessor-version":[{"id":2286094,"href":"https:\/\/www.startlap.hu\/vasarlas\/wp-json\/wp\/v2\/posts\/2286089\/revisions\/2286094"}],"wp:featuredmedia":[{"embeddable":true,"href":"https:\/\/www.startlap.hu\/vasarlas\/wp-json\/wp\/v2\/media\/2286093"}],"wp:attachment":[{"href":"https:\/\/www.startlap.hu\/vasarlas\/wp-json\/wp\/v2\/media?parent=2286089"}],"wp:term":[{"taxonomy":"category","embeddable":true,"href":"https:\/\/www.startlap.hu\/vasarlas\/wp-json\/wp\/v2\/categories?post=2286089"},{"taxonomy":"post_tag","embeddable":true,"href":"https:\/\/www.startlap.hu\/vasarlas\/wp-json\/wp\/v2\/tags?post=2286089"}],"curies":[{"name":"wp","href":"https:\/\/api.w.org\/{rel}","templated":true}]}}