{"id":2286072,"date":"2026-09-03T05:33:00","date_gmt":"2026-09-03T03:33:00","guid":{"rendered":"https:\/\/www.startlap.hu\/vasarlas\/?p=2286072"},"modified":"2026-09-02T19:00:23","modified_gmt":"2026-09-02T17:00:23","slug":"lidl-air-fryer-akcio","status":"publish","type":"post","link":"https:\/\/www.startlap.hu\/vasarlas\/lidl-air-fryer-akcio\/","title":{"rendered":"Mintha k\u00e9szletkis\u00f6pr\u00e9s lenne a Lidlben: l\u00e9lektani hat\u00e1r al\u00e1 zuhan a h\u00e1ztart\u00e1si sl\u00e1gerterm\u00e9k \u00e1ra szombatt\u00f3l \u2013 ennyi\u00e9rt m\u00e1shol nem kapni"},"content":{"rendered":"<p>Az <strong><a href=\"https:\/\/www.startlap.hu\/vasarlas\/air-fryer-pfas-teflon-mergezo-vegyesz-interju\/\" target=\"_blank\" rel=\"noopener\">air fryer<\/a><\/strong> n\u00e9h\u00e1ny \u00e9v alatt a magyar h\u00e1ztart\u00e1sok egyik legfelkapottabb konyhai kisg\u00e9p\u00e9v\u00e9 v\u00e1lt. N\u00e9pszer\u0171s\u00e9g\u00e9t f\u0151leg annak k\u00f6sz\u00f6nheti, hogy kev\u00e9s vagy ak\u00e1r hozz\u00e1adott <strong><a href=\"https:\/\/www.startlap.hu\/vasarlas\/etolaj-konyha-olaj-szakerto-tanacs-egeszseg\/\" target=\"_blank\" rel=\"noopener\">olaj<\/a><\/strong> n\u00e9lk\u00fcl is lehet benne ropog\u00f3s \u00e9teleket k\u00e9sz\u00edteni, mik\u00f6zben sok esetben gyorsabban haszn\u00e1lhat\u00f3, mint egy hagyom\u00e1nyos s\u00fct\u0151.&nbsp;&nbsp;<\/p>\n<div class=\"o-widget m-readMoreWidget -readMore u-shortDecorLineAfter row widget-container _ce_measure_widget bigdata-widget read-more\" data-ce-measure-widget=\"olvass tov\u00e1bb\">\n\t<div class=\"m-readMoreWidget__imgWrapper image-wrapper col-12 col-md-4 no-p\">\n\t\t<a class=\"m-readMoreWidget__imgLink\" href=\"https:\/\/www.startlap.hu\/vasarlas\/csomagdij-europa-temu-shein-kina\/\" >\n\t\t\t<img decoding=\"async\" src=\"https:\/\/www.startlap.hu\/vasarlas\/uploads\/2026\/08\/csomag-posta-temu-350x285.jpg\" class=\"m-readMoreWidget__img\">\n\t\t<\/a>\n\t<\/div>\n\t<div class=\"m-readMoreWidget__titleWrapper title-wrapper col-12 col-md-8\">\n\t\t<span class=\"m-readMoreWidget__titleLabel u-shortDecorLineBefore label hidden-sm-up\">Ez is \u00e9rdekelhet:<\/span>\n\t\t<h3 class=\"m-readMoreWidget__title title\">\n\t\t\t<a class=\"m-readMoreWidget__titleLink -secondFont u-bold u-upperCase\" href=\"https:\/\/www.startlap.hu\/vasarlas\/csomagdij-europa-temu-shein-kina\/\" >Visszafel\u00e9 s\u00fclt el a Kin\u00e1b\u00f3l \u00e9rkez\u0151 csomagokra kivetett 3 eur\u00f3s v\u00e1m: cs\u00f6kkent a rendel\u00e9sek sz\u00e1ma, m\u00e9gis n\u0151tt az \u00e9rt\u00e9k\u00fck<\/a>\n\t\t<\/h3>\n\t\t<a class=\"m-readMoreWidget__btn -coloredBack u-tC link\" href=\"https:\/\/www.startlap.hu\/vasarlas\/csomagdij-europa-temu-shein-kina\/\" >Elolvasom<\/a>\n\t<\/div>\n<\/div>\n<p>A n\u00e9pszer\u0171s\u00e9ggel egy\u00fctt a k\u00edn\u00e1lat is hatalmasra n\u0151tt: a kisebb, egyszer\u0171bb modellekt\u0151l a t\u00f6bbkosaras, nagy kapacit\u00e1s\u00fa k\u00e9sz\u00fcl\u00e9kekig szinte minden \u00e1rkateg\u00f3ri\u00e1ban tal\u00e1lni <strong><a href=\"https:\/\/www.startlap.hu\/vasarlas\/air-fryer-teszt-forrolevegos-suto-vizsgalat-tudatos-vasarlo-arak\/\" target=\"_blank\" rel=\"noopener\">air fryert<\/a><\/strong>. A bel\u00e9p\u0151szint azonban m\u00e9g mindig jellemz\u0151en t\u00f6bb ezer forinttal a mostani <strong><a href=\"https:\/\/www.startlap.hu\/vasarlas\/lidl-parkside-szerszam-bbarkacsolas\/\" target=\"_blank\" rel=\"noopener\">Lidl-akci\u00f3<\/a><\/strong> f\u00f6l\u00f6tt kezd\u0151dik, ez\u00e9rt lehet k\u00fcl\u00f6n\u00f6sen \u00e9rdekes a szombaton \u00e9rkez\u0151 aj\u00e1nlat azoknak, akik eddig az \u00e1r miatt halogatt\u00e1k a v\u00e1s\u00e1rl\u00e1st.<\/p>\n<h2>L\u00e9lektani hat\u00e1r al\u00e1 zuhan az air fryer \u00e1ra a Lidlben<\/h2>\n<p>Mind\u00f6ssze<strong> 6999 forint\u00e9rt<\/strong> lehet megv\u00e1s\u00e1rolni a <strong>Silvercrest Kitchen Tools<\/strong> forr\u00f3leveg\u0151s frit\u0151z\u00e9t szeptember 5-t\u0151l. A 9999 forintos norm\u00e1l \u00e1rb\u00f3l \u00edgy 3000 forintot, vagyis 30 sz\u00e1zal\u00e9kot engednek el. Van azonban egy felt\u00e9tel: a kedvezm\u00e9ny kiz\u00e1r\u00f3lag <strong>Lidl Plus<\/strong> haszn\u00e1lat\u00e1val j\u00e1r, an\u00e9lk\u00fcl tov\u00e1bbra is a 9999 forintos norm\u00e1l \u00e1rat kell kifizetni. Az aj\u00e1nlat szeptember 9-ig \u00e9rv\u00e9nyes. <strong><a href=\"https:\/\/akcios-ujsag.hu\/akcios-ujsagok\/lidl-nonfood-akcios-ujsag-2026-09-03\/#11\" target=\"_blank\" target=\"_blank\" rel=\"noopener\">K\u00e9p a term\u00e9kr\u0151l a Lidl akci\u00f3s \u00fajs\u00e1gj\u00e1ban<\/a><\/strong>.<\/p>\n<p>Ezzel az \u00e1rral a Lidl g\u00e9pe a 7000 forintos l\u00e9lektani hat\u00e1r al\u00e1 ker\u00fcl, ahov\u00e1 \u00faj forr\u00f3leveg\u0151s s\u00fct\u0151k csak nagyon ritk\u00e1n jutnak el.&nbsp;<\/p>\n<blockquote class=\"article__extraTxt\"><p>A jelenleg el\u00e9rhet\u0151 magyar online aj\u00e1nlatok k\u00f6z\u00f6tt nem tal\u00e1ltunk olyan \u00faj, hasonl\u00f3 m\u00e9ret\u0171 \u00e9s teljes\u00edtm\u00e9ny\u0171 air fryert, amelyet 6999 forint\u00e9rt vagy ann\u00e1l olcs\u00f3bban lehetne megvenni.<\/p><\/blockquote>\n<p>Ez persze nem jelenti azt, hogy kor\u00e1bban soha nem fordult el\u0151 enn\u00e9l alacsonyabb, r\u00f6vid ideig tart\u00f3 vagy helyi k\u00e9szletkis\u00f6pr\u0151 akci\u00f3. A mostani orsz\u00e1gosan meghirdetett Lidl Plus-aj\u00e1nlat azonban a jelenlegi piaci \u00e1rakhoz k\u00e9pest val\u00f3ban szokatlanul olcs\u00f3.<\/p>\n<figure id=\"attachment_2286078\" aria-describedby=\"caption-attachment-2286078\" style=\"width: 755px\" class=\"wp-caption alignnone\"><a href=\"https:\/\/www.startlap.hu\/vasarlas\/uploads\/2026\/09\/lidl-vasarlok-1.jpg\"><img loading=\"lazy\" decoding=\"async\" class=\"size-article-size-large-image wp-image-2286078\" src=\"https:\/\/www.startlap.hu\/vasarlas\/uploads\/2026\/09\/lidl-vasarlok-1-755x396.jpg\" alt=\"V\u00e1s\u00e1rl\u00f3k igyekeznek a Lidl \u00e1ruh\u00e1za fel\u00e9.\" width=\"755\" height=\"396\" srcset=\"https:\/\/www.startlap.hu\/vasarlas\/uploads\/2026\/09\/lidl-vasarlok-1-755x396.jpg 755w, https:\/\/www.startlap.hu\/vasarlas\/uploads\/2026\/09\/lidl-vasarlok-1-1536x806.jpg 1536w, https:\/\/www.startlap.hu\/vasarlas\/uploads\/2026\/09\/lidl-vasarlok-1-2048x1075.jpg 2048w, https:\/\/www.startlap.hu\/vasarlas\/uploads\/2026\/09\/lidl-vasarlok-1-1200x630.jpg 1200w, https:\/\/www.startlap.hu\/vasarlas\/uploads\/2026\/09\/lidl-vasarlok-1-667x350.jpg 667w\" sizes=\"auto, (max-width: 755px) 100vw, 755px\" \/><\/a><figcaption id=\"caption-attachment-2286078\" class=\"wp-caption-text\">Mintha k\u00e9szletkis\u00f6pr\u00e9s lenne a Lidlben: l\u00e9lektani hat\u00e1r al\u00e1 zuhan az air fryer \u00e1ra szombatt\u00f3l. K\u00e9p\u00fcnk AI-illusztr\u00e1ci\u00f3.<\/figcaption><\/figure>\n<h2>Mire \u00e9rdemes figyelni air fryer v\u00e1s\u00e1rl\u00e1sa el\u0151tt?<\/h2>\n<p>Az alacsony \u00e1r \u00f6nmag\u00e1ban m\u00e9g nem jelenti azt, hogy mindenki sz\u00e1m\u00e1ra ez lesz a legjobb v\u00e1laszt\u00e1s. Air fryer v\u00e1s\u00e1rl\u00e1sakor els\u0151sorban a <strong>kos\u00e1r m\u00e9ret\u00e9t<\/strong>, a <strong>teljes\u00edtm\u00e9nyt<\/strong>, a <strong>h\u0151m\u00e9rs\u00e9klet-tartom\u00e1nyt<\/strong>, az <strong>id\u0151z\u00edt\u0151t<\/strong>, illetve azt \u00e9rdemes megn\u00e9zni, hogy mennyire egyszer\u0171 a k\u00e9sz\u00fcl\u00e9k tiszt\u00edt\u00e1sa.<\/p>\n<ul>\n<li>A kapacit\u00e1s k\u00fcl\u00f6n\u00f6sen fontos szempont. Egy 1,5-2 liter k\u00f6r\u00fcli air fryer ink\u00e1bb kisebb adagokra val\u00f3, m\u00edg egy t\u00f6bbtag\u00fa csal\u00e1dnak praktikusabb lehet egy 4-6 literes vagy enn\u00e9l nagyobb modell.&nbsp;<\/li>\n<li>A teljes\u00edtm\u00e9ny szint\u00e9n sokat sz\u00e1m\u00edt. A nagyobb, 1500\u20132000 watt k\u00f6r\u00fcli k\u00e9sz\u00fcl\u00e9kek \u00e1ltal\u00e1ban gyorsabban felf\u0171tenek, ugyanakkor egy kisebb kos\u00e1rhoz az 1000 wattos teljes\u00edtm\u00e9ny is elegend\u0151 lehet. \u00c9rdemes azt is ellen\u0151rizni, hogy a h\u0151m\u00e9rs\u00e9klet legal\u00e1bb nagyj\u00e1b\u00f3l 80 \u00e9s 200 Celsius-fok k\u00f6z\u00f6tt \u00e1ll\u00edthat\u00f3-e, valamint van-e id\u0151z\u00edt\u0151 \u00e9s automatikus kikapcsol\u00e1s.<\/li>\n<li>Praktikus szempont lehet m\u00e9g a tapad\u00e1smentes bevonat, a kivehet\u0151 kos\u00e1r, valamint az, hogy az alkatr\u00e9szek mennyire k\u00f6nnyen tiszt\u00edthat\u00f3k. Aki gyakran haszn\u00e1ln\u00e1 a k\u00e9sz\u00fcl\u00e9ket, annak ezek legal\u00e1bb olyan fontosak lehetnek, mint az extra programok vagy a digit\u00e1lis kijelz\u0151.<\/li>\n<\/ul>\n<h2>Mit tud a Lidl 6999 forintos air fryere?<\/h2>\n<p>A Silvercrest modell a kisebb, egyszer\u0171bb forr\u00f3leveg\u0151s s\u00fct\u0151k k\u00f6z\u00e9 tartozik. Nem egy t\u00f6bbf\u0151s csal\u00e1dnak sz\u00e1nt, hatalmas kosaras k\u00e9sz\u00fcl\u00e9kr\u0151l van sz\u00f3, hanem egy <strong>k\u00f6r\u00fclbel\u00fcl 1,9 literes<\/strong>, kompakt g\u00e9pr\u0151l.<\/p>\n<p>A Lidl term\u00e9kle\u00edr\u00e1sa szerint:<\/p>\n<ul>\n<li>1000 wattos teljes\u00edtm\u00e9ny\u0171;<\/li>\n<li>a h\u0151m\u00e9rs\u00e9klet 80 \u00e9s 200 Celsius-fok k\u00f6z\u00f6tt \u00e1ll\u00edthat\u00f3;<\/li>\n<li>30 perces id\u0151z\u00edt\u0151vel rendelkezik;<\/li>\n<li>automatikusan kikapcsol;<\/li>\n<li>grillez\u00e9shez \u00e9s s\u00fct\u00e9shez egyar\u00e1nt haszn\u00e1lhat\u00f3;<\/li>\n<li>k\u00f6r\u00fclbel\u00fcl 1,9 literes a kapacit\u00e1sa.<\/li>\n<\/ul>\n<p>A k\u00e9sz\u00fcl\u00e9khez a Lidl <strong>3 \u00e9v garanci\u00e1t<\/strong> is felt\u00fcntet, a s\u00fct\u0151ed\u00e9ny pedig ILAG tapad\u00e1smentes bevonatot kapott.<\/p>\n<h2>Kinek lehet j\u00f3 v\u00e1laszt\u00e1s a Lidl air fryere?<\/h2>\n<p>A Silvercrest modell legink\u00e1bb azoknak lehet \u00e9rdekes, akik <strong>most pr\u00f3b\u00e1ln\u00e1k ki el\u0151sz\u00f6r az air fryert<\/strong>, \u00e9s nem szeretn\u00e9nek r\u00f6gt\u00f6n t\u00f6bb t\u00edzezer forintot k\u00f6lteni egy nagyobb, komolyabb k\u00e9sz\u00fcl\u00e9kre.<\/p>\n<p>Az 1,9 literes kapacit\u00e1s miatt j\u00f3 v\u00e1laszt\u00e1s lehet egyed\u00fcl \u00e9l\u0151knek, p\u00e1roknak, kisebb adagokat k\u00e9sz\u00edt\u0151knek, illetve azoknak is, akik els\u0151sorban s\u00fclt krumplit, z\u00f6lds\u00e9geket, mirelit \u00e9teleket vagy kisebb h\u00fasadagokat s\u00fctn\u00e9nek benne.<\/p>\n<blockquote class=\"article__extraTxt\"><p>M\u00e1sodik konyhai k\u00e9sz\u00fcl\u00e9kk\u00e9nt is praktikus lehet, p\u00e9ld\u00e1ul akkor, ha nem szeretn\u00e9nk egy kisebb adag miatt bekapcsolni a hagyom\u00e1nyos s\u00fct\u0151t.<\/p><\/blockquote>\n<p>Aki viszont rendszeresen h\u00e1rom-n\u00e9gy emberre f\u0151zne, nagy adagokat k\u00e9sz\u00edtene, vagy egyszerre t\u00f6bbf\u00e9le \u00e9telt s\u00fctne, annak val\u00f3sz\u00edn\u0171leg \u00e9rdemes nagyobb kosaras, er\u0151sebb modellben gondolkodnia.<\/p>\n<p>A Lidl aj\u00e1nlat\u00e1nak legnagyobb el\u0151nye \u00edgy nem az, hogy minden ig\u00e9nyt kiel\u00e9g\u00edt, hanem az, hogy <strong>nagyon alacsony bel\u00e9p\u0151\u00e1ron adja az air fryer alapfunkci\u00f3it<\/strong>.&nbsp;<\/p>\n<h2>Tavaly m\u00e9g dr\u00e1g\u00e1bb volt ugyanez a g\u00e9p<\/h2>\n<p>A mostani \u00e1r az\u00e9rt is l\u00e1tv\u00e1nyos, mert ugyanezt a t\u00edpust kor\u00e1bban j\u00f3val magasabb \u00e1ron k\u00edn\u00e1lta a Lidl.<\/p>\n<p>A 2 liter k\u00f6r\u00fcli, 1000 wattos Silvercrest air fryer <strong>2025 augusztus\u00e1ban Lidl Plus-szal m\u00e9g 7499 forintba ker\u00fclt<\/strong>, mik\u00f6zben a norm\u00e1l \u00e1ra akkor is 9999 forint volt.&nbsp;<\/p>\n<p>Most \u00fajabb 500 forinttal vitt\u00e9k lejjebb az akci\u00f3s \u00e1rat, \u00edgy 6999 forint\u00e9rt ker\u00fclhet a kos\u00e1rba.<\/p>\n<p data-mrf-recirculation=\"[Article Startlap] Inline links\"><strong>\u00c9rdemes az&nbsp;<a href=\"https:\/\/akcios-ujsag.hu\/\" target=\"_blank\" target=\"_blank\" rel=\"noopener\" data-mrf-recirculation=\"[Article Startlap] Inline Links\" data-mrf-link=\"https:\/\/akcios-ujsag.hu\/\" data-mrf-recirculation-id=\"[Article Startlap] Inline Links_6\">Akci\u00f3s-\u00dajs\u00e1g.hu<\/a>&nbsp;oldal\u00e1n megtal\u00e1lhat\u00f3 m\u00e1s \u00e1ruh\u00e1zl\u00e1ncok akci\u00f3s term\u00e9keit is \u00e1tb\u00f6ng\u00e9szni, p\u00e9ld\u00e1ul:<\/strong><\/p>\n<ul>\n<li><a href=\"https:\/\/akcios-ujsag.hu\/akcios-ujsag\/elelmiszer-aruhaz\/aldi\/\" target=\"_blank\" target=\"_blank\" rel=\"noopener\"><strong>Aldi<\/strong><\/a><\/li>\n<li><a href=\"https:\/\/akcios-ujsag.hu\/akcios-ujsag\/elelmiszer-aruhaz\/auchan\/\" target=\"_blank\" target=\"_blank\" rel=\"noopener\"><strong>Auchan<\/strong><\/a><\/li>\n<li><a href=\"https:\/\/akcios-ujsag.hu\/akcios-ujsag\/elelmiszer-aruhaz\/spar-interspar\/\" target=\"_blank\" target=\"_blank\" rel=\"noopener\"><strong>Interspar<\/strong><\/a><\/li>\n<li><a href=\"https:\/\/akcios-ujsag.hu\/akcios-ujsag\/elelmiszer-aruhaz\/penny-market\/\" target=\"_blank\" target=\"_blank\" rel=\"noopener\"><strong>Penny&nbsp;<\/strong><\/a><\/li>\n<li><a href=\"https:\/\/akcios-ujsag.hu\/akcios-ujsag\/elelmiszer-aruhaz\/tesco\/\" target=\"_blank\" target=\"_blank\" rel=\"noopener\"><strong>Tesco<\/strong><\/a><\/li>\n<\/ul>\n<div class=\"o-widget m-readMoreWidget -readMore u-shortDecorLineAfter row widget-container _ce_measure_widget bigdata-widget read-more\" data-ce-measure-widget=\"olvass tov\u00e1bb\">\n\t<div class=\"m-readMoreWidget__imgWrapper image-wrapper col-12 col-md-4 no-p\">\n\t\t<a class=\"m-readMoreWidget__imgLink\" href=\"https:\/\/www.startlap.hu\/vasarlas\/alufolia-fagyaszto-leolvasztas-trukk-karbantartas\/\" >\n\t\t\t<img decoding=\"async\" src=\"https:\/\/www.startlap.hu\/vasarlas\/uploads\/2025\/05\/alufolia-golyo-350x285.jpg\" class=\"m-readMoreWidget__img\">\n\t\t<\/a>\n\t<\/div>\n\t<div class=\"m-readMoreWidget__titleWrapper title-wrapper col-12 col-md-8\">\n\t\t<span class=\"m-readMoreWidget__titleLabel u-shortDecorLineBefore label hidden-sm-up\">Ez is \u00e9rdekelhet:<\/span>\n\t\t<h3 class=\"m-readMoreWidget__title title\">\n\t\t\t<a class=\"m-readMoreWidget__titleLink -secondFont u-bold u-upperCase\" href=\"https:\/\/www.startlap.hu\/vasarlas\/alufolia-fagyaszto-leolvasztas-trukk-karbantartas\/\" >Aluf\u00f3liagoly\u00f3t tesznek a fagyaszt\u00f3ba: egyszer\u0171, de hat\u00e9kony titok, amit egyre t\u00f6bben bevetnek<\/a>\n\t\t<\/h3>\n\t\t<a class=\"m-readMoreWidget__btn -coloredBack u-tC link\" href=\"https:\/\/www.startlap.hu\/vasarlas\/alufolia-fagyaszto-leolvasztas-trukk-karbantartas\/\" >Elolvasom<\/a>\n\t<\/div>\n<\/div>\n","protected":false},"excerpt":{"rendered":"<p>Szombatt\u00f3l felt\u0171n\u0151en olcs\u00f3n lehet air fryerhez jutni a Lidlben. A diszkont saj\u00e1t m\u00e1rk\u00e1s k\u00e9sz\u00fcl\u00e9ke a jelenlegi magyar k\u00edn\u00e1lat legolcs\u00f3bb hasonl\u00f3 modelljeit is alulm\u00falja \u00e1rban, \u00edgy azoknak is \u00e9rdekes lehet, akik eddig t\u00fal soknak tartott\u00e1k egy ilyen g\u00e9p \u00e1r\u00e1t. A kedvezm\u00e9ny azonban nem automatikus, mutatjuk a r\u00e9szleteket.<\/p>\n","protected":false},"author":45,"featured_media":2286078,"comment_status":"closed","ping_status":"closed","sticky":false,"template":"","format":"standard","meta":{"footnotes":""},"categories":[8180],"tags":[15039,2368,280],"class_list":["post-2286072","post","type-post","status-publish","format-standard","has-post-thumbnail","hentry","category-trending","tag-air-fryer","tag-akcio","tag-lidl"],"aioseo_notices":[],"_links":{"self":[{"href":"https:\/\/www.startlap.hu\/vasarlas\/wp-json\/wp\/v2\/posts\/2286072","targetHints":{"allow":["GET"]}}],"collection":[{"href":"https:\/\/www.startlap.hu\/vasarlas\/wp-json\/wp\/v2\/posts"}],"about":[{"href":"https:\/\/www.startlap.hu\/vasarlas\/wp-json\/wp\/v2\/types\/post"}],"author":[{"embeddable":true,"href":"https:\/\/www.startlap.hu\/vasarlas\/wp-json\/wp\/v2\/users\/45"}],"replies":[{"embeddable":true,"href":"https:\/\/www.startlap.hu\/vasarlas\/wp-json\/wp\/v2\/comments?post=2286072"}],"version-history":[{"count":7,"href":"https:\/\/www.startlap.hu\/vasarlas\/wp-json\/wp\/v2\/posts\/2286072\/revisions"}],"predecessor-version":[{"id":2286082,"href":"https:\/\/www.startlap.hu\/vasarlas\/wp-json\/wp\/v2\/posts\/2286072\/revisions\/2286082"}],"wp:featuredmedia":[{"embeddable":true,"href":"https:\/\/www.startlap.hu\/vasarlas\/wp-json\/wp\/v2\/media\/2286078"}],"wp:attachment":[{"href":"https:\/\/www.startlap.hu\/vasarlas\/wp-json\/wp\/v2\/media?parent=2286072"}],"wp:term":[{"taxonomy":"category","embeddable":true,"href":"https:\/\/www.startlap.hu\/vasarlas\/wp-json\/wp\/v2\/categories?post=2286072"},{"taxonomy":"post_tag","embeddable":true,"href":"https:\/\/www.startlap.hu\/vasarlas\/wp-json\/wp\/v2\/tags?post=2286072"}],"curies":[{"name":"wp","href":"https:\/\/api.w.org\/{rel}","templated":true}]}}