{"id":2286056,"date":"2026-09-05T06:33:59","date_gmt":"2026-09-05T04:33:59","guid":{"rendered":"https:\/\/www.startlap.hu\/vasarlas\/?p=2286056"},"modified":"2026-09-03T07:33:50","modified_gmt":"2026-09-03T05:33:50","slug":"whatsapp-valtozas-oktober","status":"publish","type":"post","link":"https:\/\/www.startlap.hu\/vasarlas\/whatsapp-valtozas-oktober\/","title":{"rendered":"Nagy v\u00e1ltoz\u00e1s j\u00f6n a WhatsAppon okt\u00f3bert\u0151l &#8211; bizonyos \u00fczenetek\u00e9rt m\u00e1r fizetni kell majd"},"content":{"rendered":"<p>A WhatsApp a vil\u00e1g egyik legn\u00e9pszer\u0171bb kommunik\u00e1ci\u00f3s alkalmaz\u00e1sa, naponta emberek milli\u00f3i v\u00e1ltanak rajta \u00fczeneteket, k\u00fcldenek fot\u00f3kat vagy \u00e9ppen <a href=\"https:\/\/www.startlap.hu\/vasarlas\/telefon-sms-uzenet-pszichologia\/\" target=\"_blank\" rel=\"noopener\">telefon\u00e1lnak<\/a>. Okt\u00f3bert\u0151l azonban fontos v\u00e1ltoz\u00e1s l\u00e9p rajta \u00e9letbe: <strong>a Meta bizonyos \u00fczenetek ut\u00e1n d\u00edjat sz\u00e1m\u00edt majd fel.<\/strong><\/p>\n<div class=\"o-widget m-readMoreWidget -readMore u-shortDecorLineAfter row widget-container _ce_measure_widget bigdata-widget read-more\" data-ce-measure-widget=\"olvass tov\u00e1bb\">\n\t<div class=\"m-readMoreWidget__imgWrapper image-wrapper col-12 col-md-4 no-p\">\n\t\t<a class=\"m-readMoreWidget__imgLink\" href=\"https:\/\/www.startlap.hu\/vasarlas\/baberlevel-szodabikarbona-termeszetes-tisztitoszer\/\" >\n\t\t\t<img decoding=\"async\" src=\"https:\/\/www.startlap.hu\/vasarlas\/uploads\/2026\/08\/baberlevel-350x285.jpg\" class=\"m-readMoreWidget__img\">\n\t\t<\/a>\n\t<\/div>\n\t<div class=\"m-readMoreWidget__titleWrapper title-wrapper col-12 col-md-8\">\n\t\t<span class=\"m-readMoreWidget__titleLabel u-shortDecorLineBefore label hidden-sm-up\">Ez is \u00e9rdekelhet:<\/span>\n\t\t<h3 class=\"m-readMoreWidget__title title\">\n\t\t\t<a class=\"m-readMoreWidget__titleLink -secondFont u-bold u-upperCase\" href=\"https:\/\/www.startlap.hu\/vasarlas\/baberlevel-szodabikarbona-termeszetes-tisztitoszer\/\" >Bab\u00e9rlevelet forralnak sz\u00f3dabikarb\u00f3n\u00e1val: meglep\u0151dsz, mire j\u00f3 otthon<\/a>\n\t\t<\/h3>\n\t\t<a class=\"m-readMoreWidget__btn -coloredBack u-tC link\" href=\"https:\/\/www.startlap.hu\/vasarlas\/baberlevel-szodabikarbona-termeszetes-tisztitoszer\/\" >Elolvasom<\/a>\n\t<\/div>\n<\/div>\n<p>A j\u00f3 h\u00edr, hogy a mag\u00e1nfelhaszn\u00e1l\u00f3knak tov\u00e1bbra sem kell fizetni\u00fck az\u00e9rt, ha csal\u00e1dtagjaikkal, bar\u00e1taikkal vagy koll\u00e9g\u00e1ikkal besz\u00e9lgetnek. Az \u00faj szab\u00e1lyok ugyanis els\u0151sorban a c\u00e9gek \u00fcgyf\u00e9lkommunik\u00e1ci\u00f3j\u00e1t \u00e9rintik.<\/p>\n<h2>A c\u00e9ges WhatsApp-\u00fczenetek egy r\u00e9sze fizet\u0151ss\u00e9 v\u00e1lik<\/h2>\n<p>A v\u00e1ltoz\u00e1s a <strong>WhatsApp Business Platformot<\/strong> haszn\u00e1l\u00f3 v\u00e1llalkoz\u00e1sokat \u00e9rinti. Ezt a rendszert jellemz\u0151en olyan c\u00e9gek haszn\u00e1lj\u00e1k, amelyek nagy mennyis\u00e9gben kommunik\u00e1lnak \u00fcgyfeleikkel az alkalmaz\u00e1son kereszt\u00fcl.<\/p>\n<blockquote class=\"article__extraTxt\"><p>Ilyenek lehetnek p\u00e9ld\u00e1ul a web\u00e1ruh\u00e1zak, bankok, telekommunik\u00e1ci\u00f3s c\u00e9gek, logisztikai v\u00e1llalatok vagy nagyobb kereskedelmi l\u00e1ncok.<\/p><\/blockquote>\n<p>Okt\u00f3ber 1-j\u00e9t\u0151l a Meta t\u00f6bb olyan \u00fczenett\u00edpus\u00e9rt is p\u00e9nzt k\u00e9r majd, amely\u00e9rt eddig nem kellett k\u00fcl\u00f6n fizetni.<\/p>\n<p>A v\u00e1ltoz\u00e1s l\u00e9nyege:<\/p>\n<ul>\n<li>a c\u00e9gek egyes \u00fcgyf\u00e9lszolg\u00e1lati \u00fczenetei fizet\u0151ss\u00e9 v\u00e1lnak,<\/li>\n<li>d\u00edjat sz\u00e1m\u00edthatnak fel t\u00f6bbek k\u00f6z\u00f6tt a rendel\u00e9s visszaigazol\u00e1s\u00e1r\u00f3l vagy a kisz\u00e1ll\u00edt\u00e1sr\u00f3l sz\u00f3l\u00f3 \u00fczenetek\u00e9rt,<\/li>\n<li>a WhatsAppot haszn\u00e1l\u00f3 mag\u00e1nszem\u00e9lyeknek tov\u00e1bbra sem kell fizetni\u00fck az \u00fczenetk\u00fcld\u00e9s\u00e9rt<\/li>\n<\/ul>\n<h2>A 24 \u00f3r\u00e1s \u00fcgyf\u00e9lszolg\u00e1lati id\u0151szak is megv\u00e1ltozik<\/h2>\n<p>A WhatsApp \u00fczleti rendszer\u00e9ben eddig fontos szerepet j\u00e1tszott az \u00fagynevezett <strong>24 \u00f3r\u00e1s \u00fcgyf\u00e9lszolg\u00e1lati id\u0151ablak.<\/strong> Ha egy v\u00e1s\u00e1rl\u00f3 \u00fczenetet k\u00fcld\u00f6tt egy v\u00e1llalkoz\u00e1snak, a c\u00e9g a k\u00f6vetkez\u0151 24 \u00f3r\u00e1ban v\u00e1laszolhatott neki, \u00e9s ezek\u00e9rt a v\u00e1laszok\u00e9rt nem kellett ugyan\u00fagy fizetnie, mint p\u00e9ld\u00e1ul egy \u00faj \u00fczenet\u00e9rt.<\/p>\n<blockquote class=\"article__extraTxt\"><p>Okt\u00f3bert\u0151l ez a rendszer r\u00e9szben megv\u00e1ltozik.<\/p><\/blockquote>\n<p>A Meta az \u00fcgyf\u00e9lszolg\u00e1lati \u00fczenetek ut\u00e1n<strong> k\u00fcl\u00f6n d\u00edjat sz\u00e1mol majd fel, \u00e9s fizet\u0151ss\u00e9 v\u00e1lhatnak azok az el\u0151re elk\u00e9sz\u00edtett \u00fczenetsablonok is, amelyekkel p\u00e9ld\u00e1ul egy rendel\u00e9st igazolnak vissza, vagy a csomag k\u00e9zbes\u00edt\u00e9s\u00e9r\u0151l t\u00e1j\u00e9koztatj\u00e1k a v\u00e1s\u00e1rl\u00f3t.<\/strong> Azoknak a v\u00e1llalkoz\u00e1soknak, amelyek naponta t\u00f6bb sz\u00e1z vagy ak\u00e1r t\u00f6bb ezer \u00fcgyf\u00e9llel kommunik\u00e1lnak WhatsAppon, ez \u00e9rezhet\u0151 k\u00f6lts\u00e9gn\u00f6veked\u00e9st jelent.<\/p>\n<h2>Mi marad ingyenes, \u00e9s mi\u00e9rt kell majd fizetni?<\/h2>\n<p>Szeptember 30-ig a v\u00e1s\u00e1rl\u00f3 \u00e1ltal a c\u00e9gnek k\u00fcld\u00f6tt \u00fczenet ingyenes, \u00e9s ez okt\u00f3bert\u0151l sem v\u00e1ltozik. A c\u00e9gek 24 \u00f3r\u00e1n bel\u00fcl k\u00fcld\u00f6tt v\u00e1laszai jelenleg szint\u00e9n d\u00edjmentesek, okt\u00f3ber 1-j\u00e9t\u0151l azonban<strong> ezek\u00e9rt m\u00e1r fizetni\u00fck kell.<\/strong> Ugyanez igaz a 24 \u00f3r\u00e1s id\u0151szakon bel\u00fcl k\u00fcld\u00f6tt t\u00e1j\u00e9koztat\u00f3 \u00fczenetekre is.<\/p>\n<blockquote class=\"article__extraTxt\"><p>A marketing- \u00e9s hiteles\u00edt\u00e9si c\u00e9l\u00fa \u00fczenetek eddig is fizet\u0151sek voltak, \u00e9s azok is maradnak.<\/p><\/blockquote>\n<p>Nem v\u00e1ltozik viszont a<strong> Click-to-WhatsApp<\/strong> hirdet\u00e9sekb\u0151l indul\u00f3 kommunik\u00e1ci\u00f3 szab\u00e1lya: ezekn\u00e9l tov\u00e1bbra is 72 \u00f3r\u00e1n kereszt\u00fcl d\u00edjmentes maradhat az \u00fczenetv\u00e1lt\u00e1s.<\/p>\n<figure id=\"attachment_2286057\" aria-describedby=\"caption-attachment-2286057\" style=\"width: 755px\" class=\"wp-caption alignnone\"><img loading=\"lazy\" decoding=\"async\" class=\"size-article-size-large-image wp-image-2286057\" src=\"https:\/\/www.startlap.hu\/vasarlas\/uploads\/2026\/09\/whatsapp-uzenetkuldes-755x503.jpg\" alt=\"whatsappon \u00fczen\u0151 n\u0151\" width=\"755\" height=\"503\" srcset=\"https:\/\/www.startlap.hu\/vasarlas\/uploads\/2026\/09\/whatsapp-uzenetkuldes-755x503.jpg 755w, https:\/\/www.startlap.hu\/vasarlas\/uploads\/2026\/09\/whatsapp-uzenetkuldes-1536x1024.jpg 1536w, https:\/\/www.startlap.hu\/vasarlas\/uploads\/2026\/09\/whatsapp-uzenetkuldes-2048x1365.jpg 2048w, https:\/\/www.startlap.hu\/vasarlas\/uploads\/2026\/09\/whatsapp-uzenetkuldes-525x350.jpg 525w\" sizes=\"auto, (max-width: 755px) 100vw, 755px\" \/><figcaption id=\"caption-attachment-2286057\" class=\"wp-caption-text\">A WhatsApp a j\u00f6v\u0151ben bizonyos extra funkci\u00f3k\u00e9rt el\u0151fizet\u00e9si d\u00edjat k\u00e9rhet, de a v\u00e1ltoz\u00e1s v\u00e1rhat\u00f3an els\u0151sorban az \u00fczleti felhaszn\u00e1l\u00f3kat \u00e9rinti. Fot\u00f3: Getty Images<\/figcaption><\/figure>\n<h2>A mag\u00e1nbesz\u00e9lget\u00e9sek\u00e9rt tov\u00e1bbra sem kell fizetni<\/h2>\n<p>A Meta nem teszi fizet\u0151ss\u00e9 a h\u00e9tk\u00f6znapi WhatsApp-\u00fczeneteket. Ha valaki a csal\u00e1dj\u00e1nak, bar\u00e1tainak vagy munkat\u00e1rsainak \u00edr az alkalmaz\u00e1son kereszt\u00fcl, okt\u00f3ber ut\u00e1n sem kell \u00fczenetenk\u00e9nt fizetnie. <strong>Az \u00faj d\u00edjszab\u00e1s kiz\u00e1r\u00f3lag a WhatsApp Business Platformot haszn\u00e1l\u00f3 v\u00e1llalatokra vonatkozik.<\/strong><\/p>\n<blockquote class=\"article__extraTxt\"><p>S\u0151t, a kisebb v\u00e1llalkoz\u00f3kat sem felt\u00e9tlen\u00fcl \u00e9rinti: akik a hagyom\u00e1nyos, ingyenesen haszn\u00e1lhat\u00f3 WhatsApp Business alkalmaz\u00e1ssal kommunik\u00e1lnak az \u00fcgyfeleikkel, tov\u00e1bbra sem esnek az \u00faj d\u00edjszab\u00e1s hat\u00e1lya al\u00e1.<\/p><\/blockquote>\n<p>K\u00f6zvetetten azonban a h\u00e9tk\u00f6znapi \u00fcgyfelek is meg\u00e9rezhetik az \u00faj rendszert. Ha ugyanis a v\u00e1llalatok WhatsAppon folytatott \u00fcgyf\u00e9lszolg\u00e1lata jelent\u0151sen megdr\u00e1gul, elk\u00e9pzelhet\u0151, hogy kevesebb automatikus \u00e9rtes\u00edt\u00e9st k\u00fcldenek majd, korl\u00e1tozz\u00e1k a kommunik\u00e1ci\u00f3t, vagy m\u00e1s csatorn\u00e1k fel\u00e9 terelik az \u00fcgyfeleket. V\u00e9gs\u0151 soron pedig az sem z\u00e1rhat\u00f3 ki, hogy egyes c\u00e9gek a megn\u00f6vekedett k\u00f6lts\u00e9geket szolg\u00e1ltat\u00e1saik \u00e1r\u00e1ba \u00e9p\u00edtik majd be.<\/p>\n<h2>Nem ez az egyetlen v\u00e1ltoz\u00e1s a WhatsAppn\u00e1l<\/h2>\n<p>A fizet\u0151s \u00fczleti \u00fczenetek mellett m\u00e1s \u00fajdons\u00e1gokon is dolgozik a WhatsApp. Az egyik ilyen fejleszt\u00e9snek k\u00f6sz\u00f6nhet\u0151en <a href=\"https:\/\/www.startlap.hu\/vasarlas\/whatsapp-valtozas-online-zold\/\" target=\"_blank\" rel=\"noopener\">z\u00f6ld pont jelzi majd<\/a>, ha valaki \u00e9ppen akt\u00edv az alkalmaz\u00e1sban. <strong>A funkci\u00f3 egyel\u0151re csak az androidos b\u00e9ta verzi\u00f3ban \u00e9rhet\u0151 el n\u00e9h\u00e1ny tesztpiacon, \u00e9s a megl\u00e9v\u0151 adatv\u00e9delmi be\u00e1ll\u00edt\u00e1sokat sem \u00edrja fel\u00fcl.<\/strong> Vagyis aki elrejtette az online \u00e1llapot\u00e1t, ann\u00e1l tov\u00e1bbra sem jelenik majd meg az aktivit\u00e1st jelz\u0151 pont. A WhatsApp emellett zajsz\u0171r\u0151 funkci\u00f3t is tesztel a h\u00edv\u00e1sokhoz, amely a h\u00e1tt\u00e9rzajokat cs\u00f6kkenten\u00e9, hogy tiszt\u00e1bban lehessen hallani a besz\u00e9lget\u0151partner hangj\u00e1t.<\/p>\n<p><a href=\"https:\/\/www.idnes.cz\/spotrebitel\/test\/whatsapp-ceka-velka-zmena-od-rijna-si-za-zpravy-zacne-uctovat-poplatky.A260831_082103_test_matt\" target=\"_blank\" target=\"_blank\" rel=\"noopener\">via<\/a><\/p>\n<div class=\"o-widget m-readMoreWidget -readMore u-shortDecorLineAfter row widget-container _ce_measure_widget bigdata-widget read-more\" data-ce-measure-widget=\"olvass tov\u00e1bb\">\n\t<div class=\"m-readMoreWidget__imgWrapper image-wrapper col-12 col-md-4 no-p\">\n\t\t<a class=\"m-readMoreWidget__imgLink\" href=\"https:\/\/www.startlap.hu\/vasarlas\/yettel-uj-tarifak\/\" >\n\t\t\t<img decoding=\"async\" src=\"https:\/\/www.startlap.hu\/vasarlas\/uploads\/2026\/09\/telefon_nez_-350x285.jpg\" class=\"m-readMoreWidget__img\">\n\t\t<\/a>\n\t<\/div>\n\t<div class=\"m-readMoreWidget__titleWrapper title-wrapper col-12 col-md-8\">\n\t\t<span class=\"m-readMoreWidget__titleLabel u-shortDecorLineBefore label hidden-sm-up\">Ez is \u00e9rdekelhet:<\/span>\n\t\t<h3 class=\"m-readMoreWidget__title title\">\n\t\t\t<a class=\"m-readMoreWidget__titleLink -secondFont u-bold u-upperCase\" href=\"https:\/\/www.startlap.hu\/vasarlas\/yettel-uj-tarifak\/\" >Itt vannak a Yettel \u00faj tarif\u00e1i, rengeteg embert \u00e9rintenek<\/a>\n\t\t<\/h3>\n\t\t<a class=\"m-readMoreWidget__btn -coloredBack u-tC link\" href=\"https:\/\/www.startlap.hu\/vasarlas\/yettel-uj-tarifak\/\" >Elolvasom<\/a>\n\t<\/div>\n<\/div>\n","protected":false},"excerpt":{"rendered":"<p>Hamarosan komoly v\u00e1ltoz\u00e1s j\u00f6n a WhatsAppon, amely sokak sz\u00e1m\u00e1ra \u00e1t\u00edrhatja az eddig megszokott haszn\u00e1latot &#8211; okt\u00f3bert\u0151l \u00faj szab\u00e1lyok l\u00e9pnek \u00e9letbe.<\/p>\n","protected":false},"author":64,"featured_media":2286057,"comment_status":"closed","ping_status":"closed","sticky":false,"template":"","format":"standard","meta":{"footnotes":""},"categories":[8180],"tags":[2522,12903,7219],"class_list":["post-2286056","post","type-post","status-publish","format-standard","has-post-thumbnail","hentry","category-trending","tag-uzenet","tag-valtozas","tag-whatsapp"],"aioseo_notices":[],"_links":{"self":[{"href":"https:\/\/www.startlap.hu\/vasarlas\/wp-json\/wp\/v2\/posts\/2286056","targetHints":{"allow":["GET"]}}],"collection":[{"href":"https:\/\/www.startlap.hu\/vasarlas\/wp-json\/wp\/v2\/posts"}],"about":[{"href":"https:\/\/www.startlap.hu\/vasarlas\/wp-json\/wp\/v2\/types\/post"}],"author":[{"embeddable":true,"href":"https:\/\/www.startlap.hu\/vasarlas\/wp-json\/wp\/v2\/users\/64"}],"replies":[{"embeddable":true,"href":"https:\/\/www.startlap.hu\/vasarlas\/wp-json\/wp\/v2\/comments?post=2286056"}],"version-history":[{"count":3,"href":"https:\/\/www.startlap.hu\/vasarlas\/wp-json\/wp\/v2\/posts\/2286056\/revisions"}],"predecessor-version":[{"id":2286060,"href":"https:\/\/www.startlap.hu\/vasarlas\/wp-json\/wp\/v2\/posts\/2286056\/revisions\/2286060"}],"wp:featuredmedia":[{"embeddable":true,"href":"https:\/\/www.startlap.hu\/vasarlas\/wp-json\/wp\/v2\/media\/2286057"}],"wp:attachment":[{"href":"https:\/\/www.startlap.hu\/vasarlas\/wp-json\/wp\/v2\/media?parent=2286056"}],"wp:term":[{"taxonomy":"category","embeddable":true,"href":"https:\/\/www.startlap.hu\/vasarlas\/wp-json\/wp\/v2\/categories?post=2286056"},{"taxonomy":"post_tag","embeddable":true,"href":"https:\/\/www.startlap.hu\/vasarlas\/wp-json\/wp\/v2\/tags?post=2286056"}],"curies":[{"name":"wp","href":"https:\/\/api.w.org\/{rel}","templated":true}]}}