{"id":2286042,"date":"2026-09-04T05:33:37","date_gmt":"2026-09-04T03:33:37","guid":{"rendered":"https:\/\/www.startlap.hu\/vasarlas\/?p=2286042"},"modified":"2026-09-02T12:32:53","modified_gmt":"2026-09-02T10:32:53","slug":"belyeg-regiseg-orokseg-ertek","status":"publish","type":"post","link":"https:\/\/www.startlap.hu\/vasarlas\/belyeg-regiseg-orokseg-ertek\/","title":{"rendered":"Egy n\u0151 biztos volt benne, hogy az \u00f6r\u00f6k\u00f6lt, 1854-b\u0151l sz\u00e1rmaz\u00f3 b\u00e9lyeg val\u00f3di, ez\u00e9rt visszautas\u00edtott egy k\u00f6zel k\u00e9tmilli\u00f3 forintos aj\u00e1nlatot &#8211; egy szak\u00e9rt\u0151 meg\u00e1llap\u00edtotta, hogy csak egy k\u00e9s\u0151bbi ut\u00e1nnyom\u00e1s volt"},"content":{"rendered":"<p>K\u00f6nny\u0171 belel\u00e1tni egy r\u00e9gi csal\u00e1di t\u00e1rgyba, hogy tal\u00e1n t\u00f6bbet \u00e9r, mint els\u0151re gondoln\u00e1nk. <strong>Pontosan ez t\u00f6rt\u00e9nt egy d\u00e1n n\u0151vel is, aki egy \u00f6r\u00f6k\u00f6lt <a href=\"https:\/\/www.startlap.hu\/vasarlas\/iii-karoly-kiraly-koronazas-ii-erzsebet-anglia-fotok\/\" target=\"_blank\" rel=\"noopener\">b\u00e9lyegr\u0151l<\/a> hossz\u00fa ideig azt hitte, hogy val\u00f3di, 1854-b\u0151l sz\u00e1rmaz\u00f3 ritkas\u00e1g.<\/strong> A darab olyannyira \u00edg\u00e9retesnek t\u0171nt, hogy egy keresked\u0151 <strong>40 ezer d\u00e1n koron\u00e1t k\u00edn\u00e1lt \u00e9rte.<\/strong> Ez nagyj\u00e1b\u00f3l 2 milli\u00f3 forintnak felel meg. A n\u0151 azonban nemet mondott, mert \u00fagy gondolta, a b\u00e9lyeg enn\u00e9l is k\u00fcl\u00f6nlegesebb lehet.<\/p>\n<div class=\"o-widget m-readMoreWidget -readMore u-shortDecorLineAfter row widget-container _ce_measure_widget bigdata-widget read-more\" data-ce-measure-widget=\"olvass tov\u00e1bb\">\n\t<div class=\"m-readMoreWidget__imgWrapper image-wrapper col-12 col-md-4 no-p\">\n\t\t<a class=\"m-readMoreWidget__imgLink\" href=\"https:\/\/www.startlap.hu\/vasarlas\/csomagdij-europa-temu-shein-kina\/\" >\n\t\t\t<img decoding=\"async\" src=\"https:\/\/www.startlap.hu\/vasarlas\/uploads\/2026\/08\/csomag-posta-temu-350x285.jpg\" class=\"m-readMoreWidget__img\">\n\t\t<\/a>\n\t<\/div>\n\t<div class=\"m-readMoreWidget__titleWrapper title-wrapper col-12 col-md-8\">\n\t\t<span class=\"m-readMoreWidget__titleLabel u-shortDecorLineBefore label hidden-sm-up\">Ez is \u00e9rdekelhet:<\/span>\n\t\t<h3 class=\"m-readMoreWidget__title title\">\n\t\t\t<a class=\"m-readMoreWidget__titleLink -secondFont u-bold u-upperCase\" href=\"https:\/\/www.startlap.hu\/vasarlas\/csomagdij-europa-temu-shein-kina\/\" >Visszafel\u00e9 s\u00fclt el a Kin\u00e1b\u00f3l \u00e9rkez\u0151 csomagokra kivetett 3 eur\u00f3s v\u00e1m: cs\u00f6kkent a rendel\u00e9sek sz\u00e1ma, m\u00e9gis n\u0151tt az \u00e9rt\u00e9k\u00fck<\/a>\n\t\t<\/h3>\n\t\t<a class=\"m-readMoreWidget__btn -coloredBack u-tC link\" href=\"https:\/\/www.startlap.hu\/vasarlas\/csomagdij-europa-temu-shein-kina\/\" >Elolvasom<\/a>\n\t<\/div>\n<\/div>\n<p>K\u00e9s\u0151bb szak\u00e9rt\u0151h\u00f6z ker\u00fclt a darab, ekkor j\u00f6tt csak a fekete leves.<\/p>\n<h2>\u00c9vekig gondosan \u0151rizte az \u00f6r\u00f6k\u00f6lt b\u00e9lyeget<\/h2>\n<p>A R\u00f8ddingben \u00e9l\u0151 n\u0151 egy kisebb b\u00e9lyeggy\u0171jtem\u00e9nyt kapott \u00f6r\u00f6ks\u00e9g\u00fcl. A kollekci\u00f3b\u00f3l egy darab k\u00fcl\u00f6n\u00f6sen felkeltette az \u00e9rdekl\u0151d\u00e9s\u00e9t: <strong>az 1854-es \u00e9vsz\u00e1m, a pap\u00edr \u00e9s a nyomat alapj\u00e1n \u00fagy t\u0171nt, ak\u00e1r komoly gy\u0171jt\u0151i \u00e9rt\u00e9ke is lehet.<\/strong><\/p>\n<blockquote class=\"article__extraTxt\"><p>Savmentes mapp\u00e1ban, selyempap\u00edr k\u00f6z\u00f6tt tartotta, k\u00f6zben pedig igyekezett min\u00e9l t\u00f6bbet megtudni r\u00f3la.<\/p><\/blockquote>\n<p>R\u00e9gi p\u00e9ld\u00e1nyokr\u00f3l k\u00e9sz\u00fclt fot\u00f3kat n\u00e9zett, cikkeket olvasott, \u00e9s t\u00f6bbsz\u00f6r \u00f6sszevetette a saj\u00e1t b\u00e9lyeg\u00e9t az interneten tal\u00e1lt darabokkal. Egyre ink\u00e1bb \u00fagy \u00e9rezte, val\u00f3di ritkas\u00e1got \u00f6r\u00f6k\u00f6lt.<\/p>\n<h2>K\u00f6zel 2 milli\u00f3 forintot is adtak volna \u00e9rte<\/h2>\n<p>A b\u00e9lyeg h\u00edre v\u00e9g\u00fcl egy keresked\u0151h\u00f6z is eljutott, aki 40 ezer d\u00e1n koron\u00e1t aj\u00e1nlott \u00e9rte. A tulajdonos m\u00e9gsem adta el. \u201e\u00dagy \u00e9reztem, az \u00e9n felel\u0151ss\u00e9gem vigy\u00e1zni r\u00e1 addig, am\u00edg egy hozz\u00e1\u00e9rt\u0151 szakember meg nem tudja \u00e1llap\u00edtani, pontosan mi ez\u201d &#8211; mondta k\u00e9s\u0151bb. <strong>A d\u00f6nt\u00e9se a csal\u00e1dot is megosztotta.<\/strong> Voltak, akik \u00e9rtett\u00e9k, mi\u00e9rt v\u00e1r m\u00e9g az elad\u00e1ssal, m\u00e1sok att\u00f3l tartottak, hogy egy kiv\u00e9telesen j\u00f3 aj\u00e1nlatot engedett el.<\/p>\n<h2>A szak\u00e9rt\u0151 gyorsan kisz\u00farta, mi nem stimmel<\/h2>\n<p>N\u00e9h\u00e1ny h\u00e9ttel k\u00e9s\u0151bb egy tapasztalt filatelista vizsg\u00e1lta meg a b\u00e9lyeget. Ilyenkor nemcsak azt n\u00e9zik meg, hogyan fest a darab szabad szemmel. <strong>A pap\u00edr szerkezete, a fest\u00e9k \u00e1rnyalata, a nyomtat\u00e1si technika \u00e9s a legapr\u00f3bb elt\u00e9r\u00e9sek is sokat el\u00e1rulhatnak arr\u00f3l, mikor \u00e9s hogyan k\u00e9sz\u00fclt egy b\u00e9lyeg.<\/strong> A vizsg\u00e1lat v\u00e9g\u00e9n kider\u00fclt: a darab nem az eredeti, 1854-es kiad\u00e1sb\u00f3l sz\u00e1rmazik.<\/p>\n<blockquote class=\"article__extraTxt\"><p>Egy k\u00e9s\u0151bb k\u00e9sz\u00fclt ut\u00e1nnyom\u00e1s volt.<\/p><\/blockquote>\n<p>Az ut\u00e1nnyom\u00e1sokat az eredetihez hasonl\u00f3an k\u00e9sz\u00edtik, de k\u00e9s\u0151bb ker\u00fclnek ki a nyomd\u00e1b\u00f3l, ez\u00e9rt gy\u0171jt\u0151i szempontb\u00f3l j\u00f3val kevesebbet \u00e9rhetnek, mint a korabeli p\u00e9ld\u00e1nyok.<\/p>\n<blockquote class=\"article__extraTxt\"><p>A szak\u00e9rt\u0151 szerint a pap\u00edr rostjai, a nyomat enyhe csillog\u00e1sa \u00e9s t\u00f6bb apr\u00f3 r\u00e9szlet is el\u00e1rulta, hogy nem eredeti darabbal van dolguk.<\/p><\/blockquote>\n<p>A szakv\u00e9lem\u00e9ny f\u00e9ny\u00e9ben k\u00fcl\u00f6n\u00f6sen f\u00e1j\u00f3 lehetett a kor\u00e1bban visszautas\u00edtott 40 ezer koron\u00e1s aj\u00e1nlat. A n\u0151 azonban azt mondta, nem csak a <a href=\"https:\/\/www.startlap.hu\/vasarlas\/keszpenz-kartya-fizetes-vasarlas\/\" target=\"_blank\" rel=\"noopener\">p\u00e9nz<\/a> miatt csal\u00f3dott. \u00c9vek alatt bele\u00e9lte mag\u00e1t, hogy a csal\u00e1di \u00f6r\u00f6ks\u00e9gben egy val\u00f3di ritkas\u00e1g rejt\u0151zik. \u201eFurcsa, hogy az ember mennyire tud rem\u00e9nykedni\u201d &#8211; fogalmazott. Ennek ellen\u00e9re ink\u00e1bb \u00f6r\u00fclt annak, hogy v\u00e9g\u00fcl kider\u00fclt az igazs\u00e1g. \u201eJobb tudni az igazs\u00e1got, mint tov\u00e1bb hinni valamiben, ami nem val\u00f3di\u201d &#8211; mondta.<\/p>\n<figure id=\"attachment_2286043\" aria-describedby=\"caption-attachment-2286043\" style=\"width: 755px\" class=\"wp-caption alignnone\"><img loading=\"lazy\" decoding=\"async\" class=\"size-article-size-large-image wp-image-2286043\" src=\"https:\/\/www.startlap.hu\/vasarlas\/uploads\/2026\/09\/belyeg-regiseg-755x503.jpg\" alt=\"b\u00e9lyeget vizsg\u00e1l\u00f3 r\u00f6vid haj\u00fa n\u0151\" width=\"755\" height=\"503\" srcset=\"https:\/\/www.startlap.hu\/vasarlas\/uploads\/2026\/09\/belyeg-regiseg-755x503.jpg 755w, https:\/\/www.startlap.hu\/vasarlas\/uploads\/2026\/09\/belyeg-regiseg-1536x1024.jpg 1536w, https:\/\/www.startlap.hu\/vasarlas\/uploads\/2026\/09\/belyeg-regiseg-2048x1365.jpg 2048w, https:\/\/www.startlap.hu\/vasarlas\/uploads\/2026\/09\/belyeg-regiseg-525x350.jpg 525w\" sizes=\"auto, (max-width: 755px) 100vw, 755px\" \/><figcaption id=\"caption-attachment-2286043\" class=\"wp-caption-text\">A r\u00e9gi b\u00e9lyegek val\u00f3di \u00e9rt\u00e9k\u00e9t sokszor csak alapos szak\u00e9rt\u0151i vizsg\u00e1lattal lehet meg\u00e1llap\u00edtani. Fot\u00f3: Getty Images<\/figcaption><\/figure>\n<h2>Egy laikus k\u00f6nnyen \u00f6sszekeverheti az eredetivel<\/h2>\n<p>Az ut\u00e1nnyom\u00e1sokat egy\u00e1ltal\u00e1n nem olyan egyszer\u0171 kisz\u00farni. Sok esetben kifejezetten j\u00f3 min\u0151s\u00e9g\u0171 darabokr\u00f3l van sz\u00f3, ez\u00e9rt els\u0151 r\u00e1n\u00e9z\u00e9sre m\u00e9g tapasztalt gy\u0171jt\u0151knek sem mindig egy\u00e9rtelm\u0171 a k\u00fcl\u00f6nbs\u00e9g. A szak\u00e9rt\u0151k t\u00f6bb apr\u00f3s\u00e1got is figyelnek: ilyen lehet a pap\u00edr t\u00edpusa, a fest\u00e9k t\u00f3nusa, a nyomat \u00e9less\u00e9ge, a vonalak finoms\u00e1ga vagy ak\u00e1r az is, hogyan csillan meg a f\u00e9ny a b\u00e9lyeg fel\u00fclet\u00e9n.<\/p>\n<blockquote class=\"article__extraTxt\"><p>N\u00e9ha \u00e9ppen a t\u00fal szab\u00e1lyos, t\u00fal tiszta nyomtat\u00e1s kelthet gyan\u00fat.<\/p><\/blockquote>\n<p>Az ut\u00e1nnyom\u00e1sok egy r\u00e9sze hivatalosan k\u00e9sz\u00fclt, p\u00e9ld\u00e1ul, mert nagy volt a kereslet egy-egy r\u00e9gebbi kiad\u00e1s ir\u00e1nt. Ett\u0151l azonban m\u00e9g nem ker\u00fclnek egy kateg\u00f3ri\u00e1ba az eredeti p\u00e9ld\u00e1nyokkal, \u00e9s az \u00e1ruk is sokkal kevesebb.<\/p>\n<h2>R\u00e9gi b\u00e9lyegekn\u00e9l nem \u00e1rt a szak\u00e9rt\u0151i v\u00e9lem\u00e9ny<\/h2>\n<p>Ha valaki \u00e9rt\u00e9kesnek t\u0171n\u0151 b\u00e9lyeget tal\u00e1l otthon, nem \u00e9rdemes csak fot\u00f3k \u00e9s internetes \u00f6sszehasonl\u00edt\u00e1sok alapj\u00e1n d\u00f6nteni az \u00e9rt\u00e9k\u00e9r\u0151l. A szak\u00e9rt\u0151 szerint komolyabb darabn\u00e1l c\u00e9lszer\u0171 f\u00fcggetlen, lehet\u0151leg \u00edr\u00e1sos v\u00e9lem\u00e9nyt k\u00e9rni, \u00e9s az eredetet igazol\u00f3 dokumentumokat is meg\u0151rizni.<\/p>\n<p>A d\u00e1n n\u0151 v\u00e9g\u00fcl megtartotta a b\u00e9lyeget. A darabr\u00f3l ugyan kider\u00fclt, hogy nem az a ritkas\u00e1g, aminek \u00e9veken \u00e1t hitte, \u00edgy is egy sz\u00e9p csal\u00e1di eml\u00e9k.<\/p>\n<p><a href=\"https:\/\/montbutikken.dk\/nyheder\/en-kvinde-fra-roedding-var-sikker-paa-at-et-arvet-frimaerke-fra-1854-var-aegte-og-afslog-et-bud-paa-40-000-kroner-en-ekspert-fastslog-at-det-var-et-sent-eftertryk\/\" target=\"_blank\" target=\"_blank\" rel=\"noopener\">via<\/a><\/p>\n<div class=\"o-widget m-readMoreWidget -readMore u-shortDecorLineAfter row widget-container _ce_measure_widget bigdata-widget read-more\" data-ce-measure-widget=\"olvass tov\u00e1bb\">\n\t<div class=\"m-readMoreWidget__imgWrapper image-wrapper col-12 col-md-4 no-p\">\n\t\t<a class=\"m-readMoreWidget__imgLink\" href=\"https:\/\/www.startlap.hu\/vasarlas\/legfiatalabb-milliardosok\/\" >\n\t\t\t<img decoding=\"async\" src=\"https:\/\/www.startlap.hu\/vasarlas\/uploads\/2026\/08\/Screenshot-2026-08-31-at-00917-350x285.png\" class=\"m-readMoreWidget__img\">\n\t\t<\/a>\n\t<\/div>\n\t<div class=\"m-readMoreWidget__titleWrapper title-wrapper col-12 col-md-8\">\n\t\t<span class=\"m-readMoreWidget__titleLabel u-shortDecorLineBefore label hidden-sm-up\">Ez is \u00e9rdekelhet:<\/span>\n\t\t<h3 class=\"m-readMoreWidget__title title\">\n\t\t\t<a class=\"m-readMoreWidget__titleLink -secondFont u-bold u-upperCase\" href=\"https:\/\/www.startlap.hu\/vasarlas\/legfiatalabb-milliardosok\/\" >A vil\u00e1g legfiatalabb milli\u00e1rdosa ez a 21 \u00e9ves brazil l\u00e1ny<\/a>\n\t\t<\/h3>\n\t\t<a class=\"m-readMoreWidget__btn -coloredBack u-tC link\" href=\"https:\/\/www.startlap.hu\/vasarlas\/legfiatalabb-milliardosok\/\" >Elolvasom<\/a>\n\t<\/div>\n<\/div>\n","protected":false},"excerpt":{"rendered":"<p>K\u00f6zel k\u00e9tmilli\u00f3 forintot kaphatott volna egy \u00f6r\u00f6k\u00f6lt b\u00e9lyeg\u00e9rt, de a n\u0151 visszautas\u00edtotta az aj\u00e1nlatot. Amikor v\u00e9g\u00fcl szak\u00e9rt\u0151h\u00f6z vitte, elk\u00e9peszt\u0151 dologra der\u00fclt f\u00e9ny.<\/p>\n","protected":false},"author":64,"featured_media":2286043,"comment_status":"closed","ping_status":"closed","sticky":false,"template":"","format":"standard","meta":{"footnotes":""},"categories":[8180],"tags":[14129,425,14279],"class_list":["post-2286042","post","type-post","status-publish","format-standard","has-post-thumbnail","hentry","category-trending","tag-belyeg","tag-orokseg","tag-regiseg"],"aioseo_notices":[],"_links":{"self":[{"href":"https:\/\/www.startlap.hu\/vasarlas\/wp-json\/wp\/v2\/posts\/2286042","targetHints":{"allow":["GET"]}}],"collection":[{"href":"https:\/\/www.startlap.hu\/vasarlas\/wp-json\/wp\/v2\/posts"}],"about":[{"href":"https:\/\/www.startlap.hu\/vasarlas\/wp-json\/wp\/v2\/types\/post"}],"author":[{"embeddable":true,"href":"https:\/\/www.startlap.hu\/vasarlas\/wp-json\/wp\/v2\/users\/64"}],"replies":[{"embeddable":true,"href":"https:\/\/www.startlap.hu\/vasarlas\/wp-json\/wp\/v2\/comments?post=2286042"}],"version-history":[{"count":6,"href":"https:\/\/www.startlap.hu\/vasarlas\/wp-json\/wp\/v2\/posts\/2286042\/revisions"}],"predecessor-version":[{"id":2286049,"href":"https:\/\/www.startlap.hu\/vasarlas\/wp-json\/wp\/v2\/posts\/2286042\/revisions\/2286049"}],"wp:featuredmedia":[{"embeddable":true,"href":"https:\/\/www.startlap.hu\/vasarlas\/wp-json\/wp\/v2\/media\/2286043"}],"wp:attachment":[{"href":"https:\/\/www.startlap.hu\/vasarlas\/wp-json\/wp\/v2\/media?parent=2286042"}],"wp:term":[{"taxonomy":"category","embeddable":true,"href":"https:\/\/www.startlap.hu\/vasarlas\/wp-json\/wp\/v2\/categories?post=2286042"},{"taxonomy":"post_tag","embeddable":true,"href":"https:\/\/www.startlap.hu\/vasarlas\/wp-json\/wp\/v2\/tags?post=2286042"}],"curies":[{"name":"wp","href":"https:\/\/api.w.org\/{rel}","templated":true}]}}