{"id":2286025,"date":"2026-09-01T21:13:41","date_gmt":"2026-09-01T19:13:41","guid":{"rendered":"https:\/\/www.startlap.hu\/vasarlas\/?p=2286025"},"modified":"2026-09-01T21:20:57","modified_gmt":"2026-09-01T19:20:57","slug":"yettel-uj-tarifak","status":"publish","type":"post","link":"https:\/\/www.startlap.hu\/vasarlas\/yettel-uj-tarifak\/","title":{"rendered":"Itt vannak a Yettel \u00faj tarif\u00e1i, rengeteg embert \u00e9rintenek"},"content":{"rendered":"<p>A Yettel szeptember 1-j\u00e9t\u0151l \u00faj lakoss\u00e1gi mobilcsomagokat k\u00edn\u00e1l: megjelent a <strong>Start, meg\u00fajultak a Prime tarif\u00e1k, az 5G<\/strong> pedig mindegyikhez d\u00edjmentesen j\u00e1r ezent\u00fal &#8211; \u00edrja a <strong><a href=\"https:\/\/www.hirstart.hu\/site\/relocate.php?rssid=33&amp;rsspid=3&amp;ctype=rss&amp;id=47944259&amp;chk=5040755a9f5974482954946826bf46d6&amp;url=https%3A%2F%2Fwww.penzcentrum.hu%2Ftech%2F20260901%2Ffigyelem-yettel-ugyfelek-nagy-valtozas-elesedett-fontos-ujitas-jott-a-mobilcsomagoknal-1204768\" target=\"_blank\" target=\"_blank\" rel=\"noopener\">P\u00e9nzcentrum<\/a><\/strong>.<\/p>\n<div class=\"o-widget m-readMoreWidget -readMore u-shortDecorLineAfter row widget-container _ce_measure_widget bigdata-widget read-more\" data-ce-measure-widget=\"olvass tov\u00e1bb\">\n\t<div class=\"m-readMoreWidget__imgWrapper image-wrapper col-12 col-md-4 no-p\">\n\t\t<a class=\"m-readMoreWidget__imgLink\" href=\"https:\/\/www.startlap.hu\/vasarlas\/wifi-mikro-internet-router-korlatozas-gyorsasag\/\" >\n\t\t\t<img decoding=\"async\" src=\"https:\/\/www.startlap.hu\/vasarlas\/uploads\/2025\/09\/GettyImages-1241445196-350x285.jpg\" class=\"m-readMoreWidget__img\">\n\t\t<\/a>\n\t<\/div>\n\t<div class=\"m-readMoreWidget__titleWrapper title-wrapper col-12 col-md-8\">\n\t\t<span class=\"m-readMoreWidget__titleLabel u-shortDecorLineBefore label hidden-sm-up\">Ez is \u00e9rdekelhet:<\/span>\n\t\t<h3 class=\"m-readMoreWidget__title title\">\n\t\t\t<a class=\"m-readMoreWidget__titleLink -secondFont u-bold u-upperCase\" href=\"https:\/\/www.startlap.hu\/vasarlas\/wifi-mikro-internet-router-korlatozas-gyorsasag\/\" >K\u00e9t Wi-Fi-gyilkos h\u00e1ztart\u00e1si g\u00e9p a lak\u00e1sban &#8211; nem is sejted, mi\u00e9rt nincs el\u00e9g er\u0151s jel az otthonodban<\/a>\n\t\t<\/h3>\n\t\t<a class=\"m-readMoreWidget__btn -coloredBack u-tC link\" href=\"https:\/\/www.startlap.hu\/vasarlas\/wifi-mikro-internet-router-korlatozas-gyorsasag\/\" >Elolvasom<\/a>\n\t<\/div>\n<\/div>\n<p>A v\u00e1llalat \u00e1talak\u00edtotta lakoss\u00e1gi, <strong><a href=\"https:\/\/www.startlap.hu\/vasarlas\/okosmero-villanyszamla-aram-fogyasztas\/\" target=\"_blank\" rel=\"noopener\">sz\u00e1ml\u00e1s<\/a><\/strong> mobilcsomagjainak k\u00edn\u00e1lat\u00e1t, \u00e9s szeptember 1-j\u00e9t\u0151l \u00faj, illetve meg\u00faj\u00edtott tarif\u00e1kat vezetett be. <strong>A szolg\u00e1ltat\u00f3 az elt\u00e9r\u0151 mobilhaszn\u00e1lati szok\u00e1sokhoz igaz\u00edtotta az \u00faj konstrukci\u00f3kat<\/strong>, \u00edgy az alapvet\u0151 telefon\u00e1l\u00e1shoz \u00e9s <strong><a href=\"https:\/\/www.startlap.hu\/vasarlas\/yette-foldi-internet\/\" target=\"_blank\" rel=\"noopener\">internetez\u00e9shez<\/a><\/strong>, valamint az intenz\u00edvebb mobilhaszn\u00e1lathoz is k\u00edn\u00e1l el\u0151fizet\u00e9st.<\/p>\n<p>A meg\u00fajult portf\u00f3li\u00f3 egyik legfontosabb v\u00e1ltoz\u00e1sa, hogy valamennyi tarifa haszn\u00e1lhat\u00f3 a Yettel 5G-h\u00e1l\u00f3zat\u00e1n. <strong>Az 5G el\u00e9r\u00e9s\u00e9\u00e9rt nem kell k\u00fcl\u00f6n d\u00edjat fizetni<\/strong>, \u00e9s a csomagokhoz adat\u00e1tviteli sebess\u00e9gkorl\u00e1toz\u00e1s sem kapcsol\u00f3dik.<\/p>\n<h2>Bel\u00e9p\u0151csomagk\u00e9nt \u00e9rkezett a Yettel Start<\/h2>\n<p>Az \u00faj k\u00edn\u00e1lat bel\u00e9p\u0151szint\u0171 tarif\u00e1ja a Yettel Start. A csomagot els\u0151sorban azoknak sz\u00e1nj\u00e1k, akik alapvet\u0151 mobilhaszn\u00e1lathoz keresnek sz\u00e1ml\u00e1s el\u0151fizet\u00e9st, \u00e9s nincs sz\u00fcks\u00e9g\u00fck nagy adatkeretre vagy korl\u00e1tlan besz\u00e9lget\u00e9sre.<\/p>\n<figure id=\"attachment_2286027\" aria-describedby=\"caption-attachment-2286027\" style=\"width: 755px\" class=\"wp-caption alignnone\"><img loading=\"lazy\" decoding=\"async\" class=\"size-article-size-large-image wp-image-2286027\" src=\"https:\/\/www.startlap.hu\/vasarlas\/uploads\/2026\/09\/telefon_nez_-755x503.jpg\" alt=\"Mosolyg\u00f3 fiatal \u00fczletember mobiltelefont haszn\u00e1l a v\u00e1rosban\" width=\"755\" height=\"503\" srcset=\"https:\/\/www.startlap.hu\/vasarlas\/uploads\/2026\/09\/telefon_nez_-755x503.jpg 755w, https:\/\/www.startlap.hu\/vasarlas\/uploads\/2026\/09\/telefon_nez_-525x350.jpg 525w, https:\/\/www.startlap.hu\/vasarlas\/uploads\/2026\/09\/telefon_nez_.jpg 1200w\" sizes=\"auto, (max-width: 755px) 100vw, 755px\" \/><figcaption id=\"caption-attachment-2286027\" class=\"wp-caption-text\">Fot\u00f3: Getty Images<\/figcaption><\/figure>\n<p><strong>A csomag<\/strong> havonta 100 percnyi belf\u00f6ldi besz\u00e9lget\u00e9st \u00e9s 5 GB mobilinternetet tartalmaz. K\u00e9sz\u00fcl\u00e9kv\u00e1s\u00e1rl\u00e1s n\u00e9lk\u00fcl, 11 h\u00f3napos h\u0171s\u00e9gv\u00e1llal\u00e1s mellett az el\u0151fizet\u00e9s havid\u00edja az <strong>els\u0151 hat h\u00f3napban 4490<\/strong> forint. A kedvezm\u00e9nyes id\u0151szak lej\u00e1rta ut\u00e1n a <strong>csomag havi 4990 forintba ker\u00fcl.<\/strong><\/p>\n<p><strong>A Start tarifa<\/strong> egyik tov\u00e1bbi lehet\u0151s\u00e9ge, hogy az el\u0151fizet\u0151k havonta egy alkalommal n\u00e9gy napra korl\u00e1tlan belf\u00f6ldi adatforgalmat aktiv\u00e1lhatnak. Ezt a c\u00e9g alkalmaz\u00e1s\u00e1n kereszt\u00fcl lehet bekapcsolni.<\/p>\n<h2>T\u00f6bbf\u00e9le Prime csomag k\u00f6z\u00fcl lehet v\u00e1lasztani<\/h2>\n<p>Az intenz\u00edvebb mobilhaszn\u00e1lathoz a meg\u00fajult Yettel Prime <strong>portf\u00f3li\u00f3 k\u00edn\u00e1l k\u00fcl\u00f6nb\u00f6z\u0151 lehet\u0151s\u00e9geket.<\/strong> Az el\u0151fizet\u0151k annak megfelel\u0151en v\u00e1laszthatnak a tarif\u00e1k k\u00f6z\u00fcl, hogy els\u0151sorban nagyobb mobilinternet-keretre, hosszabb besz\u00e9lget\u00e9si id\u0151re vagy mindkett\u0151re van sz\u00fcks\u00e9g\u00fck.<\/p>\n<p><strong>A Prime tarif\u00e1k k\u00edn\u00e1lata<\/strong> a 15\u201330 GB-os adatkerettel rendelkez\u0151 el\u0151fizet\u00e9sekt\u0151l eg\u00e9szen a korl\u00e1tlan mobilinternetet biztos\u00edt\u00f3 csomagokig terjed.<\/p>\n<p>A besz\u00e9lget\u00e9si lehet\u0151s\u00e9gek k\u00f6z\u00f6tt 200\u2013250 perces keretek, valamint korl\u00e1tlan belf\u00f6ldi besz\u00e9lget\u00e9st tartalmaz\u00f3 konstrukci\u00f3k is megtal\u00e1lhat\u00f3k.<\/p>\n<p>Egyes Prime csomagokhoz kedvezm\u00e9nyes k\u00e9sz\u00fcl\u00e9kaj\u00e1nlatok is kapcsol\u00f3dhatnak. <strong>A Yettel Full<\/strong> konstrukci\u00f3ban emellett tov\u00e1bbi havid\u00edjkedvezm\u00e9nyek is el\u00e9rhet\u0151k.<\/p>\n<h2>Fel\u00e1r \u00e9s sebess\u00e9gkorl\u00e1toz\u00e1s n\u00e9lk\u00fcl j\u00e1r az 5G<\/h2>\n<p>A meg\u00faj\u00edtott mobilportf\u00f3li\u00f3 <strong>valamennyi tarif\u00e1ja haszn\u00e1lhat\u00f3 a Yettel 5G-h\u00e1l\u00f3zat\u00e1n.<\/strong> A hozz\u00e1f\u00e9r\u00e9s\u00e9rt egyik csomagn\u00e1l sem sz\u00e1m\u00edtanak fel k\u00fcl\u00f6n d\u00edjat, \u00e9s a szolg\u00e1ltat\u00f3 az adat\u00e1tviteli sebess\u00e9get sem korl\u00e1tozza.<\/p>\n<p>A k\u00fcl\u00f6nb\u00f6z\u0151 haszn\u00e1lati szok\u00e1sokhoz kialak\u00edtott \u00faj Yettel Start \u00e9s Prime tarif\u00e1k szeptember 1-j\u00e9t\u0151l \u00e9rhet\u0151k el.<\/p>\n<h2>Mit \u00e9rdemes tudni az 5G-r\u0151l?<\/h2>\n<p>Az 5G a mobilh\u00e1l\u00f3zatok \u00f6t\u00f6dik gener\u00e1ci\u00f3ja, a 4G korszer\u0171bb ut\u00f3dja. El\u0151nyei k\u00f6z\u00e9 tartozik a <strong>gyorsabb adat\u00e1tvitel, a r\u00f6videbb v\u00e1laszid\u0151, a stabilabb kapcsolat \u00e9s a nagy felbont\u00e1s\u00fa vide\u00f3k g\u00f6rd\u00fcl\u00e9kenyebb lej\u00e1tsz\u00e1sa.<\/strong><\/p>\n<p>Haszn\u00e1lat\u00e1hoz 5G-k\u00e9pes mobiltelefonra, megfelel\u0151 el\u0151fizet\u00e9sre \u00e9s 5G-lefedetts\u00e9gre van sz\u00fcks\u00e9g.<\/p>\n<p>Ahol az 5G nem \u00e9rhet\u0151 el, a k\u00e9sz\u00fcl\u00e9k jellemz\u0151en automatikusan 4G-h\u00e1l\u00f3zatra kapcsol. Fontos, hogy az 5G nem n\u00f6veli meg a tarif\u00e1ban foglalt adatkeretet: az 5 GB tov\u00e1bbra is 5 GB marad, csak gyorsabban haszn\u00e1lhat\u00f3 fel.<\/p>\n<div class=\"o-widget m-readMoreWidget -readMore u-shortDecorLineAfter row widget-container _ce_measure_widget bigdata-widget read-more\" data-ce-measure-widget=\"olvass tov\u00e1bb\">\n\t<div class=\"m-readMoreWidget__imgWrapper image-wrapper col-12 col-md-4 no-p\">\n\t\t<a class=\"m-readMoreWidget__imgLink\" href=\"https:\/\/www.startlap.hu\/vasarlas\/mosogatogep-oblito-so-tippek\/\" >\n\t\t\t<img decoding=\"async\" src=\"https:\/\/www.startlap.hu\/vasarlas\/uploads\/2026\/09\/mosogatogep-6-350x285.jpg\" class=\"m-readMoreWidget__img\">\n\t\t<\/a>\n\t<\/div>\n\t<div class=\"m-readMoreWidget__titleWrapper title-wrapper col-12 col-md-8\">\n\t\t<span class=\"m-readMoreWidget__titleLabel u-shortDecorLineBefore label hidden-sm-up\">Ez is \u00e9rdekelhet:<\/span>\n\t\t<h3 class=\"m-readMoreWidget__title title\">\n\t\t\t<a class=\"m-readMoreWidget__titleLink -secondFont u-bold u-upperCase\" href=\"https:\/\/www.startlap.hu\/vasarlas\/mosogatogep-oblito-so-tippek\/\" >Ut\u00e1nt\u00f6lt\u00f6tted a s\u00f3t \u00e9s az \u00f6bl\u00edt\u0151t? Ezt most azonnal meg kell tenned a mosogat\u00f3g\u00e9ppel!<\/a>\n\t\t<\/h3>\n\t\t<a class=\"m-readMoreWidget__btn -coloredBack u-tC link\" href=\"https:\/\/www.startlap.hu\/vasarlas\/mosogatogep-oblito-so-tippek\/\" >Elolvasom<\/a>\n\t<\/div>\n<\/div>\n","protected":false},"excerpt":{"rendered":"<p>A Yettel szeptembert\u0151l \u00e1talak\u00edtotta lakoss\u00e1gi mobilk\u00edn\u00e1lat\u00e1t: \u00faj bel\u00e9p\u0151csomag \u00e9s meg\u00fajult tarif\u00e1k \u00e9rkeztek, egy fontos v\u00e1ltoz\u00e1s pedig mindegyiket \u00e9rinti.<\/p>\n","protected":false},"author":8,"featured_media":2286027,"comment_status":"closed","ping_status":"closed","sticky":false,"template":"","format":"standard","meta":{"footnotes":""},"categories":[8180],"tags":[11155,2629,16777],"class_list":["post-2286025","post","type-post","status-publish","format-standard","has-post-thumbnail","hentry","category-trending","tag-5g","tag-mobiltelefon","tag-yettel"],"aioseo_notices":[],"_links":{"self":[{"href":"https:\/\/www.startlap.hu\/vasarlas\/wp-json\/wp\/v2\/posts\/2286025","targetHints":{"allow":["GET"]}}],"collection":[{"href":"https:\/\/www.startlap.hu\/vasarlas\/wp-json\/wp\/v2\/posts"}],"about":[{"href":"https:\/\/www.startlap.hu\/vasarlas\/wp-json\/wp\/v2\/types\/post"}],"author":[{"embeddable":true,"href":"https:\/\/www.startlap.hu\/vasarlas\/wp-json\/wp\/v2\/users\/8"}],"replies":[{"embeddable":true,"href":"https:\/\/www.startlap.hu\/vasarlas\/wp-json\/wp\/v2\/comments?post=2286025"}],"version-history":[{"count":4,"href":"https:\/\/www.startlap.hu\/vasarlas\/wp-json\/wp\/v2\/posts\/2286025\/revisions"}],"predecessor-version":[{"id":2286030,"href":"https:\/\/www.startlap.hu\/vasarlas\/wp-json\/wp\/v2\/posts\/2286025\/revisions\/2286030"}],"wp:featuredmedia":[{"embeddable":true,"href":"https:\/\/www.startlap.hu\/vasarlas\/wp-json\/wp\/v2\/media\/2286027"}],"wp:attachment":[{"href":"https:\/\/www.startlap.hu\/vasarlas\/wp-json\/wp\/v2\/media?parent=2286025"}],"wp:term":[{"taxonomy":"category","embeddable":true,"href":"https:\/\/www.startlap.hu\/vasarlas\/wp-json\/wp\/v2\/categories?post=2286025"},{"taxonomy":"post_tag","embeddable":true,"href":"https:\/\/www.startlap.hu\/vasarlas\/wp-json\/wp\/v2\/tags?post=2286025"}],"curies":[{"name":"wp","href":"https:\/\/api.w.org\/{rel}","templated":true}]}}