{"id":2286009,"date":"2026-09-03T10:03:47","date_gmt":"2026-09-03T08:03:47","guid":{"rendered":"https:\/\/www.startlap.hu\/vasarlas\/?p=2286009"},"modified":"2026-09-02T12:54:55","modified_gmt":"2026-09-02T10:54:55","slug":"dietetikus-banan-gyumolcs-valtozas","status":"publish","type":"post","link":"https:\/\/www.startlap.hu\/vasarlas\/dietetikus-banan-gyumolcs-valtozas\/","title":{"rendered":"Egy dietetikus kipr\u00f3b\u00e1lta: ez t\u00f6rt\u00e9nik a testeddel, ha mindennap megeszel egy ban\u00e1nt"},"content":{"rendered":"<p>Hi\u00e1ba tudja valaki pontosan, mennyire fontos lenne rendszeresen <a href=\"https:\/\/www.startlap.hu\/vasarlas\/kivi-gyumolcs-emesztes\/\" target=\"_blank\" rel=\"noopener\">gy\u00fcm\u00f6lcs\u00f6t<\/a> enni, a rohan\u00f3s h\u00e9tk\u00f6znapokban ezt m\u00e9g egy dietetikusnak sem mindig siker\u00fcl betartania. <strong>Lauren Manaker<\/strong> ez\u00e9rt \u00fagy d\u00f6nt\u00f6tt, tesz egy egyszer\u0171 pr\u00f3b\u00e1t: <strong>egy teljes h\u00e9ten kereszt\u00fcl mindennap megeszik egy ban\u00e1nt, majd figyeli, \u00e9rez-e b\u00e1rmilyen v\u00e1ltoz\u00e1st.<\/strong><\/p>\n<div class=\"o-widget m-readMoreWidget -readMore u-shortDecorLineAfter row widget-container _ce_measure_widget bigdata-widget read-more\" data-ce-measure-widget=\"olvass tov\u00e1bb\">\n\t<div class=\"m-readMoreWidget__imgWrapper image-wrapper col-12 col-md-4 no-p\">\n\t\t<a class=\"m-readMoreWidget__imgLink\" href=\"https:\/\/www.startlap.hu\/vasarlas\/csomagdij-europa-temu-shein-kina\/\" >\n\t\t\t<img decoding=\"async\" src=\"https:\/\/www.startlap.hu\/vasarlas\/uploads\/2026\/08\/csomag-posta-temu-350x285.jpg\" class=\"m-readMoreWidget__img\">\n\t\t<\/a>\n\t<\/div>\n\t<div class=\"m-readMoreWidget__titleWrapper title-wrapper col-12 col-md-8\">\n\t\t<span class=\"m-readMoreWidget__titleLabel u-shortDecorLineBefore label hidden-sm-up\">Ez is \u00e9rdekelhet:<\/span>\n\t\t<h3 class=\"m-readMoreWidget__title title\">\n\t\t\t<a class=\"m-readMoreWidget__titleLink -secondFont u-bold u-upperCase\" href=\"https:\/\/www.startlap.hu\/vasarlas\/csomagdij-europa-temu-shein-kina\/\" >Visszafel\u00e9 s\u00fclt el a Kin\u00e1b\u00f3l \u00e9rkez\u0151 csomagokra kivetett 3 eur\u00f3s v\u00e1m: cs\u00f6kkent a rendel\u00e9sek sz\u00e1ma, m\u00e9gis n\u0151tt az \u00e9rt\u00e9k\u00fck<\/a>\n\t\t<\/h3>\n\t\t<a class=\"m-readMoreWidget__btn -coloredBack u-tC link\" href=\"https:\/\/www.startlap.hu\/vasarlas\/csomagdij-europa-temu-shein-kina\/\" >Elolvasom<\/a>\n\t<\/div>\n<\/div>\n<p>Nem v\u00e9letlen\u00fcl v\u00e1lasztotta \u00e9ppen ezt a gy\u00fcm\u00f6lcs\u00f6t. A <a href=\"https:\/\/www.startlap.hu\/vasarlas\/banan-tippek-huto-frissesseg\/\" target=\"_blank\" rel=\"noopener\">ban\u00e1nt<\/a> k\u00f6nny\u0171 magunkkal vinni, nem kell h\u0171teni, nem ig\u00e9nyel k\u00fcl\u00f6n\u00f6sebb el\u0151k\u00e9sz\u00fcletet, \u00e9s ak\u00e1r \u00fatk\u00f6zben is meg lehet enni. R\u00e1ad\u00e1sul turmixba, zabk\u00e1s\u00e1ba, joghurtba vagy <a href=\"https:\/\/www.nosalty.hu\/ajanlo\/11-puha-edes-bananos-sutemeny-hetvegere\" target=\"_blank\" target=\"_blank\" rel=\"noopener\">s\u00fctem\u00e9nybe<\/a> is ker\u00fclhet. <strong>Manaker<\/strong> kor\u00e1bban is gyakran evett ban\u00e1nt, de nem mindennap.<\/p>\n<h2>Egy h\u00e9t ban\u00e1nnal &#8211; ezt tapasztalta a dietetikus<\/h2>\n<p>A dietetikus hamar r\u00e1j\u00f6tt, hogy ezt a szok\u00e1st meglep\u0151en k\u00f6nny\u0171 beilleszteni a napjaiba. <strong>Ha sietett, egyszer\u0171en mag\u00e1val vitt egy ban\u00e1nt, \u00edgy amikor meg\u00e9hezett, nem kellett gyorsan valamilyen m\u00e1s nassolnival\u00f3 ut\u00e1n n\u00e9znie.<\/strong> Persze nem mindig \u00f6nmag\u00e1ban ette. Volt, hogy skyr tetej\u00e9re karik\u00e1zta desszertk\u00e9nt, m\u00e1skor mogyor\u00f3vajas, ban\u00e1nos -m\u00e9zes szendvicset k\u00e9sz\u00edtett. <strong>A l\u00e9nyeg az volt, hogy a h\u00e9t minden napj\u00e1n elfogyjon legal\u00e1bb egy ban\u00e1n.<\/strong><\/p>\n<blockquote class=\"article__extraTxt\"><p>N\u00e9h\u00e1ny nap ut\u00e1n m\u00e1r apr\u00f3 v\u00e1ltoz\u00e1sokat is \u00e9szrevett mag\u00e1n.<\/p><\/blockquote>\n<p>\u00dagy \u00e9rezte, d\u00e9lel\u0151tt egyenletesebb lett az energiaszintje, \u00e9s kev\u00e9sb\u00e9 t\u00f6rt r\u00e1 a hirtelen \u00e9hs\u00e9g. A ban\u00e1n ut\u00e1n tov\u00e1bb j\u00f3llakottnak \u00e9rezte mag\u00e1t, \u00e9s ritk\u00e1bban k\u00edv\u00e1nt \u00e9dess\u00e9get vagy valamilyen gyors nassolnival\u00f3t. Az em\u00e9szt\u00e9s\u00e9ben is tapasztalt v\u00e1ltoz\u00e1st. Elmond\u00e1sa szerint ritk\u00e1bban puffadt, rendszeresebb lett az em\u00e9szt\u00e9se, \u00e9s d\u00e9lut\u00e1nonk\u00e9nt kev\u00e9sb\u00e9 t\u00f6rt r\u00e1 az \u00e9dess\u00e9g ut\u00e1ni v\u00e1gy.<\/p>\n<h2>Ennyi minden van egyetlen ban\u00e1nban<\/h2>\n<p>Egy k\u00f6zepes m\u00e9ret\u0171 ban\u00e1n <strong>nagyj\u00e1b\u00f3l 105 kal\u00f3ri\u00e1t \u00e9s 27 gramm sz\u00e9nhidr\u00e1tot tartalmaz.<\/strong> Emellett k\u00f6r\u00fclbel\u00fcl 3 gramm rost, 14 gramm term\u00e9szetesen el\u0151fordul\u00f3 cukor \u00e9s nagyj\u00e1b\u00f3l 1 gramm feh\u00e9rje tal\u00e1lhat\u00f3 benne,&nbsp; a zs\u00edrtartalma alacsony. <strong>A ban\u00e1n legismertebb \u00e1sv\u00e1nyi anyaga a k\u00e1lium.<\/strong> Egy k\u00f6zepes darab nagyj\u00e1b\u00f3l 375 milligrammot tartalmaz bel\u0151le, egy feln\u0151tt napi sz\u00fcks\u00e9glete hozz\u00e1vet\u0151leg 2600 \u00e9s 3400 milligramm k\u00f6z\u00f6tt mozog.<\/p>\n<blockquote class=\"article__extraTxt\"><p>A k\u00e1lium t\u00f6bb fontos folyamatban is szerepet j\u00e1tszik a szervezetben. Hozz\u00e1j\u00e1rul a sz\u00edv megfelel\u0151 m\u0171k\u00f6d\u00e9s\u00e9hez, az izmok munk\u00e1j\u00e1hoz \u00e9s a norm\u00e1l v\u00e9rnyom\u00e1s fenntart\u00e1s\u00e1hoz.<\/p><\/blockquote>\n<p>\u00c9ppen ez\u00e9rt azok sz\u00e1m\u00e1ra is fontos t\u00e1panyag, akik rendszeresen sportolnak, vagy id\u0151nk\u00e9nt izomg\u00f6rcs\u00f6kkel k\u00fczdenek.<\/p>\n<h2>Az em\u00e9szt\u00e9snek is j\u00f3l j\u00f6het<\/h2>\n<p>A ban\u00e1n rosttartalma sem elhanyagolhat\u00f3. Egy k\u00f6zepes darab k\u00f6r\u00fclbel\u00fcl 3 gramm rostot tartalmaz, ami seg\u00edtheti a norm\u00e1l em\u00e9szt\u00e9st \u00e9s a rendszeres b\u00e9lm\u0171k\u00f6d\u00e9st. Az \u00e9retlenebb ban\u00e1nban t\u00f6bb rezisztens kem\u00e9ny\u00edt\u0151 \u00e9s prebiotikus rost tal\u00e1lhat\u00f3, amelyek t\u00e1pl\u00e1l\u00e9kul szolg\u00e1lhatnak a b\u00e9lrendszerben \u00e9l\u0151 hasznos bakt\u00e9riumok sz\u00e1m\u00e1ra.<\/p>\n<h2>Az idegrendszer szempontj\u00e1b\u00f3l sem mell\u00e9kes<\/h2>\n<p>Egy k\u00f6zepes ban\u00e1n k\u00f6r\u00fclbel\u00fcl 0,4 milligramm B6-vitamint tartalmaz, ami egy feln\u0151tt napi sz\u00fcks\u00e9glet\u00e9nek jelent\u0151s r\u00e9sz\u00e9t fedezheti. <strong>A B6-vitamin t\u00f6bbek k\u00f6z\u00f6tt az idegrendszer m\u0171k\u00f6d\u00e9s\u00e9ben is szerepet j\u00e1tszik.<\/strong> Sz\u00fcks\u00e9g van r\u00e1 bizonyos inger\u00fclet\u00e1tviv\u0151 anyagok, k\u00f6zt\u00fck a szerotonin \u00e9s a dopamin k\u00e9pz\u0151d\u00e9s\u00e9hez is. Ezek az anyagok t\u00f6bbek k\u00f6z\u00f6tt a hangulat, a motiv\u00e1ci\u00f3 \u00e9s az idegrendszer m\u0171k\u00f6d\u00e9s\u00e9nek szab\u00e1lyoz\u00e1s\u00e1ban vesznek r\u00e9szt.<\/p>\n<h2>Ez\u00e9rt lehet j\u00f3 v\u00e1laszt\u00e1s, ha gyors energi\u00e1ra van sz\u00fcks\u00e9g<\/h2>\n<p>A ban\u00e1n viszonylag sok <a href=\"https:\/\/www.startlap.hu\/vasarlas\/bolti-kenyer-kelesztes-egeszseg\/\" target=\"_blank\" rel=\"noopener\">sz\u00e9nhidr\u00e1tot<\/a> tartalmaz, ez\u00e9rt gyorsan felhaszn\u00e1lhat\u00f3 energiaforr\u00e1snak sz\u00e1m\u00edt. A benne l\u00e9v\u0151 term\u00e9szetes cukrok mellett azonban rost is van benne, \u00edgy nem ugyan\u00fagy viselkedik a szervezetben, mint egy rostban szeg\u00e9ny, cukros \u00e9dess\u00e9g.<\/p>\n<blockquote class=\"article__extraTxt\"><p>\u00c9ppen ez\u00e9rt edz\u00e9s el\u0151tt, k\u00e9t \u00e9tkez\u00e9s k\u00f6z\u00f6tt vagy egy rohan\u00f3s d\u00e9lel\u0151tt\u00f6n is k\u00e9zenfekv\u0151 v\u00e1laszt\u00e1s lehet.<\/p><\/blockquote>\n<p><strong>Manaker<\/strong> szerint n\u00e1la \u00e9ppen ez volt az egyik legfelt\u0171n\u0151bb v\u00e1ltoz\u00e1s. D\u00e9lel\u0151tt kev\u00e9sb\u00e9 ingadozott az energiaszintje, \u00e9s kisebb es\u00e9llyel ny\u00falt valamilyen \u00e9dess\u00e9ghez az\u00e9rt, hogy gyorsan felp\u00f6rgesse mag\u00e1t.<\/p>\n<h2>T\u00f6bb benne a v\u00edz, mint gondoln\u00e1nk<\/h2>\n<p>A ban\u00e1n antioxid\u00e1ns hat\u00e1s\u00fa vegy\u00fcleteket \u00e9s C-vitamint is tartalmaz. Az antioxid\u00e1nsok szerepet j\u00e1tszanak a szervezetben keletkez\u0151 szabad gy\u00f6k\u00f6k semleges\u00edt\u00e9s\u00e9ben, \u00edgy seg\u00edthetnek az oxidat\u00edv stressz m\u00e9rs\u00e9kl\u00e9s\u00e9ben. R\u00e1ad\u00e1sul a ban\u00e1n nagyj\u00e1b\u00f3l h\u00e1romnegyede v\u00edz. Term\u00e9szetesen ett\u0151l m\u00e9g nem helyettes\u00edti a megfelel\u0151 folyad\u00e9kbevitelt, de <strong>valamennyit ez is hozz\u00e1tesz a napi folyad\u00e9kmennyis\u00e9ghez.<\/strong><\/p>\n<h2>De ban\u00e1nb\u00f3l sem \u00e9rdemes b\u00e1rmennyit enni<\/h2>\n<p>Att\u00f3l, hogy a ban\u00e1n eg\u00e9szs\u00e9ges, m\u00e9g ebb\u0151l sem j\u00f3 \u00f6tlet korl\u00e1tlan mennyis\u00e9get fogyasztani. Nagyon nagy mennyis\u00e9g r\u00f6vid id\u0151 alatt t\u00fal sok k\u00e1liumot jelenthet a szervezet sz\u00e1m\u00e1ra. A v\u00e9r k\u00f3rosan magas k\u00e1liumszintj\u00e9t hiperkal\u00e9mi\u00e1nak nevezik, ami s\u00falyos esetben sz\u00edvritmuszavart is okozhat. Eg\u00e9szs\u00e9ges vesem\u0171k\u00f6d\u00e9s mellett ennek kicsi az es\u00e9lye, mivel a ves\u00e9k k\u00e9pesek elt\u00e1vol\u00edtani a f\u00f6l\u00f6sleges k\u00e1liumot. <strong>Vesebetegs\u00e9g eset\u00e9n viszont sokkal fontosabb odafigyelni a bevitt mennyis\u00e9gre.<\/strong> S\u00falyos hiperkal\u00e9mia eset\u00e9n ak\u00e1r dial\u00edzisre is sz\u00fcks\u00e9g lehet.<\/p>\n<blockquote class=\"article__extraTxt\"><p>A legt\u00f6bb eg\u00e9szs\u00e9ges ember sz\u00e1m\u00e1ra ugyanakkor napi egy-k\u00e9t ban\u00e1n gond n\u00e9lk\u00fcl belef\u00e9rhet a kiegyens\u00falyozott \u00e9trendbe.<\/p><\/blockquote>\n<p>A v\u00e1ltozatoss\u00e1g azonban itt is fontos. Nem \u00e9rdemes minden gy\u00fcm\u00f6lcsadagot ban\u00e1nnal kiv\u00e1ltani, hiszen m\u00e1s gy\u00fcm\u00f6lcs\u00f6k m\u00e1s vitaminokat, \u00e1sv\u00e1nyi anyagokat \u00e9s n\u00f6v\u00e9nyi vegy\u00fcleteket tartalmaznak.<\/p>\n<figure id=\"attachment_2286011\" aria-describedby=\"caption-attachment-2286011\" style=\"width: 755px\" class=\"wp-caption alignnone\"><img loading=\"lazy\" decoding=\"async\" class=\"size-article-size-large-image wp-image-2286011\" src=\"https:\/\/www.startlap.hu\/vasarlas\/uploads\/2026\/09\/gyumolcs-dietetikus-755x504.jpg\" alt=\"gy\u00fcm\u00f6lcs\u00f6t falatoz\u00f3 mosolyg\u00f3 n\u0151\" width=\"755\" height=\"504\" srcset=\"https:\/\/www.startlap.hu\/vasarlas\/uploads\/2026\/09\/gyumolcs-dietetikus-755x504.jpg 755w, https:\/\/www.startlap.hu\/vasarlas\/uploads\/2026\/09\/gyumolcs-dietetikus-1536x1024.jpg 1536w, https:\/\/www.startlap.hu\/vasarlas\/uploads\/2026\/09\/gyumolcs-dietetikus-2048x1366.jpg 2048w, https:\/\/www.startlap.hu\/vasarlas\/uploads\/2026\/09\/gyumolcs-dietetikus-525x350.jpg 525w\" sizes=\"auto, (max-width: 755px) 100vw, 755px\" \/><figcaption id=\"caption-attachment-2286011\" class=\"wp-caption-text\">A rendszeres gy\u00fcm\u00f6lcsfogyaszt\u00e1s az energiaszintre \u00e9s az em\u00e9szt\u00e9sre is hat\u00e1ssal lehet, de nem mindegy, mib\u0151l mennyit esz\u00fcnk. Fot\u00f3: Getty Images<\/figcaption><\/figure>\n<h2>Nem csak mag\u00e1ban \u00e9rdemes enni<\/h2>\n<p>A ban\u00e1n egyik nagy el\u0151nye, hogy szinte b\u00e1rhol \u00e9s b\u00e1rmikor k\u00f6nnyen fogyaszthat\u00f3, m\u00e9gis rengetegf\u00e9lek\u00e9ppen fel lehet haszn\u00e1lni. Turmixba ker\u00fclhet tejjel, joghurttal \u00e9s m\u00e1s gy\u00fcm\u00f6lcs\u00f6kkel, felkarik\u00e1zva mehet zabk\u00e1s\u00e1ra, m\u00fczlire vagy joghurtra, de mogyor\u00f3vajjal megkent pir\u00edt\u00f3shoz is j\u00f3l illik. Az igaz\u00e1n \u00e9rett ban\u00e1nt le is lehet fagyasztani, majd kr\u00e9mes ban\u00e1ndesszertet k\u00e9sz\u00edteni bel\u0151le.&nbsp;<\/p>\n<h2>Nem csodaszer, de egy k\u00f6nnyen tarthat\u00f3 szok\u00e1s<\/h2>\n<p><strong>Lauren Manaker<\/strong> az egyhetes pr\u00f3ba v\u00e9g\u00e9n arra jutott, hogy sz\u00e1m\u00e1ra a mindennapi ban\u00e1nev\u00e9s meglep\u0151en k\u00f6nnyen tarthat\u00f3 szok\u00e1s volt. Nem kellett hozz\u00e1 semmit el\u0151k\u00e9sz\u00edteni, k\u00f6nnyen mag\u00e1val vihette, \u00e9s k\u00f6zben t\u00f6bb hasznos t\u00e1panyaghoz, k\u00f6zt\u00fck k\u00e1liumhoz, B6- \u00e9s C-vitaminhoz, valamint rosthoz jutott.<\/p>\n<blockquote class=\"article__extraTxt\"><p>Saj\u00e1t tapasztalatai szerint egyenletesebbnek \u00e9rezte az energiaszintj\u00e9t, az em\u00e9szt\u00e9s\u00e9ben is kedvez\u0151 v\u00e1ltoz\u00e1sokat vett \u00e9szre, \u00e9s kev\u00e9sb\u00e9 k\u00edv\u00e1nta az \u00e9dess\u00e9geket.<\/p><\/blockquote>\n<p>A tanuls\u00e1g persze nem az, hogy mostant\u00f3l mindenkinek minden egyes nap ban\u00e1nt kell ennie. Egy v\u00e1ltozatos \u00e9trendben viszont a napi egy ban\u00e1n egyszer\u0171 \u00e9s k\u00f6nnyen tarthat\u00f3 m\u00f3dja lehet annak, hogy t\u00f6bb gy\u00fcm\u00f6lcs ker\u00fclj\u00f6n az \u00e9trendbe.<\/p>\n<p><a href=\"https:\/\/www.elle.com\/nl\/beauty-health\/health\/a70563573\/elke-dag-banaan-gezondheid\/\" target=\"_blank\" target=\"_blank\" rel=\"noopener\">via<\/a><\/p>\n<div class=\"o-widget m-readMoreWidget -readMore u-shortDecorLineAfter row widget-container _ce_measure_widget bigdata-widget read-more\" data-ce-measure-widget=\"olvass tov\u00e1bb\">\n\t<div class=\"m-readMoreWidget__imgWrapper image-wrapper col-12 col-md-4 no-p\">\n\t\t<a class=\"m-readMoreWidget__imgLink\" href=\"https:\/\/www.startlap.hu\/vasarlas\/konyha-papirtorlo-alternativak\/\" >\n\t\t\t<img decoding=\"async\" src=\"https:\/\/www.startlap.hu\/vasarlas\/uploads\/2026\/08\/papirtorlo-2-350x285.jpg\" class=\"m-readMoreWidget__img\">\n\t\t<\/a>\n\t<\/div>\n\t<div class=\"m-readMoreWidget__titleWrapper title-wrapper col-12 col-md-8\">\n\t\t<span class=\"m-readMoreWidget__titleLabel u-shortDecorLineBefore label hidden-sm-up\">Ez is \u00e9rdekelhet:<\/span>\n\t\t<h3 class=\"m-readMoreWidget__title title\">\n\t\t\t<a class=\"m-readMoreWidget__titleLink -secondFont u-bold u-upperCase\" href=\"https:\/\/www.startlap.hu\/vasarlas\/konyha-papirtorlo-alternativak\/\" >Viszl\u00e1t, konyhai pap\u00edrt\u00f6rl\u0151! Ez az \u00faj, 2026-os trend f\u00e9ny\u00e9vekkel jobb<\/a>\n\t\t<\/h3>\n\t\t<a class=\"m-readMoreWidget__btn -coloredBack u-tC link\" href=\"https:\/\/www.startlap.hu\/vasarlas\/konyha-papirtorlo-alternativak\/\" >Elolvasom<\/a>\n\t<\/div>\n<\/div>\n","protected":false},"excerpt":{"rendered":"<p>Egy dietetikus egy h\u00e9ten \u00e1t minden egyes nap ugyanazt a gy\u00fcm\u00f6lcs\u00f6t ette. Nem csod\u00e1t v\u00e1rt t\u0151le, m\u00e9gis t\u00f6bb apr\u00f3 v\u00e1ltoz\u00e1st is \u00e9szrevett mag\u00e1n.<\/p>\n","protected":false},"author":64,"featured_media":2286011,"comment_status":"closed","ping_status":"closed","sticky":false,"template":"","format":"standard","meta":{"footnotes":""},"categories":[8180],"tags":[11167,40,2705],"class_list":["post-2286009","post","type-post","status-publish","format-standard","has-post-thumbnail","hentry","category-trending","tag-banan","tag-egeszseg","tag-gyumolcs"],"aioseo_notices":[],"_links":{"self":[{"href":"https:\/\/www.startlap.hu\/vasarlas\/wp-json\/wp\/v2\/posts\/2286009","targetHints":{"allow":["GET"]}}],"collection":[{"href":"https:\/\/www.startlap.hu\/vasarlas\/wp-json\/wp\/v2\/posts"}],"about":[{"href":"https:\/\/www.startlap.hu\/vasarlas\/wp-json\/wp\/v2\/types\/post"}],"author":[{"embeddable":true,"href":"https:\/\/www.startlap.hu\/vasarlas\/wp-json\/wp\/v2\/users\/64"}],"replies":[{"embeddable":true,"href":"https:\/\/www.startlap.hu\/vasarlas\/wp-json\/wp\/v2\/comments?post=2286009"}],"version-history":[{"count":5,"href":"https:\/\/www.startlap.hu\/vasarlas\/wp-json\/wp\/v2\/posts\/2286009\/revisions"}],"predecessor-version":[{"id":2286055,"href":"https:\/\/www.startlap.hu\/vasarlas\/wp-json\/wp\/v2\/posts\/2286009\/revisions\/2286055"}],"wp:featuredmedia":[{"embeddable":true,"href":"https:\/\/www.startlap.hu\/vasarlas\/wp-json\/wp\/v2\/media\/2286011"}],"wp:attachment":[{"href":"https:\/\/www.startlap.hu\/vasarlas\/wp-json\/wp\/v2\/media?parent=2286009"}],"wp:term":[{"taxonomy":"category","embeddable":true,"href":"https:\/\/www.startlap.hu\/vasarlas\/wp-json\/wp\/v2\/categories?post=2286009"},{"taxonomy":"post_tag","embeddable":true,"href":"https:\/\/www.startlap.hu\/vasarlas\/wp-json\/wp\/v2\/tags?post=2286009"}],"curies":[{"name":"wp","href":"https:\/\/api.w.org\/{rel}","templated":true}]}}