{"id":2285974,"date":"2026-08-31T22:20:48","date_gmt":"2026-08-31T20:20:48","guid":{"rendered":"https:\/\/www.startlap.hu\/vasarlas\/?p=2285974"},"modified":"2026-09-01T00:07:12","modified_gmt":"2026-08-31T22:07:12","slug":"nyugdijas-no-ferfi-eletkor","status":"publish","type":"post","link":"https:\/\/www.startlap.hu\/vasarlas\/nyugdijas-no-ferfi-eletkor\/","title":{"rendered":"Kider\u00fclt, h\u00e1ny \u00e9vet t\u00f6ltenek nyugd\u00edjban a magyar f\u00e9rfiak \u00e9s n\u0151k"},"content":{"rendered":"<p>Kar\u00e1csony Mih\u00e1ly, a Nyugd\u00edjas Parlament eln\u00f6ke az\u00e9rt fordult k\u00f6z\u00e9rdek\u0171 adatig\u00e9nyl\u00e9ssel a Magyar \u00c1llamkincst\u00e1rhoz, hogy r\u00e9szletesebb k\u00e9pet kapjon a <strong><a href=\"https:\/\/www.startlap.hu\/vasarlas\/nyugdijas-inflacio-ksh-szamitas\/\" target=\"_blank\" rel=\"noopener\">nyugd\u00edjasok<\/a><\/strong> \u00e9letkori adatair\u00f3l &#8211; \u00edrta a <strong><a href=\"https:\/\/www.hirstart.hu\/site\/relocate.php?rssid=375&amp;rsspid=3&amp;ctype=rss&amp;id=47919524&amp;chk=0f6193c6c2c6bb578027972698c7f6a9&amp;url=https%3A%2F%2F24.hu%2Ffn%2Fgazdasag%2F2026%2F08%2F31%2Fnyugdijban-toltott-evek-allamkincstar%2F\" target=\"_blank\" target=\"_blank\" rel=\"noopener\">24.hu <\/a><\/strong>a Portfoli\u00f3ra hivatkozva.&nbsp;<\/p>\n<p>Arra volt k\u00edv\u00e1ncsi, hogy az adott \u00e9vben elhunyt \u00f6regs\u00e9gi nyugd\u00edjasok \u00e1tlagosan h\u00e1ny \u00e9vig kaptak nyugell\u00e1t\u00e1st, az <strong>\u00fajonnan nyugd\u00edjba vonul\u00f3k h\u00e1ny \u00e9vesek voltak az ell\u00e1t\u00e1s kezdet\u00e9n<\/strong>, valamint mekkora volt az elhunyt nyugd\u00edjasok \u00e1tlagos hal\u00e1loz\u00e1si \u00e9letkora.<\/p>\n<div class=\"o-widget m-readMoreWidget -readMore u-shortDecorLineAfter row widget-container _ce_measure_widget bigdata-widget read-more\" data-ce-measure-widget=\"olvass tov\u00e1bb\">\n\t<div class=\"m-readMoreWidget__imgWrapper image-wrapper col-12 col-md-4 no-p\">\n\t\t<a class=\"m-readMoreWidget__imgLink\" href=\"https:\/\/www.startlap.hu\/vasarlas\/baberlevel-szodabikarbona-termeszetes-tisztitoszer\/\" >\n\t\t\t<img decoding=\"async\" src=\"https:\/\/www.startlap.hu\/vasarlas\/uploads\/2026\/08\/baberlevel-350x285.jpg\" class=\"m-readMoreWidget__img\">\n\t\t<\/a>\n\t<\/div>\n\t<div class=\"m-readMoreWidget__titleWrapper title-wrapper col-12 col-md-8\">\n\t\t<span class=\"m-readMoreWidget__titleLabel u-shortDecorLineBefore label hidden-sm-up\">Ez is \u00e9rdekelhet:<\/span>\n\t\t<h3 class=\"m-readMoreWidget__title title\">\n\t\t\t<a class=\"m-readMoreWidget__titleLink -secondFont u-bold u-upperCase\" href=\"https:\/\/www.startlap.hu\/vasarlas\/baberlevel-szodabikarbona-termeszetes-tisztitoszer\/\" >Bab\u00e9rlevelet forralnak sz\u00f3dabikarb\u00f3n\u00e1val: meglep\u0151dsz, mire j\u00f3 otthon<\/a>\n\t\t<\/h3>\n\t\t<a class=\"m-readMoreWidget__btn -coloredBack u-tC link\" href=\"https:\/\/www.startlap.hu\/vasarlas\/baberlevel-szodabikarbona-termeszetes-tisztitoszer\/\" >Elolvasom<\/a>\n\t<\/div>\n<\/div>\n<p>A 2025-ben elhunyt \u00f6regs\u00e9gi nyugd\u00edjasok \u00e1tlagosan 23,3 \u00e9vet t\u00f6lt\u00f6ttek nyugd\u00edjban \u2013 der\u00fclt ki a Magyar \u00c1llamkincst\u00e1r k\u00f6z\u00e9rdek\u0171 adatig\u00e9nyl\u00e9sre adott v\u00e1lasz\u00e1b\u00f3l. A <strong><a href=\"https:\/\/www.startlap.hu\/vasarlas\/teve-kozel-tavol-ul-ferfi-no\/\" target=\"_blank\" rel=\"noopener\">f\u00e9rfiak<\/a><\/strong> \u00e9s a n\u0151k adatai k\u00f6z\u00f6tt azonban sz\u00e1mottev\u0151 k\u00fcl\u00f6nbs\u00e9g l\u00e1that\u00f3: a <strong>n\u0151k kor\u00e1bban kezdik meg nyugd\u00edjas \u00e9veiket<\/strong>, \u00e9s \u00e1tlagosan tov\u00e1bb is \u00e9lnek, \u00edgy l\u00e9nyegesen hosszabb ideig r\u00e9szes\u00fclnek nyugell\u00e1t\u00e1sban.<\/p>\n<h2>T\u00f6bb id\u0151t t\u00f6ltenek a n\u0151k nyugd\u00edjban, mint a f\u00e9rfiak<\/h2>\n<p>A M\u00c1K a 2026. j\u00falius 29-\u00e9n elk\u00fcld\u00f6tt megkeres\u00e9sre a rendelkez\u00e9s\u00e9re \u00e1ll\u00f3 legut\u00f3bbi teljes \u00e9v, vagyis 2025 adatait ismertette. Ezek szerint a 2025-ben elhunyt \u00f6regs\u00e9gi nyugd\u00edjas f\u00e9rfiak \u00e1tlagosan 19,1 \u00e9vet t\u00f6lt\u00f6ttek nyugd\u00edjban.<\/p>\n<figure id=\"attachment_2285977\" aria-describedby=\"caption-attachment-2285977\" style=\"width: 755px\" class=\"wp-caption alignnone\"><img loading=\"lazy\" decoding=\"async\" class=\"size-article-size-large-image wp-image-2285977\" src=\"https:\/\/www.startlap.hu\/vasarlas\/uploads\/2026\/08\/nyugdijas_par_vidam_ablak_-755x503.jpg\" alt=\"Egy vid\u00e1m nyugd\u00edjas p\u00e1r az ablak el\u0151tt\" width=\"755\" height=\"503\" srcset=\"https:\/\/www.startlap.hu\/vasarlas\/uploads\/2026\/08\/nyugdijas_par_vidam_ablak_-755x503.jpg 755w, https:\/\/www.startlap.hu\/vasarlas\/uploads\/2026\/08\/nyugdijas_par_vidam_ablak_-525x350.jpg 525w, https:\/\/www.startlap.hu\/vasarlas\/uploads\/2026\/08\/nyugdijas_par_vidam_ablak_.jpg 1200w\" sizes=\"auto, (max-width: 755px) 100vw, 755px\" \/><figcaption id=\"caption-attachment-2285977\" class=\"wp-caption-text\">Kider\u00fclt, hogy mennyi id\u0151t t\u00f6ltenek nyugd\u00edjban a magyarok &#8211; Fot\u00f3: Getty Images<\/figcaption><\/figure>\n<p>A n\u0151kn\u00e9l enn\u00e9l j\u00f3val magasabb, 26,7 \u00e9v volt a nyugd\u00edjban t\u00f6lt\u00f6tt id\u0151 \u00e1tlaga. <strong>Ebbe az adatba a n\u0151k sz\u00e1m\u00e1ra<\/strong> 40 \u00e9v jogosults\u00e1gi id\u0151 ut\u00e1n el\u00e9rhet\u0151 kedvezm\u00e9nyes ell\u00e1t\u00e1st is belesz\u00e1m\u00edtott\u00e1k. <strong>A k\u00e9t nemet egy\u00fctt vizsg\u00e1lva<\/strong> \u00e1tlagosan 23,3 \u00e9v telt el a nyugell\u00e1t\u00e1s kezdet\u00e9t\u0151l a hal\u00e1lig.<\/p>\n<p>Az \u00c1llamkincst\u00e1r adatai alapj\u00e1n a 2025-ben elhunyt f\u00e9rfi nyugd\u00edjasok \u00e1tlagos hal\u00e1loz\u00e1si \u00e9letkora 78,5 \u00e9v volt, m\u00edg a n\u0151k\u00e9 el\u00e9rte a 82,3 \u00e9vet. A f\u00e9rfiak \u00e9s a n\u0151k egy\u00fcttes \u00e1tlaga 80,6 \u00e9v volt.<\/p>\n<h2>K\u00e9t t\u00e9nyez\u0151b\u0151l \u00e1ll \u00f6ssze a 7,6 \u00e9ves k\u00fcl\u00f6nbs\u00e9g<\/h2>\n<p>A 2025-ben elhunyt n\u0151k \u00e1tlagosan 7,6 \u00e9vvel hosszabb id\u0151t t\u00f6lt\u00f6ttek nyugd\u00edjban, mint a f\u00e9rfiak. Ez a jelent\u0151s elt\u00e9r\u00e9s k\u00e9t, szinte pontosan azonos nagys\u00e1g\u00fa t\u00e9nyez\u0151re vezethet\u0151 vissza.<\/p>\n<p><strong>A n\u0151k \u00e1tlagos hal\u00e1loz\u00e1si \u00e9letkora<\/strong> 3,8 \u00e9vvel magasabb volt a f\u00e9rfiak\u00e9n\u00e1l. Ezzel p\u00e1rhuzamosan nyugd\u00edjas \u00e9veiket is hozz\u00e1vet\u0151leg 3,8 \u00e9vvel kor\u00e1bban kezdt\u00e9k meg.<\/p>\n<p>A hal\u00e1loz\u00e1si \u00e9letkor \u00e9s a nyugd\u00edjban t\u00f6lt\u00f6tt id\u0151 k\u00fcl\u00f6nbs\u00e9g\u00e9b\u0151l visszasz\u00e1molva a f\u00e9rfiak k\u00f6r\u00fclbel\u00fcl 59,4, a n\u0151k pedig 55,6 \u00e9ves korukban kezdhett\u00e9k meg nyugd\u00edjas \u00e9veiket. <strong>Ezeket az \u00e9rt\u00e9keket nem k\u00f6zvetlen\u00fcl a Magyar \u00c1llamkincst\u00e1r k\u00f6z\u00f6lte<\/strong>, hanem a k\u00e9t rendelkez\u00e9sre \u00e1ll\u00f3 adat k\u00fcl\u00f6nbs\u00e9g\u00e9b\u0151l lehet kik\u00f6vetkeztetni.<\/p>\n<h2>Az \u00faj nyugd\u00edjasok m\u00e1r j\u00f3val id\u0151sebbek<\/h2>\n<p>A 2026 els\u0151 fel\u00e9ben t\u00e9nylegesen meg\u00e1llap\u00edtott \u00f6regs\u00e9gi nyugd\u00edjak \u00e9letkori adatai jelent\u0151sen elt\u00e9rnek a kor\u00e1bbi nyugd\u00edjas nemzed\u00e9kn\u00e9l visszasz\u00e1m\u00edtott \u00e9rt\u00e9kekt\u0151l.<\/p>\n<p>Az \u00fajonnan nyugd\u00edjba vonul\u00f3 f\u00e9rfiak \u00e1tlagosan 65,1, a n\u0151k pedig 62,6 \u00e9vesek voltak az ell\u00e1t\u00e1s kezdetekor.<\/p>\n<p>Az elt\u00e9r\u0151 \u00e1tlag\u00e9letkorok j\u00f3l mutatj\u00e1k a nyugd\u00edjba vonul\u00e1si lehet\u0151s\u00e9gek k\u00f6z\u00f6tti gyakorlati k\u00fcl\u00f6nbs\u00e9get. Az \u00e1ltal\u00e1nos \u00f6regs\u00e9gi nyugd\u00edjkorhat\u00e1r mindk\u00e9t nem eset\u00e9ben 65 \u00e9v.<\/p>\n<p><strong>A f\u00e9rfiaknak nincs lehet\u0151s\u00e9g\u00fck el\u0151rehozott<\/strong> nyugd\u00edjba vonul\u00e1sra, a n\u0151k azonban legal\u00e1bb 40 \u00e9v jogosults\u00e1gi id\u0151 megszerz\u00e9se ut\u00e1n \u00e9letkorukt\u00f3l f\u00fcggetlen\u00fcl ig\u00e9nyelhetik az \u00f6regs\u00e9gi nyugd\u00edjat.<\/p>\n<p>A N\u0151k40 kedvezm\u00e9nye rendk\u00edv\u00fcl n\u00e9pszer\u0171: a n\u0151i nyugd\u00edjig\u00e9nyl\u0151k csaknem fele ezt a lehet\u0151s\u00e9get v\u00e1lasztva vonul nyugd\u00edjba.<\/p>\n<p><strong>Ebben szerepet j\u00e1tszhat, hogy a program bevezet\u00e9se \u00f3ta<\/strong> az \u00e1ltal\u00e1nos \u00f6regs\u00e9gi nyugd\u00edjkorhat\u00e1r fokozatosan 62-r\u0151l 65 \u00e9vre emelkedett, mik\u00f6zben a 40 \u00e9v jogosults\u00e1gi id\u0151re vonatkoz\u00f3 felt\u00e9telek nem szigorodtak.<\/p>\n<h2>A n\u0151k tov\u00e1bb \u00e9lnek, \u00e9s kor\u00e1bban mennek nyugd\u00edjba<\/h2>\n<p>A f\u00e9rfiak \u00e9s a n\u0151k nyugd\u00edjban t\u00f6lt\u00f6tt \u00e9vei k\u00f6z\u00f6tti k\u00fcl\u00f6nbs\u00e9g m\u00e1sik magyar\u00e1zata a sz\u00fclet\u00e9skor v\u00e1rhat\u00f3 \u00e9lettartamban keresend\u0151. A legut\u00f3bbi ismert, 2025-\u00f6s adatok szerint a f\u00e9rfiakn\u00e1l 74,13, a n\u0151kn\u00e9l pedig 79,96 \u00e9v volt a sz\u00fclet\u00e9skor v\u00e1rhat\u00f3 \u00e9lettartam.<\/p>\n<p>Ez 5,8 \u00e9ves k\u00fcl\u00f6nbs\u00e9get jelent a n\u0151k jav\u00e1ra. A 2025-ben elhunyt nyugd\u00edjasok \u00e1tlagos hal\u00e1loz\u00e1si \u00e9letkor\u00e1ban enn\u00e9l valamivel kisebb, 3,8 \u00e9ves elt\u00e9r\u00e9s mutatkozott. <strong>Ez \u00f6sszhangban \u00e1ll azzal, hogy a n\u0151k v\u00e1rhat\u00f3 \u00e9lettartamban<\/strong> megl\u00e9v\u0151 teljes el\u0151ny\u00e9nek jelent\u0151s r\u00e9sze m\u00e1r az akt\u00edv \u00e9let\u00e9vek sor\u00e1n kialakul.<\/p>\n<p>A rendelkez\u00e9sre \u00e1ll\u00f3 sz\u00e1mok alapj\u00e1n teh\u00e1t a n\u0151k kor\u00e1bban kezdik meg nyugd\u00edjas \u00e9veiket, \u00e9s \u00e1tlagosan tov\u00e1bb is \u00e9lnek. A k\u00e9t t\u00e9nyez\u0151 egy\u00fcttes hat\u00e1s\u00e1ra l\u00e9nyegesen hosszabb ideig r\u00e9szes\u00fclnek nyugell\u00e1t\u00e1sban, mint a f\u00e9rfiak.<\/p>\n<h2>Ezekr\u0151l az adatokr\u00f3l nincs rendszeres t\u00e1j\u00e9koztat\u00e1s<\/h2>\n<p>A most nyilv\u00e1noss\u00e1gra ker\u00fclt sz\u00e1mok az\u00e9rt is k\u00fcl\u00f6n\u00f6sen \u00e9rdekesek, mert a nyugd\u00edjban t\u00f6lt\u00f6tt id\u0151r\u0151l, az \u00fajonnan nyugd\u00edjba vonul\u00f3k \u00e9letkor\u00e1r\u00f3l \u00e9s az elhunyt nyugd\u00edjasok \u00e1tlagos hal\u00e1loz\u00e1si \u00e9letkor\u00e1r\u00f3l <strong>nem jelenik meg rendszeres adatk\u00f6zl\u00e9s.<\/strong><\/p>\n<p>Ezekbe az adatokba ez\u00e9rt t\u00f6bbnyire csak alkalmank\u00e9nt, p\u00e9ld\u00e1ul k\u00f6z\u00e9rdek\u0171 adatig\u00e9nyl\u00e9sek r\u00e9v\u00e9n lehet betekint\u00e9st nyerni.<\/p>\n<div class=\"o-widget m-readMoreWidget -readMore u-shortDecorLineAfter row widget-container _ce_measure_widget bigdata-widget read-more\" data-ce-measure-widget=\"olvass tov\u00e1bb\">\n\t<div class=\"m-readMoreWidget__imgWrapper image-wrapper col-12 col-md-4 no-p\">\n\t\t<a class=\"m-readMoreWidget__imgLink\" href=\"https:\/\/www.startlap.hu\/vasarlas\/legfiatalabb-milliardosok\/\" >\n\t\t\t<img decoding=\"async\" src=\"https:\/\/www.startlap.hu\/vasarlas\/uploads\/2026\/08\/Screenshot-2026-08-31-at-00917-350x285.png\" class=\"m-readMoreWidget__img\">\n\t\t<\/a>\n\t<\/div>\n\t<div class=\"m-readMoreWidget__titleWrapper title-wrapper col-12 col-md-8\">\n\t\t<span class=\"m-readMoreWidget__titleLabel u-shortDecorLineBefore label hidden-sm-up\">Ez is \u00e9rdekelhet:<\/span>\n\t\t<h3 class=\"m-readMoreWidget__title title\">\n\t\t\t<a class=\"m-readMoreWidget__titleLink -secondFont u-bold u-upperCase\" href=\"https:\/\/www.startlap.hu\/vasarlas\/legfiatalabb-milliardosok\/\" >A vil\u00e1g legfiatalabb milli\u00e1rdosa ez a 21 \u00e9ves brazil l\u00e1ny<\/a>\n\t\t<\/h3>\n\t\t<a class=\"m-readMoreWidget__btn -coloredBack u-tC link\" href=\"https:\/\/www.startlap.hu\/vasarlas\/legfiatalabb-milliardosok\/\" >Elolvasom<\/a>\n\t<\/div>\n<\/div>\n","protected":false},"excerpt":{"rendered":"<p>Nem mindegy, hogy valaki f\u00e9rfik\u00e9nt vagy n\u0151k\u00e9nt vonul nyugd\u00edjba: a Magyar \u00c1llamkincst\u00e1r adatai meglep\u0151en nagy k\u00fcl\u00f6nbs\u00e9get t\u00e1rtak fel.<\/p>\n","protected":false},"author":8,"featured_media":2285977,"comment_status":"closed","ping_status":"closed","sticky":false,"template":"","format":"standard","meta":{"footnotes":""},"categories":[8180],"tags":[7772,752,77],"class_list":["post-2285974","post","type-post","status-publish","format-standard","has-post-thumbnail","hentry","category-trending","tag-magyar-allamkincstar","tag-nyugdij","tag-nyugdijas"],"aioseo_notices":[],"_links":{"self":[{"href":"https:\/\/www.startlap.hu\/vasarlas\/wp-json\/wp\/v2\/posts\/2285974","targetHints":{"allow":["GET"]}}],"collection":[{"href":"https:\/\/www.startlap.hu\/vasarlas\/wp-json\/wp\/v2\/posts"}],"about":[{"href":"https:\/\/www.startlap.hu\/vasarlas\/wp-json\/wp\/v2\/types\/post"}],"author":[{"embeddable":true,"href":"https:\/\/www.startlap.hu\/vasarlas\/wp-json\/wp\/v2\/users\/8"}],"replies":[{"embeddable":true,"href":"https:\/\/www.startlap.hu\/vasarlas\/wp-json\/wp\/v2\/comments?post=2285974"}],"version-history":[{"count":5,"href":"https:\/\/www.startlap.hu\/vasarlas\/wp-json\/wp\/v2\/posts\/2285974\/revisions"}],"predecessor-version":[{"id":2285980,"href":"https:\/\/www.startlap.hu\/vasarlas\/wp-json\/wp\/v2\/posts\/2285974\/revisions\/2285980"}],"wp:featuredmedia":[{"embeddable":true,"href":"https:\/\/www.startlap.hu\/vasarlas\/wp-json\/wp\/v2\/media\/2285977"}],"wp:attachment":[{"href":"https:\/\/www.startlap.hu\/vasarlas\/wp-json\/wp\/v2\/media?parent=2285974"}],"wp:term":[{"taxonomy":"category","embeddable":true,"href":"https:\/\/www.startlap.hu\/vasarlas\/wp-json\/wp\/v2\/categories?post=2285974"},{"taxonomy":"post_tag","embeddable":true,"href":"https:\/\/www.startlap.hu\/vasarlas\/wp-json\/wp\/v2\/tags?post=2285974"}],"curies":[{"name":"wp","href":"https:\/\/api.w.org\/{rel}","templated":true}]}}