{"id":2285943,"date":"2026-09-01T05:33:17","date_gmt":"2026-09-01T03:33:17","guid":{"rendered":"https:\/\/www.startlap.hu\/vasarlas\/?p=2285943"},"modified":"2026-08-31T13:05:02","modified_gmt":"2026-08-31T11:05:02","slug":"lidl-parkside-szerszam-bbarkacsolas","status":"publish","type":"post","link":"https:\/\/www.startlap.hu\/vasarlas\/lidl-parkside-szerszam-bbarkacsolas\/","title":{"rendered":"Indulhat a roham a Lidlbe: 4999 forint\u00e9rt adj\u00e1k a 46(!) r\u00e9szes szettet cs\u00fct\u00f6rt\u00f6kt\u0151l, aminek minden h\u00e1ztart\u00e1sban ott a helye"},"content":{"rendered":"<p>Aki szeret otthon szerelni, jav\u00edtani, \u00f6sszerakni vagy \u00e9ppen sz\u00e9tszedni ezt-azt, annak hamarosan \u00e9rdemes lehet k\u00f6r\u00fcln\u00e9znie a <a href=\"https:\/\/www.startlap.hu\/vasarlas\/fantomkent-elo-milliardos-all-a-lidl-mogott-dieter-schwarz-zoldsegesbol-lett-europa-egyik-leggazdagabb-embere\/\" target=\"_blank\" rel=\"noopener\">Lidl<\/a> polcain. Egy kompakt, sokf\u00e9le feladatra bevethet\u0151 <a href=\"https:\/\/www.startlap.hu\/vasarlas\/aldi-ferrex-szerszamok-sajatmarkas-barkacsolas\/\" target=\"_blank\" rel=\"noopener\">szersz\u00e1mos<\/a> \u00f6ssze\u00e1ll\u00edt\u00e1s \u00e9rkezik, r\u00e1ad\u00e1sul olyan \u00e1rc\u00e9dul\u00e1val, amely mellett neh\u00e9z sz\u00f3 n\u00e9lk\u00fcl elmenni.<\/p>\n<div class=\"o-widget m-readMoreWidget -readMore u-shortDecorLineAfter row widget-container _ce_measure_widget bigdata-widget read-more\" data-ce-measure-widget=\"olvass tov\u00e1bb\">\n\t<div class=\"m-readMoreWidget__imgWrapper image-wrapper col-12 col-md-4 no-p\">\n\t\t<a class=\"m-readMoreWidget__imgLink\" href=\"https:\/\/www.startlap.hu\/vasarlas\/takaritas-rendrakas-pszichologia-vendegek\/\" >\n\t\t\t<img decoding=\"async\" src=\"https:\/\/www.startlap.hu\/vasarlas\/uploads\/2026\/07\/takaritas-6-350x285.jpg\" class=\"m-readMoreWidget__img\">\n\t\t<\/a>\n\t<\/div>\n\t<div class=\"m-readMoreWidget__titleWrapper title-wrapper col-12 col-md-8\">\n\t\t<span class=\"m-readMoreWidget__titleLabel u-shortDecorLineBefore label hidden-sm-up\">Ez is \u00e9rdekelhet:<\/span>\n\t\t<h3 class=\"m-readMoreWidget__title title\">\n\t\t\t<a class=\"m-readMoreWidget__titleLink -secondFont u-bold u-upperCase\" href=\"https:\/\/www.startlap.hu\/vasarlas\/takaritas-rendrakas-pszichologia-vendegek\/\" >Pszichol\u00f3gia: azok, akik csak akkor raknak rendet, ha vend\u00e9get v\u00e1rnak, meglep\u0151 tulajdons\u00e1gokkal rendelkeznek<\/a>\n\t\t<\/h3>\n\t\t<a class=\"m-readMoreWidget__btn -coloredBack u-tC link\" href=\"https:\/\/www.startlap.hu\/vasarlas\/takaritas-rendrakas-pszichologia-vendegek\/\" >Elolvasom<\/a>\n\t<\/div>\n<\/div>\n<p>A kisebb jav\u00edt\u00e1sokhoz ugyanis nem felt\u00e9tlen\u00fcl kell komplett m\u0171helyt berendezni. Egy kilazult csavar megh\u00faz\u00e1s\u00e1hoz, egy b\u00fator \u00f6sszeszerel\u00e9s\u00e9hez, egy ker\u00e9kp\u00e1r apr\u00f3bb jav\u00edt\u00e1s\u00e1hoz vagy ak\u00e1r egy h\u00e1z k\u00f6r\u00fcli szerel\u00e9si feladathoz is sokszor el\u00e9g egy j\u00f3l \u00f6ssze\u00e1ll\u00edtott szersz\u00e1mk\u00e9szlet. A Lidl szeptember 3-\u00e1t\u00f3l k\u00edn\u00e1lt \u00fajdons\u00e1ga \u00e9ppen ezt a c\u00e9lt szolg\u00e1lhatja.<\/p>\n<h2>Mi \u00e9rkezik a Lidlbe cs\u00fct\u00f6rt\u00f6k\u00f6n?<\/h2>\n<p>A sz\u00f3ban forg\u00f3 \u00fajdons\u00e1g a <strong><a href=\"https:\/\/www.startlap.hu\/vasarlas\/lidl-parkside-szerszamok-titkok-barkacs\/\" target=\"_blank\" rel=\"noopener\">Parkside<\/a> 46 r\u00e9szes racsnis bitk\u00e9szlete<\/strong>, amelyr\u0151l <a href=\"https:\/\/akcios-ujsag.hu\/akcios-ujsagok\/lidl-nonfood-akcios-ujsag-2026-09-03\/#3\" target=\"_blank\" target=\"_blank\" rel=\"noopener\"><strong>k\u00e9p is l\u00e1that\u00f3 a Lidl akci\u00f3s \u00fajs\u00e1gj\u00e1ban<\/strong><\/a>. A term\u00e9k cikksz\u00e1ma 516296, \u00e9s a gy\u00e1rt\u00f3i le\u00edr\u00e1s szerint kr\u00f3m-van\u00e1dium, valamint S2-ac\u00e9lb\u00f3l k\u00e9sz\u00fcl. A m\u00e9retjel\u00f6l\u00e9seket l\u00e9zergrav\u00edroz\u00e1ssal tett\u00e9k j\u00f3l l\u00e1that\u00f3v\u00e1, ami els\u0151re apr\u00f3s\u00e1gnak t\u0171nhet, haszn\u00e1lat k\u00f6zben azonban kifejezetten praktikus.&nbsp;<\/p>\n<h2>Mi\u00e9rt lehet hasznos egy ilyen \u00f6ssze\u00e1ll\u00edt\u00e1s?<\/h2>\n<p>Aki m\u00e1r pr\u00f3b\u00e1lt egy b\u00fatorlapba betekert csavarral vagy egy nehezen hozz\u00e1f\u00e9rhet\u0151 k\u00f6t\u0151elemmel dolgozni, pontosan tudja, mennyit sz\u00e1m\u00edt, ha nem egyetlen csavarh\u00faz\u00f3 \u00e1ll rendelkez\u00e9sre. A k\u00fcl\u00f6nb\u00f6z\u0151 bitek \u00e9s dug\u00f3kulcsok seg\u00edts\u00e9g\u00e9vel t\u00f6bbf\u00e9le csavarfejhez \u00e9s r\u00f6gz\u00edt\u0151elemhez is megtal\u00e1lhat\u00f3 lehet a megfelel\u0151 fej.<\/p>\n<p>A racsnis megold\u00e1s egyik nagy el\u0151nye, hogy <strong>nem kell minden egyes fordulat ut\u00e1n teljesen levenni a szersz\u00e1mot a csavarr\u00f3l<\/strong>. A megfelel\u0151 ir\u00e1nyba \u00e1ll\u00edtva a racsni gyorsabb munk\u00e1t tesz lehet\u0151v\u00e9, k\u00fcl\u00f6n\u00f6sen olyan helyeken, ahol kev\u00e9s hely marad a szerel\u00e9sre.<\/p>\n<p><strong>A k\u00e9szlet f\u0151bb el\u0151nyei:<\/strong><\/p>\n<ul>\n<li>46 r\u00e9szes \u00f6ssze\u00e1ll\u00edt\u00e1s, \u00edgy t\u00f6bbf\u00e9le feladathoz haszn\u00e1lhat\u00f3;<\/li>\n<li>kr\u00f3m-van\u00e1dium \u00e9s S2-ac\u00e9l alapanyag;<\/li>\n<li>j\u00f3l l\u00e1that\u00f3, l\u00e9zergrav\u00edrozott m\u00e9retjel\u00f6l\u00e9sek;<\/li>\n<li>kompakt, rendszerezett t\u00e1rol\u00e1s;<\/li>\n<li>otthoni bark\u00e1csol\u00e1shoz \u00e9s kisebb szerel\u00e9si munk\u00e1khoz is praktikus lehet;<\/li>\n<\/ul>\n<h2>Nem csak a gyakorlott bark\u00e1csol\u00f3knak aj\u00e1nlott<\/h2>\n<p>A hasonl\u00f3 k\u00e9szletek egyik legnagyobb el\u0151nye, hogy haszn\u00e1latukhoz nem sz\u00fcks\u00e9ges profi szerel\u0151nek lenni. Egy otthoni szersz\u00e1mosl\u00e1d\u00e1ban is j\u00f3l j\u00f6hetnek, hiszen rendszeresen akad olyan helyzet, amikor egyetlen megfelel\u0151 bit vagy dug\u00f3kulcs hi\u00e1nya miatt v\u00e1lik k\u00f6r\u00fclm\u00e9nyess\u00e9 egy egyszer\u0171 feladat.<\/p>\n<p>Egy lapraszerelt b\u00fator \u00f6sszerak\u00e1s\u00e1n\u00e1l, egy polc r\u00f6gz\u00edt\u00e9s\u00e9n\u00e9l, egy <a href=\"https:\/\/www.startlap.hu\/vasarlas\/bmx-banditak-csepel-kerekpar\/\" target=\"_blank\" rel=\"noopener\">ker\u00e9kp\u00e1r<\/a> bizonyos alkatr\u00e9szeinek karbantart\u00e1s\u00e1n\u00e1l vagy egy h\u00e1ztart\u00e1si t\u00e1rgy kisebb jav\u00edt\u00e1s\u00e1n\u00e1l is el\u0151ker\u00fclhetnek olyan csavarok, amelyekkel nem b\u00edrk\u00f3zi meg egy hagyom\u00e1nyos csavarh\u00faz\u00f3.&nbsp;\u00c9ppen ez\u00e9rt<\/p>\n<blockquote class=\"article__extraTxt\"><p>egy ilyen k\u00e9szletnek azok is haszn\u00e1t veszik, akik csak ritk\u00e1n bark\u00e1csolnak.<\/p><\/blockquote>\n<p>Nem kell minden egyes munk\u00e1hoz k\u00fcl\u00f6n-k\u00fcl\u00f6n szersz\u00e1mot beszerezni\u00fck: a k\u00fcl\u00f6nf\u00e9le fejek egyetlen t\u00e1rol\u00f3ban megtal\u00e1lhat\u00f3k.<\/p>\n<h2>A 46 darab \u00f6nmag\u00e1ban nem minden &#8211; ezt is \u00e9rdemes megn\u00e9zni<\/h2>\n<p>V\u00e1s\u00e1rl\u00e1s el\u0151tt term\u00e9szetesen nem \u00e9rdemes puszt\u00e1n a darabsz\u00e1m alapj\u00e1n d\u00f6nteni. Egy 46 r\u00e9szes k\u00e9szlet akkor igaz\u00e1n hasznos, ha olyan fejeket \u00e9s kieg\u00e9sz\u00edt\u0151ket tartalmaz, amelyekre t\u00e9nylegesen sz\u00fcks\u00e9g\u00fcnk lehet.<\/p>\n<p><strong>Fontos szempont lehet p\u00e9ld\u00e1ul:<\/strong><\/p>\n<ul>\n<li>milyen csavarfejprofilok tal\u00e1lhat\u00f3k benne;<\/li>\n<li>milyen m\u00e9ret\u0171 dug\u00f3kulcsok \u00e1llnak rendelkez\u00e9sre;<\/li>\n<li>mennyire k\u00f6nnyen azonos\u00edthat\u00f3k a k\u00fcl\u00f6nb\u00f6z\u0151 m\u00e9retek;<\/li>\n<li>mennyire praktikus a t\u00e1rol\u00f3doboz;<\/li>\n<li>mennyire k\u00e9nyelmes a racsni haszn\u00e1lata;<\/li>\n<li>milyen anyagb\u00f3l k\u00e9sz\u00fclnek a szersz\u00e1mok.<\/li>\n<\/ul>\n<p>A Lidl \u00e1ltal megadott adatok alapj\u00e1n enn\u00e9l a modelln\u00e9l <strong>a tart\u00f3ss\u00e1gra is figyeltek<\/strong>: a k\u00e9szlet kr\u00f3m-van\u00e1diumb\u00f3l \u00e9s S2-ac\u00e9lb\u00f3l k\u00e9sz\u00fcl, a m\u00e9retjel\u00f6l\u00e9sek pedig l\u00e9zergrav\u00edroz\u00e1ssal ker\u00fcltek az elemekre.&nbsp;<\/p>\n<h2>Meg\u00e9ri ennyi\u00e9rt a Parkside-k\u00e9szlet?<\/h2>\n<p>Az <a href=\"https:\/\/www.startlap.hu\/vasarlas\/inflacio-elelmiszerarak-arstop-tomegkozlekedes-mez-alberletpiac\/\" target=\"_blank\" rel=\"noopener\">\u00e1rc\u00e9dula<\/a> k\u00e9ts\u00e9gtelen\u00fcl figyelemfelkelt\u0151.&nbsp;<strong>4999 forint\u00e9rt 46 r\u00e9szes k\u00e9szletet<\/strong>&nbsp;k\u00edn\u00e1lni olyan aj\u00e1nlat, amely els\u0151sorban azok sz\u00e1m\u00e1ra lehet \u00e9rdekes, akik \u00e9ppen most szeretn\u00e9k b\u0151v\u00edteni az otthoni szersz\u00e1mk\u00e9szlet\u00fcket.<\/p>\n<p>A Parkside-term\u00e9kekn\u00e9l r\u00e1ad\u00e1sul nem szokatlan, hogy a bark\u00e1csolni szeret\u0151 v\u00e1s\u00e1rl\u00f3k egy-egy akci\u00f3s id\u0151szakban csapnak le a sz\u00e1mukra hasznos eszk\u00f6z\u00f6kre. A Lidl kor\u00e1bbi aj\u00e1nlatai k\u00f6z\u00f6tt is rendszeresen szerepeltek k\u00fcl\u00f6nb\u00f6z\u0151 racsnis, bit- \u00e9s dug\u00f3kulcs-k\u00e9szletek, jellemz\u0151en n\u00e9h\u00e1ny ezer forintos \u00e1rs\u00e1vban.<\/p>\n<figure id=\"attachment_2285954\" aria-describedby=\"caption-attachment-2285954\" style=\"width: 755px\" class=\"wp-caption alignnone\"><a href=\"https:\/\/www.startlap.hu\/vasarlas\/uploads\/2026\/09\/lidl-vasarlok.jpg\"><img loading=\"lazy\" decoding=\"async\" class=\"size-article-size-large-image wp-image-2285954\" src=\"https:\/\/www.startlap.hu\/vasarlas\/uploads\/2026\/09\/lidl-vasarlok-755x472.jpg\" alt=\"V\u00e1s\u00e1rl\u00f3k egy Lidl \u00fczlet bej\u00e1rata el\u0151tt.\" width=\"755\" height=\"472\" srcset=\"https:\/\/www.startlap.hu\/vasarlas\/uploads\/2026\/09\/lidl-vasarlok-755x472.jpg 755w, https:\/\/www.startlap.hu\/vasarlas\/uploads\/2026\/09\/lidl-vasarlok-560x350.jpg 560w, https:\/\/www.startlap.hu\/vasarlas\/uploads\/2026\/09\/lidl-vasarlok.jpg 1500w\" sizes=\"auto, (max-width: 755px) 100vw, 755px\" \/><\/a><figcaption id=\"caption-attachment-2285954\" class=\"wp-caption-text\">A Parkside 46 r\u00e9szes racsnis bitk\u00e9szlete otthoni bark\u00e1csol\u00e1shoz \u00e9s kisebb szerel\u00e9si munk\u00e1khoz is praktikus megold\u00e1s. Fot\u00f3: Thibaut Durand \/ Hans Lucas \/ AFP<\/figcaption><\/figure>\n<h2>\u00c9rdemes lehet id\u0151ben indulni<\/h2>\n<p>Az ilyen bark\u00e1cs- \u00e9s NonFood-term\u00e9kekn\u00e9l az egyik legfontosabb t\u00e9nyez\u0151, hogy a k\u00e9szlet \u00fczletenk\u00e9nt elt\u00e9rhet. A Lidl akci\u00f3s term\u00e9kein\u00e9l \u00e1ltal\u00e1nos figyelmeztet\u00e9s, hogy az \u00e1ruk ak\u00e1r m\u00e1r az akci\u00f3 els\u0151 napj\u00e1n elfogyhatnak. Emiatt aki konkr\u00e9tan ezt a 46 r\u00e9szes k\u00e9szletet szeretn\u00e9 megv\u00e1s\u00e1rolni, annak nem felt\u00e9tlen\u00fcl \u00e9rdemes napokkal k\u00e9s\u0151bbre hagynia a beszerz\u00e9st. Nem lenn\u00e9nk meglepve, ha m\u00e1r cs\u00fct\u00f6rt\u00f6k kora reggel megrohamozn\u00e1k a v\u00e1s\u00e1rl\u00f3k a boltokat.<\/p>\n<p><strong>R\u00f6vide,&nbsp;namit tudni \u00e9rdemes:<\/strong><\/p>\n<ul>\n<li>Term\u00e9k: Parkside 46 r\u00e9szes racsnis bitk\u00e9szlet<\/li>\n<li>El\u00e9rhet\u0151s\u00e9g: a Lidlben szeptember 3-t\u00f3l<\/li>\n<li>\u00c1r: 4999 Ft\/k\u00e9szlet<\/li>\n<li>Cikksz\u00e1m: 516296<\/li>\n<li>Anyag: kr\u00f3m-van\u00e1dium \u00e9s S2-ac\u00e9l<\/li>\n<li>Kiemelt tulajdons\u00e1g: l\u00e9zergrav\u00edrozott m\u00e9retjel\u00f6l\u00e9sek<\/li>\n<li>Garancia: a Lidl term\u00e9koldala 3 \u00e9v garanci\u00e1t t\u00fcntet fel.&nbsp;<\/li>\n<\/ul>\n<p>A Parkside 46 r\u00e9szes racsnis bitk\u00e9szlet teh\u00e1t t\u00f6bbf\u00e9le szerel\u00e9si feladathoz k\u00edn\u00e1l egyetlen k\u00e9szletben eszk\u00f6z\u00f6ket.&nbsp;Persze ez a term\u00e9k sem helyettes\u00edt egy komplett m\u0171helyt: komolyabb, nagy terhel\u00e9st ig\u00e9nyl\u0151 munk\u00e1khoz mindig az adott feladathoz megfelel\u0151, arra m\u00e9retezett szersz\u00e1mot \u00e9rdemes v\u00e1lasztani. \u00c1tlagos otthoni szerel\u00e9shez \u00e9s bark\u00e1csol\u00e1shoz azonban a szeptember 3-t\u00f3l \u00e9rkez\u0151 k\u00e9szlet \u00e1r-\u00e9rt\u00e9k ar\u00e1nyban kifejezetten figyelemfelkelt\u0151 aj\u00e1nlatnak t\u0171nik.&nbsp;<\/p>\n<p data-mrf-recirculation=\"[Article Startlap] Inline links\"><strong>\u00c9rdemes az&nbsp;<a href=\"https:\/\/akcios-ujsag.hu\/\" target=\"_blank\" target=\"_blank\" rel=\"noopener\" data-mrf-recirculation=\"[Article Startlap] Inline Links\" data-mrf-link=\"https:\/\/akcios-ujsag.hu\/\" data-mrf-recirculation-id=\"[Article Startlap] Inline Links_2\">Akci\u00f3s-\u00dajs\u00e1g.hu<\/a>&nbsp;oldal\u00e1n megtal\u00e1lhat\u00f3 m\u00e1s \u00e1ruh\u00e1zl\u00e1ncok akci\u00f3s term\u00e9keit is \u00e1tb\u00f6ng\u00e9szni, p\u00e9ld\u00e1ul:<\/strong><\/p>\n<ul>\n<li><a href=\"https:\/\/akcios-ujsag.hu\/akcios-ujsag\/elelmiszer-aruhaz\/aldi\/\" target=\"_blank\" target=\"_blank\" rel=\"noopener\"><strong>Aldi<\/strong><\/a><\/li>\n<li><a href=\"https:\/\/akcios-ujsag.hu\/akcios-ujsag\/elelmiszer-aruhaz\/auchan\/\" target=\"_blank\" target=\"_blank\" rel=\"noopener\"><strong>Auchan<\/strong><\/a><\/li>\n<li><a href=\"https:\/\/akcios-ujsag.hu\/akcios-ujsag\/elelmiszer-aruhaz\/spar-interspar\/\" target=\"_blank\" target=\"_blank\" rel=\"noopener\"><strong>Interspar<\/strong><\/a><\/li>\n<li><a href=\"https:\/\/akcios-ujsag.hu\/akcios-ujsag\/elelmiszer-aruhaz\/penny-market\/\" target=\"_blank\" target=\"_blank\" rel=\"noopener\"><strong>Penny&nbsp;<\/strong><\/a><\/li>\n<li><a href=\"https:\/\/akcios-ujsag.hu\/akcios-ujsag\/elelmiszer-aruhaz\/tesco\/\" target=\"_blank\" target=\"_blank\" rel=\"noopener\"><strong>Tesco<\/strong><\/a><\/li>\n<\/ul>\n<div class=\"o-widget m-readMoreWidget -readMore u-shortDecorLineAfter row widget-container _ce_measure_widget bigdata-widget read-more\" data-ce-measure-widget=\"olvass tov\u00e1bb\">\n\t<div class=\"m-readMoreWidget__imgWrapper image-wrapper col-12 col-md-4 no-p\">\n\t\t<a class=\"m-readMoreWidget__imgLink\" href=\"https:\/\/www.startlap.hu\/vasarlas\/rizs-fozes-alaple-receptek\/\" >\n\t\t\t<img decoding=\"async\" src=\"https:\/\/www.startlap.hu\/vasarlas\/uploads\/2026\/08\/rizs-1-350x285.jpg\" class=\"m-readMoreWidget__img\">\n\t\t<\/a>\n\t<\/div>\n\t<div class=\"m-readMoreWidget__titleWrapper title-wrapper col-12 col-md-8\">\n\t\t<span class=\"m-readMoreWidget__titleLabel u-shortDecorLineBefore label hidden-sm-up\">Ez is \u00e9rdekelhet:<\/span>\n\t\t<h3 class=\"m-readMoreWidget__title title\">\n\t\t\t<a class=\"m-readMoreWidget__titleLink -secondFont u-bold u-upperCase\" href=\"https:\/\/www.startlap.hu\/vasarlas\/rizs-fozes-alaple-receptek\/\" >A spanyol s\u00e9fek egyhang\u00falag \u00e1ll\u00edtj\u00e1k: \u201eA feh\u00e9r rizst nem v\u00edzzel kell f\u0151zni, hanem\u2026\u201d<\/a>\n\t\t<\/h3>\n\t\t<a class=\"m-readMoreWidget__btn -coloredBack u-tC link\" href=\"https:\/\/www.startlap.hu\/vasarlas\/rizs-fozes-alaple-receptek\/\" >Elolvasom<\/a>\n\t<\/div>\n<\/div>\n","protected":false},"excerpt":{"rendered":"<p>A Lidlben most egy olyan bark\u00e1cs\u00fajdons\u00e1g bukkan fel, amelynek nagy haszn\u00e1t vehetik a legt\u00f6bb h\u00e1ztart\u00e1sban. A kompakt \u00f6ssze\u00e1ll\u00edt\u00e1s t\u00f6bbf\u00e9le szerel\u00e9si feladathoz k\u00edn\u00e1l eszk\u00f6z\u00f6ket, mik\u00f6zben az \u00e1ra is meglehet\u0151sen vonz\u00f3. Aki r\u00e9g\u00f3ta tervezte a szersz\u00e1mosl\u00e1d\u00e1ja b\u0151v\u00edt\u00e9s\u00e9t, annak \u00e9rdemes lehet fel\u00edrnia a szeptember 3-ai d\u00e1tumot.<\/p>\n","protected":false},"author":7,"featured_media":2285954,"comment_status":"closed","ping_status":"closed","sticky":false,"template":"","format":"standard","meta":{"footnotes":""},"categories":[8180],"tags":[2368,14049,280,19147,13080],"class_list":["post-2285943","post","type-post","status-publish","format-standard","has-post-thumbnail","hentry","category-trending","tag-akcio","tag-barkacsolas","tag-lidl","tag-parkside","tag-szerszamok"],"aioseo_notices":[],"_links":{"self":[{"href":"https:\/\/www.startlap.hu\/vasarlas\/wp-json\/wp\/v2\/posts\/2285943","targetHints":{"allow":["GET"]}}],"collection":[{"href":"https:\/\/www.startlap.hu\/vasarlas\/wp-json\/wp\/v2\/posts"}],"about":[{"href":"https:\/\/www.startlap.hu\/vasarlas\/wp-json\/wp\/v2\/types\/post"}],"author":[{"embeddable":true,"href":"https:\/\/www.startlap.hu\/vasarlas\/wp-json\/wp\/v2\/users\/7"}],"replies":[{"embeddable":true,"href":"https:\/\/www.startlap.hu\/vasarlas\/wp-json\/wp\/v2\/comments?post=2285943"}],"version-history":[{"count":5,"href":"https:\/\/www.startlap.hu\/vasarlas\/wp-json\/wp\/v2\/posts\/2285943\/revisions"}],"predecessor-version":[{"id":2285957,"href":"https:\/\/www.startlap.hu\/vasarlas\/wp-json\/wp\/v2\/posts\/2285943\/revisions\/2285957"}],"wp:featuredmedia":[{"embeddable":true,"href":"https:\/\/www.startlap.hu\/vasarlas\/wp-json\/wp\/v2\/media\/2285954"}],"wp:attachment":[{"href":"https:\/\/www.startlap.hu\/vasarlas\/wp-json\/wp\/v2\/media?parent=2285943"}],"wp:term":[{"taxonomy":"category","embeddable":true,"href":"https:\/\/www.startlap.hu\/vasarlas\/wp-json\/wp\/v2\/categories?post=2285943"},{"taxonomy":"post_tag","embeddable":true,"href":"https:\/\/www.startlap.hu\/vasarlas\/wp-json\/wp\/v2\/tags?post=2285943"}],"curies":[{"name":"wp","href":"https:\/\/api.w.org\/{rel}","templated":true}]}}