{"id":2285938,"date":"2026-09-01T10:03:30","date_gmt":"2026-09-01T08:03:30","guid":{"rendered":"https:\/\/www.startlap.hu\/vasarlas\/?p=2285938"},"modified":"2026-09-01T11:00:52","modified_gmt":"2026-09-01T09:00:52","slug":"eu-kutya-cica-gazdak-szabalyok","status":"publish","type":"post","link":"https:\/\/www.startlap.hu\/vasarlas\/eu-kutya-cica-gazdak-szabalyok\/","title":{"rendered":"Hivatalos: az EU megv\u00e1ltoztatja a kutya- \u00e9s macskatart\u00e1s szab\u00e1lyait, \u00faj k\u00f6telezetts\u00e9gek is j\u00f6nnek"},"content":{"rendered":"<p>\u00daj szab\u00e1lyokat vezet be az <a href=\"https:\/\/www.startlap.hu\/vasarlas\/oraatallitas-eu-szabalyok-felmeres\/\" target=\"_blank\" rel=\"noopener\">Eur\u00f3pai Uni\u00f3<\/a> a <a href=\"https:\/\/www.startlap.hu\/vasarlas\/kullancs-kereses-funkcio-telefon-invertalt-szuro\/\" target=\"_blank\" rel=\"noopener\">kuty\u00e1k<\/a> \u00e9s macsk\u00e1k j\u00f3l\u00e9t\u00e9vel, azonos\u00edt\u00e1s\u00e1val \u00e9s nyomon k\u00f6vethet\u0151s\u00e9g\u00e9vel kapcsolatban. Az err\u0151l sz\u00f3l\u00f3 rendelet <strong>2026. augusztus 30-\u00e1n hivatalosan hat\u00e1lyba l\u00e9pett<\/strong>, \u00e1m ez nem jelenti azt, hogy a gazdiknak m\u00e1r most minden el\u0151\u00edr\u00e1shoz alkalmazkodniuk kellene. Az \u00faj rendelkez\u00e9seket ugyanis t\u00f6bb l\u00e9pcs\u0151ben vezetik be, egy r\u00e9sz\u00fck csak \u00e9vek m\u00falva \u00e9rinti majd k\u00f6zvetlen\u00fcl az \u00e1llattart\u00f3kat.<\/p>\n<div class=\"o-widget m-readMoreWidget -readMore u-shortDecorLineAfter row widget-container _ce_measure_widget bigdata-widget read-more\" data-ce-measure-widget=\"olvass tov\u00e1bb\">\n\t<div class=\"m-readMoreWidget__imgWrapper image-wrapper col-12 col-md-4 no-p\">\n\t\t<a class=\"m-readMoreWidget__imgLink\" href=\"https:\/\/www.startlap.hu\/vasarlas\/csomagdij-europa-temu-shein-kina\/\" >\n\t\t\t<img decoding=\"async\" src=\"https:\/\/www.startlap.hu\/vasarlas\/uploads\/2026\/08\/csomag-posta-temu-350x285.jpg\" class=\"m-readMoreWidget__img\">\n\t\t<\/a>\n\t<\/div>\n\t<div class=\"m-readMoreWidget__titleWrapper title-wrapper col-12 col-md-8\">\n\t\t<span class=\"m-readMoreWidget__titleLabel u-shortDecorLineBefore label hidden-sm-up\">Ez is \u00e9rdekelhet:<\/span>\n\t\t<h3 class=\"m-readMoreWidget__title title\">\n\t\t\t<a class=\"m-readMoreWidget__titleLink -secondFont u-bold u-upperCase\" href=\"https:\/\/www.startlap.hu\/vasarlas\/csomagdij-europa-temu-shein-kina\/\" >Visszafel\u00e9 s\u00fclt el a Kin\u00e1b\u00f3l \u00e9rkez\u0151 csomagokra kivetett 3 eur\u00f3s v\u00e1m: cs\u00f6kkent a rendel\u00e9sek sz\u00e1ma, m\u00e9gis n\u0151tt az \u00e9rt\u00e9k\u00fck<\/a>\n\t\t<\/h3>\n\t\t<a class=\"m-readMoreWidget__btn -coloredBack u-tC link\" href=\"https:\/\/www.startlap.hu\/vasarlas\/csomagdij-europa-temu-shein-kina\/\" >Elolvasom<\/a>\n\t<\/div>\n<\/div>\n<p>A v\u00e1ltoz\u00e1s alapja az (EU) 2026\/1818 <a href=\"https:\/\/eur-lex.europa.eu\/legal-content\/HU\/TXT\/?uri=CELEX%3A32026R1818\" target=\"_blank\" target=\"_blank\" rel=\"noopener\">rendelet<\/a>, amelyet augusztus 10-\u00e9n tettek k\u00f6zz\u00e9. Ez az els\u0151 olyan uni\u00f3s szab\u00e1lyoz\u00e1s, amely k\u00f6z\u00f6s k\u00f6vetelm\u00e9nyeket hat\u00e1roz meg a kuty\u00e1k \u00e9s macsk\u00e1k j\u00f3l\u00e9t\u00e9vel \u00e9s nyomon k\u00f6vethet\u0151s\u00e9g\u00e9vel kapcsolatban.&nbsp;<\/p>\n<h2>Nem minden \u00faj szab\u00e1ly l\u00e9p \u00e9letbe egyszerre<\/h2>\n<p>B\u00e1r a rendelet 2026. augusztus 30-\u00e1n hat\u00e1lyba l\u00e9pett, az alkalmaz\u00e1sa csak 2028. augusztus 31-\u00e9n kezd\u0151dik meg. R\u00e1ad\u00e1sul t\u00f6bb rendelkez\u00e9sre k\u00fcl\u00f6n hat\u00e1rid\u0151 vonatkozik, vagyis bizonyos v\u00e1ltoz\u00e1sok enn\u00e9l is j\u00f3val k\u00e9s\u0151bb \u00e9rkeznek majd.&nbsp;<\/p>\n<blockquote class=\"article__extraTxt\"><p>Az egyik legk\u00e9s\u0151bb \u00e9letbe l\u00e9p\u0151 v\u00e1ltoz\u00e1s p\u00e9ld\u00e1ul azokat \u00e9rinti majd, akik az Eur\u00f3pai Uni\u00f3n k\u00edv\u00fclr\u0151l utaznak be kuty\u00e1jukkal vagy macsk\u00e1jukkal.<\/p><\/blockquote>\n<figure id=\"attachment_2285940\" aria-describedby=\"caption-attachment-2285940\" style=\"width: 755px\" class=\"wp-caption alignnone\"><img loading=\"lazy\" decoding=\"async\" class=\"wp-image-2285940 size-article-size-large-image\" src=\"https:\/\/www.startlap.hu\/vasarlas\/uploads\/2026\/08\/kutya-cica-755x503.jpg\" alt=\"fiatal p\u00e1r kuty\u00e1val \u00e9s cic\u00e1val\" width=\"755\" height=\"503\" srcset=\"https:\/\/www.startlap.hu\/vasarlas\/uploads\/2026\/08\/kutya-cica-755x503.jpg 755w, https:\/\/www.startlap.hu\/vasarlas\/uploads\/2026\/08\/kutya-cica-1536x1024.jpg 1536w, https:\/\/www.startlap.hu\/vasarlas\/uploads\/2026\/08\/kutya-cica-2048x1365.jpg 2048w, https:\/\/www.startlap.hu\/vasarlas\/uploads\/2026\/08\/kutya-cica-525x350.jpg 525w\" sizes=\"auto, (max-width: 755px) 100vw, 755px\" \/><figcaption id=\"caption-attachment-2285940\" class=\"wp-caption-text\">A gazdiknak nem kell agg\u00f3dni: m\u00e9g van n\u00e9h\u00e1ny \u00e9v\u00fcnk, mire minden v\u00e1ltoz\u00e1st alkalmazni kezdenek majd. Fot\u00f3: Getty Images<\/figcaption><\/figure>\n<h2>\u00daj k\u00f6telezetts\u00e9g j\u00f6n, ha kuty\u00e1val vagy macsk\u00e1val l\u00e9psz be az EU-ba<\/h2>\n<p>2036. augusztus 31-t\u0151l bizonyos, harmadik orsz\u00e1gb\u00f3l \u00e9rkez\u0151 kuty\u00e1k \u00e9s macsk\u00e1k nem kereskedelmi c\u00e9l\u00fa utaz\u00e1s\u00e1t <strong>el\u0151zetesen be kell majd jelenteni az uni\u00f3s rendszerben.<\/strong> A rendelet 26. cikke szerint, ha egy \u00e1llat az EU-n k\u00edv\u00fcli orsz\u00e1gb\u00f3l vagy ter\u00fcletr\u0151l \u00e9rkezik az Eur\u00f3pai Uni\u00f3ba, a tulajdonosnak vagy az \u00e1llat\u00e9rt felel\u0151s szem\u00e9lynek <strong>el\u0151zetesen meg kell adnia az el\u0151\u00edrt inform\u00e1ci\u00f3kat.<\/strong><\/p>\n<blockquote class=\"article__extraTxt\"><p>A bejelent\u00e9st&nbsp; legal\u00e1bb \u00f6t munkanappal az EU-ba t\u00f6rt\u00e9n\u0151 bel\u00e9p\u00e9s el\u0151tt kell majd megtenni.<\/p><\/blockquote>\n<p>Ez azonban nem vonatkozik automatikusan minden egyes \u00e1llatra \u00e9s minden helyzetre. A rendelet kiv\u00e9teleket is meghat\u00e1roz, <strong>p\u00e9ld\u00e1ul&nbsp; azokn\u00e1l az \u00e1llatokn\u00e1l, amelyek m\u00e1r szerepelnek valamelyik uni\u00f3s tag\u00e1llam megfelel\u0151 adatb\u00e1zis\u00e1ban. <\/strong>A j\u00f6v\u0151ben azoknak is sz\u00e1molniuk kell ezzel a v\u00e1ltoz\u00e1ssal, akik az EU-n k\u00edv\u00fcli nyaral\u00e1sr\u00f3l vagy hosszabb tart\u00f3zkod\u00e1sr\u00f3l t\u00e9rnek vissza kedvenc\u00fckkel.<\/p>\n<h2>A kuty\u00e1k \u00e9s macsk\u00e1k regisztr\u00e1ci\u00f3ja is v\u00e1ltozik<\/h2>\n<p>Az \u00faj uni\u00f3s szab\u00e1lyoz\u00e1s nem csak az utaz\u00e1sra terjed ki.&nbsp; A rendelet hat\u00e1lya al\u00e1 tartoz\u00f3 kuty\u00e1kat \u00e9s <a href=\"https:\/\/www.startlap.hu\/vasarlas\/kutya-macska-hus-arusitas-tomohon-piac-vege\/\" target=\"_blank\" rel=\"noopener\">macsk\u00e1kat<\/a> egyedileg kell majd azonos\u00edtani egy mikrochippel, \u00e9s az adatokat az el\u0151\u00edrt nyilv\u00e1ntart\u00e1sban is r\u00f6gz\u00edteni kell.<\/p>\n<blockquote class=\"article__extraTxt\"><p>A hat\u00e1rid\u0151k azonban itt sem egyform\u00e1k.<\/p><\/blockquote>\n<p>A mag\u00e1nszem\u00e9lyek \u00e1ltal tartott, \u00e9rt\u00e9kes\u00edt\u00e9sre nem sz\u00e1nt kuty\u00e1k eset\u00e9ben <strong>2036. augusztus 31-t\u0151l kell alkalmazni az \u00faj uni\u00f3s azonos\u00edt\u00e1si \u00e9s regisztr\u00e1ci\u00f3s k\u00f6vetelm\u00e9nyeket.<\/strong> A macsk\u00e1kn\u00e1l enn\u00e9l is hosszabb az \u00e1tmeneti id\u0151. A kiz\u00e1r\u00f3lag mag\u00e1nc\u00e9lra tartott macsk\u00e1kra 2041. augusztus 31-t\u0151l vonatkoznak majd ezek az el\u0151\u00edr\u00e1sok.<\/p>\n<h2>A teny\u00e9szt\u0151ket hamarabb \u00e9rinti a v\u00e1ltoz\u00e1s<\/h2>\n<p>M\u00e1s id\u0151pont \u00e9rv\u00e9nyes azokra, akik kereskednek is az \u00e1llatokkal.<\/p>\n<blockquote class=\"article__extraTxt\"><p>N\u00e1luk az azonos\u00edt\u00e1ssal \u00e9s regisztr\u00e1ci\u00f3val kapcsolatos k\u00f6vetelm\u00e9nyeket m\u00e1r 2030. augusztus 31-t\u0151l alkalmazni kell.<\/p><\/blockquote>\n<p>Ennek egyik oka, hogy az Eur\u00f3pai Uni\u00f3 a szab\u00e1lyoz\u00e1ssal nem csak a h\u00e1zi kedvencek j\u00f3l\u00e9t\u00e9t szeretn\u00e9 jav\u00edtani, hanem <strong>az \u00e1llatok eredet\u00e9nek ellen\u0151rizhet\u0151s\u00e9g\u00e9t is.<\/strong> A k\u00f6z\u00f6s nyilv\u00e1ntart\u00e1si rendszer megnehez\u00edti, hogy illeg\u00e1lisan teny\u00e9sztett vagy nem megfelel\u0151 k\u00f6r\u00fclm\u00e9nyek k\u00f6z\u00f6tt tartott kuty\u00e1k \u00e9s macsk\u00e1k ker\u00fcljenek egyik orsz\u00e1gb\u00f3l a m\u00e1sikba.<\/p>\n<blockquote class=\"article__extraTxt\"><p>&nbsp;Eddig jelent\u0151s k\u00fcl\u00f6nbs\u00e9gek lehettek az egyes tag\u00e1llamok el\u0151\u00edr\u00e1sai k\u00f6z\u00f6tt, \u00e9s a kuty\u00e1k \u00e9s macsk\u00e1k kereskedelme nem \u00e1ll meg az orsz\u00e1ghat\u00e1rokn\u00e1l.<\/p><\/blockquote>\n<p>A szigor\u00fabb azonos\u00edt\u00e1s \u00e9s regisztr\u00e1ci\u00f3 \u00e9ppen ez\u00e9rt abban is seg\u00edthet, hogy k\u00f6nnyebben k\u00f6vethet\u0151 legyen egy \u00e1llat sz\u00e1rmaz\u00e1sa, illetve ellen\u0151rizhet\u0151v\u00e9 v\u00e1ljon, honnan ker\u00fclt az \u00faj gazd\u00e1j\u00e1hoz.&nbsp;<\/p>\n<h2>A gazdiknak egyel\u0151re nem kell rohanniuk int\u00e9zkedni<\/h2>\n<p>Az \u00e1ltal\u00e1nos rendelkez\u00e9seket 2028 augusztus\u00e1t\u00f3l kezdik alkalmazni, az \u00e1llatok forgalomba hozatal\u00e1val kapcsolatos egyes azonos\u00edt\u00e1si szab\u00e1lyok 2030-t\u00f3l l\u00e9pnek \u00e9letbe, m\u00edg a mag\u00e1nszem\u00e9lyek kuty\u00e1ira, illetve macsk\u00e1ira vonatkoz\u00f3 bizonyos k\u00f6telezetts\u00e9gek csak 2036-ban, illetve 2041-ben v\u00e1lnak aktu\u00e1liss\u00e1.<\/p>\n<p>Aki pedig a j\u00f6v\u0151ben az Eur\u00f3pai Uni\u00f3n k\u00edv\u00fclr\u0151l \u00e9rkezik kuty\u00e1val vagy macsk\u00e1val, annak szint\u00e9n \u00e9rdemes lesz \u00e9szben tartania a v\u00e1ltoz\u00e1st: <strong>bizonyos esetekben 2036-t\u00f3l m\u00e1r az utaz\u00e1s el\u0151tt gondoskodni kell majd az el\u0151zetes bejelent\u00e9sr\u0151l.<\/strong><\/p>\n<p><a href=\"https:\/\/postal.pt\/vida-lazer\/animais\/ue-muda-as-regras-para-quem-tem-caes-e-gatos\/#goog_rewarded\" target=\"_blank\" target=\"_blank\" rel=\"noopener\">via<\/a><\/p>\n<div class=\"o-widget m-readMoreWidget -readMore u-shortDecorLineAfter row widget-container _ce_measure_widget bigdata-widget read-more\" data-ce-measure-widget=\"olvass tov\u00e1bb\">\n\t<div class=\"m-readMoreWidget__imgWrapper image-wrapper col-12 col-md-4 no-p\">\n\t\t<a class=\"m-readMoreWidget__imgLink\" href=\"https:\/\/www.startlap.hu\/vasarlas\/magnokazetta-erteke-eladas\/\" >\n\t\t\t<img decoding=\"async\" src=\"https:\/\/www.startlap.hu\/vasarlas\/uploads\/2026\/08\/magnokazetta-350x285.jpg\" class=\"m-readMoreWidget__img\">\n\t\t<\/a>\n\t<\/div>\n\t<div class=\"m-readMoreWidget__titleWrapper title-wrapper col-12 col-md-8\">\n\t\t<span class=\"m-readMoreWidget__titleLabel u-shortDecorLineBefore label hidden-sm-up\">Ez is \u00e9rdekelhet:<\/span>\n\t\t<h3 class=\"m-readMoreWidget__title title\">\n\t\t\t<a class=\"m-readMoreWidget__titleLink -secondFont u-bold u-upperCase\" href=\"https:\/\/www.startlap.hu\/vasarlas\/magnokazetta-erteke-eladas\/\" >Sokan kidobj\u00e1k az ilyen kazett\u00e1kat, pedig egy vagyont \u00e9rhet n\u00e9h\u00e1ny p\u00e9ld\u00e1ny<\/a>\n\t\t<\/h3>\n\t\t<a class=\"m-readMoreWidget__btn -coloredBack u-tC link\" href=\"https:\/\/www.startlap.hu\/vasarlas\/magnokazetta-erteke-eladas\/\" >Elolvasom<\/a>\n\t<\/div>\n<\/div>\n","protected":false},"excerpt":{"rendered":"<p>M\u00e1r hat\u00e1lyba l\u00e9pett az \u00faj uni\u00f3s szab\u00e1lyoz\u00e1s, amely t\u00f6bb ponton is v\u00e1ltoz\u00e1st hoz az \u00e1llattart\u00f3knak. A fontosabb k\u00f6telezetts\u00e9gek azonban csak k\u00e9s\u0151bb \u00e9rkeznek.<\/p>\n","protected":false},"author":64,"featured_media":2285940,"comment_status":"closed","ping_status":"closed","sticky":false,"template":"","format":"standard","meta":{"footnotes":""},"categories":[8180],"tags":[7755,1374,2076,39,24,3403,12903],"class_list":["post-2285938","post","type-post","status-publish","format-standard","has-post-thumbnail","hentry","category-trending","tag-allattartas","tag-cica","tag-europa","tag-europai-unio","tag-kutya","tag-rendelet","tag-valtozas"],"aioseo_notices":[],"_links":{"self":[{"href":"https:\/\/www.startlap.hu\/vasarlas\/wp-json\/wp\/v2\/posts\/2285938","targetHints":{"allow":["GET"]}}],"collection":[{"href":"https:\/\/www.startlap.hu\/vasarlas\/wp-json\/wp\/v2\/posts"}],"about":[{"href":"https:\/\/www.startlap.hu\/vasarlas\/wp-json\/wp\/v2\/types\/post"}],"author":[{"embeddable":true,"href":"https:\/\/www.startlap.hu\/vasarlas\/wp-json\/wp\/v2\/users\/64"}],"replies":[{"embeddable":true,"href":"https:\/\/www.startlap.hu\/vasarlas\/wp-json\/wp\/v2\/comments?post=2285938"}],"version-history":[{"count":8,"href":"https:\/\/www.startlap.hu\/vasarlas\/wp-json\/wp\/v2\/posts\/2285938\/revisions"}],"predecessor-version":[{"id":2285990,"href":"https:\/\/www.startlap.hu\/vasarlas\/wp-json\/wp\/v2\/posts\/2285938\/revisions\/2285990"}],"wp:featuredmedia":[{"embeddable":true,"href":"https:\/\/www.startlap.hu\/vasarlas\/wp-json\/wp\/v2\/media\/2285940"}],"wp:attachment":[{"href":"https:\/\/www.startlap.hu\/vasarlas\/wp-json\/wp\/v2\/media?parent=2285938"}],"wp:term":[{"taxonomy":"category","embeddable":true,"href":"https:\/\/www.startlap.hu\/vasarlas\/wp-json\/wp\/v2\/categories?post=2285938"},{"taxonomy":"post_tag","embeddable":true,"href":"https:\/\/www.startlap.hu\/vasarlas\/wp-json\/wp\/v2\/tags?post=2285938"}],"curies":[{"name":"wp","href":"https:\/\/api.w.org\/{rel}","templated":true}]}}