{"id":2285917,"date":"2026-08-31T10:03:42","date_gmt":"2026-08-31T08:03:42","guid":{"rendered":"https:\/\/www.startlap.hu\/vasarlas\/?p=2285917"},"modified":"2026-08-31T06:58:40","modified_gmt":"2026-08-31T04:58:40","slug":"legfiatalabb-milliardosok","status":"publish","type":"post","link":"https:\/\/www.startlap.hu\/vasarlas\/legfiatalabb-milliardosok\/","title":{"rendered":"A vil\u00e1g legfiatalabb milli\u00e1rdosa ez a 21 \u00e9ves brazil l\u00e1ny"},"content":{"rendered":"<p>Alig 21 \u00e9vesen a <strong><a href=\"https:\/\/www.startlap.hu\/vasarlas\/fantomkent-elo-milliardos-all-a-lidl-mogott-dieter-schwarz-zoldsegesbol-lett-europa-egyik-leggazdagabb-embere\/\" target=\"_blank\" rel=\"noopener\">milli\u00e1rdosok<\/a><\/strong> k\u00f6r\u00e9be tartozik <strong>Amelie Voigt Trejes<\/strong>, aki egy brazil ipari v\u00e1llalatb\u00f3l sz\u00e1rmaz\u00f3 csal\u00e1di vagyon r\u00e9v\u00e9n ker\u00fclt a vil\u00e1g <strong><a href=\"https:\/\/www.startlap.hu\/vasarlas\/108-milliard-veszteseg-deepseek\/\" target=\"_blank\" rel=\"noopener\">leggazdagabb<\/a><\/strong> fiataljai k\u00f6z\u00e9. A <strong><a href=\"https:\/\/www.forbes.com\/sites\/simonemelvin\/2026\/03\/10\/the-worlds-youngest-billionaires-2026\/\" target=\"_blank\" target=\"_blank\" rel=\"noopener\">Forbes<\/a><\/strong> jelenlegi adatai szerint mintegy <strong>1,1 milli\u00e1rd doll\u00e1ros (347 milli\u00e1rd forintos)<\/strong> vagyonnal rendelkezik.<\/p>\n<div class=\"o-widget m-readMoreWidget -readMore u-shortDecorLineAfter row widget-container _ce_measure_widget bigdata-widget read-more\" data-ce-measure-widget=\"olvass tov\u00e1bb\">\n\t<div class=\"m-readMoreWidget__imgWrapper image-wrapper col-12 col-md-4 no-p\">\n\t\t<a class=\"m-readMoreWidget__imgLink\" href=\"https:\/\/www.startlap.hu\/vasarlas\/baberlevel-szodabikarbona-termeszetes-tisztitoszer\/\" >\n\t\t\t<img decoding=\"async\" src=\"https:\/\/www.startlap.hu\/vasarlas\/uploads\/2026\/08\/baberlevel-350x285.jpg\" class=\"m-readMoreWidget__img\">\n\t\t<\/a>\n\t<\/div>\n\t<div class=\"m-readMoreWidget__titleWrapper title-wrapper col-12 col-md-8\">\n\t\t<span class=\"m-readMoreWidget__titleLabel u-shortDecorLineBefore label hidden-sm-up\">Ez is \u00e9rdekelhet:<\/span>\n\t\t<h3 class=\"m-readMoreWidget__title title\">\n\t\t\t<a class=\"m-readMoreWidget__titleLink -secondFont u-bold u-upperCase\" href=\"https:\/\/www.startlap.hu\/vasarlas\/baberlevel-szodabikarbona-termeszetes-tisztitoszer\/\" >Bab\u00e9rlevelet forralnak sz\u00f3dabikarb\u00f3n\u00e1val: meglep\u0151dsz, mire j\u00f3 otthon<\/a>\n\t\t<\/h3>\n\t\t<a class=\"m-readMoreWidget__btn -coloredBack u-tC link\" href=\"https:\/\/www.startlap.hu\/vasarlas\/baberlevel-szodabikarbona-termeszetes-tisztitoszer\/\" >Elolvasom<\/a>\n\t<\/div>\n<\/div>\n<p>A lap list\u00e1j\u00e1n szerepl\u0151k t\u00f6bbs\u00e9ge olyan csal\u00e1dok \u00f6r\u00f6k\u00f6se, amelyek \u00e9vtizedek vagy ak\u00e1r t\u00f6bb mint egy \u00e9vsz\u00e1zad alatt \u00e9p\u00edtettek fel jelent\u0151s v\u00e1llalatbirodalmakat. Van k\u00f6z\u00f6tt\u00fck gy\u00f3gyszeripari, szem\u00fcvegipari \u00e9s videoj\u00e1t\u00e9kos \u00f6r\u00f6ks\u00e9g is, mik\u00f6zben t\u00f6bben k\u00f6z\u00fcl\u00fck nem vesznek r\u00e9szt az \u00e1ltaluk birtokolt c\u00e9gek napi ir\u00e1ny\u00edt\u00e1s\u00e1ban. N\u00e9zz\u00fck az els\u0151 \u00f6t helyezettet.<\/p>\n<h2>Amelie Voigt Trejes egy hatvan\u00e9ves c\u00e9gnek k\u00f6sz\u00f6nheti a p\u00e9nz\u00e9t<\/h2>\n<p>A vil\u00e1g legfiatalabb milli\u00e1rdosa a 21 \u00e9ves brazil <strong>Amelie Voigt Trejes<\/strong>, akinek vagyon\u00e1t a Forbes mintegy <strong>1,1 milli\u00e1rd doll\u00e1rra (347 milli\u00e1rd forintra)<\/strong> becs\u00fcli. A <strong><a href=\"https:\/\/www.startlap.hu\/vasarlas\/mango-isak-andik-meghalt\/\" target=\"_blank\" rel=\"noopener\">vagyon<\/a><\/strong> forr\u00e1sa a WEG-ben megl\u00e9v\u0151 csal\u00e1di \u00e9rdekelts\u00e9g.<\/p>\n<blockquote class=\"article__extraTxt\"><p>A v\u00e1llalatot Amelie nagyapja, Werner Ricardo Voigt alap\u00edtotta k\u00e9t t\u00e1rs\u00e1val, Eggon Jo\u00e3o da Silv\u00e1val \u00e9s Geraldo Werninghausszal 1961-ben.<\/p><\/blockquote>\n<figure id=\"attachment_2285919\" aria-describedby=\"caption-attachment-2285919\" style=\"width: 755px\" class=\"wp-caption alignnone\"><img loading=\"lazy\" decoding=\"async\" class=\"size-article-size-large-image wp-image-2285919\" src=\"https:\/\/www.startlap.hu\/vasarlas\/uploads\/2026\/08\/Screenshot-2026-08-31-at-00917-755x424.png\" alt=\"Rajzolt k\u00e9pen a vil\u00e1g legfiatalabb doll\u00e1rmilli\u00e1rdosai\" width=\"755\" height=\"424\" srcset=\"https:\/\/www.startlap.hu\/vasarlas\/uploads\/2026\/08\/Screenshot-2026-08-31-at-00917-755x424.png 755w, https:\/\/www.startlap.hu\/vasarlas\/uploads\/2026\/08\/Screenshot-2026-08-31-at-00917-215x120.png 215w, https:\/\/www.startlap.hu\/vasarlas\/uploads\/2026\/08\/Screenshot-2026-08-31-at-00917-624x350.png 624w, https:\/\/www.startlap.hu\/vasarlas\/uploads\/2026\/08\/Screenshot-2026-08-31-at-00917.png 980w\" sizes=\"auto, (max-width: 755px) 100vw, 755px\" \/><figcaption id=\"caption-attachment-2285919\" class=\"wp-caption-text\">\u0150k a vil\u00e1g legfiatalabb milli\u00e1rdosai<\/figcaption><\/figure>\n<p>Amelie nem vesz r\u00e9szt a WEG napi vezet\u00e9s\u00e9ben, \u00e9s igazgat\u00f3s\u00e1gi poz\u00edci\u00f3t sem t\u00f6lt be a v\u00e1llalatn\u00e1l. A Forbes szerint ugyanakkor jelent\u0151s r\u00e9szv\u00e9nyes, ahogy <strong>ikertestv\u00e9rei, Pedro \u00e9s Felipe Voigt Trejes is komoly \u00e9rdekelts\u00e9ggel rendelkeznek a c\u00e9gben<\/strong>.<\/p>\n<p>A WEG t\u0151zsd\u00e9n jegyzett multinacion\u00e1lis v\u00e1llalat, amely elektromos motorokat \u00e9s m\u00e1s ipari berendez\u00e9seket gy\u00e1rt. A c\u00e9g t\u00f6bb mint t\u00edz orsz\u00e1gban rendelkezik gy\u00e1rt\u00f3kapacit\u00e1ssal, \u00e9ves bev\u00e9tele pedig nagyj\u00e1b\u00f3l 7 milli\u00e1rd doll\u00e1r.<\/p>\n<h2>Johannes von Baumbach a gy\u00f3gyszeripar \u00e1ltal gazdagodott meg<\/h2>\n<p>A n\u00e9met <strong>Johannes von Baumbach szint\u00e9n 21 \u00e9ves<\/strong>, \u00e9s a Forbes szerint vagyon\u00e1nak forr\u00e1sa a csal\u00e1d gy\u00f3gyszeripari \u00e9rdekelts\u00e9ge, a Boehringer Ingelheim.<\/p>\n<p>Vagyon\u00e1t mintegy <strong>6,5 milli\u00e1rd doll\u00e1rra (2049 milli\u00e1rd forintra)<\/strong> becs\u00fclik, vagyis k\u00f6zel 2,05 ezermilli\u00e1rd forintnyi \u00e9rdekelts\u00e9ggel rendelkezik.<\/p>\n<p>A <strong>Boehringer Ingelheimt 1885-ben alap\u00edtott\u00e1k<\/strong>, \u00e9s a v\u00e1llalat az\u00f3ta is a csal\u00e1d tulajdon\u00e1ban maradt.<\/p>\n<blockquote class=\"article__extraTxt\"><p>Ma a vil\u00e1g egyik legnagyobb mag\u00e1ntulajdonban l\u00e9v\u0151 gy\u00f3gyszeripari v\u00e1llalata, mintegy 53 ezer alkalmazottjuk van, \u00e9s 130 orsz\u00e1g piac\u00e1n vannak jelen.<\/p><\/blockquote>\n<p>A c\u00e9g t\u00f6bbek k\u00f6z\u00f6tt <strong>a<\/strong> <strong>kr\u00f3nikus obstrukt\u00edv t\u00fcd\u0151betegs\u00e9g, a v\u00e9ralvad\u00e1sg\u00e1tl\u00e1s \u00e9s a 2-es t\u00edpus\u00fa cukorbetegs\u00e9g kezel\u00e9s\u00e9re szolg\u00e1l\u00f3 gy\u00f3gyszereir\u0151l ismert<\/strong>.<\/p>\n<h2>L\u00edvia Voigt de Assis egy ismer\u0151s v\u00e1llalatot \u00f6r\u00f6k\u00f6lt<\/h2>\n<p>A brazil <strong>L\u00edvia Voigt de Assis szint\u00e9n a WEG \u00f6r\u00f6k\u00f6se<\/strong>. A 22 \u00e9ves milli\u00e1rdos vagyon\u00e1t a Forbes mintegy <strong>1,4 milli\u00e1rd doll\u00e1rra (441 milli\u00e1rd forintra)<\/strong> becs\u00fcli.<\/p>\n<p>L\u00edvia a v\u00e1llalat egyik jelent\u0151s egy\u00e9ni r\u00e9szv\u00e9nyese, ugyanakkor nem t\u00f6lt be vezet\u0151i vagy igazgat\u00f3s\u00e1gi tiszts\u00e9get a WEG-n\u00e9l. A csal\u00e1di vagyon jelent\u0151s r\u00e9sze abb\u00f3l a v\u00e1llalatb\u00f3l sz\u00e1rmazik, amelyet m\u00e9g nagyapja ind\u00edtott el t\u00f6bb mint hat \u00e9vtizeddel ezel\u0151tt.<\/p>\n<p>A Voigt csal\u00e1d t\u00f6bb tagja is jelent\u0151s WEG-r\u00e9szv\u00e9nyes, a v\u00e1llalat k\u00fcl\u00f6n\u00f6sen fontos szerepet j\u00e1tszik a csal\u00e1d vagyon\u00e1ban.&nbsp;<\/p>\n<h2>Clemente Del Vecchi\u00f3t egy szem\u00e9szeti v\u00e1llalkoz\u00e1s tette gazdagg\u00e1<\/h2>\n<div class='iframe-wrapper youtube'><iframe loading=\"lazy\" title=\"The Youngest Billionaires In The World 2026 | Forbes\" width=\"500\" height=\"281\" src=\"https:\/\/www.youtube.com\/embed\/XBPlPI02xtU?feature=oembed\" frameborder=\"0\" allow=\"accelerometer; autoplay; clipboard-write; encrypted-media; gyroscope; picture-in-picture; web-share\" referrerpolicy=\"strict-origin-when-cross-origin\" allowfullscreen><\/iframe><\/div>\n<p>Az olasz <strong>Clemente Del Vecchio 22 \u00e9ves<\/strong>, vagyon\u00e1t a Forbes jelenlegi becsl\u00e9se mintegy <strong>5,7 milli\u00e1rd doll\u00e1rra (1797 milli\u00e1rd forintra)<\/strong> teszi.<\/p>\n<blockquote class=\"article__extraTxt\"><p>\u00c9desapja Leonardo Del Vecchio volt, az EssilorLuxottica n\u00e9hai eln\u00f6ke \u00e9s a Luxottica alap\u00edt\u00f3ja, aki 2022-ben halt meg.<\/p><\/blockquote>\n<p>A v\u00e1llalat szem\u00e9szeti lencs\u00e9ket, berendez\u00e9seket \u00e9s eszk\u00f6z\u00f6ket, dioptri\u00e1s szem\u00fcvegeket \u00e9s napszem\u00fcvegeket tervez, gy\u00e1rt \u00e9s forgalmaz.<\/p>\n<p>Clemente apja hal\u00e1la ut\u00e1n<strong> a csal\u00e1di Delfin holdingban \u00f6r\u00f6k\u00f6lt 12,5 sz\u00e1zal\u00e9kos r\u00e9szesed\u00e9st<\/strong>, a mostohaanyj\u00e1val \u00e9s testv\u00e9reivel egy\u00fctt.<\/p>\n<p>A Delfin egyik legfontosabb eszk\u00f6ze az EssilorLuxottic\u00e1ban megl\u00e9v\u0151 r\u00e9szesed\u00e9s, de a csal\u00e1di vagyon enn\u00e9l j\u00f3val sz\u00e9lesebb. A holding a <strong>Generali biztos\u00edt\u00f3ban, a Monte dei Paschi di Siena \u00e9s az UniCredit bankokban, valamint a Covivio ingatlanfejleszt\u0151ben<\/strong> is rendelkezik \u00e9rdekelts\u00e9ggel.<\/p>\n<p>Clemente r\u00e1ad\u00e1sul <strong>m\u00e1r 18 \u00e9vesen milli\u00e1rdos lett<\/strong>, amikor apja 2022-es hal\u00e1la ut\u00e1n hozz\u00e1 ker\u00fclt az \u00f6r\u00f6k\u00f6lt r\u00e9szesed\u00e9s.<\/p>\n<h2>Kim Jung-youn a vide\u00f3j\u00e1t\u00e9kokban \u00e9rdekelt<\/h2>\n<p>A d\u00e9l-koreai <strong>Kim Jung-youn<\/strong> 22 \u00e9ves, vagyon\u00e1t a Forbes mintegy <strong>1,6 milli\u00e1rd doll\u00e1rra (504 milli\u00e1rd forintra)<\/strong> becs\u00fcli. Vagyon\u00e1nak alapj\u00e1t a videoj\u00e1t\u00e9k-iparban szerzett csal\u00e1di \u00e9rdekelts\u00e9g adja.<\/p>\n<p>\u00c9desapja, Kim Jung-ju alap\u00edtotta 1994-ben a Nexont, amely az online videoj\u00e1t\u00e9k-ipar egyik jelent\u0151s szerepl\u0151je.<\/p>\n<blockquote class=\"article__extraTxt\"><p>A v\u00e1llalat legismertebb j\u00e1t\u00e9kai k\u00f6z\u00e9 tartozik a MapleStory \u00e9s a Dungeon &amp; Fighter.<\/p><\/blockquote>\n<p>Jung-youn \u00e9s n\u0151v\u00e9re, Jung-min egyar\u00e1nt r\u00e9szesed\u00e9ssel rendelkeznek az NXC-ben, amely a Nexon legnagyobb r\u00e9szv\u00e9nyese. A testv\u00e9rek vagyonuk jelent\u0151s r\u00e9sz\u00e9t \u00e9desapjukt\u00f3l \u00f6r\u00f6k\u00f6lt\u00e9k, aki 2022-ben halt meg. Egyik\u00fck sem vesz r\u00e9szt a Nexon napi m\u0171k\u00f6dtet\u00e9s\u00e9ben.<\/p>\n<p><strong><a href=\"https:\/\/e.vnexpress.net\/news\/business\/billionaires\/who-are-the-5-youngest-billionaires-globally-in-2026-5049113.html\" target=\"_blank\" target=\"_blank\" rel=\"noopener\">via<\/a><\/strong><\/p>\n<div class=\"o-widget m-readMoreWidget -readMore u-shortDecorLineAfter row widget-container _ce_measure_widget bigdata-widget read-more\" data-ce-measure-widget=\"olvass tov\u00e1bb\">\n\t<div class=\"m-readMoreWidget__imgWrapper image-wrapper col-12 col-md-4 no-p\">\n\t\t<a class=\"m-readMoreWidget__imgLink\" href=\"https:\/\/www.startlap.hu\/vasarlas\/whitney-houston-barbie-baba\/\" >\n\t\t\t<img decoding=\"async\" src=\"https:\/\/www.startlap.hu\/vasarlas\/uploads\/2026\/08\/barbie_bolt_-350x285.jpg\" class=\"m-readMoreWidget__img\">\n\t\t<\/a>\n\t<\/div>\n\t<div class=\"m-readMoreWidget__titleWrapper title-wrapper col-12 col-md-8\">\n\t\t<span class=\"m-readMoreWidget__titleLabel u-shortDecorLineBefore label hidden-sm-up\">Ez is \u00e9rdekelhet:<\/span>\n\t\t<h3 class=\"m-readMoreWidget__title title\">\n\t\t\t<a class=\"m-readMoreWidget__titleLink -secondFont u-bold u-upperCase\" href=\"https:\/\/www.startlap.hu\/vasarlas\/whitney-houston-barbie-baba\/\" >Elhunyt vil\u00e1gszt\u00e1r el\u0151tt tiszteleg a Barbie<\/a>\n\t\t<\/h3>\n\t\t<a class=\"m-readMoreWidget__btn -coloredBack u-tC link\" href=\"https:\/\/www.startlap.hu\/vasarlas\/whitney-houston-barbie-baba\/\" >Elolvasom<\/a>\n\t<\/div>\n<\/div>\n","protected":false},"excerpt":{"rendered":"<p>A Forbes list\u00e1j\u00e1t vezet\u0151 Amelie Voigt Trejes mind\u00f6sszesen 21 \u00e9ves, de 1,1 milli\u00e1rd doll\u00e1ros vagyona van. Viszont a legfiatalabb milli\u00e1rdosok sor\u00e1ban ez nem sokra el\u00e9g, a brazil l\u00e1ny mondhatni szeg\u00e9nynek sz\u00e1m\u00edt. <\/p>\n","protected":false},"author":14,"featured_media":2285919,"comment_status":"closed","ping_status":"closed","sticky":false,"template":"","format":"standard","meta":{"footnotes":""},"categories":[8180],"tags":[19050,406],"class_list":["post-2285917","post","type-post","status-publish","format-standard","has-post-thumbnail","hentry","category-trending","tag-leggazdagabb-emberek","tag-milliardos"],"aioseo_notices":[],"_links":{"self":[{"href":"https:\/\/www.startlap.hu\/vasarlas\/wp-json\/wp\/v2\/posts\/2285917","targetHints":{"allow":["GET"]}}],"collection":[{"href":"https:\/\/www.startlap.hu\/vasarlas\/wp-json\/wp\/v2\/posts"}],"about":[{"href":"https:\/\/www.startlap.hu\/vasarlas\/wp-json\/wp\/v2\/types\/post"}],"author":[{"embeddable":true,"href":"https:\/\/www.startlap.hu\/vasarlas\/wp-json\/wp\/v2\/users\/14"}],"replies":[{"embeddable":true,"href":"https:\/\/www.startlap.hu\/vasarlas\/wp-json\/wp\/v2\/comments?post=2285917"}],"version-history":[{"count":5,"href":"https:\/\/www.startlap.hu\/vasarlas\/wp-json\/wp\/v2\/posts\/2285917\/revisions"}],"predecessor-version":[{"id":2285924,"href":"https:\/\/www.startlap.hu\/vasarlas\/wp-json\/wp\/v2\/posts\/2285917\/revisions\/2285924"}],"wp:featuredmedia":[{"embeddable":true,"href":"https:\/\/www.startlap.hu\/vasarlas\/wp-json\/wp\/v2\/media\/2285919"}],"wp:attachment":[{"href":"https:\/\/www.startlap.hu\/vasarlas\/wp-json\/wp\/v2\/media?parent=2285917"}],"wp:term":[{"taxonomy":"category","embeddable":true,"href":"https:\/\/www.startlap.hu\/vasarlas\/wp-json\/wp\/v2\/categories?post=2285917"},{"taxonomy":"post_tag","embeddable":true,"href":"https:\/\/www.startlap.hu\/vasarlas\/wp-json\/wp\/v2\/tags?post=2285917"}],"curies":[{"name":"wp","href":"https:\/\/api.w.org\/{rel}","templated":true}]}}