{"id":2280475,"date":"2026-05-03T13:09:33","date_gmt":"2026-05-03T11:09:33","guid":{"rendered":"https:\/\/www.startlap.hu\/vasarlas\/?p=2280475"},"modified":"2026-05-03T13:34:24","modified_gmt":"2026-05-03T11:34:24","slug":"palacsinta-szoda-nelkul-recept","status":"publish","type":"post","link":"https:\/\/www.startlap.hu\/vasarlas\/palacsinta-szoda-nelkul-recept\/","title":{"rendered":"M\u0171k\u00f6dik a tr\u00fckk: a nagymam\u00e1k ezt adj\u00e1k a palacsint\u00e1hoz sz\u00f3da helyett, \u00edgy m\u00e1snap is puha marad"},"content":{"rendered":"<p>A palacsintat\u00e9szt\u00e1n\u00e1l sokan automatikusan a sz\u00f3dav\u00edzre esk\u00fcsznek, ha k\u00f6nnyedebb \u00e1llagot szeretn\u00e9nek. Van azonban egy m\u00e1sik m\u00f3dszer is, ami k\u00fcl\u00f6n\u00f6sen akkor j\u00f6het j\u00f3l, ha el\u0151re s\u00fctn\u00e9nk nagyobb adag <strong><a href=\"https:\/\/www.startlap.hu\/vasarlas\/palacsinta-kviz\/\" target=\"_blank\" rel=\"noopener\">palacsint\u00e1t<\/a><\/strong>, vagy szeretn\u00e9nk, hogy a marad\u00e9k m\u00e1snap se v\u00e1ljon sz\u00e1raz, r\u00e1g\u00f3s t\u00e9szt\u00e1v\u00e1.<\/p>\n<div class=\"o-widget m-readMoreWidget -readMore u-shortDecorLineAfter row widget-container _ce_measure_widget bigdata-widget read-more\" data-ce-measure-widget=\"olvass tov\u00e1bb\">\n\t<div class=\"m-readMoreWidget__imgWrapper image-wrapper col-12 col-md-4 no-p\">\n\t\t<a class=\"m-readMoreWidget__imgLink\" href=\"https:\/\/www.startlap.hu\/vasarlas\/indukcios-fozolap-aram-fogyasztas-legnagyobb-konyha\/\" >\n\t\t\t<img decoding=\"async\" src=\"https:\/\/www.startlap.hu\/vasarlas\/uploads\/2026\/04\/idos-no-blokk-350x285.jpg\" class=\"m-readMoreWidget__img\">\n\t\t<\/a>\n\t<\/div>\n\t<div class=\"m-readMoreWidget__titleWrapper title-wrapper col-12 col-md-8\">\n\t\t<span class=\"m-readMoreWidget__titleLabel u-shortDecorLineBefore label hidden-sm-up\">Ez is \u00e9rdekelhet:<\/span>\n\t\t<h3 class=\"m-readMoreWidget__title title\">\n\t\t\t<a class=\"m-readMoreWidget__titleLink -secondFont u-bold u-upperCase\" href=\"https:\/\/www.startlap.hu\/vasarlas\/indukcios-fozolap-aram-fogyasztas-legnagyobb-konyha\/\" >Nem a h\u0171t\u0151szekr\u00e9ny, nem is a s\u00fct\u0151: a legt\u00f6bb \u00e1ramot ez a konyhai eszk\u00f6z fogyasztja<\/a>\n\t\t<\/h3>\n\t\t<a class=\"m-readMoreWidget__btn -coloredBack u-tC link\" href=\"https:\/\/www.startlap.hu\/vasarlas\/indukcios-fozolap-aram-fogyasztas-legnagyobb-konyha\/\" >Elolvasom<\/a>\n\t<\/div>\n<\/div>\n<p><strong>A tr\u00fckk l\u00e9nyege, hogy a m\u00e1r kikevert palacsintat\u00e9szt\u00e1hoz k\u00f6zvetlen\u00fcl s\u00fct\u00e9s el\u0151tt forr\u00f3 <a href=\"https:\/\/www.startlap.hu\/vasarlas\/kave-reggel-tej-novenyi-alternativa-tippek-osszetetel\/\" target=\"_blank\" rel=\"noopener\">tejet<\/a> kell adni<\/strong>. Ez nemcsak az \u00e1llagon jav\u00edthat, hanem abban is seg\u00edthet, hogy a palacsinta kih\u0171l\u00e9s ut\u00e1n is puh\u00e1bb maradjon.<\/p>\n<h2>\u00cdgy m\u0171k\u00f6dik a forr\u00f3 tejes tr\u00fckk<\/h2>\n<p>A felforralt tej a t\u00e9szt\u00e1ba ker\u00fclve r\u00e9szben h\u0151kezeli a lisztben l\u00e9v\u0151 kem\u00e9ny\u00edt\u0151t. Ennek k\u00f6sz\u00f6nhet\u0151en rugalmasabb szerkezet alakul ki, amely jobban megtartja a nedvess\u00e9get.<\/p>\n<p><strong>Ez\u00e9rt lesz a palacsinta v\u00e9kony, m\u00e9gis el\u00e9g stabil ahhoz, hogy ne szakadjon t\u00f6lt\u00e9s k\u00f6zben<\/strong>. A m\u00f3dszer azoknak is hasznos lehet, akik gyakran bosszankodnak amiatt, hogy a palacsinta sz\u00e9le hamar kisz\u00e1rad, vagy a t\u00e9szta m\u00e1snapra elvesz\u00edti friss \u00e1llag\u00e1t.<\/p>\n<figure id=\"attachment_2280478\" aria-describedby=\"caption-attachment-2280478\" style=\"width: 755px\" class=\"wp-caption alignnone\"><a href=\"https:\/\/www.startlap.hu\/vasarlas\/uploads\/2026\/05\/palacsinta2.jpg\"><img loading=\"lazy\" decoding=\"async\" class=\"size-article-size-large-image wp-image-2280478\" src=\"https:\/\/www.startlap.hu\/vasarlas\/uploads\/2026\/05\/palacsinta2-755x503.jpg\" alt=\"Palacsint\u00e1t s\u00fct egy n\u0151 a g\u00e1zt\u0171zhelyen egy serpeny\u0151ben\" width=\"755\" height=\"503\" srcset=\"https:\/\/www.startlap.hu\/vasarlas\/uploads\/2026\/05\/palacsinta2-755x503.jpg 755w, https:\/\/www.startlap.hu\/vasarlas\/uploads\/2026\/05\/palacsinta2-1536x1024.jpg 1536w, https:\/\/www.startlap.hu\/vasarlas\/uploads\/2026\/05\/palacsinta2-2048x1365.jpg 2048w, https:\/\/www.startlap.hu\/vasarlas\/uploads\/2026\/05\/palacsinta2-525x350.jpg 525w\" sizes=\"auto, (max-width: 755px) 100vw, 755px\" \/><\/a><figcaption id=\"caption-attachment-2280478\" class=\"wp-caption-text\">Sz\u00f3da helyett m\u00e1s hozz\u00e1val\u00f3val lehet sok\u00e1ig finom a palacsinta. Fot\u00f3: Getty Images<\/figcaption><\/figure>\n<h2>Mennyi forr\u00f3 tejet kell adni a palacsintat\u00e9szt\u00e1hoz?<\/h2>\n<p><strong>A szok\u00e1sos, nagyj\u00e1b\u00f3l f\u00e9l liter folyad\u00e9kkal k\u00e9sz\u00fcl\u0151 palacsintat\u00e9szt\u00e1hoz k\u00f6r\u00fclbel\u00fcl 100 milliliter forr\u00f3 tej elegend\u0151.<\/strong> Fontos, hogy ezt ne az elej\u00e9n, hanem a pihentet\u00e9s ut\u00e1n, k\u00f6zvetlen\u00fcl a s\u00fct\u00e9s el\u0151tt keverj\u00fck a t\u00e9szt\u00e1hoz.<\/p>\n<blockquote class=\"article__extraTxt\"><p>A legjobb eredm\u00e9ny \u00e9rdek\u00e9ben a t\u00e9szt\u00e1t \u00e9rdemes el\u0151bb legal\u00e1bb 30 percig \u00e1llni hagyni, majd csak ezut\u00e1n hozz\u00e1adni a felforr\u00f3s\u00edtott tejet.<\/p><\/blockquote>\n<p>\u00cdgy a palacsinta \u00e1llaga l\u00e1gyabb, rugalmasabb lehet, \u00e9s kev\u00e9sb\u00e9 sz\u00e1rad ki.<\/p>\n<h2>Olaj helyett vaj vagy zs\u00edr is ker\u00fclhet a t\u00e9szt\u00e1ba<\/h2>\n<p>Nemcsak a forr\u00f3 tej sz\u00e1m\u00edt: a zsirad\u00e9k is sokat v\u00e1ltoztathat a v\u00e9geredm\u00e9nyen. Olaj helyett \u00e9rdemes egy ev\u0151kan\u00e1l olvasztott vajat vagy olvasztott zs\u00edrt keverni a palacsintat\u00e9szt\u00e1ba.<\/p>\n<p>Ez seg\u00edthet megel\u0151zni, hogy a palacsinta sz\u00e9lei s\u00fct\u00e9s ut\u00e1n megkem\u00e9nyedjenek. <strong>A t\u00e9szt\u00e1t j\u00f3l felhev\u00edtett serpeny\u0151ben \u00e9rdemes s\u00fctni, a k\u00e9sz palacsint\u00e1kat pedig c\u00e9lszer\u0171 lefedve tartani, mert a g\u0151z tov\u00e1bb puh\u00edtja \u0151ket<\/strong>.<\/p>\n<h2>A t\u00fal sok cukor elronthatja a palacsint\u00e1t<\/h2>\n<p>Sokan t\u00f6bb cukrot tesznek a t\u00e9szt\u00e1ba, hogy \u00e9desebb legyen, pedig ez k\u00f6nnyen vissza\u00fcthet. A t\u00fal sok cukor miatt a palacsinta jobban ragadhat, \u00e9s kih\u0171l\u00e9s ut\u00e1n kem\u00e9nyebb\u00e9 v\u00e1lhat.<\/p>\n<p><strong>El\u00e9g egy csipet s\u00f3 \u00e9s f\u00e9l te\u00e1skan\u00e1l cukor a t\u00e9szt\u00e1ba, az \u00e9dess\u00e9get pedig ink\u00e1bb a t\u00f6ltel\u00e9k adja meg<\/strong>. Lekv\u00e1rral, kaka\u00f3val, <strong><a href=\"https:\/\/www.startlap.hu\/vasarlas\/mogyorokrem-nutella-teszt-mielott-megveszed-arak-video\/\" target=\"_blank\" rel=\"noopener\">mogyor\u00f3kr\u00e9mmel<\/a><\/strong> vagy pudingos kr\u00e9mmel \u00fagyis b\u0151ven el\u00e9g \u00e9des lesz a v\u00e9geredm\u00e9ny.<\/p>\n<p>Aki szeretn\u00e9 finom\u00edtani az \u00edz\u00e9t, n\u00e9h\u00e1ny csepp rumot is adhat a t\u00e9szt\u00e1hoz. Ez nemcsak kellemes arom\u00e1t adhat, hanem a toj\u00e1s jellegzetes illat\u00e1t is enyh\u00edtheti.<\/p>\n<h2>\u00cdgy marad puha a palacsinta m\u00e1snap is<\/h2>\n<p>S\u00fct\u00e9s ut\u00e1n is sok m\u00falik azon, hogyan t\u00e1roljuk a palacsint\u00e1t. Hasznos tr\u00fckk, ha minden elk\u00e9sz\u00fclt palacsint\u00e1t n\u00e9h\u00e1ny csepp v\u00edzzel enyh\u00e9n megken\u00fcnk, miel\u0151tt r\u00e1ker\u00fcl a k\u00f6vetkez\u0151 darab. Ez seg\u00edt bent tartani a nedvess\u00e9get, \u00e9s lass\u00edthatja a kisz\u00e1rad\u00e1st.<\/p>\n<p>Ha m\u00e1snap meleg\u00edten\u00e9nk \u00fajra, a palacsint\u00e1kat \u00e9rdemes egym\u00e1sra rakni, aluf\u00f3li\u00e1ba csomagolni, majd r\u00f6vid id\u0151re k\u00f6r\u00fclbel\u00fcl 100 fokos s\u00fct\u0151be tenni. <strong>Serpeny\u0151ben is m\u0171k\u00f6dhet a m\u00f3dszer: alacsony l\u00e1ngon, fed\u0151 alatt meleg\u00edtve a g\u0151z seg\u00edthet visszapuh\u00edtani a t\u00e9szt\u00e1t<\/strong>.<\/p>\n<h2>Erre figyelj, ha nem akarod, hogy r\u00e1g\u00f3s legyen<\/h2>\n<p>A palacsinta nemcsak a rossz t\u00e1rol\u00e1s miatt kem\u00e9nyedhet meg. Gyakori hiba a t\u00fal sok <a href=\"https:\/\/www.startlap.hu\/vasarlas\/tojas-tippek-egeszseg-arusok\/\" target=\"_blank\" rel=\"noopener\">toj\u00e1s<\/a>, illetve az is, ha nem megfelel\u0151 lisztet haszn\u00e1lunk. A puh\u00e1bb \u00e1llaghoz \u00e9rdemes finomlisztet v\u00e1lasztani, \u00e9s ker\u00fclni a t\u00fal hossz\u00fa kever\u00e9st.<\/p>\n<p>Ha t\u00fal sok\u00e1ig mixelj\u00fck a t\u00e9szt\u00e1t, aktiv\u00e1l\u00f3dhat a glut\u00e9n, amit\u0151l a palacsinta r\u00e1g\u00f3sabb, gumisabb \u00e1llag\u00fa lehet. A legjobb, ha a hozz\u00e1val\u00f3kat csak addig dolgozzuk \u00f6ssze, am\u00edg sima t\u00e9szt\u00e1t kapunk, majd <strong>a pihentet\u00e9s ut\u00e1n j\u00f6het a forr\u00f3 tejes tr\u00fckk<\/strong>.<\/p>\n<h2>Tippek a t\u00f6k\u00e9letes palacsintat\u00e9szt\u00e1hoz<\/h2>\n<p>A <a href=\"https:\/\/www.nosalty.hu\/recept\/palacsinta-alaprecept\" target=\"_blank\" target=\"_blank\" rel=\"noopener\">Nosalty palacsinta alapreceptje<\/a> is kipr\u00f3b\u00e1lhat\u00f3 a forr\u00f3 tejes megold\u00e1ssal. A gasztroport\u00e1l tov\u00e1bbi tippeket is megosztott, hogy t\u00f6k\u00e9letes legyen a palacsinta.<\/p>\n<ul>\n<li>Ne legyen t\u00fal h\u00edg a t\u00e9szta: ha t\u00fal foly\u00f3s lesz a t\u00e9szta, akkor a bel\u0151le kis\u00fcl\u0151 palacsint\u00e1k nem tudj\u00e1k majd tartani magukat, \u00e9s k\u00f6nnyen elszakadnak.<\/li>\n<li>Pihentesd elegend\u0151 ideig: ahogy arra m\u00e1r felh\u00edvtuk a figyelmet, \u00e9rdemes s\u00fct\u00e9s el\u0151tt legal\u00e1bb 30 percet, de ak\u00e1r egy \u00f3r\u00e1t is pihentetni a t\u00e9szt\u00e1t, lehet\u0151leg a h\u0171t\u0151ben, hogy kiss\u00e9 \u00f6ssze\u00e1lljon.<\/li>\n<li>Forr\u00f3s\u00edtsd fel a serpeny\u0151t: forr\u00f3s\u00edtsd fel a serpeny\u0151t, majd vedd vissza a l\u00e1ngot. Ha a belekanalazott massz\u00e1nak serceg\u0151 hangja van, akkor m\u00e1r el\u00e9g forr\u00f3 volt az ed\u00e9ny.<\/li>\n<li>Csak csom\u00f3mentesen:&nbsp;ak\u00e1r a k\u00e9zi, ak\u00e1r a g\u00e9pi habver\u0151t h\u00edvod seg\u00edts\u00e9g\u00fcl, keverd csom\u00f3mentesre a palacsintat\u00e9szt\u00e1t!<\/li>\n<\/ul>\n<p>(<a href=\"https:\/\/www.zagreb.info\/gastro\/trik-koji-pali-bake-ovo-dodaju-u-smjesu-za-palacinke-umjesto-mineralne-ostaju-mekane-i-sutradan\/835105\/\" target=\"_blank\" target=\"_blank\" rel=\"noopener\">Forr\u00e1sunk volt<\/a>.)<\/p>\n<div class=\"o-widget m-readMoreWidget -readMore u-shortDecorLineAfter row widget-container _ce_measure_widget bigdata-widget read-more\" data-ce-measure-widget=\"olvass tov\u00e1bb\">\n\t<div class=\"m-readMoreWidget__imgWrapper image-wrapper col-12 col-md-4 no-p\">\n\t\t<a class=\"m-readMoreWidget__imgLink\" href=\"https:\/\/www.startlap.hu\/vasarlas\/klima-legkondicionalo-valasztas-tenyek\/\" >\n\t\t\t<img decoding=\"async\" src=\"https:\/\/www.startlap.hu\/vasarlas\/uploads\/2026\/05\/klimaszreles_-350x285.jpg\" class=\"m-readMoreWidget__img\">\n\t\t<\/a>\n\t<\/div>\n\t<div class=\"m-readMoreWidget__titleWrapper title-wrapper col-12 col-md-8\">\n\t\t<span class=\"m-readMoreWidget__titleLabel u-shortDecorLineBefore label hidden-sm-up\">Ez is \u00e9rdekelhet:<\/span>\n\t\t<h3 class=\"m-readMoreWidget__title title\">\n\t\t\t<a class=\"m-readMoreWidget__titleLink -secondFont u-bold u-upperCase\" href=\"https:\/\/www.startlap.hu\/vasarlas\/klima-legkondicionalo-valasztas-tenyek\/\" >Ny\u00e1ri forr\u00f3s\u00e1g el\u0151tt: \u00edgy v\u00e1lassz kl\u00edm\u00e1t, hogy ne ny\u00falj mell\u00e9!<\/a>\n\t\t<\/h3>\n\t\t<a class=\"m-readMoreWidget__btn -coloredBack u-tC link\" href=\"https:\/\/www.startlap.hu\/vasarlas\/klima-legkondicionalo-valasztas-tenyek\/\" >Elolvasom<\/a>\n\t<\/div>\n<\/div>\n","protected":false},"excerpt":{"rendered":"<p>Van az a palacsinta, ami frissen m\u00e9g t\u00f6k\u00e9letes, n\u00e9h\u00e1ny \u00f3ra m\u00falva viszont m\u00e1r sz\u00e1raz, kem\u00e9ny sz\u00e9l\u0171 \u00e9s k\u00f6nnyen szakad. Pedig a puha, rugalmas t\u00e9szta titka nem felt\u00e9tlen\u00fcl a sz\u00f3dav\u00edzben rejlik: egy r\u00e9gi konyhai fog\u00e1s seg\u00edthet abban, hogy a palacsinta m\u00e1snap is \u00e9lvezhet\u0151 maradjon.<\/p>\n","protected":false},"author":45,"featured_media":2280478,"comment_status":"closed","ping_status":"closed","sticky":false,"template":"","format":"standard","meta":{"footnotes":""},"categories":[8092],"tags":[4741,7899],"class_list":["post-2280475","post","type-post","status-publish","format-standard","has-post-thumbnail","hentry","category-konyha","tag-konyha","tag-palacsinta"],"aioseo_notices":[],"_links":{"self":[{"href":"https:\/\/www.startlap.hu\/vasarlas\/wp-json\/wp\/v2\/posts\/2280475","targetHints":{"allow":["GET"]}}],"collection":[{"href":"https:\/\/www.startlap.hu\/vasarlas\/wp-json\/wp\/v2\/posts"}],"about":[{"href":"https:\/\/www.startlap.hu\/vasarlas\/wp-json\/wp\/v2\/types\/post"}],"author":[{"embeddable":true,"href":"https:\/\/www.startlap.hu\/vasarlas\/wp-json\/wp\/v2\/users\/45"}],"replies":[{"embeddable":true,"href":"https:\/\/www.startlap.hu\/vasarlas\/wp-json\/wp\/v2\/comments?post=2280475"}],"version-history":[{"count":4,"href":"https:\/\/www.startlap.hu\/vasarlas\/wp-json\/wp\/v2\/posts\/2280475\/revisions"}],"predecessor-version":[{"id":2280480,"href":"https:\/\/www.startlap.hu\/vasarlas\/wp-json\/wp\/v2\/posts\/2280475\/revisions\/2280480"}],"wp:featuredmedia":[{"embeddable":true,"href":"https:\/\/www.startlap.hu\/vasarlas\/wp-json\/wp\/v2\/media\/2280478"}],"wp:attachment":[{"href":"https:\/\/www.startlap.hu\/vasarlas\/wp-json\/wp\/v2\/media?parent=2280475"}],"wp:term":[{"taxonomy":"category","embeddable":true,"href":"https:\/\/www.startlap.hu\/vasarlas\/wp-json\/wp\/v2\/categories?post=2280475"},{"taxonomy":"post_tag","embeddable":true,"href":"https:\/\/www.startlap.hu\/vasarlas\/wp-json\/wp\/v2\/tags?post=2280475"}],"curies":[{"name":"wp","href":"https:\/\/api.w.org\/{rel}","templated":true}]}}