{"id":2280423,"date":"2026-04-30T20:05:36","date_gmt":"2026-04-30T18:05:36","guid":{"rendered":"https:\/\/www.startlap.hu\/vasarlas\/?p=2280423"},"modified":"2026-04-30T20:08:39","modified_gmt":"2026-04-30T18:08:39","slug":"nyugdij-emelkedes-tisza-kormany","status":"publish","type":"post","link":"https:\/\/www.startlap.hu\/vasarlas\/nyugdij-emelkedes-tisza-kormany\/","title":{"rendered":"Ennyivel emelkedhetnek a nyugd\u00edjak, de m\u00e9g sok a k\u00e9rd\u00e9s"},"content":{"rendered":"<p data-start=\"454\" data-end=\"690\">M\u00e9g nem alakult meg az \u00faj korm\u00e1ny, de a nyugd\u00edjasokat \u00e9rint\u0151 v\u00e1ltoz\u00e1sok m\u00e1r most sokakat foglalkoztatnak. A legfontosabb k\u00e9rd\u00e9s \u00e9rthet\u0151: pontosan mennyivel emelkedhet a nyugd\u00edjak, \u00e9s kik lehetnek azok, akik a legt\u00f6bb pluszra sz\u00e1m\u00edthatnak &#8211; \u00edrja a <strong><a href=\"https:\/\/www.hirstart.hu\/site\/relocate.php?rssid=498&amp;rsspid=3&amp;ctype=rss&amp;id=45486992&amp;chk=4aaebef9f6cb4ad4081e0ca512c21942&amp;url=https%3A%2F%2Fhovege.hu%2Fnyugdij%2F2026%2F04%2F30%2Fmennyivel-emelkedik-a-nyugdij%2F\" target=\"_blank\" target=\"_blank\" rel=\"noopener\">H\u00f3v\u00e9ge<\/a><\/strong>.<\/p>\n<p data-start=\"454\" data-end=\"690\"><div class=\"o-widget m-readMoreWidget -readMore u-shortDecorLineAfter row widget-container _ce_measure_widget bigdata-widget read-more\" data-ce-measure-widget=\"olvass tov\u00e1bb\">\n\t<div class=\"m-readMoreWidget__imgWrapper image-wrapper col-12 col-md-4 no-p\">\n\t\t<a class=\"m-readMoreWidget__imgLink\" href=\"https:\/\/www.startlap.hu\/vasarlas\/pek-kenyer-frissesseg-konyha\/\" >\n\t\t\t<img decoding=\"async\" src=\"https:\/\/www.startlap.hu\/vasarlas\/uploads\/2026\/04\/kenyer-5-350x285.jpg\" class=\"m-readMoreWidget__img\">\n\t\t<\/a>\n\t<\/div>\n\t<div class=\"m-readMoreWidget__titleWrapper title-wrapper col-12 col-md-8\">\n\t\t<span class=\"m-readMoreWidget__titleLabel u-shortDecorLineBefore label hidden-sm-up\">Ez is \u00e9rdekelhet:<\/span>\n\t\t<h3 class=\"m-readMoreWidget__title title\">\n\t\t\t<a class=\"m-readMoreWidget__titleLink -secondFont u-bold u-upperCase\" href=\"https:\/\/www.startlap.hu\/vasarlas\/pek-kenyer-frissesseg-konyha\/\" >Nem zacsk\u00f3, nem is a konyharuha: a p\u00e9kek tr\u00fckkje napokkal kitolja a keny\u00e9r frissess\u00e9g\u00e9t<\/a>\n\t\t<\/h3>\n\t\t<a class=\"m-readMoreWidget__btn -coloredBack u-tC link\" href=\"https:\/\/www.startlap.hu\/vasarlas\/pek-kenyer-frissesseg-konyha\/\" >Elolvasom<\/a>\n\t<\/div>\n<\/div>\n<p data-start=\"692\" data-end=\"1014\">Biztos <strong><a href=\"https:\/\/www.startlap.hu\/vasarlas\/temu-buntetes-penzbirsag-versenyhivatal\/\" target=\"_blank\" rel=\"noopener\">\u00f6sszegekr\u0151l<\/a><\/strong> egyel\u0151re nem lehet besz\u00e9lni, mert a r\u00e9szletszab\u00e1lyok m\u00e9g nem sz\u00fclettek meg. A Tisza P\u00e1rt programja alapj\u00e1n azonban m\u00e1r l\u00e1tszik, milyen ir\u00e1ny\u00fa v\u00e1ltoz\u00e1sok j\u00f6hetnek. A hangs\u00faly els\u0151sorban az <strong>alacsonyabb nyugd\u00edjak emel\u00e9s\u00e9n<\/strong>, a plusz t\u00e1mogat\u00e1sokon \u00e9s az id\u0151seket \u00e9rint\u0151 mindennapi kiad\u00e1sok cs\u00f6kkent\u00e9s\u00e9n lenne.<\/p>\n<h2 data-section-id=\"1s35kvq\" data-start=\"1016\" data-end=\"1057\">120 ezer forint lehetne az als\u00f3 hat\u00e1r<\/h2>\n<p data-start=\"1059\" data-end=\"1296\">A program egyik legkonkr\u00e9tabb v\u00e1llal\u00e1sa, hogy senki nem kaphatna <strong>120 ezer forintn\u00e1l kevesebb \u00f6regs\u00e9gi nyugd\u00edjat, illetve rokkants\u00e1gi ell\u00e1t\u00e1st<\/strong>. Ez f\u0151leg azoknak jelenthetne \u00e9rdemi javul\u00e1st, akik jelenleg enn\u00e9l alacsonyabb \u00f6sszegb\u0151l \u00e9lnek.<\/p>\n<figure id=\"attachment_2280425\" aria-describedby=\"caption-attachment-2280425\" style=\"width: 755px\" class=\"wp-caption alignnone\"><img loading=\"lazy\" decoding=\"async\" class=\"size-article-size-large-image wp-image-2280425\" src=\"https:\/\/www.startlap.hu\/vasarlas\/uploads\/2026\/04\/nyugdija_kez_-755x503.jpg\" alt=\"Nyugd\u00edjas p\u00e1r k\u00e9z a k\u00e9zben, botra t\u00e1maszkodva\" width=\"755\" height=\"503\" srcset=\"https:\/\/www.startlap.hu\/vasarlas\/uploads\/2026\/04\/nyugdija_kez_-755x503.jpg 755w, https:\/\/www.startlap.hu\/vasarlas\/uploads\/2026\/04\/nyugdija_kez_-525x350.jpg 525w, https:\/\/www.startlap.hu\/vasarlas\/uploads\/2026\/04\/nyugdija_kez_.jpg 1200w\" sizes=\"auto, (max-width: 755px) 100vw, 755px\" \/><figcaption id=\"caption-attachment-2280425\" class=\"wp-caption-text\">Sokan v\u00e1rj\u00e1k az \u00faj korm\u00e1ny int\u00e9zked\u00e9seit a nyugd\u00edjakkal kapcsolatban &#8211; Fot\u00f3: Getty Images<\/figcaption><\/figure>\n<p data-start=\"1298\" data-end=\"1575\">A Tisza sz\u00e1m\u00edt\u00e1sai szerint ezzel az int\u00e9zked\u00e9ssel t\u00f6bb mint <strong>280 ezer id\u0151s ember<\/strong> nyugd\u00edja n\u0151ne. Az emel\u00e9s m\u00e9rt\u00e9ke ebben a k\u00f6rben att\u00f3l f\u00fcggene, hogy az illet\u0151 most <strong>mennyivel kap kevesebbet 120 ezer forintn\u00e1l<\/strong>. Min\u00e9l alacsonyabb a jelenlegi ell\u00e1t\u00e1s, ann\u00e1l nagyobb lehetne a k\u00fcl\u00f6nbs\u00e9g.<\/p>\n<p data-start=\"1577\" data-end=\"1798\">P\u00e9ld\u00e1ul aki most 100 ezer forint k\u00f6r\u00fcli ell\u00e1t\u00e1st kap, ann\u00e1l a v\u00e1llal\u00e1s alapj\u00e1n ak\u00e1r 20 ezer forint k\u00f6r\u00fcli havi emelked\u00e9s is elk\u00e9pzelhet\u0151 lenne. Aki viszont m\u00e1r k\u00f6zel van a 120 ezres szinthez, ann\u00e1l kisebb lehetne a plusz.<\/p>\n<h2 data-section-id=\"zj9pt2\" data-start=\"1800\" data-end=\"1853\">6\u201312 ezer forint plusz j\u00f6het egy m\u00e1sik csoportn\u00e1l<\/h2>\n<p data-start=\"1855\" data-end=\"2070\">A 120 \u00e9s 140 ezer forint k\u00f6z\u00f6tti <strong><a href=\"https:\/\/www.startlap.hu\/vasarlas\/magannyugdijpenztar-allami-nyugdij-visszalepes\/\" target=\"_blank\" rel=\"noopener\">nyugd\u00edjakn\u00e1l<\/a><\/strong> szint\u00e9n k\u00fcl\u00f6n emel\u00e9st \u00edg\u00e9r a program. Itt m\u00e1r szerepel egy konkr\u00e9tabb s\u00e1v is: a tervek szerint nagyj\u00e1b\u00f3l 140 ezer id\u0151s ember <strong>havonta 6\u201312 ezer forinttal kaphatna t\u00f6bbet.<\/strong><\/p>\n<p data-start=\"2072\" data-end=\"2425\">Ez az emel\u00e9s m\u00e1r \u00e9rdemben jav\u00edthatn\u00e1 a havi mozg\u00e1steret, k\u00fcl\u00f6n\u00f6sen akkor, ha a gy\u00f3gyszer- vagy \u00e9lelmiszerkiad\u00e1sok jelent\u0151sek.<\/p>\n<h2 data-section-id=\"1e7oy38\" data-start=\"2427\" data-end=\"2477\">140 ezer forint felett m\u00e9g nincs pontos \u00f6sszeg<\/h2>\n<p data-start=\"2479\" data-end=\"2698\">A 140 ezer forintn\u00e1l magasabb nyugd\u00edjat kap\u00f3k sem maradn\u00e1nak ki az emel\u00e9sb\u0151l, de n\u00e1luk egyel\u0151re kevesebb a konkr\u00e9tum. A program differenci\u00e1lt, s\u00e1vos nyugd\u00edjemel\u00e9st eml\u00edt, vagyis nem mindenkinek ugyanakkora \u00f6sszeg j\u00e1rna.<\/p>\n<p data-start=\"2700\" data-end=\"2730\">Ebben a k\u00f6rben m\u00e9g nem ismert:<\/p>\n<ul data-start=\"2732\" data-end=\"2882\">\n<li data-section-id=\"vyn0qq\" data-start=\"2732\" data-end=\"2771\">pontosan hol h\u00faz\u00f3dn\u00e1nak a s\u00e1vhat\u00e1rok,<\/li>\n<li data-section-id=\"1bysz2v\" data-start=\"2772\" data-end=\"2806\">mekkora lenne az emel\u00e9s \u00f6sszege,<\/li>\n<li data-section-id=\"1y7q25m\" data-start=\"2807\" data-end=\"2832\">mikort\u00f3l j\u00e1rna a plusz,<\/li>\n<li data-section-id=\"1gyg4kf\" data-start=\"2833\" data-end=\"2882\">hogyan sz\u00e1moln\u00e1k ki az egyes nyugd\u00edjszintekn\u00e9l.<\/li>\n<\/ul>\n<h2 data-section-id=\"199ir4h\" data-start=\"3047\" data-end=\"3106\">A nyugd\u00edjas SZ\u00c9P-k\u00e1rtya sokaknak k\u00fcl\u00f6n pluszt jelenthet<\/h2>\n<p data-start=\"3108\" data-end=\"3271\">A nyugd\u00edjemel\u00e9s mellett k\u00fcl\u00f6n t\u00e1mogat\u00e1si forma is j\u00f6hetne: a nyugd\u00edjas SZ\u00c9P-k\u00e1rtya. Ez nem a havi nyugd\u00edjat n\u00f6veln\u00e9, de \u00e9ves szinten jelent\u0151s pluszforr\u00e1st adhatna.<\/p>\n<p data-start=\"3273\" data-end=\"3290\">A tervek szerint:<\/p>\n<ul data-start=\"3292\" data-end=\"3430\">\n<li data-section-id=\"1vwxu8n\" data-start=\"3292\" data-end=\"3359\">havi 250 ezer forint alatti nyugd\u00edjn\u00e1l <strong>\u00e9vi 200 ezer forint j\u00e1rna,<\/strong><\/li>\n<li data-section-id=\"gi50qa\" data-start=\"3360\" data-end=\"3430\">250 \u00e9s 500 ezer forint k\u00f6z\u00f6tti nyugd\u00edjn\u00e1l <strong>\u00e9vi 100 ezer forint j\u00e1rna.<\/strong><\/li>\n<\/ul>\n<p data-start=\"3432\" data-end=\"3712\">A program alapj\u00e1n a nyugd\u00edjasok <strong>97 sz\u00e1zal\u00e9ka<\/strong> megkapn\u00e1 a k\u00e1rty\u00e1t. Fontos k\u00fcl\u00f6nbs\u00e9g, hogy ezt nemcsak pihen\u00e9sre vagy vend\u00e9gl\u00e1t\u00e1sra lehetne haszn\u00e1lni, hanem <strong>\u00e9lelmiszerre, <a href=\"https:\/\/www.startlap.hu\/vasarlas\/mikro-egeszseg-tanacsok-gyogyszeresz-tipp\/\" target=\"_blank\" rel=\"noopener\">gy\u00f3gyszerre<\/a> \u00e9s eg\u00e9szs\u00e9gmeg\u0151rz\u00e9sre is.<\/strong> Emiatt ez sokakn\u00e1l a mindennapi kiad\u00e1sokban jelenthetne val\u00f3di k\u00f6nny\u00edt\u00e9st.<\/p>\n<h2 data-section-id=\"jxjpl9\" data-start=\"3714\" data-end=\"3755\">Az id\u0151skor\u00faak j\u00e1rad\u00e9ka is dupl\u00e1z\u00f3dhat<\/h2>\n<p data-start=\"3757\" data-end=\"3942\">Az id\u0151skor\u00faak j\u00e1rad\u00e9k\u00e1n\u00e1l is konkr\u00e9t v\u00e1llal\u00e1s szerepel: a <strong>Tisza megdupl\u00e1zn\u00e1 az ell\u00e1t\u00e1s \u00f6sszeg\u00e9t<\/strong>. Ez azoknak j\u00e1rhat, akik nem szerezt\u00e9k meg a teljes nyugd\u00edjhoz sz\u00fcks\u00e9ges szolg\u00e1lati id\u0151t.<\/p>\n<p data-start=\"3944\" data-end=\"4243\">Az ell\u00e1t\u00e1s <strong>legalacsonyabb \u00f6sszege jelenleg 37 165 forint<\/strong>. Ennek dupl\u00e1z\u00e1sa \u00e9rdemi n\u00f6veked\u00e9st jelentene, de \u00f6nmag\u00e1ban m\u00e9g \u00edgy sem biztos\u00edtana k\u00e9nyelmes meg\u00e9lhet\u00e9st. Az sem der\u00fcl ki egy\u00e9rtelm\u0171en a programb\u00f3l, hogy az id\u0151skor\u00faak j\u00e1rad\u00e9k\u00e1ban r\u00e9szes\u00fcl\u0151k is jogosultak lenn\u00e9nek-e a nyugd\u00edjas SZ\u00c9P-k\u00e1rty\u00e1ra.<\/p>\n<h2 data-section-id=\"1ld3qwa\" data-start=\"4245\" data-end=\"4282\">Nem csak a nyugd\u00edj \u00f6sszege sz\u00e1m\u00edt<\/h2>\n<p data-start=\"4284\" data-end=\"4548\">A programban t\u00f6bb olyan elem is van, amely nem k\u00f6zvetlen\u00fcl a nyugd\u00edjat emeli, m\u00e9gis jav\u00edthatja az id\u0151sek anyagi helyzet\u00e9t. Ilyen lenne az alapvet\u0151 \u00e9lelmiszerek \u00e1f\u00e1j\u00e1nak cs\u00f6kkent\u00e9se 27 sz\u00e1zal\u00e9kr\u00f3l 5 sz\u00e1zal\u00e9kra, valamint a <strong>v\u00e9nyk\u00f6teles gy\u00f3gyszerek \u00e1f\u00e1j\u00e1nak elt\u00f6rl\u00e9se<\/strong>.<\/p>\n<p data-start=\"4550\" data-end=\"4700\">Ezek k\u00fcl\u00f6n\u00f6sen azoknak jelenthetnek seg\u00edts\u00e9get, akikn\u00e9l a havi kiad\u00e1sok nagy r\u00e9sz\u00e9t az \u00e9lelmiszer, a gy\u00f3gyszer \u00e9s az eg\u00e9szs\u00e9g\u00fcgyi k\u00f6lts\u00e9gek viszik el.<\/p>\n<p data-start=\"4550\" data-end=\"4700\"><div class=\"o-widget m-readMoreWidget -readMore u-shortDecorLineAfter row widget-container _ce_measure_widget bigdata-widget read-more\" data-ce-measure-widget=\"olvass tov\u00e1bb\">\n\t<div class=\"m-readMoreWidget__imgWrapper image-wrapper col-12 col-md-4 no-p\">\n\t\t<a class=\"m-readMoreWidget__imgLink\" href=\"https:\/\/www.startlap.hu\/vasarlas\/kamatstop-torleszto-kivezetes-ados\/\" >\n\t\t\t<img decoding=\"async\" src=\"https:\/\/www.startlap.hu\/vasarlas\/uploads\/2026\/04\/papirokat_nezeget_par_-350x285.jpg\" class=\"m-readMoreWidget__img\">\n\t\t<\/a>\n\t<\/div>\n\t<div class=\"m-readMoreWidget__titleWrapper title-wrapper col-12 col-md-8\">\n\t\t<span class=\"m-readMoreWidget__titleLabel u-shortDecorLineBefore label hidden-sm-up\">Ez is \u00e9rdekelhet:<\/span>\n\t\t<h3 class=\"m-readMoreWidget__title title\">\n\t\t\t<a class=\"m-readMoreWidget__titleLink -secondFont u-bold u-upperCase\" href=\"https:\/\/www.startlap.hu\/vasarlas\/kamatstop-torleszto-kivezetes-ados\/\" >Kamatstop: \u00edgy emelkedne a t\u00f6rleszt\u0151, ha kivezetn\u00e9k<\/a>\n\t\t<\/h3>\n\t\t<a class=\"m-readMoreWidget__btn -coloredBack u-tC link\" href=\"https:\/\/www.startlap.hu\/vasarlas\/kamatstop-torleszto-kivezetes-ados\/\" >Elolvasom<\/a>\n\t<\/div>\n<\/div>\n<p data-start=\"4550\" data-end=\"4700\">&nbsp;<\/p>\n","protected":false},"excerpt":{"rendered":"<p>A most ismert tervek alapj\u00e1n f\u0151k\u00e9nt az alacsonyabb nyugd\u00edjakn\u00e1l j\u00f6het nagyobb emel\u00e9s, de a v\u00e9gleges \u00f6sszegek m\u00e9g korm\u00e1nyd\u00f6nt\u00e9sre v\u00e1rnak.<\/p>\n","protected":false},"author":8,"featured_media":2280425,"comment_status":"closed","ping_status":"closed","sticky":false,"template":"","format":"standard","meta":{"footnotes":""},"categories":[8180],"tags":[306,752,8410,3258],"class_list":["post-2280423","post","type-post","status-publish","format-standard","has-post-thumbnail","hentry","category-trending","tag-egeszsegugyi-jarulek","tag-nyugdij","tag-nyugdijemeles","tag-szep-kartya"],"aioseo_notices":[],"_links":{"self":[{"href":"https:\/\/www.startlap.hu\/vasarlas\/wp-json\/wp\/v2\/posts\/2280423","targetHints":{"allow":["GET"]}}],"collection":[{"href":"https:\/\/www.startlap.hu\/vasarlas\/wp-json\/wp\/v2\/posts"}],"about":[{"href":"https:\/\/www.startlap.hu\/vasarlas\/wp-json\/wp\/v2\/types\/post"}],"author":[{"embeddable":true,"href":"https:\/\/www.startlap.hu\/vasarlas\/wp-json\/wp\/v2\/users\/8"}],"replies":[{"embeddable":true,"href":"https:\/\/www.startlap.hu\/vasarlas\/wp-json\/wp\/v2\/comments?post=2280423"}],"version-history":[{"count":4,"href":"https:\/\/www.startlap.hu\/vasarlas\/wp-json\/wp\/v2\/posts\/2280423\/revisions"}],"predecessor-version":[{"id":2280428,"href":"https:\/\/www.startlap.hu\/vasarlas\/wp-json\/wp\/v2\/posts\/2280423\/revisions\/2280428"}],"wp:featuredmedia":[{"embeddable":true,"href":"https:\/\/www.startlap.hu\/vasarlas\/wp-json\/wp\/v2\/media\/2280425"}],"wp:attachment":[{"href":"https:\/\/www.startlap.hu\/vasarlas\/wp-json\/wp\/v2\/media?parent=2280423"}],"wp:term":[{"taxonomy":"category","embeddable":true,"href":"https:\/\/www.startlap.hu\/vasarlas\/wp-json\/wp\/v2\/categories?post=2280423"},{"taxonomy":"post_tag","embeddable":true,"href":"https:\/\/www.startlap.hu\/vasarlas\/wp-json\/wp\/v2\/tags?post=2280423"}],"curies":[{"name":"wp","href":"https:\/\/api.w.org\/{rel}","templated":true}]}}