{"id":2280385,"date":"2026-04-30T20:26:22","date_gmt":"2026-04-30T18:26:22","guid":{"rendered":"https:\/\/www.startlap.hu\/vasarlas\/?p=2280385"},"modified":"2026-04-30T20:29:29","modified_gmt":"2026-04-30T18:29:29","slug":"zuhany-egyteru-furdoszoba-ulopad-idosek","status":"publish","type":"post","link":"https:\/\/www.startlap.hu\/vasarlas\/zuhany-egyteru-furdoszoba-ulopad-idosek\/","title":{"rendered":"\u00d6r\u00fclhetnek az id\u0151sek: ez a f\u00fcrd\u0151szobai trend nekik kedvez"},"content":{"rendered":"<p>Id\u00e9n l\u00e1tv\u00e1nyos <a href=\"https:\/\/www.startlap.hu\/vasarlas\/fa-zsalugater-fuggony-trend-lakas\/\" target=\"_blank\" rel=\"noopener\">v\u00e1ltoz\u00e1s<\/a> zajlik a lakberendez\u00e9sben: a kor\u00e1bban n\u00e9pszer\u0171, letisztult zuhanykabinok hely\u00e9t egy \u00faj, spa-hangulat\u00fa megold\u00e1s veszi \u00e1t. A f\u00fcrd\u0151szoba m\u00e1r nem csup\u00e1n funkcion\u00e1lis t\u00e9r, hanem a pihen\u00e9s \u00e9s felt\u00f6lt\u0151d\u00e9s helysz\u00edne, amely a mindennapi stressz ellens\u00falyoz\u00e1s\u00e1ra szolg\u00e1l.<\/p>\n<div class=\"o-widget m-readMoreWidget -readMore u-shortDecorLineAfter row widget-container _ce_measure_widget bigdata-widget read-more\" data-ce-measure-widget=\"olvass tov\u00e1bb\">\n\t<div class=\"m-readMoreWidget__imgWrapper image-wrapper col-12 col-md-4 no-p\">\n\t\t<a class=\"m-readMoreWidget__imgLink\" href=\"https:\/\/www.startlap.hu\/vasarlas\/indukcios-fozolap-aram-fogyasztas-legnagyobb-konyha\/\" >\n\t\t\t<img decoding=\"async\" src=\"https:\/\/www.startlap.hu\/vasarlas\/uploads\/2026\/04\/idos-no-blokk-350x285.jpg\" class=\"m-readMoreWidget__img\">\n\t\t<\/a>\n\t<\/div>\n\t<div class=\"m-readMoreWidget__titleWrapper title-wrapper col-12 col-md-8\">\n\t\t<span class=\"m-readMoreWidget__titleLabel u-shortDecorLineBefore label hidden-sm-up\">Ez is \u00e9rdekelhet:<\/span>\n\t\t<h3 class=\"m-readMoreWidget__title title\">\n\t\t\t<a class=\"m-readMoreWidget__titleLink -secondFont u-bold u-upperCase\" href=\"https:\/\/www.startlap.hu\/vasarlas\/indukcios-fozolap-aram-fogyasztas-legnagyobb-konyha\/\" >Nem a h\u0171t\u0151szekr\u00e9ny, nem is a s\u00fct\u0151: a legt\u00f6bb \u00e1ramot ez a konyhai eszk\u00f6z fogyasztja<\/a>\n\t\t<\/h3>\n\t\t<a class=\"m-readMoreWidget__btn -coloredBack u-tC link\" href=\"https:\/\/www.startlap.hu\/vasarlas\/indukcios-fozolap-aram-fogyasztas-legnagyobb-konyha\/\" >Elolvasom<\/a>\n\t<\/div>\n<\/div>\n<h2>B\u00facs\u00fat inthetsz a zuhanykabinnak<\/h2>\n<p>A hagyom\u00e1nyos, padl\u00f3szint\u0171 zuhanyz\u00f3k ugyan sok\u00e1ig a modern diz\u00e1jn cs\u00facs\u00e1t jelentett\u00e9k, de egyre t\u00f6bb h\u00e1tr\u00e1nyuk ker\u00fclt el\u0151t\u00e9rbe: az <a href=\"https:\/\/www.startlap.hu\/vasarlas\/sutoajto-uveg-tisztitas\/\" target=\"_blank\" rel=\"noopener\">\u00fcvegfel\u00fcletek<\/a> tiszt\u00edt\u00e1sa macer\u00e1s, a nyitott kialak\u00edt\u00e1s miatt pedig a h\u0151 k\u00f6nnyen elsz\u00f6kik, ami rontja a komfort\u00e9rzetet. A v\u00e1s\u00e1rl\u00f3k \u00e9s lak\u00e1stulajdonosok ma m\u00e1r ink\u00e1bb olyan megold\u00e1sokat keresnek, amelyek kevesebb karbantart\u00e1st ig\u00e9nyelnek \u00e9s nagyobb \u00e9lm\u00e9nyt ny\u00fajtanak.<\/p>\n<figure id=\"attachment_2280387\" aria-describedby=\"caption-attachment-2280387\" style=\"width: 755px\" class=\"wp-caption alignnone\"><a href=\"https:\/\/www.startlap.hu\/vasarlas\/uploads\/2026\/04\/idos-no-zuhany-scaled.jpg\"><img loading=\"lazy\" decoding=\"async\" class=\"size-article-size-large-image wp-image-2280387\" src=\"https:\/\/www.startlap.hu\/vasarlas\/uploads\/2026\/04\/idos-no-zuhany-755x500.jpg\" alt=\"Id\u0151s n\u0151 zuhanyzik.\" width=\"755\" height=\"500\" srcset=\"https:\/\/www.startlap.hu\/vasarlas\/uploads\/2026\/04\/idos-no-zuhany-755x500.jpg 755w, https:\/\/www.startlap.hu\/vasarlas\/uploads\/2026\/04\/idos-no-zuhany-1536x1018.jpg 1536w, https:\/\/www.startlap.hu\/vasarlas\/uploads\/2026\/04\/idos-no-zuhany-2048x1357.jpg 2048w, https:\/\/www.startlap.hu\/vasarlas\/uploads\/2026\/04\/idos-no-zuhany-250x165.jpg 250w, https:\/\/www.startlap.hu\/vasarlas\/uploads\/2026\/04\/idos-no-zuhany-528x350.jpg 528w\" sizes=\"auto, (max-width: 755px) 100vw, 755px\" \/><\/a><figcaption id=\"caption-attachment-2280387\" class=\"wp-caption-text\">Az id\u0151sebbek sz\u00e1m\u00e1ra kulcsk\u00e9rd\u00e9s a biztons\u00e1g \u00e9s a cs\u00fasz\u00e1smentess\u00e9g a f\u00fcrd\u0151szob\u00e1ban. Fot\u00f3: Getty Images<\/figcaption><\/figure>\n<p>Erre k\u00edn\u00e1l v\u00e1laszt az \u00fagynevezett <strong>wet room<\/strong>, vagyis a <strong>teljesen egybenyitott vizes helyis\u00e9g.<\/strong> Ebben a kialak\u00edt\u00e1sban<\/p>\n<blockquote class=\"article__extraTxt\"><p>megsz\u0171nnek a falak \u00e9s \u00fcvegpanelek, a teljes t\u00e9r v\u00edz\u00e1ll\u00f3 burkolatot kap, a v\u00edz pedig diszkr\u00e9t lefoly\u00f3kba t\u00e1vozik.<\/p><\/blockquote>\n<p>Ez nemcsak t\u00e1gasabb \u00e9rzetet ad, hanem igazi luxushangulatot is teremt. A tart\u00f3ss\u00e1g \u00e9s az eszt\u00e9tika \u00e9rdek\u00e9ben a tervez\u0151k term\u00e9szetes anyagokat, p\u00e9ld\u00e1ul <strong>k\u00f6vet<\/strong>, travertint vagy <strong>mozaikburkolatot<\/strong> haszn\u00e1lnak az \u00faj trend eset\u00e9ben. Ezek a fel\u00fcletek \u00edgy nemcsak eleg\u00e1nsak \u00e9s id\u0151t\u00e1ll\u00f3k, hanem j\u00f3l tartj\u00e1k a h\u0151t is, ez\u00e9rt sok\u00e1ig kellemesen melegek maradnak.<\/p>\n<h2>Az id\u0151sek sz\u00e1m\u00e1ra is j\u00f3 megold\u00e1s lehet<\/h2>\n<p>Az idei trend egyik kulcseleme a be\u00e9p\u00edtett, k\u0151b\u0151l k\u00e9sz\u00fclt <strong>\u00fcl\u0151pad<\/strong>. Ez lehet\u0151v\u00e9 teszi, hogy ne csak gyorsan lezuhanyozzunk, hanem le is \u00fclj\u00fcnk vagy ak\u00e1r lefek\u00fcdj\u00fcnk a v\u00edz alatt, \u00edgy a f\u00fcrd\u00e9s val\u00f3di relax\u00e1ci\u00f3s \u00e9lm\u00e9nny\u00e9 v\u00e1lik. A meleg \u00e9s a p\u00e1ra jobban k\u00f6r\u00fcl\u00f6leli a testet, ami m\u00e9lyebb ellazul\u00e1st biztos\u00edt.<\/p>\n<p>Az \u00fcl\u0151fel\u00fclet azonban nemcsak k\u00e9nyelmi, hanem praktikus szerepet is bet\u00f6lt: seg\u00edt ir\u00e1ny\u00edtani a v\u00edz elvezet\u00e9s\u00e9t, cs\u00f6kkenti a kifr\u00f6ccsen\u00e9st, \u00e9s<\/p>\n<blockquote class=\"article__extraTxt\"><p>m\u00e9rs\u00e9kli a cs\u00fasz\u00e1svesz\u00e9lyt, ami k\u00fcl\u00f6n\u00f6sen fontos a csal\u00e1dok \u00e9s az id\u0151sebbek sz\u00e1m\u00e1ra.<\/p><\/blockquote>\n<p><a href=\"https:\/\/www.startlap.hu\/vasarlas\/zuhanyzas-egeszseg-idosek-orvos\/\" target=\"_blank\" rel=\"noopener\">Id\u0151sebb korban<\/a> a zuhanyz\u00e1s szerepe fel\u00e9rt\u00e9kel\u0151dik: nem a gyakoris\u00e1g a legfontosabb, hanem a b\u0151r k\u00edm\u00e9letes \u00e1pol\u00e1sa. Az \u00e9vek m\u00fal\u00e1s\u00e1val a b\u0151r v\u00e9konyabb\u00e1, sz\u00e1razabb\u00e1 v\u00e1lik, ez\u00e9rt a t\u00fal gyakori, f\u0151leg forr\u00f3 vizes tiszt\u00e1lkod\u00e1s k\u00f6nnyen irrit\u00e1ci\u00f3t \u00e9s kisz\u00e1rad\u00e1st okozhat. <strong>A szak\u00e9rt\u0151k szerint 65 \u00e9v felett \u00e1ltal\u00e1ban elegend\u0151 heti 2-3 alkalommal zuhanyozni<\/strong>, a k\u00f6ztes napokon pedig a kulcster\u00fcletek tiszt\u00edt\u00e1sa is el\u00e9g. A javasolt zuhanyz\u00e1si rutin r\u00e9sze a langyos v\u00edz haszn\u00e1lata, az illatmentes, k\u00edm\u00e9l\u0151 tiszt\u00edt\u00f3szerek \u00e9s a zuhanyz\u00e1s ut\u00e1ni hidrat\u00e1l\u00e1s. Emellett a biztons\u00e1g is fontos szempont:<\/p>\n<blockquote class=\"article__extraTxt\"><p>a ritk\u00e1bb zuhanyz\u00e1s cs\u00f6kkentheti a f\u00fcrd\u0151szobai balesetek, p\u00e9ld\u00e1ul az eles\u00e9s kock\u00e1zat\u00e1t.<\/p><\/blockquote>\n<p>A modern szeml\u00e9let szerint id\u0151sebb korban a higi\u00e9nia nem a napi zuhanyz\u00e1st jelenti, hanem a test ig\u00e9nyeihez igaz\u00edtott, tudatos \u00e9s k\u00edm\u00e9letes tiszt\u00e1lkod\u00e1st, amely egyszerre v\u00e9di a b\u0151rt \u00e9s seg\u00edt meg\u0151rizni a komfort\u00e9rzetet.&nbsp;<\/p>\n<p>Az egybenyitott ter\u0171 f\u00fcrd\u0151szob\u00e1k \u00e9s az \u00fcl\u0151padok haszn\u00e1lata teh\u00e1t nemcsak friss diz\u00e1jntrend, hanem szeml\u00e9letv\u00e1lt\u00e1s is: a <strong><a href=\"https:\/\/www.startlap.hu\/vasarlas\/borgyogyasz-furdoszoba-bor-egeszseg\/\" target=\"_blank\" rel=\"noopener\">f\u00fcrd\u0151szoba<\/a><\/strong> k\u00f6zponti \u00e9lett\u00e9rr\u00e9 v\u00e1lik, amely \u00f6tv\u00f6zi a luxust, a funkcionalit\u00e1st \u00e9s a mindennapi j\u00f3l\u00e9tet. Az ilyen kialak\u00edt\u00e1s r\u00e1ad\u00e1sul az ingatlan \u00e9rt\u00e9k\u00e9t is n\u00f6veli, mik\u00f6zben otthonunkba hozza az igazi wellness-\u00e9lm\u00e9nyt.<\/p>\n<p><a href=\"https:\/\/maison.20minutes.fr\/mm122204-cest-fini-pour-la-douche-a-litalienne-en-2026-les-architectes-dinterieur-installent-tous-cet-equipement-venu-des-spas\/\" target=\"_blank\" target=\"_blank\" rel=\"noopener\">via<\/a><\/p>\n<div class=\"o-widget m-readMoreWidget -readMore u-shortDecorLineAfter row widget-container _ce_measure_widget bigdata-widget read-more\" data-ce-measure-widget=\"olvass tov\u00e1bb\">\n\t<div class=\"m-readMoreWidget__imgWrapper image-wrapper col-12 col-md-4 no-p\">\n\t\t<a class=\"m-readMoreWidget__imgLink\" href=\"https:\/\/www.startlap.hu\/vasarlas\/pek-kenyer-frissesseg-konyha\/\" >\n\t\t\t<img decoding=\"async\" src=\"https:\/\/www.startlap.hu\/vasarlas\/uploads\/2026\/04\/kenyer-5-350x285.jpg\" class=\"m-readMoreWidget__img\">\n\t\t<\/a>\n\t<\/div>\n\t<div class=\"m-readMoreWidget__titleWrapper title-wrapper col-12 col-md-8\">\n\t\t<span class=\"m-readMoreWidget__titleLabel u-shortDecorLineBefore label hidden-sm-up\">Ez is \u00e9rdekelhet:<\/span>\n\t\t<h3 class=\"m-readMoreWidget__title title\">\n\t\t\t<a class=\"m-readMoreWidget__titleLink -secondFont u-bold u-upperCase\" href=\"https:\/\/www.startlap.hu\/vasarlas\/pek-kenyer-frissesseg-konyha\/\" >Nem zacsk\u00f3, nem is a konyharuha: a p\u00e9kek tr\u00fckkje napokkal kitolja a keny\u00e9r frissess\u00e9g\u00e9t<\/a>\n\t\t<\/h3>\n\t\t<a class=\"m-readMoreWidget__btn -coloredBack u-tC link\" href=\"https:\/\/www.startlap.hu\/vasarlas\/pek-kenyer-frissesseg-konyha\/\" >Elolvasom<\/a>\n\t<\/div>\n<\/div>\n","protected":false},"excerpt":{"rendered":"<p>\u00daj trend jelent meg a f\u00fcrd\u0151szob\u00e1k vil\u00e1g\u00e1ban: ezzel a kialak\u00edt\u00e1ssal igazi wellness-\u00e9lm\u00e9ny \u00e9rhet\u00fcnk el \u00fagy, hogy k\u00f6zben biztons\u00e1gban \u00e9s k\u00e9nyelemben zuhanyozunk.<\/p>\n","protected":false},"author":63,"featured_media":2280387,"comment_status":"closed","ping_status":"closed","sticky":false,"template":"","format":"standard","meta":{"footnotes":""},"categories":[8180],"tags":[9961,1727,3851,19712],"class_list":["post-2280385","post","type-post","status-publish","format-standard","has-post-thumbnail","hentry","category-trending","tag-idosek","tag-lakberendezes","tag-trend","tag-zuhany"],"aioseo_notices":[],"_links":{"self":[{"href":"https:\/\/www.startlap.hu\/vasarlas\/wp-json\/wp\/v2\/posts\/2280385","targetHints":{"allow":["GET"]}}],"collection":[{"href":"https:\/\/www.startlap.hu\/vasarlas\/wp-json\/wp\/v2\/posts"}],"about":[{"href":"https:\/\/www.startlap.hu\/vasarlas\/wp-json\/wp\/v2\/types\/post"}],"author":[{"embeddable":true,"href":"https:\/\/www.startlap.hu\/vasarlas\/wp-json\/wp\/v2\/users\/63"}],"replies":[{"embeddable":true,"href":"https:\/\/www.startlap.hu\/vasarlas\/wp-json\/wp\/v2\/comments?post=2280385"}],"version-history":[{"count":4,"href":"https:\/\/www.startlap.hu\/vasarlas\/wp-json\/wp\/v2\/posts\/2280385\/revisions"}],"predecessor-version":[{"id":2280431,"href":"https:\/\/www.startlap.hu\/vasarlas\/wp-json\/wp\/v2\/posts\/2280385\/revisions\/2280431"}],"wp:featuredmedia":[{"embeddable":true,"href":"https:\/\/www.startlap.hu\/vasarlas\/wp-json\/wp\/v2\/media\/2280387"}],"wp:attachment":[{"href":"https:\/\/www.startlap.hu\/vasarlas\/wp-json\/wp\/v2\/media?parent=2280385"}],"wp:term":[{"taxonomy":"category","embeddable":true,"href":"https:\/\/www.startlap.hu\/vasarlas\/wp-json\/wp\/v2\/categories?post=2280385"},{"taxonomy":"post_tag","embeddable":true,"href":"https:\/\/www.startlap.hu\/vasarlas\/wp-json\/wp\/v2\/tags?post=2280385"}],"curies":[{"name":"wp","href":"https:\/\/api.w.org\/{rel}","templated":true}]}}