{"id":2280368,"date":"2026-04-30T12:23:30","date_gmt":"2026-04-30T10:23:30","guid":{"rendered":"https:\/\/www.startlap.hu\/vasarlas\/?p=2280368"},"modified":"2026-04-30T12:23:30","modified_gmt":"2026-04-30T10:23:30","slug":"szamoca-ellenorzes-fogyasztovedelem-minoseg","status":"publish","type":"post","link":"https:\/\/www.startlap.hu\/vasarlas\/szamoca-ellenorzes-fogyasztovedelem-minoseg\/","title":{"rendered":"Most kider\u00fcl, milyen a boltban kaphat\u00f3 eper, \u00e9s mutatjuk a v\u00e1rhat\u00f3 \u00e1rakat"},"content":{"rendered":"<p>A hat\u00f3s\u00e1g az ideiglenes \u00e1rus\u00edt\u00f3 helyekre \u00e9s \u00fatmenti \u00e9rt\u00e9kes\u00edt\u0151kre f\u00f3kusz\u00e1l, ahol a forgalmaz\u00e1s k\u00f6r\u00fclm\u00e9nyeket, a higi\u00e9niai felt\u00e9telek megl\u00e9t\u00e9t vizsg\u00e1lja.<\/p>\n<figure id=\"attachment_2280378\" aria-describedby=\"caption-attachment-2280378\" style=\"width: 755px\" class=\"wp-caption alignnone\"><img loading=\"lazy\" decoding=\"async\" class=\"size-article-size-large-image wp-image-2280378\" src=\"https:\/\/www.startlap.hu\/vasarlas\/uploads\/2026\/04\/eper-755x567.jpg\" alt=\"Kisl\u00e1ny a szeme el\u0151tt tart k\u00e9t szem epret\" width=\"755\" height=\"567\" srcset=\"https:\/\/www.startlap.hu\/vasarlas\/uploads\/2026\/04\/eper-755x567.jpg 755w, https:\/\/www.startlap.hu\/vasarlas\/uploads\/2026\/04\/eper-1536x1153.jpg 1536w, https:\/\/www.startlap.hu\/vasarlas\/uploads\/2026\/04\/eper-85x65.jpg 85w, https:\/\/www.startlap.hu\/vasarlas\/uploads\/2026\/04\/eper-466x350.jpg 466w, https:\/\/www.startlap.hu\/vasarlas\/uploads\/2026\/04\/eper.jpg 1999w\" sizes=\"auto, (max-width: 755px) 100vw, 755px\" \/><figcaption id=\"caption-attachment-2280378\" class=\"wp-caption-text\">Tavaly minden tizedik \u00e1rusn\u00e1l tal\u00e1lt hib\u00e1t a fogyaszt\u00f3v\u00e9delem. (Fot\u00f3: Getty Images)<\/figcaption><\/figure>\n<div class=\"o-widget m-readMoreWidget -readMore u-shortDecorLineAfter row widget-container _ce_measure_widget bigdata-widget read-more\" data-ce-measure-widget=\"olvass tov\u00e1bb\">\n\t<div class=\"m-readMoreWidget__imgWrapper image-wrapper col-12 col-md-4 no-p\">\n\t\t<a class=\"m-readMoreWidget__imgLink\" href=\"https:\/\/www.startlap.hu\/vasarlas\/lidl-steffi-graf-kampany-sportmarka-crivit\/\" >\n\t\t\t<img decoding=\"async\" src=\"https:\/\/www.startlap.hu\/vasarlas\/uploads\/2026\/02\/lidl-bevasarlokocsik-vasarlok-350x285.jpg\" class=\"m-readMoreWidget__img\">\n\t\t<\/a>\n\t<\/div>\n\t<div class=\"m-readMoreWidget__titleWrapper title-wrapper col-12 col-md-8\">\n\t\t<span class=\"m-readMoreWidget__titleLabel u-shortDecorLineBefore label hidden-sm-up\">Ez is \u00e9rdekelhet:<\/span>\n\t\t<h3 class=\"m-readMoreWidget__title title\">\n\t\t\t<a class=\"m-readMoreWidget__titleLink -secondFont u-bold u-upperCase\" href=\"https:\/\/www.startlap.hu\/vasarlas\/lidl-steffi-graf-kampany-sportmarka-crivit\/\" >V\u00e1ratlan l\u00e9p\u00e9s: a Parkside mellett a Lidl \u00fajabb term\u00e9kekkel nyomul<\/a>\n\t\t<\/h3>\n\t\t<a class=\"m-readMoreWidget__btn -coloredBack u-tC link\" href=\"https:\/\/www.startlap.hu\/vasarlas\/lidl-steffi-graf-kampany-sportmarka-crivit\/\" >Elolvasom<\/a>\n\t<\/div>\n<\/div>\n<h2>A magyar \u00e9s az import epret egyar\u00e1nt ellen\u0151rzik<\/h2>\n<p>Az NKFH kiemelte,<\/p>\n<blockquote class=\"article__extraTxt\"><p>az akci\u00f3 c\u00e9lja a hazai \u00e9s import szam\u00f3ca t\u00e9telek ellen\u0151rz\u00e9se, k\u00fcl\u00f6n\u00f6s tekintettel a min\u0151s\u00e9gre, a jel\u00f6l\u00e9s megfelel\u0151s\u00e9g\u00e9re, valamint a nyomonk\u00f6vethet\u0151s\u00e9g biztos\u00edt\u00e1s\u00e1ra.<\/p><\/blockquote>\n<p>Az ellen\u0151rz\u00e9sek kiterjednek a nagykereskedelmi forgalmaz\u00f3kra &#8211; bele\u00e9rtve a nagybani piacokat -, valamint a kiskereskedelmi egys\u00e9gekre is &#8211; \u00edrja az MTI.<\/p>\n<p>Felid\u00e9zt\u00e9k, hogy a hat\u00f3s\u00e1gi fell\u00e9p\u00e9s fontoss\u00e1g\u00e1t a tavalyi vizsg\u00e1lati tapasztalatok is indokolj\u00e1k,<strong> 2025-ben orsz\u00e1gszerte 479 helysz\u00ednen \u00f6sszesen 512 t\u00e9tel ellen\u0151rz\u00e9s\u00e9re ker\u00fclt sor, minden tizedik t\u00e9tel kifog\u00e1solhat\u00f3 volt<\/strong>. Az akci\u00f3 v\u00e9g\u00e9re a hat\u00f3s\u00e1g munkat\u00e1rsai k\u00f6zel <strong>3 milli\u00f3 forintnyi b\u00edrs\u00e1got szabtak ki<\/strong>.<\/p>\n<p>Az NKFH \u00e9s a szakmai ir\u00e1ny\u00edt\u00e1sa alatt \u00e1ll\u00f3 korm\u00e1nyhivatalok <strong>az id\u00e9n is vizsg\u00e1lj\u00e1k a forgalmazott gy\u00fcm\u00f6lcs\u00f6k min\u0151s\u00e9g\u00e9t, kiemelt tekintettel a frissess\u00e9gre, tisztas\u00e1gra, az esetleges pen\u00e9szesed\u00e9sre, az \u00e9retts\u00e9g m\u00e9rt\u00e9k\u00e9re<\/strong>. Ellen\u0151rzik a cs\u00e9szelevelek megl\u00e9t\u00e9t, az esetleges alakhib\u00e1kat, nyom\u00f3d\u00e1sokat, valamint azt, hogy a term\u00e9k megfelel\u0151 min\u0151s\u00e9gi oszt\u00e1lyba sorol\u00e1sa megt\u00f6rt\u00e9nt-e.<\/p>\n<h2>Eper vagy szam\u00f3ca?&nbsp;<\/h2>\n<p data-start=\"0\" data-end=\"584\">Az eper \u00e9s a szam\u00f3ca elnevez\u00e9s a k\u00f6znyelvben gyakran keveredik. Amit Magyarorsz\u00e1gon \u201eeper&#8221; n\u00e9ven a z\u00f6lds\u00e9gesn\u00e9l vesz\u00fcnk, a nagy szem\u0171 gy\u00fcm\u00f6lcs a kerti szam\u00f3ca (<em>Fragaria \u00d7 ananassa<\/em>). A \u201eeper\u201d megnevez\u00e9st csak a k\u00f6znyelv haszn\u00e1lja erre a term\u00e9kre, ugyanis az, amit a kert\u00e9szek is epernek h\u00edvnak, vagyis az eperfa term\u00e9se egy teljesen elt\u00e9r\u0151 n\u00f6v\u00e9nyhez (<em>Morus spp.<\/em>) tartozik.<\/p>\n<p data-start=\"0\" data-end=\"584\">Az erdei szam\u00f3ca (<em>Fragaria vesca<\/em>) kisebb m\u00e9ret\u0171, intenz\u00edvebb arom\u00e1j\u00fa gy\u00fcm\u00f6lcs, amely jellemz\u0151en vadon terem, vagy kis volumen\u0171 termeszt\u00e9sb\u0151l sz\u00e1rmazik. Piacon alig tal\u00e1lkozunk vele, jellemz\u0151en frisspiaci k\u00fcl\u00f6nlegess\u00e9gk\u00e9nt vagy feldolgozott form\u00e1ban (lekv\u00e1r, sz\u00f6rp) fordul el\u0151 a keresked\u0151k k\u00edn\u00e1lat\u00e1ban.<\/p>\n<h2>Mi\u00e9rt \u00e9rdemes epret fogyasztani?<\/h2>\n<p data-start=\"0\" data-end=\"490\">Az eper (avagy <strong><a href=\"https:\/\/www.startlap.hu\/vasarlas\/indiai-szamoca-mergezo\/\" target=\"_blank\" rel=\"noopener\">szam\u00f3ca<\/a><\/strong>) egy <strong>alacsony energiatartalm\u00fa gy\u00fcm\u00f6lcs, magas v\u00edztartalommal, ez\u00e9rt j\u00f3l illeszthet\u0151 kal\u00f3riaszeg\u00e9ny \u00e9trendbe<\/strong>.<\/p>\n<blockquote class=\"article__extraTxt\">\n<p data-start=\"0\" data-end=\"490\">Jelent\u0151s C-vitamin-forr\u00e1s, emellett tartalmaz folsavat, k\u00e1liumot \u00e9s k\u00fcl\u00f6nb\u00f6z\u0151 antioxid\u00e1ns vegy\u00fcleteket, amelyek hozz\u00e1j\u00e1rulhatnak a sejtek oxidat\u00edv stresszel szembeni v\u00e9delm\u00e9hez.<\/p>\n<\/blockquote>\n<p data-start=\"0\" data-end=\"490\">A benne l\u00e9v\u0151 rostok t\u00e1mogathatj\u00e1k az em\u00e9szt\u00e9si folyamatokat \u00e9s a b\u00e9lm\u0171k\u00f6d\u00e9s szab\u00e1lyoz\u00e1s\u00e1t.<\/p>\n<p data-start=\"492\" data-end=\"927\" data-is-last-node=\"\" data-is-only-node=\"\">Fogyaszt\u00e1sa v\u00e1ltozatos form\u00e1ban lehets\u00e9ges: frissen, fagyasztva vagy feldolgozott term\u00e9kekben. A friss gy\u00fcm\u00f6lcs el\u0151nye, hogy nem tartalmaz hozz\u00e1adott cukrot, \u00e9s t\u00e1panyagtartalma ilyenkor a legkedvez\u0151bb. Szezon\u00e1lis el\u00e9rhet\u0151s\u00e9ge miatt kiemelten fontos szerepe van a tavaszi-ny\u00e1ri \u00e9trendben. Rendszeres fogyaszt\u00e1sa hozz\u00e1j\u00e1rulhat a v\u00e1ltozatos n\u00f6v\u00e9nyi alap\u00fa t\u00e1pl\u00e1lkoz\u00e1shoz, \u00e9s nem utols\u00f3sorban egy nagyon finom <strong><a href=\"https:\/\/www.startlap.hu\/vasarlas\/gyumolcs-este-egeszseg\/\" target=\"_blank\" rel=\"noopener\">gy\u00fcm\u00f6lcs<\/a><\/strong>.<\/p>\n<h2 data-start=\"492\" data-end=\"927\">Mennyibe ker\u00fclhet az eper 2026-ban?<\/h2>\n<p data-start=\"45\" data-end=\"480\">A 2026-os szezonban az <strong><a href=\"https:\/\/www.startlap.hu\/vasarlas\/eper-szamoca-arak-piac-kecskemet\/\" target=\"_blank\" rel=\"noopener\">eper \u00e1ra<\/a><\/strong> er\u0151sen f\u00fcgg a term\u00e9s mennyis\u00e9g\u00e9t\u0151l. Amikor el\u0151sz\u00f6r megjelenik az eper a z\u00f6lds\u00e9gesek \u00e9s a boltok polcain, a k\u00edn\u00e1latot m\u00e9g import\u00e1ru domin\u00e1lja, amely jellemz\u0151en alacsonyabb \u00e1rszinten mozog. A g\u00f6r\u00f6g \u00e9s spanyol eredet\u0171 szam\u00f3ca a szezon elej\u00e9n nagykereskedelmi \u00e9s kiskereskedelmi szinten is az els\u0151k\u00e9nt el\u00e9rhet\u0151 term\u00e9kek k\u00f6z\u00e9 tartozik, ennek megfelel\u0151en <strong>az \u00e1rak indul\u00e1skor \u00e1ltal\u00e1ban 2000\u20132500 Ft\/kg k\u00f6r\u00fcl alakulnak<\/strong>.<\/p>\n<p data-start=\"482\" data-end=\"924\">A hazai termeszt\u00e9s\u0171 kerti szam\u00f3ca megjelen\u00e9se a tavasz m\u00e1sodik fel\u00e9ben t\u00f6rt\u00e9nik, amely jellemz\u0151en magasabb \u00e1rszintet eredm\u00e9nyez.<\/p>\n<blockquote class=\"article__extraTxt\">\n<p data-start=\"482\" data-end=\"924\">A piaci adatok alapj\u00e1n a magyar eper indul\u00f3 \u00e1ra 2026-ban 3500\u20134000 Ft\/kg s\u00e1vot is el\u00e9rheti, k\u00fcl\u00f6n\u00f6sen a szezon eleji sz\u0171k k\u00edn\u00e1lati id\u0151szakban.<\/p>\n<\/blockquote>\n<p data-start=\"482\" data-end=\"924\">A k\u00e9s\u0151bbi hetekben<strong> a k\u00edn\u00e1lat b\u0151v\u00fcl\u00e9s\u00e9vel az \u00e1rak fokozatos cs\u00f6kken\u00e9se v\u00e1rhat\u00f3<\/strong>, k\u00fcl\u00f6n\u00f6sen a nagyobb piaci mennyis\u00e9g \u00e9s az akci\u00f3s kiskereskedelmi megjelen\u00e9sek hat\u00e1s\u00e1ra.<\/p>\n<p data-start=\"926\" data-end=\"1299\">A bolti kiskereskedelmi \u00e1rak ezzel p\u00e1rhuzamosan sz\u00e9les sk\u00e1l\u00e1n mozognak. <strong>Akci\u00f3s id\u0151szakokban 800\u20131200 Ft\/500 g k\u00f6r\u00fcli csomag\u00e1rak is el\u0151fordulnak<\/strong>, m\u00edg a pr\u00e9mium vagy friss, hazai term\u00e9kek \u00e1ra enn\u00e9l l\u00e9nyegesen magasabb lehet. A piaci \u00e1rakat tov\u00e1bbra is er\u0151sen befoly\u00e1solja az id\u0151j\u00e1r\u00e1s, a munkaer\u0151k\u00f6lts\u00e9g \u00e9s a szezon\u00e1lis k\u00edn\u00e1lat alakul\u00e1sa.<\/p>\n<div class=\"o-widget m-readMoreWidget -readMore u-shortDecorLineAfter row widget-container _ce_measure_widget bigdata-widget read-more\" data-ce-measure-widget=\"olvass tov\u00e1bb\">\n\t<div class=\"m-readMoreWidget__imgWrapper image-wrapper col-12 col-md-4 no-p\">\n\t\t<a class=\"m-readMoreWidget__imgLink\" href=\"https:\/\/www.startlap.hu\/vasarlas\/temu-buntetes-penzbirsag-versenyhivatal\/\" >\n\t\t\t<img decoding=\"async\" src=\"https:\/\/www.startlap.hu\/vasarlas\/uploads\/2026\/04\/penztarca_-350x285.jpg\" class=\"m-readMoreWidget__img\">\n\t\t<\/a>\n\t<\/div>\n\t<div class=\"m-readMoreWidget__titleWrapper title-wrapper col-12 col-md-8\">\n\t\t<span class=\"m-readMoreWidget__titleLabel u-shortDecorLineBefore label hidden-sm-up\">Ez is \u00e9rdekelhet:<\/span>\n\t\t<h3 class=\"m-readMoreWidget__title title\">\n\t\t\t<a class=\"m-readMoreWidget__titleLink -secondFont u-bold u-upperCase\" href=\"https:\/\/www.startlap.hu\/vasarlas\/temu-buntetes-penzbirsag-versenyhivatal\/\" >Drasztikus \u00f6sszeget fizet a Temu a magyaroknak<\/a>\n\t\t<\/h3>\n\t\t<a class=\"m-readMoreWidget__btn -coloredBack u-tC link\" href=\"https:\/\/www.startlap.hu\/vasarlas\/temu-buntetes-penzbirsag-versenyhivatal\/\" >Elolvasom<\/a>\n\t<\/div>\n<\/div>\n","protected":false},"excerpt":{"rendered":"<p>Orsz\u00e1gos, kiemelt szam\u00f3ca-ellen\u0151rz\u00e9st rendelt el a Nemzeti Kereskedelmi \u00e9s Fogyaszt\u00f3v\u00e9delmi Hat\u00f3s\u00e1g (NKFH) a fogyaszt\u00f3k v\u00e9delme \u00e9rdek\u00e9ben &#8211; k\u00f6z\u00f6lte az NKFH cs\u00fct\u00f6rt\u00f6k\u00f6n az MTI-vel.<\/p>\n","protected":false},"author":14,"featured_media":2280378,"comment_status":"closed","ping_status":"closed","sticky":false,"template":"","format":"standard","meta":{"footnotes":""},"categories":[8180],"tags":[320,3903,5952],"class_list":["post-2280368","post","type-post","status-publish","format-standard","has-post-thumbnail","hentry","category-trending","tag-ellenorzes","tag-eper","tag-fogyasztovedelem"],"aioseo_notices":[],"_links":{"self":[{"href":"https:\/\/www.startlap.hu\/vasarlas\/wp-json\/wp\/v2\/posts\/2280368","targetHints":{"allow":["GET"]}}],"collection":[{"href":"https:\/\/www.startlap.hu\/vasarlas\/wp-json\/wp\/v2\/posts"}],"about":[{"href":"https:\/\/www.startlap.hu\/vasarlas\/wp-json\/wp\/v2\/types\/post"}],"author":[{"embeddable":true,"href":"https:\/\/www.startlap.hu\/vasarlas\/wp-json\/wp\/v2\/users\/14"}],"replies":[{"embeddable":true,"href":"https:\/\/www.startlap.hu\/vasarlas\/wp-json\/wp\/v2\/comments?post=2280368"}],"version-history":[{"count":2,"href":"https:\/\/www.startlap.hu\/vasarlas\/wp-json\/wp\/v2\/posts\/2280368\/revisions"}],"predecessor-version":[{"id":2280380,"href":"https:\/\/www.startlap.hu\/vasarlas\/wp-json\/wp\/v2\/posts\/2280368\/revisions\/2280380"}],"wp:featuredmedia":[{"embeddable":true,"href":"https:\/\/www.startlap.hu\/vasarlas\/wp-json\/wp\/v2\/media\/2280378"}],"wp:attachment":[{"href":"https:\/\/www.startlap.hu\/vasarlas\/wp-json\/wp\/v2\/media?parent=2280368"}],"wp:term":[{"taxonomy":"category","embeddable":true,"href":"https:\/\/www.startlap.hu\/vasarlas\/wp-json\/wp\/v2\/categories?post=2280368"},{"taxonomy":"post_tag","embeddable":true,"href":"https:\/\/www.startlap.hu\/vasarlas\/wp-json\/wp\/v2\/tags?post=2280368"}],"curies":[{"name":"wp","href":"https:\/\/api.w.org\/{rel}","templated":true}]}}