{"id":2280355,"date":"2026-04-30T05:33:51","date_gmt":"2026-04-30T03:33:51","guid":{"rendered":"https:\/\/www.startlap.hu\/vasarlas\/?p=2280355"},"modified":"2026-04-30T04:09:51","modified_gmt":"2026-04-30T02:09:51","slug":"aldi-klimatisztito-spray-akcio","status":"publish","type":"post","link":"https:\/\/www.startlap.hu\/vasarlas\/aldi-klimatisztito-spray-akcio\/","title":{"rendered":"Megrohamozhatj\u00e1k az Aldit h\u00e9tf\u0151t\u0151l: 1999 forint\u00e9rt j\u00f6n a term\u00e9k, ami dr\u00e1ga ny\u00e1ri kiad\u00e1st\u00f3l menthet meg"},"content":{"rendered":"<p>A kl\u00edmatiszt\u00edt\u00e1s sokaknak csak akkor jut esz\u00e9be, amikor az els\u0151 igaz\u00e1n meleg napon bekapcsolj\u00e1k a berendez\u00e9st, \u00e9s a friss leveg\u0151 helyett dohos, \u00e1llott vagy kellemetlen szag \u00e9rkezik. A <strong><a href=\"https:\/\/www.startlap.hu\/vasarlas\/klima-legkondi-szakember-javaslat-tippek\/\" target=\"_blank\" rel=\"noopener\">kl\u00edmaberendez\u00e9sekben<\/a><\/strong> ugyanis a por, a nedvess\u00e9g \u00e9s a lerak\u00f3d\u00e1sok miatt id\u0151vel olyan k\u00f6zeg alakulhat ki, amiben k\u00f6nnyen megtelepedhetnek a kellemetlen szagokat okoz\u00f3 szennyez\u0151d\u00e9sek.<\/p>\n<div class=\"o-widget m-readMoreWidget -readMore u-shortDecorLineAfter row widget-container _ce_measure_widget bigdata-widget read-more\" data-ce-measure-widget=\"olvass tov\u00e1bb\">\n\t<div class=\"m-readMoreWidget__imgWrapper image-wrapper col-12 col-md-4 no-p\">\n\t\t<a class=\"m-readMoreWidget__imgLink\" href=\"https:\/\/www.startlap.hu\/vasarlas\/majus-1-boltok-nyitvatartas-2026\/\" >\n\t\t\t<img decoding=\"async\" src=\"https:\/\/www.startlap.hu\/vasarlas\/uploads\/2026\/04\/bevasarlokocsik-350x285.jpg\" class=\"m-readMoreWidget__img\">\n\t\t<\/a>\n\t<\/div>\n\t<div class=\"m-readMoreWidget__titleWrapper title-wrapper col-12 col-md-8\">\n\t\t<span class=\"m-readMoreWidget__titleLabel u-shortDecorLineBefore label hidden-sm-up\">Ez is \u00e9rdekelhet:<\/span>\n\t\t<h3 class=\"m-readMoreWidget__title title\">\n\t\t\t<a class=\"m-readMoreWidget__titleLink -secondFont u-bold u-upperCase\" href=\"https:\/\/www.startlap.hu\/vasarlas\/majus-1-boltok-nyitvatartas-2026\/\" >Boltz\u00e1r j\u00f6n: v\u00e1ltozik a Lidl, az Aldi, a Penny \u00e9s a t\u00f6bbi \u00fczletl\u00e1nc nyitvatart\u00e1sa a m\u00e1jus 1-jei hossz\u00fa h\u00e9tv\u00e9g\u00e9n<\/a>\n\t\t<\/h3>\n\t\t<a class=\"m-readMoreWidget__btn -coloredBack u-tC link\" href=\"https:\/\/www.startlap.hu\/vasarlas\/majus-1-boltok-nyitvatartas-2026\/\" >Elolvasom<\/a>\n\t<\/div>\n<\/div>\n<p>Itt j\u00f6n k\u00e9pbe az <strong><a href=\"https:\/\/www.startlap.hu\/vasarlas\/aldi-europa-valtozas\/\" target=\"_blank\" rel=\"noopener\">Aldi<\/a><\/strong> term\u00e9ke, ami azoknak lehet \u00e9rdekes, akik gyorsan \u00e9s k\u00f6lts\u00e9ghat\u00e9konyan szeretn\u00e9k felfriss\u00edteni a kl\u00edm\u00e1t a szezon el\u0151tt.<\/p>\n<h2>Mi\u00e9rt fontos kitiszt\u00edtani a kl\u00edm\u00e1t a ny\u00e1r el\u0151tt?<\/h2>\n<p>A <strong><a href=\"https:\/\/www.startlap.hu\/vasarlas\/klima-meghibasodas-problema-tippek\/\" target=\"_blank\" rel=\"noopener\">kl\u00edma<\/a><\/strong> nemcsak h\u0171ti a leveg\u0151t, hanem folyamatosan keringeti is azt. A haszn\u00e1lat sor\u00e1n por, nedvess\u00e9g, pollen \u00e9s egy\u00e9b szennyez\u0151d\u00e9s rak\u00f3dhat le a rendszerben, k\u00fcl\u00f6n\u00f6sen a sz\u0171r\u0151k\u00f6n, a h\u0171t\u0151bord\u00e1k k\u00f6rny\u00e9k\u00e9n \u00e9s a l\u00e9gcsatorn\u00e1kban. <strong>Ez nemcsak kellemetlen szaghoz vezethet, hanem a k\u00e9sz\u00fcl\u00e9k hat\u00e9konys\u00e1g\u00e1t is ronthatja<\/strong>.<\/p>\n<p>Az Aldi boltjaiba m\u00e1jus 4-t\u0151l \u00e9rkezik a <strong>Prevent Shine kl\u00edmatiszt\u00edt\u00f3 spray<\/strong>, ami<\/p>\n<blockquote class=\"article__extraTxt\"><p>aut\u00f3s, illetve \u00e9p\u00fcletek h\u0171t\u00e9s\u00e9re haszn\u00e1lt ablak- \u00e9s split kl\u00edmaberendez\u00e9sek kezel\u00e9s\u00e9re is alkalmas.<\/p><\/blockquote>\n<p>A 400 ml-es flakon 1999 forintba ker\u00fcl. <strong>K\u00e9p a term\u00e9kr\u0151l az <a href=\"https:\/\/akcios-ujsag.hu\/akcios-ujsagok\/aldi-kozepso-sor-akcios-ujsag-2026-04-30\/\" target=\"_blank\" target=\"_blank\" rel=\"noopener\">Aldi akci\u00f3s \u00fajs\u00e1gj\u00e1ban<\/a>.<\/strong><\/p>\n<h2>Mikor lehet el\u00e9g az otthoni kl\u00edmatiszt\u00edt\u00f3 spray?<\/h2>\n<p>Az ilyen t\u00edpus\u00fa kl\u00edmatiszt\u00edt\u00f3 j\u00f3 v\u00e1laszt\u00e1s lehet, ha:<\/p>\n<ul>\n<li>a kl\u00edma enyh\u00e9n dohos vagy \u00e1llott szagot \u00e1raszt;<\/li>\n<li>szezon el\u0151tt szeretn\u00e9nk gyorsan felfriss\u00edteni a rendszert;<\/li>\n<li>nincs l\u00e1that\u00f3 m\u0171szaki hiba, cs\u00f6p\u00f6g\u00e9s vagy rendellenes m\u0171k\u00f6d\u00e9s.<\/li>\n<\/ul>\n<p>A Prevent term\u00e9kle\u00edr\u00e1sa szerint a kl\u00edmatiszt\u00edt\u00e1s ilyen aeroszollal nem ig\u00e9nyel k\u00fcl\u00f6n\u00f6sebb szaktud\u00e1st, \u00e9s rendszeres, legal\u00e1bb \u00e9venk\u00e9nti tiszt\u00edt\u00e1sra aj\u00e1nlott.<\/p>\n<h2>Mikor kell ink\u00e1bb szakembert h\u00edvni?<\/h2>\n<p>Fontos: a kl\u00edmatiszt\u00edt\u00f3 spray nem csodaszer, \u00e9s nem helyettes\u00edti minden esetben a teljes karbantart\u00e1st. Szakembert \u00e9rdemes h\u00edvni, ha:<\/p>\n<ul>\n<li>a kl\u00edma gyeng\u00e9n h\u0171t vagy egy\u00e1ltal\u00e1n nem h\u0171t;<\/li>\n<li>cs\u00f6p\u00f6g a belt\u00e9ri egys\u00e9g;<\/li>\n<li>er\u0151s pen\u00e9szszag j\u00f6n bel\u0151le;<\/li>\n<li>l\u00e1that\u00f3 pen\u00e9sz vagy kosz van a bels\u0151 r\u00e9szeken;<\/li>\n<li>furcsa hangot ad a k\u00e9sz\u00fcl\u00e9k;<\/li>\n<li>r\u00e9g\u00f3ta nem volt karbantartva;<\/li>\n<li>garanci\u00e1lis k\u00e9sz\u00fcl\u00e9kr\u0151l van sz\u00f3;<\/li>\n<li>k\u00fclt\u00e9ri egys\u00e9get, h\u0171t\u0151k\u00f6zeget vagy elektromos r\u00e9szeket kell ellen\u0151rizni.<\/li>\n<\/ul>\n<p>A szakmai aj\u00e1nl\u00e1sok szerint a h\u00e1zilagos tiszt\u00edt\u00e1s legfeljebb a belt\u00e9ri egys\u00e9g alapvet\u0151 tiszt\u00edt\u00e1s\u00e1ra alkalmas, de a h\u0171t\u0151g\u00e1z, az esetleges sziv\u00e1rg\u00e1s, a k\u00fclt\u00e9ri egys\u00e9g \u00e9s az elektronika ellen\u0151rz\u00e9se m\u00e1r szakember feladata.<\/p>\n<figure id=\"attachment_2280359\" aria-describedby=\"caption-attachment-2280359\" style=\"width: 755px\" class=\"wp-caption alignnone\"><a href=\"https:\/\/www.startlap.hu\/vasarlas\/uploads\/2026\/04\/aldi-scaled.jpg\"><img loading=\"lazy\" decoding=\"async\" class=\"size-article-size-large-image wp-image-2280359\" src=\"https:\/\/www.startlap.hu\/vasarlas\/uploads\/2026\/04\/aldi-755x503.jpg\" alt=\"Egy h\u00e1tit\u00e1sk\u00e1s n\u0151 bemegy az Aldi egyik \u00fczlet\u00e9be.\" width=\"755\" height=\"503\" srcset=\"https:\/\/www.startlap.hu\/vasarlas\/uploads\/2026\/04\/aldi-755x503.jpg 755w, https:\/\/www.startlap.hu\/vasarlas\/uploads\/2026\/04\/aldi-1536x1024.jpg 1536w, https:\/\/www.startlap.hu\/vasarlas\/uploads\/2026\/04\/aldi-2048x1365.jpg 2048w, https:\/\/www.startlap.hu\/vasarlas\/uploads\/2026\/04\/aldi-525x350.jpg 525w\" sizes=\"auto, (max-width: 755px) 100vw, 755px\" \/><\/a><figcaption id=\"caption-attachment-2280359\" class=\"wp-caption-text\">Dr\u00e1ga ny\u00e1ri kiad\u00e1st\u00f3l menthet meg az Aldi term\u00e9ke, ami m\u00e1jus 4-t\u0151l \u00e9rkezik a boltokba. Fot\u00f3: Getty Images<\/figcaption><\/figure>\n<h2>Otthoni split kl\u00edma tiszt\u00edt\u00e1sa l\u00e9p\u00e9sr\u0151l l\u00e9p\u00e9sre<\/h2>\n<p>Fontos, hogy csak a biztons\u00e1gosan hozz\u00e1f\u00e9rhet\u0151 r\u00e9szeket tiszt\u00edtsuk.&nbsp;<\/p>\n<p><strong>1. Kapcsold ki \u00e9s \u00e1ramtalan\u00edtsd a kl\u00edm\u00e1t<\/strong><br \/>\nA tiszt\u00edt\u00e1st mindig kikapcsolt, \u00e1ramtalan\u00edtott k\u00e9sz\u00fcl\u00e9ken kell elkezdeni. Ez alapvet\u0151 biztons\u00e1gi l\u00e9p\u00e9s.<\/p>\n<p><strong>2. Nyisd fel a belt\u00e9ri egys\u00e9g el\u0151lapj\u00e1t<\/strong><br \/>\n\u00d3vatosan nyisd fel a fedelet, majd vedd ki a porsz\u0171r\u0151ket. Ha nem vagy biztos benne, hogyan kell kivenni \u0151ket, n\u00e9zd meg a k\u00e9sz\u00fcl\u00e9k haszn\u00e1lati \u00fatmutat\u00f3j\u00e1t.<\/p>\n<p><strong>3. Mosd \u00e1t a porsz\u0171r\u0151ket<\/strong><br \/>\nA sz\u0171r\u0151ket langyos, szappanos v\u00edzzel \u00e1t lehet mosni, majd teljesen meg kell sz\u00e1r\u00edtani. Nedves sz\u0171r\u0151t nem szabad visszatenni.<\/p>\n<p><strong>4. F\u00fajd be a h\u0171t\u0151bord\u00e1k k\u00f6rny\u00e9k\u00e9t kl\u00edmatiszt\u00edt\u00f3val<\/strong><br \/>\nA szakmai aj\u00e1nl\u00e1s szerint a belt\u00e9ri egys\u00e9g porsz\u0171r\u0151je m\u00f6g\u00f6tt tal\u00e1lhat\u00f3 h\u0171t\u0151bord\u00e1t kell bef\u00fajni a kl\u00edmatiszt\u00edt\u00f3 spray-vel, majd a habot \u00e1ltal\u00e1ban k\u00f6r\u00fclbel\u00fcl 20 percig rajta kell hagyni.<\/p>\n<p><strong>5. T\u00f6r\u00f6ld le, ami nem oda ker\u00fclt<\/strong><br \/>\nHa a hab burkolatra, falra vagy b\u00fatorra ker\u00fcl, azonnal t\u00f6r\u00f6ld le. Ne f\u00fajj a k\u00e9sz\u00fcl\u00e9k elektromos r\u00e9szeire.<\/p>\n<p><strong>6. Tedd vissza a sz\u00e1raz sz\u0171r\u0151ket<\/strong><br \/>\nHa a sz\u0171r\u0151k teljesen megsz\u00e1radtak, helyezd vissza \u0151ket a belt\u00e9ri egys\u00e9gbe.<\/p>\n<p><strong>7. Szell\u0151ztess \u00e9s ind\u00edtsd \u00fajra a kl\u00edm\u00e1t<\/strong><br \/>\nA tiszt\u00edt\u00e1s ut\u00e1n szell\u0151ztesd ki a helyis\u00e9get, majd csak ezut\u00e1n kapcsold vissza a k\u00e9sz\u00fcl\u00e9ket. Az els\u0151 percekben m\u00e9g lehet enyhe tiszt\u00edt\u00f3szeres szag, ez\u00e9rt \u00e9rdemes nyitott <strong><a href=\"https:\/\/www.startlap.hu\/vasarlas\/wcpapir-ablak-takaritas\/\" target=\"_blank\" rel=\"noopener\">ablak<\/a><\/strong> mellett j\u00e1ratni.<\/p>\n<h2>Aut\u00f3kl\u00edma tiszt\u00edt\u00e1sa l\u00e9p\u00e9sr\u0151l l\u00e9p\u00e9sre<\/h2>\n<p>A 400 ml-es, vezet\u00e9kes Prevent kl\u00edmatiszt\u00edt\u00f3 aeroszol haszn\u00e1lati \u00fatmutat\u00f3ja alapj\u00e1n az aut\u00f3kl\u00edma tiszt\u00edt\u00e1sa t\u00f6bb l\u00e9p\u00e9sb\u0151l \u00e1ll. A pontos haszn\u00e1lat el\u0151tt mindig el kell olvasni a flakonon l\u00e9v\u0151 c\u00edmk\u00e9t \u00e9s a gy\u00e1rt\u00f3i \u00fatmutat\u00f3t, mert a term\u00e9kek k\u00f6z\u00f6tt lehet elt\u00e9r\u00e9s.<\/p>\n<p><strong>1. Kapcsold le az aut\u00f3 kl\u00edmaberendez\u00e9s\u00e9t<\/strong><br \/>\nA tiszt\u00edt\u00e1s el\u0151tt a kl\u00edm\u00e1t ki kell kapcsolni. A gy\u00e1rt\u00f3i \u00fatmutat\u00f3 szerint a pollensz\u0171r\u0151t is el kell t\u00e1vol\u00edtani.<\/p>\n<p><strong>2. \u00c1ll\u00edtsd be a szell\u0151z\u0151rendszert<\/strong><br \/>\nA szell\u0151z\u00e9st bels\u0151 keringtet\u00e9sre kell \u00e1ll\u00edtani, vagyis a k\u00fcls\u0151 l\u00e9gbesz\u00edv\u00e1st z\u00e1rni kell. A leveg\u0151 ir\u00e1ny\u00e1t a sz\u00e9lv\u00e9d\u0151 fel\u00e9 \u00e9rdemes \u00e1ll\u00edtani, a ventil\u00e1tort pedig ki kell kapcsolni.<\/p>\n<p><strong>3. R\u00e1zd fel a flakont, majd illeszd fel a cs\u00f6vet<\/strong><br \/>\nA palackot alaposan fel kell r\u00e1zni. A kupakban tal\u00e1lhat\u00f3 vezet\u00e9ket a sz\u00f3r\u00f3fejre kell illeszteni, majd a f\u00fav\u00f3cs\u00f6vet \u00fctk\u00f6z\u00e9sig be kell vezetni a kl\u00edmaberendez\u00e9s f\u0151 leveg\u0151j\u00e1rataiba.<\/p>\n<p><strong>4. F\u00fajd be a tiszt\u00edt\u00f3habot a l\u00e9gj\u00e1ratokba<\/strong><br \/>\nAz aeroszolt n\u00e9h\u00e1ny m\u00e1sodpercig m\u0171k\u00f6dtetni kell, majd a sz\u00f3r\u00f3fejet folyamatosan lenyomva tartva lassan ki kell h\u00fazni a vezet\u00e9ket. \u00cdgy a k\u00e9pz\u0151d\u0151 hab egyenletesebben ter\u00fclhet sz\u00e9t a j\u00e1ratokban.<\/p>\n<p><strong>5. Kezeld a h\u0171t\u0151bord\u00e1kat \u00e9s a pollensz\u0171r\u0151 hely\u00e9t is<\/strong><br \/>\nA haszn\u00e1lati \u00fatmutat\u00f3 szerint a k\u00e9sz\u00edtm\u00e9nyt a kl\u00edmaberendez\u00e9s h\u0171t\u0151bord\u00e1ira \u00e9s a pollensz\u0171r\u0151 hely\u00e9re is be lehet f\u00fajni. A nem k\u00edv\u00e1nt helyre ker\u00fclt habot azonnal le kell t\u00f6r\u00f6lni.<\/p>\n<p><strong>6. V\u00e1rj, majd alaposan szell\u0151ztess<\/strong><br \/>\nA gy\u00e1rt\u00f3i \u00fatmutat\u00f3 szerint k\u00f6r\u00fclbel\u00fcl 20-30 perc v\u00e1rakoz\u00e1si id\u0151 ut\u00e1n alaposan ki kell szell\u0151ztetni az <strong><a href=\"https:\/\/www.startlap.hu\/vasarlas\/auto-szelloztetes-nyar-kanikula-fizika\/\" target=\"_blank\" rel=\"noopener\">aut\u00f3t<\/a><\/strong>, \u00e9s csak ezut\u00e1n szabad visszakapcsolni a ventil\u00e1tort. A v\u00e1rakoz\u00e1si id\u0151 alatt nem szabad az utast\u00e9rben tart\u00f3zkodni.<\/p>\n<h2>Mire kell figyelni haszn\u00e1lat k\u00f6zben?<\/h2>\n<p>A kl\u00edmatiszt\u00edt\u00f3 aeroszol vegyi term\u00e9k, ez\u00e9rt nem szabad f\u00e9lv\u00e1llr\u00f3l venni a biztons\u00e1gi el\u0151\u00edr\u00e1sokat. A Prevent kl\u00edmatiszt\u00edt\u00f3 aeroszol biztons\u00e1gi adatlapja szerint a term\u00e9k rendk\u00edv\u00fcl t\u0171zvesz\u00e9lyes aeroszol, nyom\u00e1s alatt \u00e1ll\u00f3 palackban van.<\/p>\n<p><strong>Ez\u00e9rt haszn\u00e1lat k\u00f6zben:<\/strong><\/p>\n<ul>\n<li>ne doh\u00e1nyozz;<\/li>\n<li>ne haszn\u00e1ld ny\u00edlt l\u00e1ng, szikra vagy forr\u00f3 fel\u00fclet k\u00f6zel\u00e9ben;<\/li>\n<li>ne l\u00e9legezd be k\u00f6zvetlen\u00fcl a permetet;<\/li>\n<li>tartsd t\u00e1vol gyerekekt\u0151l;<\/li>\n<li>haszn\u00e1lat ut\u00e1n alaposan szell\u0151ztess;<\/li>\n<li>mindig olvasd el a c\u00edmk\u00e9t \u00e9s a haszn\u00e1lati \u00fatmutat\u00f3t.<\/li>\n<\/ul>\n<p>Azt m\u00e9g egyszer kiemeln\u00e9nk, hogy a h\u00e1zi kl\u00edmatiszt\u00edt\u00e1s nem v\u00e1ltja ki a szakszer\u0171 karbantart\u00e1st. <strong>Ha a kl\u00edma r\u00e9g\u00f3ta nem volt ellen\u0151rizve, rosszul h\u0171t, cs\u00f6p\u00f6g, er\u0151sen pen\u00e9szes szag\u00fa, vagy garanci\u00e1lis k\u00e9sz\u00fcl\u00e9kr\u0151l van sz\u00f3, jobb szakembert h\u00edvni<\/strong>. A spray gyors seg\u00edts\u00e9g lehet, de a teljes rendszer \u00e1llapot\u00e1t csak egy alapos karbantart\u00e1s mutatja meg igaz\u00e1n.<\/p>\n<p data-mrf-recirculation=\"[Article Startlap] Inline links\"><strong>\u00c9rdemes az&nbsp;<a href=\"https:\/\/akcios-ujsag.hu\/\" target=\"_blank\" target=\"_blank\" rel=\"noopener\" data-mrf-recirculation=\"[Article Startlap] Inline Links\" data-mrf-link=\"https:\/\/akcios-ujsag.hu\/\" data-mrf-recirculation-id=\"[Article Startlap] Inline Links_3\">Akci\u00f3s-\u00dajs\u00e1g.hu<\/a>&nbsp;oldal\u00e1n megtal\u00e1lhat\u00f3 m\u00e1s \u00e1ruh\u00e1zl\u00e1ncok akci\u00f3s term\u00e9keit is \u00e1tb\u00f6ng\u00e9szni, p\u00e9ld\u00e1ul:<\/strong><\/p>\n<ul>\n<li><strong><a href=\"https:\/\/akcios-ujsag.hu\/akcios-ujsag\/elelmiszer-aruhaz\/auchan\/\" target=\"_blank\" target=\"_blank\" rel=\"noopener\">Auchan<\/a><\/strong><\/li>\n<li><a href=\"https:\/\/akcios-ujsag.hu\/akcios-ujsag\/elelmiszer-aruhaz\/lidl\/\" target=\"_blank\" target=\"_blank\" rel=\"noopener\"><strong>Lidl<\/strong><\/a><\/li>\n<li><strong><a href=\"https:\/\/akcios-ujsag.hu\/akcios-ujsag\/elelmiszer-aruhaz\/spar-interspar\/\" target=\"_blank\" target=\"_blank\" rel=\"noopener\">Interspar<\/a><\/strong><\/li>\n<li><strong><a href=\"https:\/\/akcios-ujsag.hu\/akcios-ujsag\/elelmiszer-aruhaz\/penny-market\/\" target=\"_blank\" target=\"_blank\" rel=\"noopener\">Penny<\/a><\/strong><\/li>\n<li><strong><a href=\"https:\/\/akcios-ujsag.hu\/akcios-ujsag\/elelmiszer-aruhaz\/tesco\/\" target=\"_blank\" target=\"_blank\" rel=\"noopener\">Tesco<\/a><\/strong><\/li>\n<\/ul>\n<div class=\"o-widget m-readMoreWidget -readMore u-shortDecorLineAfter row widget-container _ce_measure_widget bigdata-widget read-more\" data-ce-measure-widget=\"olvass tov\u00e1bb\">\n\t<div class=\"m-readMoreWidget__imgWrapper image-wrapper col-12 col-md-4 no-p\">\n\t\t<a class=\"m-readMoreWidget__imgLink\" href=\"https:\/\/www.startlap.hu\/vasarlas\/szemuveg-szemet-diy-kreativitas\/\" >\n\t\t\t<img decoding=\"async\" src=\"https:\/\/www.startlap.hu\/vasarlas\/uploads\/2026\/04\/szemuveg-3-350x285.jpg\" class=\"m-readMoreWidget__img\">\n\t\t<\/a>\n\t<\/div>\n\t<div class=\"m-readMoreWidget__titleWrapper title-wrapper col-12 col-md-8\">\n\t\t<span class=\"m-readMoreWidget__titleLabel u-shortDecorLineBefore label hidden-sm-up\">Ez is \u00e9rdekelhet:<\/span>\n\t\t<h3 class=\"m-readMoreWidget__title title\">\n\t\t\t<a class=\"m-readMoreWidget__titleLink -secondFont u-bold u-upperCase\" href=\"https:\/\/www.startlap.hu\/vasarlas\/szemuveg-szemet-diy-kreativitas\/\" >A legt\u00f6bben kidobj\u00e1k, pedig aranyat \u00e9r: \u00edgy hasznos\u00edthatod \u00fajra a r\u00e9gi szem\u00fcveget<\/a>\n\t\t<\/h3>\n\t\t<a class=\"m-readMoreWidget__btn -coloredBack u-tC link\" href=\"https:\/\/www.startlap.hu\/vasarlas\/szemuveg-szemet-diy-kreativitas\/\" >Elolvasom<\/a>\n\t<\/div>\n<\/div>\n","protected":false},"excerpt":{"rendered":"<p>Hamarosan itt a ny\u00e1r, ilyenkor \u00e9rdemes ellen\u0151rizni n\u00e9h\u00e1ny olyan berendez\u00e9st otthon \u00e9s az aut\u00f3ban is, amik a k\u00e1nikul\u00e1ban szinte mindennap dolgoznak majd. Az Aldi m\u00e1jus 4-t\u0151l egy olyan term\u00e9ket \u00e1rul, ami gyors, egyszer\u0171 \u00e9s olcs\u00f3 seg\u00edts\u00e9g lehet a szezon el\u0151tt, \u00e9s ak\u00e1r egy j\u00f3val dr\u00e1g\u00e1bb kiad\u00e1st\u00f3l is megk\u00edm\u00e9lhet.<\/p>\n","protected":false},"author":45,"featured_media":2280359,"comment_status":"closed","ping_status":"closed","sticky":false,"template":"","format":"standard","meta":{"footnotes":""},"categories":[8180],"tags":[2368,850,14897],"class_list":["post-2280355","post","type-post","status-publish","format-standard","has-post-thumbnail","hentry","category-trending","tag-akcio","tag-aldi","tag-klima"],"aioseo_notices":[],"_links":{"self":[{"href":"https:\/\/www.startlap.hu\/vasarlas\/wp-json\/wp\/v2\/posts\/2280355","targetHints":{"allow":["GET"]}}],"collection":[{"href":"https:\/\/www.startlap.hu\/vasarlas\/wp-json\/wp\/v2\/posts"}],"about":[{"href":"https:\/\/www.startlap.hu\/vasarlas\/wp-json\/wp\/v2\/types\/post"}],"author":[{"embeddable":true,"href":"https:\/\/www.startlap.hu\/vasarlas\/wp-json\/wp\/v2\/users\/45"}],"replies":[{"embeddable":true,"href":"https:\/\/www.startlap.hu\/vasarlas\/wp-json\/wp\/v2\/comments?post=2280355"}],"version-history":[{"count":4,"href":"https:\/\/www.startlap.hu\/vasarlas\/wp-json\/wp\/v2\/posts\/2280355\/revisions"}],"predecessor-version":[{"id":2280360,"href":"https:\/\/www.startlap.hu\/vasarlas\/wp-json\/wp\/v2\/posts\/2280355\/revisions\/2280360"}],"wp:featuredmedia":[{"embeddable":true,"href":"https:\/\/www.startlap.hu\/vasarlas\/wp-json\/wp\/v2\/media\/2280359"}],"wp:attachment":[{"href":"https:\/\/www.startlap.hu\/vasarlas\/wp-json\/wp\/v2\/media?parent=2280355"}],"wp:term":[{"taxonomy":"category","embeddable":true,"href":"https:\/\/www.startlap.hu\/vasarlas\/wp-json\/wp\/v2\/categories?post=2280355"},{"taxonomy":"post_tag","embeddable":true,"href":"https:\/\/www.startlap.hu\/vasarlas\/wp-json\/wp\/v2\/tags?post=2280355"}],"curies":[{"name":"wp","href":"https:\/\/api.w.org\/{rel}","templated":true}]}}