{"id":2280319,"date":"2026-04-29T17:38:28","date_gmt":"2026-04-29T15:38:28","guid":{"rendered":"https:\/\/www.startlap.hu\/vasarlas\/?p=2280319"},"modified":"2026-04-29T17:54:59","modified_gmt":"2026-04-29T15:54:59","slug":"ordog-pradat-visel-2-mozi-parfum","status":"publish","type":"post","link":"https:\/\/www.startlap.hu\/vasarlas\/ordog-pradat-visel-2-mozi-parfum\/","title":{"rendered":"20 \u00e9v ut\u00e1n \u00e9rkezik a magyar mozikba a legend\u00e1s film folytat\u00e1sa \u2013 az ikonikus Prada-parf\u00fcm\u00f6k is \u00fajra reflektorf\u00e9nyben"},"content":{"rendered":"<p>\u00c9rkezik <em>Az \u00f6rd\u00f6g Prad\u00e1t visel 2.<\/em> a mozikba, ami nemcsak a divatrajong\u00f3kat, hanem a sz\u00e9ps\u00e9g\u00e1pol\u00e1s \u00e9s a parf\u00fcm\u00f6k szerelmeseit is k\u00f6nnyen l\u00e1zba hozhatja. A <strong><a href=\"https:\/\/kremmania.hu\/magazine\/ordog-pradat-visel-2-prada-parfum\" target=\"_blank\" target=\"_blank\" target=\"_blank\" rel=\"noopener\">Kr\u00e9mm\u00e1nia<\/a><\/strong> ennek aprop\u00f3j\u00e1n egy k\u00fcl\u00f6n\u00f6sen sz\u00f3rakoztat\u00f3 \u00f6tlettel \u00e1llt el\u0151: elk\u00e9pzelt\u00e9k, melyik Prada-illat illene legink\u00e1bb a film ikonikus szerepl\u0151ihez.<\/p>\n<p><strong>Emily Charlton, vagyis Emily Blunt karaktere mell\u00e9 a Prada Candy ker\u00fclt<\/strong>. Nem v\u00e9letlen\u00fcl: ez az illat egyszerre \u00e9des, felt\u0171n\u0151, j\u00e1t\u00e9kos \u00e9s kifinomult &#8211; pont \u00fagy, ahogy Emily is egyszerre p\u00e1nikol, csipkel\u0151dik, verseng, \u00e9s k\u00f6zben felejthetetlen marad.<\/p>\n<blockquote class=\"yellowbox\"><p>Ne hagyd ki a Kr\u00e9mm\u00e1nia \u00faj sorozat\u00e1t sem, amiben az adatb\u00e1zisukba felt\u00f6lt\u00f6tt \u00fajdons\u00e1gokat szeml\u00e9zik. <a href=\"https:\/\/kremmania.hu\/magazine\/ujdonsagfigyelo-k-beauty-kedvencek-tavaszi-ragyogasfokozas\" target=\"_blank\" target=\"_blank\" rel=\"noopener\">Ez\u00fattal a K-beauty kedvencek \u00e9s tavaszi ragyog\u00e1sfokoz\u00f3k kapt\u00e1k a f\u0151szerepet<\/a>.<\/p><\/blockquote>\n<h2>Mit kell tudni a Prada Candyr\u0151l?<\/h2>\n<p>A <strong>Prada Candy Eau de Parfum a Prada<\/strong> egyik legismertebb gourmand illata. A parf\u00fcm 2011-ben jelent meg, megalkot\u00f3ja Daniela Andrier parf\u00fcm\u0151r. A m\u00e1rka le\u00edr\u00e1sa szerint az illat feh\u00e9r p\u00e9zsm\u00e1t, benzoint \u00e9s karamellakkordot kombin\u00e1l, vagyis egyszerre \u00e9des, meleg, p\u00faderes \u00e9s \u00e9rz\u00e9ki.<\/p>\n<p>A Prada Candy nem az a parf\u00fcm, ami \u00e9szrev\u00e9tlen\u00fcl simul a h\u00e1tt\u00e9rbe. <strong>M\u00e1r a neve is jelzi, hogy \u00e9des, j\u00e1t\u00e9kos \u00e9s cs\u00e1b\u00edt\u00f3 illatra kell sz\u00e1m\u00edtani, de nem egy egyszer\u0171 cukork\u00e1s parf\u00fcmr\u0151l van sz\u00f3<\/strong>. A karamell \u00e9dess\u00e9g\u00e9t a p\u00faderes-p\u00e9zsm\u00e1s l\u00e1gys\u00e1g \u00e9s a benzoin melege teszi feln\u0151ttesebb\u00e9.<\/p>\n<section class=\"m-ratingRecommendation rating-recommendation\">\n            <div class=\"m-ratingRecommendation__wrap -imageWrap panel image\">\n            <img decoding=\"async\" class=\"m-ratingRecommendation__img\" src=\"https:\/\/www.startlap.hu\/vasarlas\/uploads\/2026\/04\/prada-350x350.png\">\n        <\/div>\n        <div class=\"m-ratingRecommendation__wrap -infoWrap panel info\">\n        <h3 class=\"m-ratingRecommendation__title title\">Prada Candy<\/h3>\n        \n                    <p class=\"m-ratingRecommendation__description description\">Eau de Parfum h\u00f6lgyeknek.<\/p>\n        \n                    <div class=\"m-ratingRecommendation__linkWrap links\">\n                <p class=\"m-ratingRecommendation__subTitle\">Itt is kaphatod:<\/p>\n                                            <a class=\"m-ratingRecommendation__btn recommendation-button\" href=\"https:\/\/www.jdoqocy.com\/click-9019206-15582334?url=https%3A%2F%2Fwww.marionnaud.hu%2Fprada%2Fcandy%2Fcandy-eau-de-parfum%2Fp%2FBP_0061014\" target=\"_blank\">Marionnaud<\/a>\n                                            <a class=\"m-ratingRecommendation__btn recommendation-button\" href=\"https:\/\/www.kqzyfj.com\/click-9019206-12720312?url=https%3A%2F%2Fwww.notino.hu%2Fprada%2Fcandy-eau-de-parfum-nknek%2Fp-78468%2F\" target=\"_blank\">Notino<\/a>\n                                            <a class=\"m-ratingRecommendation__btn recommendation-button\" href=\"https:\/\/www.awin1.com\/cread.php?awinmid=17291&amp;awinaffid=346171&amp;clickref=slv&amp;ued=https%3A%2F%2Fwww.douglas.hu%2Fhu%2Fp%2F3000047020\" target=\"_blank\">Douglas<\/a>\n                                <\/div>\n            <\/div>\n    <span class=\"m-ratingRecommendation__advTxt adv\">Hirdet\u00e9s<\/span>\n<\/section>\n\n<p>Az illat nyit\u00e1s\u00e1ban a karamell domin\u00e1l, ezt l\u00e1gyabb, p\u00faderesebb jegyek k\u00f6vetik, az alapban pedig a van\u00edlia \u00e9s a benzoin ad kr\u00e9mes, balzsamos lecseng\u00e9st. A v\u00e9geredm\u00e9ny olyan parf\u00fcm, amely egyszerre komfortos, n\u0151ies \u00e9s karakteres.<\/p>\n<h2>Miranda Priestly illata: Prada Infusion d\u2019Iris<\/h2>\n<p>A Kr\u00e9mm\u00e1nia nemcsak Emily Charlton karakter\u00e9hez v\u00e1lasztott illatot, hanem a film legikonikusabb figur\u00e1j\u00e1hoz, <strong>Miranda Priestlyhez<\/strong> is. <strong>Meryl Streep legend\u00e1s karaktere mell\u00e9 a <a href=\"https:\/\/kremmania.hu\/kremek\/prada-infusion-d-iris-2015?\" target=\"_blank\" target=\"_blank\" rel=\"noopener\">Prada Infusion d\u2019Iris<\/a> ker\u00fclt<\/strong>, ami eg\u00e9szen m\u00e1s vil\u00e1got k\u00e9pvisel, mint a j\u00e1t\u00e9kos, karamell\u00e1s Prada Candy.<\/p>\n<p><strong>M\u00edg Emily illata \u00e9des, pimasz \u00e9s gourmand, addig Miranda parf\u00fcmje a h\u0171v\u00f6s eleganci\u00e1r\u00f3l, a fegyelemr\u0151l \u00e9s a kifog\u00e1stalan \u00edzl\u00e9sr\u0151l sz\u00f3l<\/strong>. A Runway magazin f\u0151szerkeszt\u0151je m\u00e1r azzal tiszteletet parancsol, ahogy bel\u00e9p egy szob\u00e1ba, a Daniela Andrier mesterparf\u00fcm\u0151r \u00e1ltal jegyzett Infusion d\u2019Iris pedig pontosan ezt a j\u00e9ghideg eleganci\u00e1t id\u00e9zi meg.<\/p>\n<p>A firenzei \u00edrisz, a mandarin, a neroli \u00e9s a laoszi benzoin kompoz\u00edci\u00f3ja olyan hat\u00e1st kelt, mint egy frissen vasalt feh\u00e9r ing, egy t\u00f6k\u00e9letes szab\u00e1s\u00fa koszt\u00fcm \u00e9s egy hanyagul odavetett \u201eEnnyi!\u201d.&nbsp;<\/p>\n<blockquote class=\"yellowbox\"><p>A t\u00f6bbi ikonikus szerepl\u0151h\u00f6z v\u00e1lasztott Prada-illatr\u00f3l a Kr\u00e9mm\u00e1nia cikk\u00e9ben lehet olvasni, <strong><a href=\"https:\/\/kremmania.hu\/magazine\/ordog-pradat-visel-2-prada-parfum\" target=\"_blank\" target=\"_blank\" target=\"_blank\" rel=\"noopener\">\u00edgy \u00e9rdemes itt folytatni a filmes-parf\u00fcm\u00f6s j\u00e1t\u00e9kot<\/a><\/strong> &#8211; r\u00e1ad\u00e1sul egy kedvezm\u00e9nyre is felh\u00edvj\u00e1k a figyelmed!<\/p><\/blockquote>\n<h2>H\u00fasz \u00e9v ut\u00e1n t\u00e9r vissza Az \u00f6rd\u00f6g Prad\u00e1t visel<\/h2>\n<p><em>Az \u00f6rd\u00f6g Prad\u00e1t visel 2.<\/em> h\u00fasz \u00e9vvel az els\u0151 film ut\u00e1n \u00e9rkezik. A folytat\u00e1s az\u00e9rt is sz\u00e1m\u00edt nagy esem\u00e9nynek, mert az eredeti f\u0151szerepl\u0151k k\u00f6z\u00fcl Meryl Streep, Anne Hathaway, Emily Blunt \u00e9s Stanley Tucci is visszat\u00e9r.&nbsp;<\/p>\n<figure id=\"attachment_2280326\" aria-describedby=\"caption-attachment-2280326\" style=\"width: 755px\" class=\"wp-caption alignnone\"><a href=\"https:\/\/www.startlap.hu\/vasarlas\/uploads\/2026\/04\/ordog-pradat-visel2-scaled.jpg\"><img loading=\"lazy\" decoding=\"async\" class=\"size-article-size-large-image wp-image-2280326\" src=\"https:\/\/www.startlap.hu\/vasarlas\/uploads\/2026\/04\/ordog-pradat-visel2-755x504.jpg\" alt=\"A k\u00e9pen balr\u00f3l jobbra: Anne Hathaway, Stanley Tucci, Meryl Streep \u00e9s Emily Blunt r\u00e9szt vesznek Az \u00f6rd\u00f6g Prad\u00e1t visel 2 vil\u00e1gpremierj\u00e9n a New York-i Lincoln Centerben, New Yorkban, 2026. \u00e1prilis 20-\u00e1n.\" width=\"755\" height=\"504\" srcset=\"https:\/\/www.startlap.hu\/vasarlas\/uploads\/2026\/04\/ordog-pradat-visel2-755x504.jpg 755w, https:\/\/www.startlap.hu\/vasarlas\/uploads\/2026\/04\/ordog-pradat-visel2-1536x1024.jpg 1536w, https:\/\/www.startlap.hu\/vasarlas\/uploads\/2026\/04\/ordog-pradat-visel2-2048x1366.jpg 2048w, https:\/\/www.startlap.hu\/vasarlas\/uploads\/2026\/04\/ordog-pradat-visel2-525x350.jpg 525w\" sizes=\"auto, (max-width: 755px) 100vw, 755px\" \/><\/a><figcaption id=\"caption-attachment-2280326\" class=\"wp-caption-text\">A k\u00e9pen balr\u00f3l jobbra: Anne Hathaway, Stanley Tucci, Meryl Streep \u00e9s Emily Blunt r\u00e9szt vesznek Az \u00f6rd\u00f6g Prad\u00e1t visel 2 vil\u00e1gpremierj\u00e9n a New York-i Lincoln Centerben, New Yorkban, 2026. \u00e1prilis 20-\u00e1n. (Fot\u00f3: TheStewartofNY\/Getty Images for 20th Century Studios)<\/figcaption><\/figure>\n<p>A 2006-os Az \u00f6rd\u00f6g Prad\u00e1t visel nem egyszer\u0171en egy divatvil\u00e1gban j\u00e1tsz\u00f3d\u00f3 v\u00edgj\u00e1t\u00e9k volt, hanem gyorsan popkultur\u00e1lis hivatkoz\u00e1si pontt\u00e1 v\u00e1lt. A film Lauren Weisberger reg\u00e9ny\u00e9b\u0151l k\u00e9sz\u00fclt, \u00e9s egy fiatal \u00fajs\u00e1g\u00edr\u00f3, Andy Sachs t\u00f6rt\u00e9net\u00e9n kereszt\u00fcl mutatta meg a divatmagazinok csillog\u00f3, m\u00e9gis k\u00edm\u00e9letlen vil\u00e1g\u00e1t.<\/p>\n<p><strong> A folytat\u00e1s m\u00e1r egy megv\u00e1ltozott m\u00e9diavil\u00e1gban veszi fel a fonalat<\/strong>. A t\u00f6rt\u00e9net szerint Miranda Priestlynak a hagyom\u00e1nyos magazinkiad\u00e1s hanyatl\u00e1s\u00e1val kell szemben\u00e9znie, mik\u00f6zben \u00fajra tal\u00e1lkozik Andyvel \u00e9s Emilyvel. Emily Charlton k\u00f6zben m\u00e1r nem a Runway asszisztense: befoly\u00e1sos szerepl\u0151 lett egy luxusm\u00e1rk\u00e1kat \u00f6sszefog\u00f3 csoportn\u00e1l, ahol olyan hirdet\u00e9si p\u00e9nzek felett rendelkezik, amelyek Miranda sz\u00e1m\u00e1ra kulcsfontoss\u00e1g\u00faak lehetnek.<\/p>\n<div class=\"o-widget m-readMoreWidget -readMore u-shortDecorLineAfter row widget-container _ce_measure_widget bigdata-widget read-more\" data-ce-measure-widget=\"olvass tov\u00e1bb\">\n\t<div class=\"m-readMoreWidget__imgWrapper image-wrapper col-12 col-md-4 no-p\">\n\t\t<a class=\"m-readMoreWidget__imgLink\" href=\"https:\/\/www.startlap.hu\/vasarlas\/lancome-sminklemoso-szempillaspiral-eltavolitas\/\" >\n\t\t\t<img decoding=\"async\" src=\"https:\/\/www.startlap.hu\/vasarlas\/uploads\/2026\/04\/no-vattakorong-350x285.jpg\" class=\"m-readMoreWidget__img\">\n\t\t<\/a>\n\t<\/div>\n\t<div class=\"m-readMoreWidget__titleWrapper title-wrapper col-12 col-md-8\">\n\t\t<span class=\"m-readMoreWidget__titleLabel u-shortDecorLineBefore label hidden-sm-up\">Ez is \u00e9rdekelhet:<\/span>\n\t\t<h3 class=\"m-readMoreWidget__title title\">\n\t\t\t<a class=\"m-readMoreWidget__titleLink -secondFont u-bold u-upperCase\" href=\"https:\/\/www.startlap.hu\/vasarlas\/lancome-sminklemoso-szempillaspiral-eltavolitas\/\" >Meglep\u0151 m\u00f3dszer terjed: \u00edgy t\u0171nik el a makacs smink gyorsan, d\u00f6rzs\u00f6l\u00e9s n\u00e9lk\u00fcl<\/a>\n\t\t<\/h3>\n\t\t<a class=\"m-readMoreWidget__btn -coloredBack u-tC link\" href=\"https:\/\/www.startlap.hu\/vasarlas\/lancome-sminklemoso-szempillaspiral-eltavolitas\/\" >Elolvasom<\/a>\n\t<\/div>\n<\/div>\n","protected":false},"excerpt":{"rendered":"<p>\u00c1prilis 30-\u00e1n deb\u00fct\u00e1l a magyar mozikban Az \u00f6rd\u00f6g Prad\u00e1t visel 2., a kultikus divatfilm folytat\u00e1sa. A premier aprop\u00f3j\u00e1n a Kr\u00e9mm\u00e1nia elj\u00e1tszott a gondolattal, melyik Prada-illat illene a film ikonikus szerepl\u0151ihez. N\u00e9zz\u00fck, mit viselne p\u00e9ld\u00e1ul Meryl Streep vagy Emily Blunt legend\u00e1s karaktere!<\/p>\n","protected":false},"author":45,"featured_media":2280326,"comment_status":"closed","ping_status":"closed","sticky":false,"template":"","format":"standard","meta":{"footnotes":""},"categories":[8162],"tags":[189,2810],"class_list":["post-2280319","post","type-post","status-publish","format-standard","has-post-thumbnail","hentry","category-szepseg","tag-mozi","tag-parfum"],"aioseo_notices":[],"_links":{"self":[{"href":"https:\/\/www.startlap.hu\/vasarlas\/wp-json\/wp\/v2\/posts\/2280319","targetHints":{"allow":["GET"]}}],"collection":[{"href":"https:\/\/www.startlap.hu\/vasarlas\/wp-json\/wp\/v2\/posts"}],"about":[{"href":"https:\/\/www.startlap.hu\/vasarlas\/wp-json\/wp\/v2\/types\/post"}],"author":[{"embeddable":true,"href":"https:\/\/www.startlap.hu\/vasarlas\/wp-json\/wp\/v2\/users\/45"}],"replies":[{"embeddable":true,"href":"https:\/\/www.startlap.hu\/vasarlas\/wp-json\/wp\/v2\/comments?post=2280319"}],"version-history":[{"count":9,"href":"https:\/\/www.startlap.hu\/vasarlas\/wp-json\/wp\/v2\/posts\/2280319\/revisions"}],"predecessor-version":[{"id":2280332,"href":"https:\/\/www.startlap.hu\/vasarlas\/wp-json\/wp\/v2\/posts\/2280319\/revisions\/2280332"}],"wp:featuredmedia":[{"embeddable":true,"href":"https:\/\/www.startlap.hu\/vasarlas\/wp-json\/wp\/v2\/media\/2280326"}],"wp:attachment":[{"href":"https:\/\/www.startlap.hu\/vasarlas\/wp-json\/wp\/v2\/media?parent=2280319"}],"wp:term":[{"taxonomy":"category","embeddable":true,"href":"https:\/\/www.startlap.hu\/vasarlas\/wp-json\/wp\/v2\/categories?post=2280319"},{"taxonomy":"post_tag","embeddable":true,"href":"https:\/\/www.startlap.hu\/vasarlas\/wp-json\/wp\/v2\/tags?post=2280319"}],"curies":[{"name":"wp","href":"https:\/\/api.w.org\/{rel}","templated":true}]}}