{"id":2280316,"date":"2026-04-29T17:59:30","date_gmt":"2026-04-29T15:59:30","guid":{"rendered":"https:\/\/www.startlap.hu\/vasarlas\/?p=2280316"},"modified":"2026-04-29T18:05:41","modified_gmt":"2026-04-29T16:05:41","slug":"claires-bezaras-csodeljaras","status":"publish","type":"post","link":"https:\/\/www.startlap.hu\/vasarlas\/claires-bezaras-csodeljaras\/","title":{"rendered":"N\u00e9pszer\u0171 multi b\u00facs\u00fazik a magyar v\u00e1s\u00e1rl\u00f3kt\u00f3l"},"content":{"rendered":"<p data-start=\"2150\" data-end=\"2374\">V\u00e9gleg leh\u00fazta a rol\u00f3t Magyarorsz\u00e1gon a Claire\u2019s, \u00edgy a bizsul\u00e1nc hazai bolth\u00e1l\u00f3zata teljesen elt\u0171nt &#8211; \u00edrja a <strong><a href=\"https:\/\/www.hirstart.hu\/site\/relocate.php?rssid=34&amp;rsspid=3&amp;ctype=rss&amp;id=45479573&amp;chk=e2af7fc01e4a1612e2683dbb07e2ae6e&amp;url=https%3A%2F%2Fwww.portfolio.hu%2Fgazdasag%2F20260429%2Fkivonul-egy-uzletlanc-magyarorszagrol-833694%3Futm_source%3Dhirstart%26utm_medium%3Dportfolio_linkek%26utm_campaign%3Dhiraggregator\" target=\"_blank\" target=\"_blank\" rel=\"noopener\">Portfolio<\/a><\/strong>. A magyar le\u00e1nyv\u00e1llalat felsz\u00e1mol\u00e1s\u00e1t v\u00e9gz\u0151 c\u00e9g hivatalosan is meger\u0151s\u00edtette, hogy a c\u00e9g itthoni \u00fczletei m\u00e1r nem m\u0171k\u00f6dnek.<\/p>\n<p data-start=\"2150\" data-end=\"2374\"><div class=\"o-widget m-readMoreWidget -readMore u-shortDecorLineAfter row widget-container _ce_measure_widget bigdata-widget read-more\" data-ce-measure-widget=\"olvass tov\u00e1bb\">\n\t<div class=\"m-readMoreWidget__imgWrapper image-wrapper col-12 col-md-4 no-p\">\n\t\t<a class=\"m-readMoreWidget__imgLink\" href=\"https:\/\/www.startlap.hu\/vasarlas\/pek-kenyer-frissesseg-konyha\/\" >\n\t\t\t<img decoding=\"async\" src=\"https:\/\/www.startlap.hu\/vasarlas\/uploads\/2026\/04\/kenyer-5-350x285.jpg\" class=\"m-readMoreWidget__img\">\n\t\t<\/a>\n\t<\/div>\n\t<div class=\"m-readMoreWidget__titleWrapper title-wrapper col-12 col-md-8\">\n\t\t<span class=\"m-readMoreWidget__titleLabel u-shortDecorLineBefore label hidden-sm-up\">Ez is \u00e9rdekelhet:<\/span>\n\t\t<h3 class=\"m-readMoreWidget__title title\">\n\t\t\t<a class=\"m-readMoreWidget__titleLink -secondFont u-bold u-upperCase\" href=\"https:\/\/www.startlap.hu\/vasarlas\/pek-kenyer-frissesseg-konyha\/\" >Nem zacsk\u00f3, nem is a konyharuha: a p\u00e9kek tr\u00fckkje napokkal kitolja a keny\u00e9r frissess\u00e9g\u00e9t<\/a>\n\t\t<\/h3>\n\t\t<a class=\"m-readMoreWidget__btn -coloredBack u-tC link\" href=\"https:\/\/www.startlap.hu\/vasarlas\/pek-kenyer-frissesseg-konyha\/\" >Elolvasom<\/a>\n\t<\/div>\n<\/div>\n<p data-start=\"2376\" data-end=\"2601\">A h\u00e1tt\u00e9rben az anyac\u00e9g tavaly augusztusi cs\u0151dje \u00e1llt, amely ut\u00e1n a tulajdonos r\u00f6gt\u00f6n elind\u00edtotta a Claire\u2019s Hungary Kft. felsz\u00e1mol\u00e1s\u00e1t. Amikor az elj\u00e1r\u00e1s elindult, a Claire\u2019s m\u00e9g 15 magyarorsz\u00e1gi \u00fczlettel volt jelen a piacon.<\/p>\n<p data-start=\"2603\" data-end=\"2849\">Kezdetben m\u00e9g \u00fagy t\u0171nt, hogy a <strong>magyar boltok meg\u00faszhatj\u00e1k az anyav\u00e1llalat probl\u00e9m\u00e1it<\/strong>, k\u00e9s\u0151bb azonban egym\u00e1s ut\u00e1n t\u0171ntek el a hazai \u00fczletek. Hosszabb ideig nem lehetett biztosan tudni, hogy a bez\u00e1r\u00e1sok k\u00f6zvetlen\u00fcl a felsz\u00e1mol\u00e1ssal f\u00fcggnek-e \u00f6ssze.<\/p>\n<p data-start=\"2851\" data-end=\"3004\">Most viszont az \u00fcgyint\u00e9z\u0151 Configuro Kft. egy\u00e9rtelm\u0171v\u00e9 tette: a Claire\u2019s teljesen kivonult Magyarorsz\u00e1gr\u00f3l.<\/p>\n<h2 data-section-id=\"13dezs\" data-start=\"3006\" data-end=\"3038\">Nem egyed\u00fcli eset a boltz\u00e1r\u00e1s<\/h2>\n<p data-start=\"3040\" data-end=\"3407\">A multi elt\u0171n\u00e9se az\u00e9rt is l\u00e1tv\u00e1nyos, mert a m\u00e1rka sok\u00e1ig tipikus pl\u00e1z\u00e1s \u00fczletnek sz\u00e1m\u00edtott: \u00e9kszereket, hajkieg\u00e9sz\u00edt\u0151ket, apr\u00f3 aj\u00e1nd\u00e9kt\u00e1rgyakat \u00e9s fiataloknak sz\u00f3l\u00f3 divatkieg\u00e9sz\u00edt\u0151ket k\u00edn\u00e1lt. A l\u00e1nc nem egy-egy boltj\u00e1t z\u00e1rta be, hanem a <strong>teljes magyarorsz\u00e1gi h\u00e1l\u00f3zat\u00e1t megsz\u00fcntette<\/strong>, ami j\u00f3val er\u0151sebb jelz\u00e9s, mint egy egyszer\u0171 \u00fczlet\u00e1thelyez\u00e9s vagy \u00e1tmeneti bez\u00e1r\u00e1s.<\/p>\n<figure id=\"attachment_2280329\" aria-describedby=\"caption-attachment-2280329\" style=\"width: 755px\" class=\"wp-caption alignnone\"><img loading=\"lazy\" decoding=\"async\" class=\"size-article-size-large-image wp-image-2280329\" src=\"https:\/\/www.startlap.hu\/vasarlas\/uploads\/2026\/04\/boltbezaras_-755x566.jpg\" alt=\"Bez\u00e1rt \u00fczlet teljesen ki\u00fcr\u00edtve\" width=\"755\" height=\"566\" srcset=\"https:\/\/www.startlap.hu\/vasarlas\/uploads\/2026\/04\/boltbezaras_-755x566.jpg 755w, https:\/\/www.startlap.hu\/vasarlas\/uploads\/2026\/04\/boltbezaras_-85x65.jpg 85w, https:\/\/www.startlap.hu\/vasarlas\/uploads\/2026\/04\/boltbezaras_-467x350.jpg 467w, https:\/\/www.startlap.hu\/vasarlas\/uploads\/2026\/04\/boltbezaras_.jpg 1200w\" sizes=\"auto, (max-width: 755px) 100vw, 755px\" \/><figcaption id=\"caption-attachment-2280329\" class=\"wp-caption-text\">N\u00e9pszer\u0171 \u00fczletl\u00e1nc z\u00e1rt be Magyarorsz\u00e1gon &#8211; Fot\u00f3: Creative Touch Imaging Ltd. \/ Getty Images<\/figcaption><\/figure>\n<p data-start=\"3409\" data-end=\"3809\">Az elm\u00falt id\u0151szakban t\u00f6bb ismert kereskedelmi szerepl\u0151n\u00e9l is l\u00e1tszott, hogy a magyar \u00e9s az eur\u00f3pai kiskereskedelmi piac j\u00f3val nehezebb terepp\u00e9 v\u00e1lt. <strong>A Playersroom p\u00e9ld\u00e1ul k\u00f6zel h\u00fasz \u00e9v ut\u00e1n<\/strong> z\u00e1rta be utols\u00f3 \u00fczlet\u00e9t, \u00e9s a weboldala is le\u00e1llt a kor\u00e1bbi h\u00edrek szerint. Ez m\u00e1r nem csak egy bolti \u00e1trendez\u0151d\u00e9s volt, hanem egy ismert hazai kiskereskedelmi n\u00e9v elt\u0171n\u00e9se.<\/p>\n<p data-start=\"3811\" data-end=\"4209\">M\u00e1s esetekben nem teljes kivonul\u00e1sr\u00f3l, hanem sz\u0171k\u00edt\u00e9sr\u0151l vagy m\u0171k\u00f6d\u00e9si \u00e1talak\u00edt\u00e1sr\u00f3l lehet besz\u00e9lni. A <strong>Hervis<\/strong> p\u00e9ld\u00e1ul 2026 m\u00e1rcius\u00e1nak v\u00e9g\u00e9n megsz\u00fcntette magyar <strong><a href=\"https:\/\/www.startlap.hu\/vasarlas\/kamu-webshop-rendeles-csalas\/\" target=\"_blank\" rel=\"noopener\">web\u00e1ruh\u00e1z\u00e1t<\/a><\/strong>, mik\u00f6zben a fizikai \u00fczleteit tov\u00e1bbra is m\u0171k\u00f6dteti. Ez azt mutatja, hogy a c\u00e9gek nem felt\u00e9tlen\u00fcl egyszerre hagyj\u00e1k el a piacot, hanem el\u0151sz\u00f6r egy-egy \u00e9rt\u00e9kes\u00edt\u00e9si csatorn\u00e1t v\u00e1gnak vissza.<\/p>\n<h2 data-section-id=\"w21jm6\" data-start=\"4211\" data-end=\"4252\">K\u00fclf\u00f6ldi gondok, magyar bizonytalans\u00e1g<\/h2>\n<p data-start=\"4254\" data-end=\"4651\"><strong>A Pepco esete is j\u00f3l mutatja<\/strong>, hogy egy nemzetk\u00f6zi <strong><a href=\"https:\/\/www.startlap.hu\/vasarlas\/tegut-nemetorszag-bolt-bezaras\/\" target=\"_blank\" rel=\"noopener\">l\u00e1nc<\/a><\/strong> probl\u00e9m\u00e1i k\u00f6nnyen bizonytalans\u00e1got keltenek a v\u00e1s\u00e1rl\u00f3kban. A c\u00e9g n\u00e9met le\u00e1nyv\u00e1llalata <strong>cs\u0151delj\u00e1r\u00e1sba ker\u00fclt<\/strong>, majd jelent\u0151s \u00e1tszervez\u00e9s ut\u00e1n, kevesebb \u00fczlettel folytatta m\u0171k\u00f6d\u00e9s\u00e9t N\u00e9metorsz\u00e1gban. A magyar \u00fczletek eset\u00e9ben ugyanakkor a kor\u00e1bbi t\u00e1j\u00e9koztat\u00e1sok szerint <strong>nem volt sz\u00f3 kivonul\u00e1sr\u00f3l.<\/strong><\/p>\n<p data-start=\"4653\" data-end=\"5025\">Ez az\u00e9rt fontos k\u00fcl\u00f6nbs\u00e9g, mert a v\u00e1s\u00e1rl\u00f3k gyakran minden boltz\u00e1r\u00e1st kivonul\u00e1sk\u00e9nt \u00e9rz\u00e9kelnek, pedig a h\u00e1tt\u00e9rben t\u00f6bbf\u00e9le ok \u00e1llhat. Lehet teljes megsz\u0171n\u00e9s, mint most a Claire\u2019s eset\u00e9ben. Lehet r\u00e9szleges visszav\u00e1g\u00e1s, mint egy web\u00e1ruh\u00e1z le\u00e1ll\u00edt\u00e1sa. \u00c9s lehet \u00e1tmeneti bez\u00e1r\u00e1s is, p\u00e9ld\u00e1ul amikor egy <strong><a href=\"https:\/\/www.startlap.hu\/vasarlas\/boltok-kassza-arucikkek\/\" target=\"_blank\" rel=\"noopener\">\u00fczletet<\/a><\/strong> fel\u00faj\u00edt\u00e1s vagy \u00e1talak\u00edt\u00e1s miatt z\u00e1rnak be, majd k\u00e9s\u0151bb \u00fajranyitnak.<\/p>\n<h2 data-section-id=\"1udhsyj\" data-start=\"5027\" data-end=\"5059\">J\u00f6hetnek m\u00e9g hasonl\u00f3 d\u00f6nt\u00e9sek<\/h2>\n<p data-start=\"5061\" data-end=\"5540\">A k\u00f6vetkez\u0151 id\u0151szakban nem kiz\u00e1rt, hogy \u00fajabb kereskedelmi l\u00e1ncok vizsg\u00e1lj\u00e1k fel\u00fcl magyarorsz\u00e1gi jelenl\u00e9t\u00fcket. Az Orsz\u00e1gos Kereskedelmi Sz\u00f6vets\u00e9g f\u0151titk\u00e1ra egy 2026-os interj\u00faban arr\u00f3l besz\u00e9lt, hogy a kiskereskedelmi piacra nehezed\u0151 terhek, p\u00e9ld\u00e1ul az <strong>\u00e1rr\u00e9sstop \u00e9s a kiskereskedelmi k\u00fcl\u00f6nad\u00f3 hat\u00e1sai<\/strong> miatt elk\u00e9pzelhet\u0151, hogy egyes l\u00e1ncok kivonulnak Magyarorsz\u00e1gr\u00f3l. Ez nem konkr\u00e9t bejelent\u00e9s, hanem piaci kock\u00e1zatra vonatkoz\u00f3 figyelmeztet\u00e9s.<\/p>\n<p data-start=\"5542\" data-end=\"5958\">A Claire\u2019s bez\u00e1r\u00e1sa \u00edgy nemcsak egy ismert m\u00e1rka elt\u0171n\u00e9s\u00e9r\u0151l sz\u00f3l, hanem arr\u00f3l is, hogy a pl\u00e1z\u00e1kban megszokott \u00fczletk\u00edn\u00e1lat folyamatosan v\u00e1ltozik.<\/p>\n<p data-start=\"5542\" data-end=\"5958\">Ami n\u00e9h\u00e1ny \u00e9ve m\u00e9g stabil, fiatalos \u00e9s sok helyen el\u00e9rhet\u0151 m\u00e1rk\u00e1nak t\u0171nt, az m\u00e1ra teljesen elt\u0171nhet a magyar piacr\u00f3l. A v\u00e1s\u00e1rl\u00f3knak ez legink\u00e1bb abban l\u00e1tszik, hogy egyre t\u00f6bb megszokott n\u00e9v hely\u00e9t veszik \u00e1t \u00faj \u00fczletek, akci\u00f3s boltok vagy \u00fcresen marad\u00f3 \u00fczlethelyis\u00e9gek.<\/p>\n<p>R\u00e1ad\u00e1sul m\u00e9g a legnagyobbakat is el\u00e9rheti a bez\u00e1r\u00e1si hull\u00e1m, hiszen a <strong><a href=\"https:\/\/www.startlap.hu\/vasarlas\/bezar-ket-tesco-aruhaz-budapesten\/\" target=\"_blank\" rel=\"noopener\">Tesco<\/a><\/strong> a <strong>k\u00f6zelm\u00faltban k\u00e9t \u00e1ruh\u00e1z\u00e1t is bez\u00e1rta m\u00e1r.&nbsp;<\/strong><\/p>\n<p data-start=\"5542\" data-end=\"5958\"><div class=\"o-widget m-readMoreWidget -readMore u-shortDecorLineAfter row widget-container _ce_measure_widget bigdata-widget read-more\" data-ce-measure-widget=\"olvass tov\u00e1bb\">\n\t<div class=\"m-readMoreWidget__imgWrapper image-wrapper col-12 col-md-4 no-p\">\n\t\t<a class=\"m-readMoreWidget__imgLink\" href=\"https:\/\/www.startlap.hu\/vasarlas\/pek-kenyer-frissesseg-konyha\/\" >\n\t\t\t<img decoding=\"async\" src=\"https:\/\/www.startlap.hu\/vasarlas\/uploads\/2026\/04\/kenyer-5-350x285.jpg\" class=\"m-readMoreWidget__img\">\n\t\t<\/a>\n\t<\/div>\n\t<div class=\"m-readMoreWidget__titleWrapper title-wrapper col-12 col-md-8\">\n\t\t<span class=\"m-readMoreWidget__titleLabel u-shortDecorLineBefore label hidden-sm-up\">Ez is \u00e9rdekelhet:<\/span>\n\t\t<h3 class=\"m-readMoreWidget__title title\">\n\t\t\t<a class=\"m-readMoreWidget__titleLink -secondFont u-bold u-upperCase\" href=\"https:\/\/www.startlap.hu\/vasarlas\/pek-kenyer-frissesseg-konyha\/\" >Nem zacsk\u00f3, nem is a konyharuha: a p\u00e9kek tr\u00fckkje napokkal kitolja a keny\u00e9r frissess\u00e9g\u00e9t<\/a>\n\t\t<\/h3>\n\t\t<a class=\"m-readMoreWidget__btn -coloredBack u-tC link\" href=\"https:\/\/www.startlap.hu\/vasarlas\/pek-kenyer-frissesseg-konyha\/\" >Elolvasom<\/a>\n\t<\/div>\n<\/div>\n","protected":false},"excerpt":{"rendered":"<p>\u00c9vekig rengeteg pl\u00e1z\u00e1ban tal\u00e1lkozhattak vele a v\u00e1s\u00e1rl\u00f3k, mostanra viszont pont ker\u00fclt az \u00fcgy v\u00e9g\u00e9re: elt\u0171nt a magyar piacr\u00f3l a n\u00e9pszer\u0171 \u00fczletl\u00e1nc. <\/p>\n","protected":false},"author":8,"featured_media":2280329,"comment_status":"closed","ping_status":"closed","sticky":false,"template":"","format":"standard","meta":{"footnotes":""},"categories":[8180],"tags":[18241,19736,6125,15179],"class_list":["post-2280316","post","type-post","status-publish","format-standard","has-post-thumbnail","hentry","category-trending","tag-cegfelszamolas","tag-claires","tag-csodeljaras","tag-uzletlanc"],"aioseo_notices":[],"_links":{"self":[{"href":"https:\/\/www.startlap.hu\/vasarlas\/wp-json\/wp\/v2\/posts\/2280316","targetHints":{"allow":["GET"]}}],"collection":[{"href":"https:\/\/www.startlap.hu\/vasarlas\/wp-json\/wp\/v2\/posts"}],"about":[{"href":"https:\/\/www.startlap.hu\/vasarlas\/wp-json\/wp\/v2\/types\/post"}],"author":[{"embeddable":true,"href":"https:\/\/www.startlap.hu\/vasarlas\/wp-json\/wp\/v2\/users\/8"}],"replies":[{"embeddable":true,"href":"https:\/\/www.startlap.hu\/vasarlas\/wp-json\/wp\/v2\/comments?post=2280316"}],"version-history":[{"count":6,"href":"https:\/\/www.startlap.hu\/vasarlas\/wp-json\/wp\/v2\/posts\/2280316\/revisions"}],"predecessor-version":[{"id":2280334,"href":"https:\/\/www.startlap.hu\/vasarlas\/wp-json\/wp\/v2\/posts\/2280316\/revisions\/2280334"}],"wp:featuredmedia":[{"embeddable":true,"href":"https:\/\/www.startlap.hu\/vasarlas\/wp-json\/wp\/v2\/media\/2280329"}],"wp:attachment":[{"href":"https:\/\/www.startlap.hu\/vasarlas\/wp-json\/wp\/v2\/media?parent=2280316"}],"wp:term":[{"taxonomy":"category","embeddable":true,"href":"https:\/\/www.startlap.hu\/vasarlas\/wp-json\/wp\/v2\/categories?post=2280316"},{"taxonomy":"post_tag","embeddable":true,"href":"https:\/\/www.startlap.hu\/vasarlas\/wp-json\/wp\/v2\/tags?post=2280316"}],"curies":[{"name":"wp","href":"https:\/\/api.w.org\/{rel}","templated":true}]}}