{"id":2280282,"date":"2026-04-28T21:35:39","date_gmt":"2026-04-28T19:35:39","guid":{"rendered":"https:\/\/www.startlap.hu\/vasarlas\/?p=2280282"},"modified":"2026-04-28T22:32:02","modified_gmt":"2026-04-28T20:32:02","slug":"temu-buntetes-penzbirsag-versenyhivatal","status":"publish","type":"post","link":"https:\/\/www.startlap.hu\/vasarlas\/temu-buntetes-penzbirsag-versenyhivatal\/","title":{"rendered":"Drasztikus \u00f6sszeget fizet a Temu a magyaroknak"},"content":{"rendered":"<p data-start=\"5859\" data-end=\"6095\">Jelent\u0151s visszafizet\u00e9sre \u00e9s b\u00edrs\u00e1gra k\u00f6telezt\u00e9k a <strong>Temu<\/strong> eur\u00f3pai \u00fczemeltet\u0151j\u00e9t: a magyar v\u00e1s\u00e1rl\u00f3k legal\u00e1bb <strong>882 milli\u00f3 <a href=\"https:\/\/www.startlap.hu\/vasarlas\/sporolas-bevasarlas-etelek-tippek\/\" target=\"_blank\" rel=\"noopener\">forintot<\/a> kaphatnak vissza<\/strong>, mik\u00f6zben a c\u00e9gnek <strong>437 milli\u00f3 forintot kell befizetnie a k\u00f6lts\u00e9gvet\u00e9sbe<\/strong> a GVH elj\u00e1r\u00e1sa nyom\u00e1n &#8211; \u00edrta MTI.<\/p>\n<p data-start=\"5859\" data-end=\"6095\"><div class=\"o-widget m-readMoreWidget -readMore u-shortDecorLineAfter row widget-container _ce_measure_widget bigdata-widget read-more\" data-ce-measure-widget=\"olvass tov\u00e1bb\">\n\t<div class=\"m-readMoreWidget__imgWrapper image-wrapper col-12 col-md-4 no-p\">\n\t\t<a class=\"m-readMoreWidget__imgLink\" href=\"https:\/\/www.startlap.hu\/vasarlas\/indukcios-fozolap-aram-fogyasztas-legnagyobb-konyha\/\" >\n\t\t\t<img decoding=\"async\" src=\"https:\/\/www.startlap.hu\/vasarlas\/uploads\/2026\/04\/idos-no-blokk-350x285.jpg\" class=\"m-readMoreWidget__img\">\n\t\t<\/a>\n\t<\/div>\n\t<div class=\"m-readMoreWidget__titleWrapper title-wrapper col-12 col-md-8\">\n\t\t<span class=\"m-readMoreWidget__titleLabel u-shortDecorLineBefore label hidden-sm-up\">Ez is \u00e9rdekelhet:<\/span>\n\t\t<h3 class=\"m-readMoreWidget__title title\">\n\t\t\t<a class=\"m-readMoreWidget__titleLink -secondFont u-bold u-upperCase\" href=\"https:\/\/www.startlap.hu\/vasarlas\/indukcios-fozolap-aram-fogyasztas-legnagyobb-konyha\/\" >Nem a h\u0171t\u0151szekr\u00e9ny, nem is a s\u00fct\u0151: a legt\u00f6bb \u00e1ramot ez a konyhai eszk\u00f6z fogyasztja<\/a>\n\t\t<\/h3>\n\t\t<a class=\"m-readMoreWidget__btn -coloredBack u-tC link\" href=\"https:\/\/www.startlap.hu\/vasarlas\/indukcios-fozolap-aram-fogyasztas-legnagyobb-konyha\/\" >Elolvasom<\/a>\n\t<\/div>\n<\/div>\n<p data-start=\"6097\" data-end=\"6176\">A v\u00e1llalat ezen fel\u00fcl azt is v\u00e1llalta, hogy \u00e1tfog\u00f3 megfelel\u00e9si programot ind\u00edt. A GVH k\u00f6zl\u00e9se szerint a Temut m\u0171k\u00f6dtet\u0151 c\u00e9g az elj\u00e1r\u00e1s alatt egy\u00fcttm\u0171k\u00f6d\u00f6tt a hivatallal, nem \u00e9lt jogorvoslati lehet\u0151s\u00e9g\u00e9vel, \u00e9s t\u00f6bb vitatott kereskedelmi gyakorlatot m\u00e1r a vizsg\u00e1lat k\u00f6zben megsz\u00fcntetett.<\/p>\n<h2 data-section-id=\"1rzkms0\" data-start=\"6385\" data-end=\"6418\">A GVH vizsg\u00e1lata a Temu ellen<\/h2>\n<p data-start=\"6420\" data-end=\"6564\">A GVH m\u00e9g 2024 m\u00e1rcius\u00e1ban kezdett versenyfel\u00fcgyeleti elj\u00e1r\u00e1st a Temu eur\u00f3pai m\u0171k\u00f6dtet\u0151je, a Whaleco Technology Limited, vagyis a Whaleco ellen.<\/p>\n<p data-start=\"6566\" data-end=\"6737\">A vizsg\u00e1lat alapja az volt, hogy a Temu \u00fczemeltet\u0151je a gyan\u00fa szerint olyan tisztess\u00e9gtelen kereskedelmi gyakorlatokat alkalmazott, amelyekkel f\u00e9lrevezethette a v\u00e1s\u00e1rl\u00f3kat.<\/p>\n<p data-start=\"6739\" data-end=\"6996\">A GVH szerint a <strong>Temu m\u0171k\u00f6dtet\u0151je t\u00f6bb esetben hamis k\u00e9pet sugallhatott az \u00e1rengedm\u00e9nyekr\u0151l<\/strong>, nem tudta al\u00e1t\u00e1masztani az \u201eak\u00e1r 95 sz\u00e1zal\u00e9kos\u201d vagy enn\u00e9l is nagyobb kedvezm\u00e9nyek val\u00f3s\u00e1g\u00e1t, \u00e9s azt is elismerte, hogy ezek egyes esetekben nem is voltak el\u00e9rhet\u0151k.<\/p>\n<p data-start=\"6998\" data-end=\"7252\">A k\u00f6zlem\u00e9ny szerint a c\u00e9g akci\u00f3sk\u00e9nt jel\u00f6lt meg olyan term\u00e9keket is, amelyekn\u00e9l val\u00f3j\u00e1ban nem volt \u00e1rengedm\u00e9ny, emellett s\u00fcrget\u0151 \u00fczenetekkel nyom\u00e1st gyakorolhatott a v\u00e1s\u00e1rl\u00f3kra, \u00e9s megt\u00e9veszt\u0151 k\u00f6rnyezeti, illetve fenntarthat\u00f3s\u00e1gi \u00e1ll\u00edt\u00e1sokat is haszn\u00e1lt.<\/p>\n<h2 data-section-id=\"1segy4q\" data-start=\"7254\" data-end=\"7278\">Kik kaphatnak p\u00e9nzt?<\/h2>\n<p data-start=\"7280\" data-end=\"7397\">A Whaleco az elj\u00e1r\u00e1s alatt egy\u00fcttm\u0171k\u00f6d\u00f6tt a GVH-val, elismerte a felt\u00e1rt jogs\u00e9rt\u00e9seket, \u00e9s nem t\u00e1madta meg a d\u00f6nt\u00e9st.<\/p>\n<p data-start=\"7399\" data-end=\"7652\">A c\u00e9g v\u00e1llalta egy \u00e1tfog\u00f3 fogyaszt\u00f3v\u00e9delmi megfelel\u00e9si program bevezet\u00e9s\u00e9t, valamint azt, hogy <strong>2000 forintos kompenz\u00e1ci\u00f3t fizet<\/strong> azoknak a <strong><a href=\"https:\/\/www.startlap.hu\/vasarlas\/revolut-magyar-bankszamla-valtozas\/\" target=\"_blank\" rel=\"noopener\">magyar<\/a><\/strong> v\u00e1s\u00e1rl\u00f3knak, akik 2023 novembere \u00e9s 2024 szeptembere k\u00f6z\u00f6tt rendeltek a Temu weboldal\u00e1n vagy alkalmaz\u00e1s\u00e1ban.<\/p>\n<figure id=\"attachment_2280285\" aria-describedby=\"caption-attachment-2280285\" style=\"width: 755px\" class=\"wp-caption alignnone\"><img loading=\"lazy\" decoding=\"async\" class=\"size-article-size-large-image wp-image-2280285\" src=\"https:\/\/www.startlap.hu\/vasarlas\/uploads\/2026\/04\/penztarca_-755x554.jpg\" alt=\"\" width=\"755\" height=\"554\" srcset=\"https:\/\/www.startlap.hu\/vasarlas\/uploads\/2026\/04\/penztarca_-755x554.jpg 755w, https:\/\/www.startlap.hu\/vasarlas\/uploads\/2026\/04\/penztarca_-477x350.jpg 477w, https:\/\/www.startlap.hu\/vasarlas\/uploads\/2026\/04\/penztarca_.jpg 1200w\" sizes=\"auto, (max-width: 755px) 100vw, 755px\" \/><figcaption id=\"caption-attachment-2280285\" class=\"wp-caption-text\">P\u00e9nzt fizet vissza rengeteg magyar v\u00e1s\u00e1rl\u00f3nak a Temu &#8211; Fot\u00f3: Getty Images<\/figcaption><\/figure>\n<p data-start=\"7654\" data-end=\"7829\"><strong>Az \u00e9rintett v\u00e1s\u00e1rl\u00f3k e-mailben kapnak majd egy k\u00fcl\u00f6n aktiv\u00e1l\u00f3 linket<\/strong>, amelyen kereszt\u00fcl megadhatj\u00e1k banksz\u00e1mlasz\u00e1mukat vagy az alternat\u00edv fizet\u00e9si m\u00f3dokhoz sz\u00fcks\u00e9ges adatokat.<\/p>\n<p data-start=\"7831\" data-end=\"8026\">Ha a fogyaszt\u00f3knak t\u00e9nylegesen kifizetett \u00e9s a GVH fel\u00e9 igazolt \u00f6sszeg nem \u00e9ri el a 882 milli\u00f3 forintot, a Temu \u00fczemeltet\u0151j\u00e9nek a k\u00fcl\u00f6nb\u00f6zetet b\u00edrs\u00e1gk\u00e9nt kell befizetnie az \u00e1llami k\u00f6lts\u00e9gvet\u00e9sbe.<\/p>\n<h2 data-section-id=\"12kyhqx\" data-start=\"8028\" data-end=\"8074\">A GVH m\u00e9g ellen\u0151rizni fogja a v\u00e1llal\u00e1sokat<\/h2>\n<p data-start=\"8076\" data-end=\"8278\">A GVH Versenytan\u00e1csa a v\u00e1llalt kompenz\u00e1ci\u00f3, a fogyaszt\u00f3v\u00e9delmi megfelel\u00e9si program \u00e9s az egy\u00fcttm\u0171k\u00f6d\u00e9si l\u00e9p\u00e9sek figyelembev\u00e9tel\u00e9vel tov\u00e1bbi <strong>437 milli\u00f3 forintos b\u00edrs\u00e1got szabott ki a Temu \u00fczemeltet\u0151j\u00e9re<\/strong>.<\/p>\n<p data-start=\"8280\" data-end=\"8476\" data-is-last-node=\"\" data-is-only-node=\"\">A c\u00e9gnek egy \u00e9ven bel\u00fcl teljes\u00edtenie kell a k\u00f6telez\u0151 v\u00e1llal\u00e1sokat, vagyis a megfelel\u00e9si program v\u00e9grehajt\u00e1s\u00e1t \u00e9s a fogyaszt\u00f3k kompenz\u00e1l\u00e1s\u00e1t, amit a GVH ut\u00f3vizsg\u00e1latban fog r\u00e9szletesen ellen\u0151rizni.<\/p>\n<p data-start=\"8280\" data-end=\"8476\" data-is-last-node=\"\" data-is-only-node=\"\"><div class=\"o-widget m-readMoreWidget -readMore u-shortDecorLineAfter row widget-container _ce_measure_widget bigdata-widget read-more\" data-ce-measure-widget=\"olvass tov\u00e1bb\">\n\t<div class=\"m-readMoreWidget__imgWrapper image-wrapper col-12 col-md-4 no-p\">\n\t\t<a class=\"m-readMoreWidget__imgLink\" href=\"https:\/\/www.startlap.hu\/vasarlas\/piritos-kenyerpirito-tippek-gomb\/\" >\n\t\t\t<img decoding=\"async\" src=\"https:\/\/www.startlap.hu\/vasarlas\/uploads\/2026\/04\/kenyerpirito-2-350x285.jpg\" class=\"m-readMoreWidget__img\">\n\t\t<\/a>\n\t<\/div>\n\t<div class=\"m-readMoreWidget__titleWrapper title-wrapper col-12 col-md-8\">\n\t\t<span class=\"m-readMoreWidget__titleLabel u-shortDecorLineBefore label hidden-sm-up\">Ez is \u00e9rdekelhet:<\/span>\n\t\t<h3 class=\"m-readMoreWidget__title title\">\n\t\t\t<a class=\"m-readMoreWidget__titleLink -secondFont u-bold u-upperCase\" href=\"https:\/\/www.startlap.hu\/vasarlas\/piritos-kenyerpirito-tippek-gomb\/\" >Van egy gomb a keny\u00e9rpir\u00edt\u00f3n, amit sokan rosszkor nyomnak meg &#8211; \u00e9s csod\u00e1lkoznak, hogy n\u0151tt a villanysz\u00e1ml\u00e1juk<\/a>\n\t\t<\/h3>\n\t\t<a class=\"m-readMoreWidget__btn -coloredBack u-tC link\" href=\"https:\/\/www.startlap.hu\/vasarlas\/piritos-kenyerpirito-tippek-gomb\/\" >Elolvasom<\/a>\n\t<\/div>\n<\/div>\n<h2 data-start=\"8280\" data-end=\"8476\">A t\u00f6rv\u00e9ny szigor\u00e1val j\u00e1r el a Gazdas\u00e1gi Versenyhivatal &#8211; nemcsak a Temura<\/h2>\n<p data-start=\"8280\" data-end=\"8476\" data-is-last-node=\"\" data-is-only-node=\"\">2025 november\u00e9ben az About You \u00fczemeltet\u0151je t\u00f6bb mint <strong>500 milli\u00f3 forint fogyaszt\u00f3i kompenz\u00e1ci\u00f3t v\u00e1llalt<\/strong>, emellett 505 milli\u00f3 forintos b\u00edrs\u00e1got kapott, mert a GVH szerint megt\u00e9veszt\u0151 m\u00f3don t\u00fcntette fel az akci\u00f3kat, \u00e9s s\u00fcrget\u0151 \u00fczenetekkel pszich\u00e9s nyom\u00e1st gyakorolt a v\u00e1s\u00e1rl\u00f3kra.<\/p>\n<p data-start=\"8280\" data-end=\"8476\" data-is-last-node=\"\" data-is-only-node=\"\">2026 janu\u00e1rj\u00e1ban az eMAG Magyarorsz\u00e1g Kft.-re szabott ki <strong>235 milli\u00f3 forintos b\u00edrs\u00e1got<\/strong> a versenyhivatal, miut\u00e1n t\u00f6bbek k\u00f6z\u00f6tt val\u00f3tlan kedvezm\u00e9nyeket, hom\u00e1lyos sz\u00e1ll\u00edt\u00e1si \u00e9s ut\u00e1nv\u00e9teli k\u00f6lts\u00e9geket, valamint fogyaszt\u00f3i jogokat el\u0151nyk\u00e9nt felt\u00fcntet\u0151 gyakorlatokat \u00e1llap\u00edtott meg.<\/p>\n<p data-start=\"8280\" data-end=\"8476\" data-is-last-node=\"\" data-is-only-node=\"\">Ugyancsak 2026 janu\u00e1rj\u00e1ban a <strong>Rondogo online nyerem\u00e9nyj\u00e1t\u00e9kos-kedvezm\u00e9nyes<\/strong> rendszer\u00e9t is megb\u00fcntett\u00e9k: a c\u00e9g 20 milli\u00f3 forintos versenyfel\u00fcgyeleti b\u00edrs\u00e1got \u00e9s tov\u00e1bbi 2 milli\u00f3 forintos elj\u00e1r\u00e1si b\u00edrs\u00e1got kapott megt\u00e9veszt\u0151 kereskedelmi gyakorlat miatt.<\/p>\n<p data-start=\"8280\" data-end=\"8476\" data-is-last-node=\"\" data-is-only-node=\"\">A GVH \u00e9s az NKFH 2026 m\u00e1rcius\u00e1ban egy eur\u00f3pai szint\u0171 vizsg\u00e1latban is r\u00e9szt vett, <strong>amely 314 online keresked\u0151t ellen\u0151rz\u00f6tt<\/strong>, \u00e9s az eredm\u00e9nyek szerint a vizsg\u00e1lt oldalak legal\u00e1bb 30 sz\u00e1zal\u00e9k\u00e1n\u00e1l jogellenes vagy megt\u00e9veszt\u0151 akci\u00f3felt\u00fcntet\u00e9st tal\u00e1ltak.<\/p>\n<p data-start=\"8280\" data-end=\"8476\" data-is-last-node=\"\" data-is-only-node=\"\"><strong>Vagyis a Temu \u00fcgye nem elszigetelt eset:<\/strong> az ut\u00f3bbi id\u0151szakban a hat\u00f3s\u00e1gok l\u00e1tv\u00e1nyosan r\u00e1sz\u00e1lltak azokra a <strong><a href=\"https:\/\/www.startlap.hu\/vasarlas\/kamu-webshop-rendeles-csalas\/\" target=\"_blank\" rel=\"noopener\">web\u00e1ruh\u00e1zakra<\/a><\/strong>, amelyek t\u00falz\u00f3 akci\u00f3kkal, s\u00fcrget\u0151 \u00fczenetekkel, nem egy\u00e9rtelm\u0171 \u00e1rakkal vagy f\u00e9lrevezet\u0151 kedvezm\u00e9nyekkel pr\u00f3b\u00e1lj\u00e1k v\u00e1s\u00e1rl\u00e1sra b\u00edrni a fogyaszt\u00f3kat.<\/p>\n<p data-start=\"8280\" data-end=\"8476\" data-is-last-node=\"\" data-is-only-node=\"\"><div class=\"o-widget m-readMoreWidget -readMore u-shortDecorLineAfter row widget-container _ce_measure_widget bigdata-widget read-more\" data-ce-measure-widget=\"olvass tov\u00e1bb\">\n\t<div class=\"m-readMoreWidget__imgWrapper image-wrapper col-12 col-md-4 no-p\">\n\t\t<a class=\"m-readMoreWidget__imgLink\" href=\"https:\/\/www.startlap.hu\/vasarlas\/onkiszolgalo-kassza-vasarlas-pszichologia\/\" >\n\t\t\t<img decoding=\"async\" src=\"https:\/\/www.startlap.hu\/vasarlas\/uploads\/2026\/04\/penztar-350x285.jpg\" class=\"m-readMoreWidget__img\">\n\t\t<\/a>\n\t<\/div>\n\t<div class=\"m-readMoreWidget__titleWrapper title-wrapper col-12 col-md-8\">\n\t\t<span class=\"m-readMoreWidget__titleLabel u-shortDecorLineBefore label hidden-sm-up\">Ez is \u00e9rdekelhet:<\/span>\n\t\t<h3 class=\"m-readMoreWidget__title title\">\n\t\t\t<a class=\"m-readMoreWidget__titleLink -secondFont u-bold u-upperCase\" href=\"https:\/\/www.startlap.hu\/vasarlas\/onkiszolgalo-kassza-vasarlas-pszichologia\/\" >A pszichol\u00f3gia szerint, ha ker\u00fcl\u00f6d az \u00f6nkiszolg\u00e1l\u00f3 kassz\u00e1t, ezt jelenti<\/a>\n\t\t<\/h3>\n\t\t<a class=\"m-readMoreWidget__btn -coloredBack u-tC link\" href=\"https:\/\/www.startlap.hu\/vasarlas\/onkiszolgalo-kassza-vasarlas-pszichologia\/\" >Elolvasom<\/a>\n\t<\/div>\n<\/div>\n","protected":false},"excerpt":{"rendered":"<p>T\u00f6bb sz\u00e1zmilli\u00f3 forint j\u00e1rhat vissza a magyar Temu-v\u00e1s\u00e1rl\u00f3knak, miut\u00e1n a GVH kem\u00e9nyen fell\u00e9pett az online piact\u00e9r gyakorlataival szemben.<\/p>\n","protected":false},"author":8,"featured_media":2280285,"comment_status":"closed","ping_status":"closed","sticky":false,"template":"","format":"standard","meta":{"footnotes":""},"categories":[8180],"tags":[870,3818,4478,18850],"class_list":["post-2280282","post","type-post","status-publish","format-standard","has-post-thumbnail","hentry","category-trending","tag-buntetes","tag-gazdasagi-versenyhivatal","tag-penzbirsag","tag-temu"],"aioseo_notices":[],"_links":{"self":[{"href":"https:\/\/www.startlap.hu\/vasarlas\/wp-json\/wp\/v2\/posts\/2280282","targetHints":{"allow":["GET"]}}],"collection":[{"href":"https:\/\/www.startlap.hu\/vasarlas\/wp-json\/wp\/v2\/posts"}],"about":[{"href":"https:\/\/www.startlap.hu\/vasarlas\/wp-json\/wp\/v2\/types\/post"}],"author":[{"embeddable":true,"href":"https:\/\/www.startlap.hu\/vasarlas\/wp-json\/wp\/v2\/users\/8"}],"replies":[{"embeddable":true,"href":"https:\/\/www.startlap.hu\/vasarlas\/wp-json\/wp\/v2\/comments?post=2280282"}],"version-history":[{"count":5,"href":"https:\/\/www.startlap.hu\/vasarlas\/wp-json\/wp\/v2\/posts\/2280282\/revisions"}],"predecessor-version":[{"id":2280288,"href":"https:\/\/www.startlap.hu\/vasarlas\/wp-json\/wp\/v2\/posts\/2280282\/revisions\/2280288"}],"wp:featuredmedia":[{"embeddable":true,"href":"https:\/\/www.startlap.hu\/vasarlas\/wp-json\/wp\/v2\/media\/2280285"}],"wp:attachment":[{"href":"https:\/\/www.startlap.hu\/vasarlas\/wp-json\/wp\/v2\/media?parent=2280282"}],"wp:term":[{"taxonomy":"category","embeddable":true,"href":"https:\/\/www.startlap.hu\/vasarlas\/wp-json\/wp\/v2\/categories?post=2280282"},{"taxonomy":"post_tag","embeddable":true,"href":"https:\/\/www.startlap.hu\/vasarlas\/wp-json\/wp\/v2\/tags?post=2280282"}],"curies":[{"name":"wp","href":"https:\/\/api.w.org\/{rel}","templated":true}]}}