{"id":2280269,"date":"2026-05-02T06:33:57","date_gmt":"2026-05-02T04:33:57","guid":{"rendered":"https:\/\/www.startlap.hu\/vasarlas\/?p=2280269"},"modified":"2026-04-29T09:46:37","modified_gmt":"2026-04-29T07:46:37","slug":"szemeteszsak-kuka-higienia-szagok","status":"publish","type":"post","link":"https:\/\/www.startlap.hu\/vasarlas\/szemeteszsak-kuka-higienia-szagok\/","title":{"rendered":"Meglep\u0151, de m\u0171k\u00f6dik: ez\u00e9rt tesznek egyesek k\u00e9t zs\u00e1kot a kuk\u00e1ba"},"content":{"rendered":"<p>A szemeteszs\u00e1kokkal sok h\u00e1ztart\u00e1sban ugyanaz a probl\u00e9ma: id\u0151vel \u00e1tnedvesednek, sziv\u00e1rogni kezdenek, \u00e9s kellemetlen szagokat hagynak maguk ut\u00e1n. A<a href=\"https:\/\/www.startlap.hu\/vasarlas\/praktika-tipp-szemetes-kuka-szagok-szodabikarbona\/\" target=\"_blank\" rel=\"noopener\"> kuka<\/a> alj\u00e1n \u00f6sszegy\u0171l\u0151 folyad\u00e9k nem csak bosszant\u00f3, hanem higi\u00e9niai szempontb\u00f3l is bajos. Pedig van egy meglep\u0151en egyszer\u0171 megold\u00e1s, amellyel mindez k\u00f6nnyen megel\u0151zhet\u0151.<\/p>\n<div class=\"o-widget m-readMoreWidget -readMore u-shortDecorLineAfter row widget-container _ce_measure_widget bigdata-widget read-more\" data-ce-measure-widget=\"olvass tov\u00e1bb\">\n\t<div class=\"m-readMoreWidget__imgWrapper image-wrapper col-12 col-md-4 no-p\">\n\t\t<a class=\"m-readMoreWidget__imgLink\" href=\"https:\/\/www.startlap.hu\/vasarlas\/wifi-mikro-internet-router-korlatozas-gyorsasag\/\" >\n\t\t\t<img decoding=\"async\" src=\"https:\/\/www.startlap.hu\/vasarlas\/uploads\/2025\/09\/GettyImages-1241445196-350x285.jpg\" class=\"m-readMoreWidget__img\">\n\t\t<\/a>\n\t<\/div>\n\t<div class=\"m-readMoreWidget__titleWrapper title-wrapper col-12 col-md-8\">\n\t\t<span class=\"m-readMoreWidget__titleLabel u-shortDecorLineBefore label hidden-sm-up\">Ez is \u00e9rdekelhet:<\/span>\n\t\t<h3 class=\"m-readMoreWidget__title title\">\n\t\t\t<a class=\"m-readMoreWidget__titleLink -secondFont u-bold u-upperCase\" href=\"https:\/\/www.startlap.hu\/vasarlas\/wifi-mikro-internet-router-korlatozas-gyorsasag\/\" >K\u00e9t Wi-Fi-gyilkos h\u00e1ztart\u00e1si g\u00e9p a lak\u00e1sban &#8211; nem is sejted, mi\u00e9rt nincs el\u00e9g er\u0151s jel az otthonodban<\/a>\n\t\t<\/h3>\n\t\t<a class=\"m-readMoreWidget__btn -coloredBack u-tC link\" href=\"https:\/\/www.startlap.hu\/vasarlas\/wifi-mikro-internet-router-korlatozas-gyorsasag\/\" >Elolvasom<\/a>\n\t<\/div>\n<\/div>\n<h2>Mi\u00e9rt kezd el sziv\u00e1rogni a szemeteszs\u00e1k?<\/h2>\n<p>A szemeteszs\u00e1kok nap mint nap komoly terhel\u00e9st kapnak, \u00edgy nem csoda, ha id\u0151vel feladj\u00e1k a harcot. T\u00f6bb oka is lehet annak, hogy a zs\u00e1k ereszteni kezd. Gyakori probl\u00e9ma, hogy t\u00fal v\u00e9kony vagy gyenge min\u0151s\u00e9g\u0171 zs\u00e1kot haszn\u00e1lunk, amely nem b\u00edrja a terhel\u00e9st. Emellett a t\u00falpakol\u00e1s is n\u00f6veli a szakad\u00e1s es\u00e9ly\u00e9t. A konyhai hullad\u00e9kok, p\u00e9ld\u00e1ul z\u00f6lds\u00e9g- \u00e9s gy\u00fcm\u00f6lcsh\u00e9jak vagy \u00e9telmarad\u00e9kok gyakran nedvess\u00e9get engednek ki, ami k\u00f6nnyen \u00e1t\u00e1ztathatja az anyagot. Az sem ritka, hogy \u00e9les t\u00e1rgyak ker\u00fclnek a zs\u00e1kba, amelyek kisz\u00farj\u00e1k azt. Az eredm\u00e9ny: cs\u00f6p\u00f6g\u0151 folyad\u00e9k, kellemetlen szagok \u00e9s egy alapos takar\u00edt\u00e1s a kuka alj\u00e1n \u00e9s k\u00f6r\u00fcl\u00f6tte.<\/p>\n<h2>Mi\u00e9rt lesz b\u00fcd\u00f6s a kuka?<\/h2>\n<p>A kellemetlen szagok h\u00e1tter\u00e9ben legt\u00f6bbsz\u00f6r <a href=\"https:\/\/www.startlap.hu\/vasarlas\/kesblokk-tisztitas-bakterium-szaritas-tippek\/\" target=\"_blank\" rel=\"noopener\">bakt\u00e9riumok<\/a> \u00e1llnak, amelyek a nedves, z\u00e1rt k\u00f6rnyezetben rendk\u00edv\u00fcl gyorsan elszaporodnak. A konyhai szemetes k\u00fcl\u00f6n\u00f6sen ide\u00e1lis hely sz\u00e1mukra, hiszen az \u00e9telmarad\u00e9kok, z\u00f6lds\u00e9g- \u00e9s gy\u00fcm\u00f6lcsh\u00e9jak nedvess\u00e9get \u00e9s t\u00e1panyagot biztos\u00edtanak. <strong>Ha a szemeteszs\u00e1k sziv\u00e1rogni kezd, a kuka alj\u00e1n felgy\u00fcleml\u0151 folyad\u00e9k tov\u00e1bb ront a helyzeten: ez a pang\u00f3 nedvess\u00e9g m\u00e9g ink\u00e1bb felgyors\u00edtja a bakt\u00e9riumok szaporod\u00e1s\u00e1t \u00e9s a kellemetlen szagok kialakul\u00e1s\u00e1t.<\/strong> \u00c9ppen ez\u00e9rt kulcsfontoss\u00e1g\u00fa a nedvess\u00e9g cs\u00f6kkent\u00e9se \u00e9s a szemetes rendszeres \u00fcr\u00edt\u00e9se, mert ezzel nemcsak a szagokat m\u00e9rs\u00e9kelhetj\u00fck, hanem a higi\u00e9niai kock\u00e1zatokat is jelent\u0151sen cs\u00f6kkenthetj\u00fck. Egy\u00e9bk\u00e9nt a szak\u00e9rt\u0151k szerint a konyhai szemetest \u00e9rdemes legal\u00e1bb 2\u20133 naponta ki\u00fcr\u00edteni, m\u00e9g akkor is, ha nincs tele. Ez is seg\u00edt megel\u0151zni a bakt\u00e9riumok elszaporod\u00e1s\u00e1t \u00e9s a szagok kialakul\u00e1s\u00e1t, k\u00fcl\u00f6n\u00f6sen meleg id\u0151ben.<\/p>\n<h2>A tr\u00fckk, ami megel\u0151zi a sziv\u00e1rg\u00e1st<\/h2>\n<p>A megold\u00e1s meglep\u0151en egyszer\u0171: haszn\u00e1lj dupla szemeteszs\u00e1kot. Vagyis helyezz egy m\u00e1sodik zs\u00e1kot az els\u0151 al\u00e1 a kuk\u00e1ban. Ez a m\u00f3dszer egyfajta plusz v\u00e9d\u0151r\u00e9teget ad, amely felfogja a kisziv\u00e1rg\u00f3 folyad\u00e9kot. \u00cdgy m\u00e9g akkor sem \u00e1zik \u00e1t a kuka, ha a bels\u0151 zs\u00e1k megs\u00e9r\u00fcl vagy ereszteni kezd.<\/p>\n<p>A dupla zs\u00e1k haszn\u00e1lata t\u00f6bb szempontb\u00f3l is el\u0151ny\u00f6s:<\/p>\n<ul>\n<li>hat\u00e9konyabban v\u00e9di a kuk\u00e1t a nedvess\u00e9gt\u0151l<\/li>\n<li>cs\u00f6kkenti a kellemetlen szagok kialakul\u00e1s\u00e1t<\/li>\n<li>tiszt\u00e1bb \u00e9s higi\u00e9nikusabb marad a szemetes cser\u00e9je<\/li>\n<\/ul>\n<p>K\u00fcl\u00f6n\u00f6sen akkor j\u00f6n j\u00f3l ez a megold\u00e1s, ha a kuka nincs szekr\u00e9nyben elrejtve, hanem szabadon \u00e1ll a konyh\u00e1ban.<\/p>\n<figure id=\"attachment_2280271\" aria-describedby=\"caption-attachment-2280271\" style=\"width: 755px\" class=\"wp-caption alignnone\"><img loading=\"lazy\" decoding=\"async\" class=\"size-article-size-large-image wp-image-2280271\" src=\"https:\/\/www.startlap.hu\/vasarlas\/uploads\/2026\/04\/kuka-755x502.jpg\" alt=\"Fintorg\u00f3 n\u0151 szemeteszs\u00e1kot tart a kez\u00e9ben\" width=\"755\" height=\"502\" srcset=\"https:\/\/www.startlap.hu\/vasarlas\/uploads\/2026\/04\/kuka-755x502.jpg 755w, https:\/\/www.startlap.hu\/vasarlas\/uploads\/2026\/04\/kuka-1536x1021.jpg 1536w, https:\/\/www.startlap.hu\/vasarlas\/uploads\/2026\/04\/kuka-2048x1361.jpg 2048w, https:\/\/www.startlap.hu\/vasarlas\/uploads\/2026\/04\/kuka-250x165.jpg 250w, https:\/\/www.startlap.hu\/vasarlas\/uploads\/2026\/04\/kuka-527x350.jpg 527w\" sizes=\"auto, (max-width: 755px) 100vw, 755px\" \/><figcaption id=\"caption-attachment-2280271\" class=\"wp-caption-text\">A k\u00e9tzs\u00e1kos tr\u00fckkel sokkal higi\u00e9nikusabb \u00e9s illatosabb maradhat a szemetes\u00fcnk. Fot\u00f3: Getty Images<\/figcaption><\/figure>\n<h2>\u00cdgy lehet m\u00e9g praktikusabb \u00e9s takar\u00e9kosabb<\/h2>\n<p>B\u00e1r els\u0151re pazarl\u00e1snak t\u0171nhet k\u00e9t zs\u00e1k haszn\u00e1lata, val\u00f3j\u00e1ban nem felt\u00e9tlen\u00fcl az. Ha a k\u00fcls\u0151 zs\u00e1k nem szennyez\u0151dik jelent\u0151sen, t\u00f6bbsz\u00f6r is \u00fajra felhaszn\u00e1lhat\u00f3, \u00edgy hosszabb t\u00e1von gazdas\u00e1gosabb \u00e9s k\u00f6rnyezetbar\u00e1tabb megold\u00e1s lehet.<\/p>\n<h2>Ezeket a hib\u00e1kat \u00e9rdemes elker\u00fclni<\/h2>\n<p>A sziv\u00e1rg\u00e1s megel\u0151z\u00e9s\u00e9hez az is fontos, hogy n\u00e9h\u00e1ny alapvet\u0151 hib\u00e1t elker\u00fclj\u00fcnk a mindennapokban. Nem \u00e9rdemes t\u00fal v\u00e9kony vagy rossz min\u0151s\u00e9g\u0171 zs\u00e1kot v\u00e1lasztani, mert ezek k\u00f6nnyen kiszakadnak. Az \u00e9les hullad\u00e9kokat, p\u00e9ld\u00e1ul \u00fcveget vagy f\u00e9mdobozokat c\u00e9lszer\u0171 k\u00fcl\u00f6n gy\u0171jteni, nem a vegyes szem\u00e9tbe dobni. A konyhai z\u00f6ldhullad\u00e9kot, p\u00e9ld\u00e1ul a z\u00f6lds\u00e9g- \u00e9s gy\u00fcm\u00f6lcsh\u00e9jakat jobb komposzt\u00e1lni, mert ezek sok nedvess\u00e9get tartalmaznak. <strong>Emellett az sem j\u00f3 megold\u00e1s, ha t\u00falpakoljuk a zs\u00e1kot, vagy t\u00fal sok\u00e1ig hagyjuk \u00e1llni a kuk\u00e1ban.<\/strong><\/p>\n<p>A dupla zs\u00e1kos m\u00f3dszer nem ig\u00e9nyel k\u00fcl\u00f6n\u00f6sebb befektet\u00e9st, m\u00e9gis jelent\u0151sen megk\u00f6nny\u00edtheti a mindennapokat. Kevesebb takar\u00edt\u00e1s, kevesebb kellemetlen szag \u00e9s tiszt\u00e1bb k\u00f6rnyezet &#8211; n\u00e9ha t\u00e9nyleg a legegyszer\u0171bb megold\u00e1sok m\u0171k\u00f6dnek a legjobban.<\/p>\n<p><a href=\"https:\/\/deco.journaldesfemmes.fr\/cuisine\/2946425-finie-la-poubelle-qui-coule-dans-le-bac-grace-a-cette-technique-futee\/\" target=\"_blank\" target=\"_blank\" rel=\"noopener\">via<\/a><\/p>\n<div class=\"o-widget m-readMoreWidget -readMore u-shortDecorLineAfter row widget-container _ce_measure_widget bigdata-widget read-more\" data-ce-measure-widget=\"olvass tov\u00e1bb\">\n\t<div class=\"m-readMoreWidget__imgWrapper image-wrapper col-12 col-md-4 no-p\">\n\t\t<a class=\"m-readMoreWidget__imgLink\" href=\"https:\/\/www.startlap.hu\/vasarlas\/ebresztoora-alvas-ebredes-reggel\/\" >\n\t\t\t<img decoding=\"async\" src=\"https:\/\/www.startlap.hu\/vasarlas\/uploads\/2026\/04\/ebresztoora-350x285.jpg\" class=\"m-readMoreWidget__img\">\n\t\t<\/a>\n\t<\/div>\n\t<div class=\"m-readMoreWidget__titleWrapper title-wrapper col-12 col-md-8\">\n\t\t<span class=\"m-readMoreWidget__titleLabel u-shortDecorLineBefore label hidden-sm-up\">Ez is \u00e9rdekelhet:<\/span>\n\t\t<h3 class=\"m-readMoreWidget__title title\">\n\t\t\t<a class=\"m-readMoreWidget__titleLink -secondFont u-bold u-upperCase\" href=\"https:\/\/www.startlap.hu\/vasarlas\/ebresztoora-alvas-ebredes-reggel\/\" >Jap\u00e1n m\u00f3dszer: \u00edgy kelj fel \u00e9breszt\u0151\u00f3ra n\u00e9lk\u00fcl reggelente &#8211; hihetetlen eredm\u00e9nye lesz!<\/a>\n\t\t<\/h3>\n\t\t<a class=\"m-readMoreWidget__btn -coloredBack u-tC link\" href=\"https:\/\/www.startlap.hu\/vasarlas\/ebresztoora-alvas-ebredes-reggel\/\" >Elolvasom<\/a>\n\t<\/div>\n<\/div>\n","protected":false},"excerpt":{"rendered":"<p>Eleged van a sziv\u00e1rg\u00f3 szemeteszs\u00e1kokb\u00f3l \u00e9s a kellemetlen szagokb\u00f3l? Egy egyszer\u0171 m\u00f3dszerrel tiszt\u00e1bb \u00e9s higi\u00e9nikusabb maradhat a kuk\u00e1d.<\/p>\n","protected":false},"author":64,"featured_media":2280271,"comment_status":"closed","ping_status":"closed","sticky":false,"template":"","format":"standard","meta":{"footnotes":""},"categories":[8180],"tags":[8033,19288,9957],"class_list":["post-2280269","post","type-post","status-publish","format-standard","has-post-thumbnail","hentry","category-trending","tag-higienia","tag-kuka","tag-szemetes"],"aioseo_notices":[],"_links":{"self":[{"href":"https:\/\/www.startlap.hu\/vasarlas\/wp-json\/wp\/v2\/posts\/2280269","targetHints":{"allow":["GET"]}}],"collection":[{"href":"https:\/\/www.startlap.hu\/vasarlas\/wp-json\/wp\/v2\/posts"}],"about":[{"href":"https:\/\/www.startlap.hu\/vasarlas\/wp-json\/wp\/v2\/types\/post"}],"author":[{"embeddable":true,"href":"https:\/\/www.startlap.hu\/vasarlas\/wp-json\/wp\/v2\/users\/64"}],"replies":[{"embeddable":true,"href":"https:\/\/www.startlap.hu\/vasarlas\/wp-json\/wp\/v2\/comments?post=2280269"}],"version-history":[{"count":3,"href":"https:\/\/www.startlap.hu\/vasarlas\/wp-json\/wp\/v2\/posts\/2280269\/revisions"}],"predecessor-version":[{"id":2280273,"href":"https:\/\/www.startlap.hu\/vasarlas\/wp-json\/wp\/v2\/posts\/2280269\/revisions\/2280273"}],"wp:featuredmedia":[{"embeddable":true,"href":"https:\/\/www.startlap.hu\/vasarlas\/wp-json\/wp\/v2\/media\/2280271"}],"wp:attachment":[{"href":"https:\/\/www.startlap.hu\/vasarlas\/wp-json\/wp\/v2\/media?parent=2280269"}],"wp:term":[{"taxonomy":"category","embeddable":true,"href":"https:\/\/www.startlap.hu\/vasarlas\/wp-json\/wp\/v2\/categories?post=2280269"},{"taxonomy":"post_tag","embeddable":true,"href":"https:\/\/www.startlap.hu\/vasarlas\/wp-json\/wp\/v2\/tags?post=2280269"}],"curies":[{"name":"wp","href":"https:\/\/api.w.org\/{rel}","templated":true}]}}