{"id":2280237,"date":"2026-04-28T05:33:46","date_gmt":"2026-04-28T03:33:46","guid":{"rendered":"https:\/\/www.startlap.hu\/vasarlas\/?p=2280237"},"modified":"2026-04-27T22:48:34","modified_gmt":"2026-04-27T20:48:34","slug":"lidl-parkside-gorgos-viragtarto-akcio","status":"publish","type":"post","link":"https:\/\/www.startlap.hu\/vasarlas\/lidl-parkside-gorgos-viragtarto-akcio\/","title":{"rendered":"Roham indulhat cs\u00fct\u00f6rt\u00f6k\u00f6n a Lidl 1499 forintos, Parkside-term\u00e9k\u00e9\u00e9rt &#8211; k\u00e9tf\u00e9le kivitelben \u00e9rkezik a boltokba"},"content":{"rendered":"<p>Tavasszal sokan \u00e9rezz\u00fck \u00fagy, hogy ideje felfriss\u00edteni az otthonunk hangulat\u00e1t: ilyenkor gyakran \u00e1trendezz\u00fck a lak\u00e1st, \u00faj dekor\u00e1ci\u00f3kat v\u00e1lasztunk, \u00e9s nagyobb figyelmet ford\u00edtunk a <a href=\"https:\/\/www.startlap.hu\/vasarlas\/szobanoveny-illat-lakas-levego\/\" target=\"_blank\" rel=\"noopener\">szoban\u00f6v\u00e9nyekre<\/a> is. Ez az id\u0151szak ide\u00e1lis az \u00e1t\u00fcltet\u00e9sre, a n\u00f6v\u00e9nyek meg\u00faj\u00edt\u00e1s\u00e1ra vagy ak\u00e1r \u00faj z\u00f6ld kedvencek beszerz\u00e9s\u00e9re. Sokan ilyenkor cser\u00e9lik le a r\u00e9gi <a href=\"https:\/\/www.startlap.hu\/vasarlas\/okos-kaspo-plantagotchi-szobanoveny-gondozas\/\" target=\"_blank\" rel=\"noopener\">kasp\u00f3kat<\/a>, nagyobb ed\u00e9nybe \u00fcltetik \u00e1t a kin\u0151tt n\u00f6v\u00e9nyeket, vagy \u00e9ppen \u00faj fajokkal b\u0151v\u00edtik a gy\u0171jtem\u00e9ny\u00fcket. Ugyanakkor ez a folyamat nem mindig egyszer\u0171: a nehezebb cserepek mozgat\u00e1sa, az ide\u00e1lis hely megtal\u00e1l\u00e1sa vagy a lak\u00e1s tiszt\u00e1n tart\u00e1sa k\u00f6zben komoly kih\u00edv\u00e1sokba \u00fctk\u00f6zhet\u00fcnk. \u00c9ppen ez\u00e9rt \u00e9rdemes el\u0151re gondolkodni, \u00e9s olyan praktikus eszk\u00f6z\u00f6ket beszerezni, amelyek megk\u00f6nny\u00edtik ezt az id\u0151szakot. Al\u00e1bb bemutatunk egy ilyen eszk\u00f6zt, ami az eredeti funkci\u00f3ja mellett egy igazi meglepet\u00e9st is tartogat.&nbsp;<\/p>\n<div class=\"o-widget m-readMoreWidget -readMore u-shortDecorLineAfter row widget-container _ce_measure_widget bigdata-widget read-more\" data-ce-measure-widget=\"olvass tov\u00e1bb\">\n\t<div class=\"m-readMoreWidget__imgWrapper image-wrapper col-12 col-md-4 no-p\">\n\t\t<a class=\"m-readMoreWidget__imgLink\" href=\"https:\/\/www.startlap.hu\/vasarlas\/indukcios-fozolap-aram-fogyasztas-legnagyobb-konyha\/\" >\n\t\t\t<img decoding=\"async\" src=\"https:\/\/www.startlap.hu\/vasarlas\/uploads\/2026\/04\/idos-no-blokk-350x285.jpg\" class=\"m-readMoreWidget__img\">\n\t\t<\/a>\n\t<\/div>\n\t<div class=\"m-readMoreWidget__titleWrapper title-wrapper col-12 col-md-8\">\n\t\t<span class=\"m-readMoreWidget__titleLabel u-shortDecorLineBefore label hidden-sm-up\">Ez is \u00e9rdekelhet:<\/span>\n\t\t<h3 class=\"m-readMoreWidget__title title\">\n\t\t\t<a class=\"m-readMoreWidget__titleLink -secondFont u-bold u-upperCase\" href=\"https:\/\/www.startlap.hu\/vasarlas\/indukcios-fozolap-aram-fogyasztas-legnagyobb-konyha\/\" >Nem a h\u0171t\u0151szekr\u00e9ny, nem is a s\u00fct\u0151: a legt\u00f6bb \u00e1ramot ez a konyhai eszk\u00f6z fogyasztja<\/a>\n\t\t<\/h3>\n\t\t<a class=\"m-readMoreWidget__btn -coloredBack u-tC link\" href=\"https:\/\/www.startlap.hu\/vasarlas\/indukcios-fozolap-aram-fogyasztas-legnagyobb-konyha\/\" >Elolvasom<\/a>\n\t<\/div>\n<\/div>\n<h2>A Lidl nem \u00edgy rekl\u00e1mozza, pedig ez egy 2 az 1-ben term\u00e9k<\/h2>\n<p>A szoban\u00f6v\u00e9nyeket nem igaz\u00e1n szerencs\u00e9s k\u00f6zvetlen\u00fcl a padl\u00f3ra tenni, m\u00e9g akkor sem, ha els\u0151re ez t\u0171nik a legegyszer\u0171bb megold\u00e1snak. \u00d6nt\u00f6z\u00e9sn\u00e9l k\u00f6nnyen kics\u00f6p\u00f6ghet a v\u00edz, ami id\u0151vel nyomot hagyhat a burkolaton, a kasp\u00f3 alatt pedig \u00e9szrev\u00e9tlen\u00fcl felgy\u0171lhet a por \u00e9s a nedvess\u00e9g. A <a href=\"https:\/\/www.startlap.hu\/vasarlas\/szlovakia-lidl-penz-sporolas\/\" target=\"_blank\" rel=\"noopener\">Lidl<\/a> \u00fajdons\u00e1ga pontosan erre ny\u00fajt megold\u00e1st: \u00e1prilis 30-\u00e1t\u00f3l egy olyan term\u00e9k jelenik meg az \u00fczletl\u00e1nc polcain, ami a n\u00f6v\u00e9nyek enyhe megemel\u00e9se r\u00e9v\u00e9n hozz\u00e1j\u00e1rul a padl\u00f3 esetleges s\u00e9r\u00fcl\u00e9seinek elker\u00fcl\u00e9s\u00e9hez.&nbsp; \u00c9s itt j\u00f6n a meglepet\u00e9s: <strong>ez az eszk\u00f6z val\u00f3j\u00e1ban egy 2 az 1-ben term\u00e9k, ugyanis kerekekkel is rendelkezik<\/strong>, teh\u00e1t k\u00f6nnyed\u00e9n mozgathat\u00f3v\u00e1 teszi a r\u00e1helyezett n\u00f6v\u00e9nyeket. S\u0151t,<\/p>\n<blockquote class=\"article__extraTxt\"><p>nemcsak a n\u00f6v\u00e9nyeket, hanem a legk\u00fcl\u00f6nf\u00e9l\u00e9bb, vaskosabb t\u00e1rgyakat is egyszer\u0171en \u00e1thelyezhetj\u00fck&nbsp; lak\u00e1sban.<\/p><\/blockquote>\n<p>A Lidl <strong><a href=\"https:\/\/www.startlap.hu\/vasarlas\/lidl-parkside-szerszamok-titkok-barkacs\/\" target=\"_blank\" rel=\"noopener\">Parkside saj\u00e1t m\u00e1rk\u00e1s<\/a> g\u00f6rg\u0151s vir\u00e1gtart\u00f3<\/strong> kompakt m\u00e9ret\u00e9nek k\u00f6sz\u00f6nhet\u0151en szinte b\u00e1rhol elf\u00e9r, m\u00e9gis massz\u00edv kialak\u00edt\u00e1ssal rendelkezik, \u00edgy nem kell kompromisszumot k\u00f6tni a teherb\u00edr\u00e1s ter\u00e9n sem. Ez k\u00fcl\u00f6n\u00f6sen fontos lehet azok sz\u00e1m\u00e1ra, akik t\u00f6bb n\u00f6v\u00e9nyt tartanak otthon, \u00e9s rendszeresen mozgatj\u00e1k \u0151ket a megfelel\u0151 f\u00e9nyviszonyok \u00e9rdek\u00e9ben.<\/p>\n<h2>Massz\u00edv kialak\u00edt\u00e1s t\u00f6bbf\u00e9le v\u00e1ltozatban<\/h2>\n<p>A term\u00e9k k\u00e9tf\u00e9le kivitelben \u00e9rhet\u0151 el, \u00edgy mindenki megtal\u00e1lhatja a saj\u00e1t \u00edzl\u00e9s\u00e9nek \u00e9s otthon\u00e1nak megfelel\u0151t. A term\u00e9szetes hat\u00e1s\u00fa <strong>t\u00f6m\u00f6rfa<\/strong> verzi\u00f3 j\u00f3l illeszkedik a klasszikusabb enteri\u0151r\u00f6kbe, m\u00edg a <strong>porsz\u00f3rt ac\u00e9lb\u00f3l<\/strong> k\u00e9sz\u00fclt v\u00e1ltozat modernebb k\u00f6rnyezetben mutat j\u00f3l. <strong><a href=\"https:\/\/akcios-ujsag.hu\/akcios-ujsagok\/lidl-nonfood-akcios-ujsag-2026-04-30\/#10\" target=\"_blank\" target=\"_blank\" rel=\"noopener\">Mindkett\u0151r\u0151l tal\u00e1lsz fot\u00f3t a Lidl aktu\u00e1lis rekl\u00e1m\u00fajs\u00e1gj\u00e1ban<\/a>.<\/strong><\/p>\n<p><strong>F\u0151bb jellemz\u0151k:<\/strong><\/p>\n<ul>\n<li>t\u00f6m\u00f6rfa vagy porsz\u00f3rt ac\u00e9l kivitel<\/li>\n<li>360\u00b0-ban forg\u00f3 g\u00f6rg\u0151k a k\u00f6nny\u0171 mozgat\u00e1s\u00e9rt<\/li>\n<li>maximum 45 kg teherb\u00edr\u00e1s<\/li>\n<li>stabil, m\u00e9gis k\u00f6nnyen kezelhet\u0151 szerkezet<\/li>\n<\/ul>\n<h2>Praktikus m\u00e9retek a mindennapi haszn\u00e1lathoz<\/h2>\n<p>A m\u00e9retv\u00e1laszt\u00e9k lehet\u0151v\u00e9 teszi, hogy k\u00fcl\u00f6nb\u00f6z\u0151 t\u00e1rgyakhoz is ide\u00e1lis legyen. Ak\u00e1r kisebb, ak\u00e1r nagyobb cserepekhez vagy egy\u00e9b dekor\u00e1ci\u00f3khoz is j\u00f3l illeszkedik, \u00edgy nem kell k\u00fcl\u00f6n megold\u00e1st keresni minden egyes n\u00f6v\u00e9nyhez.<\/p>\n<p><strong>El\u00e9rhet\u0151 m\u00e9retek:<\/strong><\/p>\n<ul>\n<li>kb. 29 \u00d7 7 \u00d7 29 cm<\/li>\n<li>kb. \u00d8 30 \u00d7 6 cm<\/li>\n<\/ul>\n<p>Ez a kialak\u00edt\u00e1s biztos\u00edtja, hogy ne foglaljon sok helyet, m\u00e9gis elegend\u0151 fel\u00fcletet ny\u00fajtson a stabil haszn\u00e1lathoz. A lapos kivitel k\u00fcl\u00f6n el\u0151ny, hiszen diszkr\u00e9ten simul a cser\u00e9p al\u00e1.<\/p>\n<figure id=\"attachment_2280239\" aria-describedby=\"caption-attachment-2280239\" style=\"width: 755px\" class=\"wp-caption alignnone\"><a href=\"https:\/\/www.startlap.hu\/vasarlas\/uploads\/2026\/04\/lidl-vasarlok-1.jpg\"><img loading=\"lazy\" decoding=\"async\" class=\"size-article-size-large-image wp-image-2280239\" src=\"https:\/\/www.startlap.hu\/vasarlas\/uploads\/2026\/04\/lidl-vasarlok-1-755x440.jpg\" alt=\"Egy Lidl bolt \u00e9rkez\u0151 \u00e9s t\u00e1voz\u00f3 v\u00e1s\u00e1rl\u00f3kkal nappal.\" width=\"755\" height=\"440\" srcset=\"https:\/\/www.startlap.hu\/vasarlas\/uploads\/2026\/04\/lidl-vasarlok-1-755x440.jpg 755w, https:\/\/www.startlap.hu\/vasarlas\/uploads\/2026\/04\/lidl-vasarlok-1-600x350.jpg 600w, https:\/\/www.startlap.hu\/vasarlas\/uploads\/2026\/04\/lidl-vasarlok-1.jpg 1500w\" sizes=\"auto, (max-width: 755px) 100vw, 755px\" \/><\/a><figcaption id=\"caption-attachment-2280239\" class=\"wp-caption-text\">A Lidl Parkside g\u00f6rg\u00f6s vir\u00e1gtart\u00f3j\u00e1val nem csak n\u00f6v\u00e9nyeket mozgathatunk! Fot\u00f3: Matteo Della Torre \/ AFP<\/figcaption><\/figure>\n<h2>Nem csak n\u00f6v\u00e9nyekhez haszn\u00e1lhat\u00f3<\/h2>\n<p>Mint fentebb is eml\u00edtett\u00fck, b\u00e1r sokan kiz\u00e1r\u00f3lag n\u00f6v\u00e9nytart\u00f3k\u00e9nt gondolnak r\u00e1, \u00e9s a Lidl is csak ezt az egy funkci\u00f3j\u00e1t eml\u00edti, val\u00f3j\u00e1ban enn\u00e9l j\u00f3val t\u00f6bbre k\u00e9pes. A sokoldal\u00fas\u00e1ga miatt sz\u00e1mos helyzetben bevethet\u0151 a h\u00e1ztart\u00e1sban, \u00edgy nemcsak szezon\u00e1lis, hanem eg\u00e9sz \u00e9ves megold\u00e1st k\u00edn\u00e1l.&nbsp;<\/p>\n<p><strong>Haszn\u00e1lhat\u00f3 p\u00e9ld\u00e1ul:<\/strong><\/p>\n<ul>\n<li>kisebb b\u00fatorok al\u00e1<\/li>\n<li>nehezebb t\u00e1rol\u00f3dobozok mozgat\u00e1s\u00e1ra<\/li>\n<li>dekor\u00e1ci\u00f3s elemek al\u00e1t\u00e9tek\u00e9nt<\/li>\n<li>ak\u00e1r <a href=\"https:\/\/www.startlap.hu\/vasarlas\/galamb-erkely-alufolia-tavoltartas-trukk\/\" target=\"_blank\" rel=\"noopener\">erk\u00e9lyen<\/a> vagy teraszon is<\/li>\n<\/ul>\n<p>Ez k\u00fcl\u00f6n\u00f6sen j\u00f3l j\u00f6het akkor, ha gyakran takar\u00edtunk vagy szeretj\u00fck id\u0151r\u0151l id\u0151re \u00e1trendezni a lak\u00e1st.<\/p>\n<h2>Milyen tov\u00e1bbi el\u0151nyei vannak a g\u00f6rg\u0151s vir\u00e1gtart\u00f3nak?<\/h2>\n<p>A mobilit\u00e1s ma m\u00e1r kulcsfontoss\u00e1g\u00fa szempont az otthonunk berendez\u00e9s\u00e9n\u00e9l. Egy ilyen eszk\u00f6zzel k\u00f6nnyed\u00e9n \u00e1trendezhetj\u00fck a teret takar\u00edt\u00e1skor vagy ak\u00e1r szezon\u00e1lis dekor\u00e1ci\u00f3v\u00e1lt\u00e1skor is. Nem kell t\u00f6bb\u00e9 emelgetni a neh\u00e9z cserepeket vagy b\u00fatorokat, ami nemcsak k\u00e9nyelmesebb, hanem biztons\u00e1gosabb is.<\/p>\n<p>K\u00fcl\u00f6n\u00f6sen hasznos lehet id\u0151sebbek sz\u00e1m\u00e1ra, vagy azoknak, akik szeretn\u00e9k k\u00edm\u00e9lni a h\u00e1tukat, m\u00e9gis ragaszkodnak a rendezett, z\u00f6ld k\u00f6rnyezethez. Egy apr\u00f3 kieg\u00e9sz\u00edt\u0151, amely jelent\u0151s k\u00fcl\u00f6nbs\u00e9get hozhat a mindennapokban.<\/p>\n<h2>Meg\u00e9ri az \u00e1r\u00e1t a Lidl Parkside-term\u00e9ke?<\/h2>\n<p>Ennyi p\u00e9nz\u00e9rt kifejezetten j\u00f3 v\u00e9telnek sz\u00e1m\u00edt ez a g\u00f6rg\u0151s vir\u00e1gtart\u00f3, hiszen nemcsak egy egyszer\u0171 kieg\u00e9sz\u00edt\u0151r\u0151l van sz\u00f3, hanem egy val\u00f3ban hasznos, mindennapokban is j\u00f3l kihaszn\u00e1lhat\u00f3 megold\u00e1sr\u00f3l. Az <strong>1499 forintos \u00e1r<\/strong> mellett massz\u00edv kialak\u00edt\u00e1st, k\u00f6nny\u0171 mozgathat\u00f3s\u00e1got \u00e9s ak\u00e1r 45 kilogrammos teherb\u00edr\u00e1st kapunk, ami b\u0151ven elegend\u0151 a legt\u00f6bb szoban\u00f6v\u00e9nyhez vagy ak\u00e1r nehezebb t\u00e1rgyakhoz is. Ha figyelembe vessz\u00fck, mennyivel egyszer\u0171bb\u00e9 teszi a <a href=\"https:\/\/www.startlap.hu\/vasarlas\/takaritasi-trend-tisztasag-hazimunka-duh-harag-frusztracio\/\" target=\"_blank\" rel=\"noopener\">takar\u00edt\u00e1st<\/a> \u00e9s az \u00e1trendez\u00e9st, akkor gyorsan kider\u00fcl, hogy ez az a kis befektet\u00e9s, ami r\u00f6vid id\u0151n bel\u00fcl megt\u00e9r\u00fcl a k\u00e9nyelemben.<\/p>\n<h2>Nem csak ez az \u00fajdons\u00e1g j\u00f6n: kasp\u00f3k \u00e9s vir\u00e1gtart\u00f3k is \u00e9rkeznek<\/h2>\n<p>\u00c1prilis 30-t\u00f3l a Lidl k\u00edn\u00e1lat\u00e1ba t\u00f6bbf\u00e9le kasp\u00f3 \u00e9s vir\u00e1gtart\u00f3 is \u00e9rkezik, amelyekkel k\u00f6nnyed\u00e9n egys\u00e9ges \u00e9s st\u00edlusos megjelen\u00e9st adhatsz otthonodnak vagy erk\u00e9lyednek. Ez k\u00fcl\u00f6n\u00f6sen j\u00f3l j\u00f6n a tavaszi n\u00f6v\u00e9ny\u00e1t\u00fcltet\u00e9si szezonban, amikor sokan egyszerre t\u00f6bb n\u00f6v\u00e9nyt is friss\u00edtenek.&nbsp;A k\u00edn\u00e1latban megtal\u00e1lhat\u00f3:<\/p>\n<p><strong>Parkside kasp\u00f3 strapab\u00edr\u00f3 m\u0171anyagb\u00f3l<\/strong><\/p>\n<ul>\n<li>kb. 35 \u00d7 35 \u00d7 55 cm, max. 40 liter \u2013 6 999 Ft\/db<\/li>\n<li>kb. 39 \u00d7 39 \u00d7 33 cm, max. 26 liter \u2013 7 999 Ft\/db<\/li>\n<\/ul>\n<p><strong>Parkside l\u00e9pcs\u0151s vir\u00e1gtart\u00f3 strapab\u00edr\u00f3 m\u0171anyagb\u00f3l<\/strong><\/p>\n<ul>\n<li>m\u00e9ret\/tart\u00f3: kb. 39 \u00d7 39 \u00d7 59 cm<\/li>\n<li>kapacit\u00e1s: max. 56 liter<\/li>\n<li>\u00e1r: 9 999 Ft<\/li>\n<\/ul>\n<p>Ezek a megold\u00e1sok lehet\u0151v\u00e9 teszik, hogy ak\u00e1r t\u00f6bb n\u00f6v\u00e9nyt is rendszerezetten helyezz\u00fcnk el, mik\u00f6zben eszt\u00e9tikus \u00f6sszhat\u00e1st \u00e9r\u00fcnk el.<\/p>\n<p>Ha egy apr\u00f3, de hat\u00e9kony eszk\u00f6zzel szeretn\u00e9d k\u00e9nyelmesebb\u00e9 tenni a mindennapokat, most \u00e9rdemes r\u00e9sen lenni &#8211; k\u00fcl\u00f6n\u00f6sen \u00fagy, hogy t\u00f6bb, egym\u00e1shoz illeszked\u0151 kieg\u00e9sz\u00edt\u0151t is beszerezhetsz egy helyen. A Lidl k\u00e9tf\u00e9le g\u00f6rg\u0151s vir\u00e1gtart\u00f3ja 1499 forint\u00e9rt rednk\u00edv\u00fcl j\u00f3 v\u00e9telnek \u00edg\u00e9rkezik, ha pedig a hozz\u00e1 ill\u0151 kasp\u00f3kkal \u00e9s tart\u00f3kkal egy\u00fctt szerezz\u00fck be, egy komplett, j\u00f3l m\u0171k\u00f6d\u0151 rendszert alak\u00edthatunk ki otthon.<\/p>\n<p data-mrf-recirculation=\"[Article Startlap] Inline links\"><strong>\u00c9rdemes az&nbsp;<a href=\"https:\/\/akcios-ujsag.hu\/\" target=\"_blank\" target=\"_blank\" rel=\"noopener\" data-mrf-recirculation=\"[Article Startlap] Inline Links\" data-mrf-link=\"https:\/\/akcios-ujsag.hu\/\" data-mrf-recirculation-id=\"[Article Startlap] Inline Links_5\">Akci\u00f3s-\u00dajs\u00e1g.hu<\/a>&nbsp;oldal\u00e1n megtal\u00e1lhat\u00f3 m\u00e1s \u00e1ruh\u00e1zl\u00e1ncok akci\u00f3s term\u00e9keit is \u00e1tb\u00f6ng\u00e9szni, p\u00e9ld\u00e1ul:<\/strong><\/p>\n<ul>\n<li><a href=\"https:\/\/akcios-ujsag.hu\/akcios-ujsag\/elelmiszer-aruhaz\/aldi\/\" target=\"_blank\" target=\"_blank\" rel=\"noopener\"><strong>Aldi<\/strong><\/a><\/li>\n<li><a href=\"https:\/\/akcios-ujsag.hu\/akcios-ujsag\/elelmiszer-aruhaz\/auchan\/\" target=\"_blank\" target=\"_blank\" rel=\"noopener\"><strong>Auchan<\/strong><\/a><\/li>\n<li><a href=\"https:\/\/akcios-ujsag.hu\/akcios-ujsag\/elelmiszer-aruhaz\/spar-interspar\/\" target=\"_blank\" target=\"_blank\" rel=\"noopener\"><strong>Interspar<\/strong><\/a><\/li>\n<li><a href=\"https:\/\/akcios-ujsag.hu\/akcios-ujsag\/elelmiszer-aruhaz\/penny-market\/\" target=\"_blank\" target=\"_blank\" rel=\"noopener\"><strong>Penny&nbsp;<\/strong><\/a><\/li>\n<li><a href=\"https:\/\/akcios-ujsag.hu\/akcios-ujsag\/elelmiszer-aruhaz\/tesco\/\" target=\"_blank\" target=\"_blank\" rel=\"noopener\"><strong>Tesco<\/strong><\/a><\/li>\n<\/ul>\n<div class=\"o-widget m-readMoreWidget -readMore u-shortDecorLineAfter row widget-container _ce_measure_widget bigdata-widget read-more\" data-ce-measure-widget=\"olvass tov\u00e1bb\">\n\t<div class=\"m-readMoreWidget__imgWrapper image-wrapper col-12 col-md-4 no-p\">\n\t\t<a class=\"m-readMoreWidget__imgLink\" href=\"https:\/\/www.startlap.hu\/vasarlas\/majus-1-boltok-nyitvatartas-2026\/\" >\n\t\t\t<img decoding=\"async\" src=\"https:\/\/www.startlap.hu\/vasarlas\/uploads\/2026\/04\/bevasarlokocsik-350x285.jpg\" class=\"m-readMoreWidget__img\">\n\t\t<\/a>\n\t<\/div>\n\t<div class=\"m-readMoreWidget__titleWrapper title-wrapper col-12 col-md-8\">\n\t\t<span class=\"m-readMoreWidget__titleLabel u-shortDecorLineBefore label hidden-sm-up\">Ez is \u00e9rdekelhet:<\/span>\n\t\t<h3 class=\"m-readMoreWidget__title title\">\n\t\t\t<a class=\"m-readMoreWidget__titleLink -secondFont u-bold u-upperCase\" href=\"https:\/\/www.startlap.hu\/vasarlas\/majus-1-boltok-nyitvatartas-2026\/\" >Boltz\u00e1r j\u00f6n: v\u00e1ltozik a Lidl, az Aldi, a Penny \u00e9s a t\u00f6bbi \u00fczletl\u00e1nc nyitvatart\u00e1sa a m\u00e1jus 1-jei hossz\u00fa h\u00e9tv\u00e9g\u00e9n<\/a>\n\t\t<\/h3>\n\t\t<a class=\"m-readMoreWidget__btn -coloredBack u-tC link\" href=\"https:\/\/www.startlap.hu\/vasarlas\/majus-1-boltok-nyitvatartas-2026\/\" >Elolvasom<\/a>\n\t<\/div>\n<\/div>\n","protected":false},"excerpt":{"rendered":"<p>Egyre t\u00f6bben keresik azokat az apr\u00f3, m\u00e9gis praktikus otthoni kieg\u00e9sz\u00edt\u0151ket, amelyekkel k\u00e9nyelmesebb\u00e9 \u00e9s rendezettebb\u00e9 tehetik a mindennapokat. A Lidl leg\u00fajabb akci\u00f3ja pontosan egy ilyen term\u00e9ket hoz el \u00e1prilis 30-\u00e1t\u00f3l, r\u00e1ad\u00e1sul kifejezetten p\u00e9nzt\u00e1rcabar\u00e1t \u00e1ron. B\u00e1r els\u0151re tal\u00e1n egyszer\u0171nek t\u0171nik, haszn\u00e1lat k\u00f6zben der\u00fcl ki, mennyire sokoldal\u00fa megold\u00e1sr\u00f3l van sz\u00f3.<\/p>\n","protected":false},"author":7,"featured_media":2280239,"comment_status":"closed","ping_status":"closed","sticky":false,"template":"","format":"standard","meta":{"footnotes":""},"categories":[8180],"tags":[2368,1669,1727,280,4823],"class_list":["post-2280237","post","type-post","status-publish","format-standard","has-post-thumbnail","hentry","category-trending","tag-akcio","tag-lakas","tag-lakberendezes","tag-lidl","tag-szobanoveny"],"aioseo_notices":[],"_links":{"self":[{"href":"https:\/\/www.startlap.hu\/vasarlas\/wp-json\/wp\/v2\/posts\/2280237","targetHints":{"allow":["GET"]}}],"collection":[{"href":"https:\/\/www.startlap.hu\/vasarlas\/wp-json\/wp\/v2\/posts"}],"about":[{"href":"https:\/\/www.startlap.hu\/vasarlas\/wp-json\/wp\/v2\/types\/post"}],"author":[{"embeddable":true,"href":"https:\/\/www.startlap.hu\/vasarlas\/wp-json\/wp\/v2\/users\/7"}],"replies":[{"embeddable":true,"href":"https:\/\/www.startlap.hu\/vasarlas\/wp-json\/wp\/v2\/comments?post=2280237"}],"version-history":[{"count":3,"href":"https:\/\/www.startlap.hu\/vasarlas\/wp-json\/wp\/v2\/posts\/2280237\/revisions"}],"predecessor-version":[{"id":2280241,"href":"https:\/\/www.startlap.hu\/vasarlas\/wp-json\/wp\/v2\/posts\/2280237\/revisions\/2280241"}],"wp:featuredmedia":[{"embeddable":true,"href":"https:\/\/www.startlap.hu\/vasarlas\/wp-json\/wp\/v2\/media\/2280239"}],"wp:attachment":[{"href":"https:\/\/www.startlap.hu\/vasarlas\/wp-json\/wp\/v2\/media?parent=2280237"}],"wp:term":[{"taxonomy":"category","embeddable":true,"href":"https:\/\/www.startlap.hu\/vasarlas\/wp-json\/wp\/v2\/categories?post=2280237"},{"taxonomy":"post_tag","embeddable":true,"href":"https:\/\/www.startlap.hu\/vasarlas\/wp-json\/wp\/v2\/tags?post=2280237"}],"curies":[{"name":"wp","href":"https:\/\/api.w.org\/{rel}","templated":true}]}}