{"id":2280175,"date":"2026-04-29T05:33:12","date_gmt":"2026-04-29T03:33:12","guid":{"rendered":"https:\/\/www.startlap.hu\/vasarlas\/?p=2280175"},"modified":"2026-04-27T12:51:30","modified_gmt":"2026-04-27T10:51:30","slug":"aldi-europa-valtozas","status":"publish","type":"post","link":"https:\/\/www.startlap.hu\/vasarlas\/aldi-europa-valtozas\/","title":{"rendered":"R\u00e1 sem ismersz majd az Aldik \u00faj bels\u0151 ter\u00e9re &#8211; a magyar boltokban is hatalmas v\u00e1ltoz\u00e1sok j\u00f6nnek"},"content":{"rendered":"<p>Az Aldi alapjaiban alak\u00edtan\u00e1 \u00e1t \u00fczleteit, der\u00fcl ki a <a href=\"https:\/\/www.fr.de\/verbraucher\/grundlegend-aendern-grosse-aenderung-bei-aldi-so-will-der-discounter-seine-filialen-94267754.html\" target=\"_blank\" target=\"_blank\" rel=\"nofollow noopener\">Frankfurter Rundschau<\/a> besz\u00e1mol\u00f3j\u00e1b\u00f3l. A diszkontl\u00e1nc \u00faj koncepci\u00f3ja t\u00falmutat egy egyszer\u0171 fel\u00faj\u00edt\u00e1son &#8211; <strong>a c\u00e9l egy modernebb, hat\u00e9konyabb \u00e9s a v\u00e1s\u00e1rl\u00f3k sz\u00e1m\u00e1ra k\u00e9nyelmesebb \u00fczlett\u00edpus kialak\u00edt\u00e1sa.<\/strong><\/p>\n<div class=\"o-widget m-readMoreWidget -readMore u-shortDecorLineAfter row widget-container _ce_measure_widget bigdata-widget read-more\" data-ce-measure-widget=\"olvass tov\u00e1bb\">\n\t<div class=\"m-readMoreWidget__imgWrapper image-wrapper col-12 col-md-4 no-p\">\n\t\t<a class=\"m-readMoreWidget__imgLink\" href=\"https:\/\/www.startlap.hu\/vasarlas\/pek-kenyer-frissesseg-konyha\/\" >\n\t\t\t<img decoding=\"async\" src=\"https:\/\/www.startlap.hu\/vasarlas\/uploads\/2026\/04\/kenyer-5-350x285.jpg\" class=\"m-readMoreWidget__img\">\n\t\t<\/a>\n\t<\/div>\n\t<div class=\"m-readMoreWidget__titleWrapper title-wrapper col-12 col-md-8\">\n\t\t<span class=\"m-readMoreWidget__titleLabel u-shortDecorLineBefore label hidden-sm-up\">Ez is \u00e9rdekelhet:<\/span>\n\t\t<h3 class=\"m-readMoreWidget__title title\">\n\t\t\t<a class=\"m-readMoreWidget__titleLink -secondFont u-bold u-upperCase\" href=\"https:\/\/www.startlap.hu\/vasarlas\/pek-kenyer-frissesseg-konyha\/\" >Nem zacsk\u00f3, nem is a konyharuha: a p\u00e9kek tr\u00fckkje napokkal kitolja a keny\u00e9r frissess\u00e9g\u00e9t<\/a>\n\t\t<\/h3>\n\t\t<a class=\"m-readMoreWidget__btn -coloredBack u-tC link\" href=\"https:\/\/www.startlap.hu\/vasarlas\/pek-kenyer-frissesseg-konyha\/\" >Elolvasom<\/a>\n\t<\/div>\n<\/div>\n<h2>Nem csak fel\u00faj\u00edt\u00e1sr\u00f3l van sz\u00f3<\/h2>\n<p>Az <a href=\"https:\/\/www.startlap.hu\/vasarlas\/lidl-aldi-penny-aprilis-1-facebook\/\" target=\"_blank\" rel=\"noopener\">Aldi<\/a> m\u00e1r \u00e9vek \u00f3ta dolgozik azon, hogy boltjait korszer\u0171bb\u00e9 tegye, de most egy m\u00e9g \u00e1tfog\u00f3bb \u00e1talak\u00edt\u00e1s k\u00f6rvonalaz\u00f3dik. A j\u00f6v\u0151 \u00fczleteiben nagyobb, \u00e9s j\u00f3val vil\u00e1gosabb terek jelenhetnek meg, ahol a v\u00e1s\u00e1rl\u00f3k is k\u00f6nnyebben eligazodnak majd. A v\u00e1ltoz\u00e1s nem puszt\u00e1n eszt\u00e9tikai, sokkal t\u00f6bbr\u0151l van sz\u00f3. A diszkontl\u00e1nc c\u00e9lja, hogy a klasszikus, gyors bev\u00e1s\u00e1rl\u00e1sra \u00e9p\u00edt\u0151 modell mellett a k\u00e9nyelmi szempontokat is er\u0151s\u00edtse.<\/p>\n<h2>A friss term\u00e9kek ker\u00fclnek el\u0151t\u00e9rbe<\/h2>\n<p>Az \u00faj koncepci\u00f3 egyik kulcseleme, hogy nagyobb hangs\u00falyt kapnak a friss \u00e1ruk. A z\u00f6lds\u00e9gek, gy\u00fcm\u00f6lcs\u00f6k \u00e9s p\u00e9k\u00e1ruk l\u00e1tv\u00e1nyosabb helyre ker\u00fclhetnek, sok esetben m\u00e1r a bej\u00e1rat k\u00f6zel\u00e9ben. Ez nem v\u00e9letlen, a v\u00e1s\u00e1rl\u00e1si szok\u00e1sok v\u00e1ltoznak, egyre t\u00f6bben keresik a friss \u00e9s eg\u00e9szs\u00e9ges term\u00e9keket, \u00e9s ezek elhelyez\u00e9se jelent\u0151sen befoly\u00e1solja, mit tesznek v\u00e9g\u00fcl a kos\u00e1rba.<\/p>\n<figure id=\"attachment_2280178\" aria-describedby=\"caption-attachment-2280178\" style=\"width: 755px\" class=\"wp-caption alignnone\"><img loading=\"lazy\" decoding=\"async\" class=\"wp-image-2280178 size-article-size-large-image\" src=\"https:\/\/www.startlap.hu\/vasarlas\/uploads\/2026\/04\/aldi_11zon-755x501.jpg\" alt=\"Aldiba bes\u00e9t\u00e1l\u00f3 f\u00e9rfi \u00e9s kisl\u00e1ny\" width=\"755\" height=\"501\" srcset=\"https:\/\/www.startlap.hu\/vasarlas\/uploads\/2026\/04\/aldi_11zon-755x501.jpg 755w, https:\/\/www.startlap.hu\/vasarlas\/uploads\/2026\/04\/aldi_11zon-1536x1020.jpg 1536w, https:\/\/www.startlap.hu\/vasarlas\/uploads\/2026\/04\/aldi_11zon-250x165.jpg 250w, https:\/\/www.startlap.hu\/vasarlas\/uploads\/2026\/04\/aldi_11zon-527x350.jpg 527w, https:\/\/www.startlap.hu\/vasarlas\/uploads\/2026\/04\/aldi_11zon.jpg 1699w\" sizes=\"auto, (max-width: 755px) 100vw, 755px\" \/><figcaption id=\"caption-attachment-2280178\" class=\"wp-caption-text\">Rengeteg a v\u00e1ltoz\u00e1s az Aldi h\u00e1za t\u00e1j\u00e1n. Fot\u00f3: Getty Images<\/figcaption><\/figure>\n<h2>\u00c1trendezett boltok, gyorsabb bev\u00e1s\u00e1rl\u00e1s<\/h2>\n<p>A bels\u0151 elrendez\u00e9st is \u00fajragondolj\u00e1k. Sz\u00e9lesebb folyos\u00f3k, logikusabb term\u00e9kelhelyez\u00e9s \u00e9s \u00e1tl\u00e1that\u00f3bb strukt\u00fara seg\u00edtheti a gyorsabb bev\u00e1s\u00e1rl\u00e1st.<\/p>\n<blockquote class=\"article__extraTxt\"><p>Az Aldi egyik legfontosabb er\u0151ss\u00e9ge eddig is a hat\u00e9konys\u00e1g volt: ezen nem v\u00e1ltoztatnak, ink\u00e1bb tov\u00e1bb fejlesztik.<\/p><\/blockquote>\n<h2>A h\u00e1tt\u00e9rben is komoly fejleszt\u00e9sek zajlanak<\/h2>\n<p>A v\u00e1s\u00e1rl\u00f3k sz\u00e1m\u00e1ra kev\u00e9sb\u00e9 l\u00e1that\u00f3, de ann\u00e1l fontosabb ter\u00fclet a logisztika. Az Aldi ezen a t\u00e9ren is optimaliz\u00e1l, hogy gyorsabb \u00e9s olcs\u00f3bb legyen az \u00e1rufelt\u00f6lt\u00e9s. Ez hosszabb t\u00e1von az <a href=\"https:\/\/www.startlap.hu\/vasarlas\/kigyouborka-ara-dragulas-okai-2026\/\" target=\"_blank\" rel=\"noopener\">\u00e1rakra<\/a> is hat\u00e1ssal lehet, hiszen a hat\u00e9konyabb m\u0171k\u00f6d\u00e9s cs\u00f6kkentheti a k\u00f6lts\u00e9geket.<\/p>\n<h2>Fokozatosan vezetik be az \u00faj koncepci\u00f3t<\/h2>\n<p>A v\u00e1ltoz\u00e1sok nem egyszerre jelennek majd meg minden \u00fczletben. Az Aldi l\u00e9p\u00e9sr\u0151l l\u00e9p\u00e9sre vezeti be az \u00faj megold\u00e1sokat, \u00edgy a v\u00e1s\u00e1rl\u00f3k fokozatosan tal\u00e1lkoznak majd az \u00e1talakul\u00e1ssal. A diszkontl\u00e1nc ezzel egy\u00e9rtelm\u0171en jelzi, hogy nem ragad le a j\u00f3l bev\u00e1lt modelln\u00e9l. A j\u00f6v\u0151 boltja egyszerre lehet gyors, olcs\u00f3 \u00e9s k\u00e9nyelmes, legal\u00e1bbis ez a c\u00e9l.<\/p>\n<p><strong>A folyamat r\u00e1ad\u00e1sul Magyarorsz\u00e1gon sem \u00faj kelet\u0171.<\/strong> Az Aldi m\u00e1r kor\u00e1bban is elkezdte a boltok korszer\u0171s\u00edt\u00e9s\u00e9t, j\u00f3 p\u00e9lda erre a szombathelyi, <a href=\"https:\/\/www.aldi.hu\/hu\/az-aldirol\/sajtoszoba\/uezleteink\/2026\/Modernizalas-nehany-nap-alatt-az-elso-szombathelyi-ALDI-ban.html\" target=\"_blank\" target=\"_blank\" rel=\"noopener\">Szent Gell\u00e9rt utcai \u00fczlet fel\u00faj\u00edt\u00e1sa<\/a>. Az \u00e1ruh\u00e1z n\u00e9h\u00e1ny napra bez\u00e1rt 2026 janu\u00e1rj\u00e1ban, majd teljesen meg\u00fajult bels\u0151 t\u00e9rrel, \u00e1trendezett elad\u00f3t\u00e9rrel \u00e9s a friss term\u00e9kekre \u00e9p\u00edt\u0151 koncepci\u00f3val nyitott \u00fajra. A bej\u00e1rathoz ker\u00fcltek a z\u00f6lds\u00e9g-gy\u00fcm\u00f6lcs \u00e9s friss h\u00fas r\u00e9szlegek, egyszer\u0171bb lett a v\u00e1s\u00e1rl\u00f3i \u00fatvonal, mik\u00f6zben a l\u00e1tv\u00e1nyp\u00e9ks\u00e9g \u00e9s a b\u0151v\u00edtett k\u00edn\u00e1lat is er\u0151s\u00edtette az \u00e9lm\u00e9nyt. A moderniz\u00e1ci\u00f3 nemcsak a k\u00e9nyelemr\u0151l sz\u00f3l, hanem a fenntarthat\u00f3s\u00e1gr\u00f3l is: az \u00fczlet tetej\u00e9n napelemek m\u0171k\u00f6dnek, az elektromos aut\u00f3val \u00e9rkez\u0151knek ultragyors t\u00f6lt\u0151k \u00e1llnak rendelkez\u00e9sre, ami j\u00f3l mutatja, hogy a l\u00e1nc m\u00e1r itthon is hosszabb ideje teszteli \u00e9s vezeti be az \u00faj ir\u00e1nyt.<\/p>\n<blockquote class=\"article__extraTxt\"><p>Az \u00e1talakul\u00e1s m\u00f6g\u00f6tt er\u0151s piaci nyom\u00e1s is \u00e1ll.<\/p><\/blockquote>\n<p>Az olyan versenyt\u00e1rsak, mint a Lidl vagy a Tesco az elm\u00falt \u00e9vekben l\u00e1tv\u00e1nyosan fejlesztett\u00e9k \u00fczleteiket \u00e9s egyre nagyobb hangs\u00falyt fektetnek a v\u00e1s\u00e1rl\u00f3i \u00e9lm\u00e9nyre, nem csak az \u00e1rakra. K\u00f6zben a v\u00e1s\u00e1rl\u00f3k is sokkal tudatosabbak lettek, egyre t\u00f6bben keresik az \u00e1tl\u00e1that\u00f3bb boltokat, a min\u0151s\u00e9gi friss k\u00edn\u00e1latot \u00e9s a gyorsabb fizet\u00e9si megold\u00e1sokat is. Ebben a k\u00f6rnyezetben az Aldi l\u00e9p\u00e9se egy logikus v\u00e1lasz lehet arra, hogy meg\u0151rizze versenyel\u0151ny\u00e9t egy olyan piacon, ahol m\u00e1r r\u00e9gen nem el\u00e9g puszt\u00e1n olcs\u00f3nak \u00e9s el\u00e9rhet\u0151nek lenni.<\/p>\n<div class=\"o-widget m-readMoreWidget -readMore u-shortDecorLineAfter row widget-container _ce_measure_widget bigdata-widget read-more\" data-ce-measure-widget=\"olvass tov\u00e1bb\">\n\t<div class=\"m-readMoreWidget__imgWrapper image-wrapper col-12 col-md-4 no-p\">\n\t\t<a class=\"m-readMoreWidget__imgLink\" href=\"https:\/\/www.startlap.hu\/vasarlas\/wi-fi-router-elhelyezes-teljesitmeny-butor-tukor\/\" >\n\t\t\t<img decoding=\"async\" src=\"https:\/\/www.startlap.hu\/vasarlas\/uploads\/2026\/04\/router-350x285.jpg\" class=\"m-readMoreWidget__img\">\n\t\t<\/a>\n\t<\/div>\n\t<div class=\"m-readMoreWidget__titleWrapper title-wrapper col-12 col-md-8\">\n\t\t<span class=\"m-readMoreWidget__titleLabel u-shortDecorLineBefore label hidden-sm-up\">Ez is \u00e9rdekelhet:<\/span>\n\t\t<h3 class=\"m-readMoreWidget__title title\">\n\t\t\t<a class=\"m-readMoreWidget__titleLink -secondFont u-bold u-upperCase\" href=\"https:\/\/www.startlap.hu\/vasarlas\/wi-fi-router-elhelyezes-teljesitmeny-butor-tukor\/\" >Sokan elk\u00f6vetik ezt a hib\u00e1t: ne rejtsd el, \u00e9s ne tedd t\u00fck\u00f6r mell\u00e9 a routert!<\/a>\n\t\t<\/h3>\n\t\t<a class=\"m-readMoreWidget__btn -coloredBack u-tC link\" href=\"https:\/\/www.startlap.hu\/vasarlas\/wi-fi-router-elhelyezes-teljesitmeny-butor-tukor\/\" >Elolvasom<\/a>\n\t<\/div>\n<\/div>\n","protected":false},"excerpt":{"rendered":"<p>Az ismert diszkontl\u00e1nc csendben k\u00e9sz\u00fcl valamire &#8211; a tervek szerint nem csak a boltok kin\u00e9zete, hanem a v\u00e1s\u00e1rl\u00e1s m\u00f3dja is megv\u00e1ltozhat.<\/p>\n","protected":false},"author":64,"featured_media":2280178,"comment_status":"closed","ping_status":"closed","sticky":false,"template":"","format":"standard","meta":{"footnotes":""},"categories":[8180],"tags":[850,5707,2076,12903],"class_list":["post-2280175","post","type-post","status-publish","format-standard","has-post-thumbnail","hentry","category-trending","tag-aldi","tag-bevasarlas","tag-europa","tag-valtozas"],"aioseo_notices":[],"_links":{"self":[{"href":"https:\/\/www.startlap.hu\/vasarlas\/wp-json\/wp\/v2\/posts\/2280175","targetHints":{"allow":["GET"]}}],"collection":[{"href":"https:\/\/www.startlap.hu\/vasarlas\/wp-json\/wp\/v2\/posts"}],"about":[{"href":"https:\/\/www.startlap.hu\/vasarlas\/wp-json\/wp\/v2\/types\/post"}],"author":[{"embeddable":true,"href":"https:\/\/www.startlap.hu\/vasarlas\/wp-json\/wp\/v2\/users\/64"}],"replies":[{"embeddable":true,"href":"https:\/\/www.startlap.hu\/vasarlas\/wp-json\/wp\/v2\/comments?post=2280175"}],"version-history":[{"count":8,"href":"https:\/\/www.startlap.hu\/vasarlas\/wp-json\/wp\/v2\/posts\/2280175\/revisions"}],"predecessor-version":[{"id":2280203,"href":"https:\/\/www.startlap.hu\/vasarlas\/wp-json\/wp\/v2\/posts\/2280175\/revisions\/2280203"}],"wp:featuredmedia":[{"embeddable":true,"href":"https:\/\/www.startlap.hu\/vasarlas\/wp-json\/wp\/v2\/media\/2280178"}],"wp:attachment":[{"href":"https:\/\/www.startlap.hu\/vasarlas\/wp-json\/wp\/v2\/media?parent=2280175"}],"wp:term":[{"taxonomy":"category","embeddable":true,"href":"https:\/\/www.startlap.hu\/vasarlas\/wp-json\/wp\/v2\/categories?post=2280175"},{"taxonomy":"post_tag","embeddable":true,"href":"https:\/\/www.startlap.hu\/vasarlas\/wp-json\/wp\/v2\/tags?post=2280175"}],"curies":[{"name":"wp","href":"https:\/\/api.w.org\/{rel}","templated":true}]}}