{"id":2280163,"date":"2026-04-27T05:33:39","date_gmt":"2026-04-27T03:33:39","guid":{"rendered":"https:\/\/www.startlap.hu\/vasarlas\/?p=2280163"},"modified":"2026-04-26T23:47:30","modified_gmt":"2026-04-26T21:47:30","slug":"majus-1-boltok-nyitvatartas-2026","status":"publish","type":"post","link":"https:\/\/www.startlap.hu\/vasarlas\/majus-1-boltok-nyitvatartas-2026\/","title":{"rendered":"Boltz\u00e1r j\u00f6n: v\u00e1ltozik a Lidl, az Aldi, a Penny \u00e9s a t\u00f6bbi \u00fczletl\u00e1nc nyitvatart\u00e1sa a m\u00e1jus 1-jei hossz\u00fa h\u00e9tv\u00e9g\u00e9n"},"content":{"rendered":"<p>H\u00e1romnapos hossz\u00fa h\u00e9tv\u00e9g\u00e9vel indul a k\u00f6vetkez\u0151 h\u00f3nap, miut\u00e1n <a href=\"https:\/\/wiki.startlap.hu\/mikor-van-munka-unnepe-majus-elseje-2026\/\" target=\"_blank\" rel=\"noopener\">m\u00e1jus 1-je, a munka \u00fcnnepe<\/a> 2026-ban p\u00e9ntekre esik. Mivel ez munkasz\u00fcneti nap, a boltok jellemz\u0151en z\u00e1rva tartanak. Aki teh\u00e1t a h\u00e9tv\u00e9gi grillez\u00e9shez, a csal\u00e1di eb\u00e9dhez vagy az <a href=\"https:\/\/wiki.startlap.hu\/anyak-napja-2026\/\" target=\"_blank\" rel=\"noopener\">any\u00e1k napi<\/a> vend\u00e9gs\u00e9ghez v\u00e1s\u00e1rolna be, annak \u00e9rdemes el\u0151re terveznie.<\/p>\n<div class=\"o-widget m-readMoreWidget -readMore u-shortDecorLineAfter row widget-container _ce_measure_widget bigdata-widget read-more\" data-ce-measure-widget=\"olvass tov\u00e1bb\">\n\t<div class=\"m-readMoreWidget__imgWrapper image-wrapper col-12 col-md-4 no-p\">\n\t\t<a class=\"m-readMoreWidget__imgLink\" href=\"https:\/\/www.startlap.hu\/vasarlas\/arany-hulladek-kinyeres-elektronika-elelmiszeripar-tejsavo\/\" >\n\t\t\t<img decoding=\"async\" src=\"https:\/\/www.startlap.hu\/vasarlas\/uploads\/2025\/05\/arany-350x285.jpg\" class=\"m-readMoreWidget__img\">\n\t\t<\/a>\n\t<\/div>\n\t<div class=\"m-readMoreWidget__titleWrapper title-wrapper col-12 col-md-8\">\n\t\t<span class=\"m-readMoreWidget__titleLabel u-shortDecorLineBefore label hidden-sm-up\">Ez is \u00e9rdekelhet:<\/span>\n\t\t<h3 class=\"m-readMoreWidget__title title\">\n\t\t\t<a class=\"m-readMoreWidget__titleLink -secondFont u-bold u-upperCase\" href=\"https:\/\/www.startlap.hu\/vasarlas\/arany-hulladek-kinyeres-elektronika-elelmiszeripar-tejsavo\/\" >Mindenki kidobja lomtalan\u00edt\u00e1skor, pedig 22 kar\u00e1tos aranyat tartalmaz &#8211; sv\u00e1jci kutat\u00f3k figyelmeztetnek a hib\u00e1ra<\/a>\n\t\t<\/h3>\n\t\t<a class=\"m-readMoreWidget__btn -coloredBack u-tC link\" href=\"https:\/\/www.startlap.hu\/vasarlas\/arany-hulladek-kinyeres-elektronika-elelmiszeripar-tejsavo\/\" >Elolvasom<\/a>\n\t<\/div>\n<\/div>\n<h2>Mikor lesz az els\u0151 m\u00e1jusi hossz\u00fa h\u00e9tv\u00e9ge 2026-ban?<\/h2>\n<p>2026 m\u00e1jus\u00e1ban k\u00e9t h\u00e1romnapos hossz\u00fa h\u00e9tv\u00e9ge is lesz: az els\u0151 m\u00e1jus 1-j\u00e9hez, a m\u00e1sodik <a href=\"https:\/\/wiki.startlap.hu\/mikor-van-punkosd-2026\/\" target=\"_blank\" rel=\"noopener\">p\u00fcnk\u00f6sdh\u00f6z<\/a> kapcsol\u00f3dik. Az els\u0151 hossz\u00fa h\u00e9tv\u00e9ge \u00edgy alakul:<\/p>\n<ul>\n<li><strong>m\u00e1jus 1., p\u00e9ntek<\/strong>: a munka \u00fcnnepe, munkasz\u00fcneti nap<\/li>\n<li><strong>m\u00e1jus 2., szombat<\/strong>: h\u00e9tv\u00e9gi pihen\u0151nap<\/li>\n<li><strong>m\u00e1jus 3., vas\u00e1rnap<\/strong>: h\u00e9tv\u00e9gi pihen\u0151nap, any\u00e1k napja<\/li>\n<\/ul>\n<p>Az \u00e9lelmiszerl\u00e1ncokn\u00e1l a legfontosabb v\u00e1ltoz\u00e1s, hogy m\u00e1jus 1-j\u00e9n, p\u00e9nteken z\u00e1rva lesznek az \u00fczletek, m\u00e1jus 2-\u00e1n \u00e9s 3-\u00e1n viszont jellemz\u0151en a megszokott h\u00e9tv\u00e9gi nyitvatart\u00e1s szerint lehet v\u00e1s\u00e1rolni.<\/p>\n<h2>Aldi nyitvatart\u00e1s a m\u00e1jus 1-jei hossz\u00fa h\u00e9tv\u00e9g\u00e9n<\/h2>\n<p>Az <strong><a href=\"https:\/\/www.startlap.hu\/vasarlas\/aldi-akcio-konyhai-csaptelep\/\" target=\"_blank\" rel=\"noopener\">Aldi<\/a><\/strong> \u00fczletei az al\u00e1bbi rend szerint v\u00e1rj\u00e1k a v\u00e1s\u00e1rl\u00f3kat:<\/p>\n<ul>\n<li>m\u00e1jus 1. p\u00e9ntek: z\u00e1rva<\/li>\n<li>m\u00e1jus 2. szombat: megszokott szombati nyitvatart\u00e1s<\/li>\n<li>m\u00e1jus 3. vas\u00e1rnap: megszokott vas\u00e1rnapi nyitvatart\u00e1s<\/li>\n<\/ul>\n<h2>Lidl nyitvatart\u00e1s a m\u00e1jus 1-jei hossz\u00fa h\u00e9tv\u00e9g\u00e9n<\/h2>\n<p>A <a href=\"https:\/\/www.startlap.hu\/vasarlas\/lidl-steffi-graf-kampany-sportmarka-crivit\/\" target=\"_blank\" rel=\"noopener\"><strong>Lidl<\/strong><\/a> \u00fczletein\u00e9l erre lehet sz\u00e1m\u00edtani:<\/p>\n<ul>\n<li>m\u00e1jus 1. p\u00e9ntek: z\u00e1rva<\/li>\n<li>m\u00e1jus 2. szombat: norm\u00e1l szombati nyitvatart\u00e1s<\/li>\n<li>m\u00e1jus 3. vas\u00e1rnap: norm\u00e1l vas\u00e1rnapi nyitvatart\u00e1s<\/li>\n<\/ul>\n<h2>Penny nyitvatart\u00e1s a m\u00e1jus 1-jei hossz\u00fa h\u00e9tv\u00e9g\u00e9n<\/h2>\n<p>A <strong><a href=\"https:\/\/akcios-ujsag.hu\/akcios-ujsag\/elelmiszer-aruhaz\/penny-market\/\" target=\"_blank\" target=\"_blank\" rel=\"noopener\">Penny<\/a><\/strong> nyitvatart\u00e1sa a hossz\u00fa h\u00e9tv\u00e9g\u00e9n:<\/p>\n<ul>\n<li>m\u00e1jus 1. p\u00e9ntek: z\u00e1rva<\/li>\n<li>m\u00e1jus 2. szombat: megszokott szombati nyitvatart\u00e1s<\/li>\n<li>m\u00e1jus 3. vas\u00e1rnap: megszokott vas\u00e1rnapi nyitvatart\u00e1s<\/li>\n<\/ul>\n<h2>Spar \u00e9s Interspar nyitvatart\u00e1s a m\u00e1jus 1-jei hossz\u00fa h\u00e9tv\u00e9g\u00e9n<\/h2>\n<p>A <strong><a href=\"https:\/\/akcios-ujsag.hu\/akcios-ujsag\/elelmiszer-aruhaz\/spar-interspar\/\" target=\"_blank\" target=\"_blank\" rel=\"noopener\">Spar \u00e9s Interspar<\/a><\/strong> \u00fczletein\u00e9l az \u00e1ltal\u00e1nos rend:<\/p>\n<ul>\n<li>m\u00e1jus 1. p\u00e9ntek: z\u00e1rva<\/li>\n<li>m\u00e1jus 2. szombat: megszokott szombati nyitvatart\u00e1s<\/li>\n<li>m\u00e1jus 3. vas\u00e1rnap: megszokott vas\u00e1rnapi nyitvatart\u00e1s<\/li>\n<\/ul>\n<p>Fontos: a benzinkutakon tal\u00e1lhat\u00f3 OMV Spar Express \u00e9s a DESPAR non-stop nyitvatart\u00f3 \u00fczletek, egyes SPAR-partner \u00e9s SPAR-market \u00e1ruh\u00e1zak a munkasz\u00fcneti napon is nyitva lesznek.<\/p>\n<h2>Tesco nyitvatart\u00e1s a m\u00e1jus 1-jei hossz\u00fa h\u00e9tv\u00e9g\u00e9n<\/h2>\n<p>A <strong><a href=\"https:\/\/akcios-ujsag.hu\/akcios-ujsag\/elelmiszer-aruhaz\/tesco\/\" target=\"_blank\" target=\"_blank\" rel=\"noopener\">Tesco-<\/a><\/strong>\u00fczletekn\u00e9l erre lehet sz\u00e1m\u00edtani:<\/p>\n<ul>\n<li>m\u00e1jus 1. p\u00e9ntek: z\u00e1rva<\/li>\n<li>m\u00e1jus 2. szombat: megszokott szombati nyitvatart\u00e1s<\/li>\n<li>m\u00e1jus 3. vas\u00e1rnap: megszokott vas\u00e1rnapi nyitvatart\u00e1s<\/li>\n<\/ul>\n<h2>Auchan nyitvatart\u00e1s a m\u00e1jus 1-jei hossz\u00fa h\u00e9tv\u00e9g\u00e9n<\/h2>\n<p>Az <strong><a href=\"https:\/\/akcios-ujsag.hu\/akcios-ujsag\/elelmiszer-aruhaz\/auchan\/\" target=\"_blank\" target=\"_blank\" rel=\"noopener\">Auchan<\/a><\/strong> eset\u00e9ben is c\u00e9lszer\u0171 el\u0151re ellen\u0151rizni a konkr\u00e9t \u00e1ruh\u00e1z nyitvatart\u00e1s\u00e1t, mert a hipermarketek, szupermarketek, benzinkutak, shopok \u00e9s online szolg\u00e1ltat\u00e1sok rendje elt\u00e9rhet.<\/p>\n<p>Jellemz\u0151en:<\/p>\n<ul>\n<li>m\u00e1jus 1. p\u00e9ntek: z\u00e1rva<\/li>\n<li>m\u00e1jus 2. szombat: megszokott szombati nyitvatart\u00e1s<\/li>\n<li>m\u00e1jus 3. vas\u00e1rnap: megszokott vas\u00e1rnapi nyitvatart\u00e1s<\/li>\n<\/ul>\n<h2>CBA nyitvatart\u00e1s a m\u00e1jus 1-jei hossz\u00fa h\u00e9tv\u00e9g\u00e9n<\/h2>\n<p>A <strong><a href=\"https:\/\/akcios-ujsag.hu\/akcios-ujsag\/elelmiszer-aruhaz\/cba\/\" target=\"_blank\" target=\"_blank\" rel=\"noopener\">CBA<\/a><\/strong>-\u00fczletekn\u00e9l \u00e1ltal\u00e1nosan erre lehet sz\u00e1m\u00edtani:<\/p>\n<ul>\n<li>m\u00e1jus 1. p\u00e9ntek: jellemz\u0151en z\u00e1rva<\/li>\n<li>m\u00e1jus 2. szombat: megszokott szombati nyitvatart\u00e1s<\/li>\n<li>m\u00e1jus 3. vas\u00e1rnap: megszokott vas\u00e1rnapi nyitvatart\u00e1s, ahol az adott \u00fczlet vas\u00e1rnap is nyitva tart<\/li>\n<\/ul>\n<p>A CBA eset\u00e9ben k\u00fcl\u00f6n\u00f6sen fontos az \u00fczletszint\u0171 ellen\u0151rz\u00e9s: egyes boltok, Pr\u00edma-egys\u00e9gek \u00e9s kisebb franchise-\u00fczletek nyitvatart\u00e1sa nem mindenhol egys\u00e9ges.<\/p>\n<h2>Coop nyitvatart\u00e1s a m\u00e1jus 1-jei hossz\u00fa h\u00e9tv\u00e9g\u00e9n<\/h2>\n<p>A <strong><a href=\"https:\/\/akcios-ujsag.hu\/akcios-ujsag\/elelmiszer-aruhaz\/coop\/\" target=\"_blank\" target=\"_blank\" rel=\"noopener\">Coop<\/a><\/strong>-\u00fczletekn\u00e9l \u00e1ltal\u00e1nosan ez v\u00e1rhat\u00f3:<\/p>\n<ul>\n<li>m\u00e1jus 1. p\u00e9ntek: jellemz\u0151en z\u00e1rva<\/li>\n<li>m\u00e1jus 2. szombat: megszokott szombati nyitvatart\u00e1s<\/li>\n<li>m\u00e1jus 3. vas\u00e1rnap: megszokott vas\u00e1rnapi nyitvatart\u00e1s, ahol az adott \u00fczlet vas\u00e1rnap nyitva tart<\/li>\n<\/ul>\n<p>Mivel a Coop-boltok helyi \u00fczemeltet\u00e9s\u0171ek lehetnek, indul\u00e1s el\u0151tt \u00e9rdemes r\u00e1n\u00e9zni az adott \u00fczlet saj\u00e1t oldal\u00e1ra.<\/p>\n<h2>Mikor \u00e9rdemes bev\u00e1s\u00e1rolni a hossz\u00fa h\u00e9tv\u00e9g\u00e9re?<\/h2>\n<p>A legnagyobb rohamra v\u00e1rhat\u00f3an k\u00e9t id\u0151pontban lehet sz\u00e1m\u00edtani:<\/p>\n<ul>\n<li>\u00e1prilis 30-\u00e1n, cs\u00fct\u00f6rt\u00f6k\u00f6n, vagyis a m\u00e1jus 1-jei z\u00e1rva tart\u00e1s el\u0151tti napon;<\/li>\n<li>m\u00e1jus 2-\u00e1n, szombaton, amikor sokan p\u00f3tolhatj\u00e1k az elmaradt bev\u00e1s\u00e1rl\u00e1st.<\/li>\n<\/ul>\n<p>Aki grillez\u00e9st, csal\u00e1di eb\u00e9det vagy any\u00e1k napi vend\u00e9gs\u00e9get tervez, annak \u00e9rdemes el\u0151re \u00f6ssze\u00edrnia a list\u00e1t. A friss h\u00fasok, p\u00e9k\u00e1ruk, vir\u00e1gok, <a href=\"https:\/\/www.startlap.hu\/vasarlas\/anyak-napja-ajandek-gasztronomia\/\" target=\"_blank\" rel=\"noopener\">\u00e9dess\u00e9gek<\/a> \u00e9s aj\u00e1nd\u00e9knak sz\u00e1nt term\u00e9kek ir\u00e1nt ilyenkor nagyobb lehet a kereslet.<\/p>\n<figure id=\"attachment_2280169\" aria-describedby=\"caption-attachment-2280169\" style=\"width: 755px\" class=\"wp-caption alignnone\"><a href=\"https:\/\/www.startlap.hu\/vasarlas\/uploads\/2026\/04\/bevasarlokocsik-scaled.jpg\"><img loading=\"lazy\" decoding=\"async\" class=\"size-article-size-large-image wp-image-2280169\" src=\"https:\/\/www.startlap.hu\/vasarlas\/uploads\/2026\/04\/bevasarlokocsik-755x503.jpg\" alt=\"Kerekes bev\u00e1s\u00e1rl\u00f3kocsik \u00e9s sz\u00ednes bev\u00e1s\u00e1rl\u00f3k\u00f6zpont kirakatai.\" width=\"755\" height=\"503\" srcset=\"https:\/\/www.startlap.hu\/vasarlas\/uploads\/2026\/04\/bevasarlokocsik-755x503.jpg 755w, https:\/\/www.startlap.hu\/vasarlas\/uploads\/2026\/04\/bevasarlokocsik-1536x1024.jpg 1536w, https:\/\/www.startlap.hu\/vasarlas\/uploads\/2026\/04\/bevasarlokocsik-2048x1365.jpg 2048w, https:\/\/www.startlap.hu\/vasarlas\/uploads\/2026\/04\/bevasarlokocsik-525x350.jpg 525w\" sizes=\"auto, (max-width: 755px) 100vw, 755px\" \/><\/a><figcaption id=\"caption-attachment-2280169\" class=\"wp-caption-text\">Boltz\u00e1rral indul a h\u00e1romnapos hossz\u00fa h\u00e9tv\u00e9ge m\u00e1jusban. Fot\u00f3: Getty Images<\/figcaption><\/figure>\n<h2>Hol lehet v\u00e1s\u00e1rolni m\u00e1jus 1-j\u00e9n?<\/h2>\n<p>B\u00e1r a nagy \u00e9lelmiszerl\u00e1ncok t\u00f6bbs\u00e9ge z\u00e1rva lesz, n\u00e9h\u00e1ny helyen m\u00e1jus 1-j\u00e9n is lehet v\u00e1s\u00e1rolni. Ilyenek lehetnek:<\/p>\n<ul>\n<li>benzinkutak shopjai,<\/li>\n<li>egyes benzink\u00faton m\u0171k\u00f6d\u0151 boltok,<\/li>\n<li>non-stop kisboltok,<\/li>\n<li>saj\u00e1t tulajdonos \u00e1ltal m\u0171k\u00f6dtetett kisebb \u00fczletek,<\/li>\n<li>vir\u00e1gboltok,<\/li>\n<li>\u00e9dess\u00e9gboltok,<\/li>\n<li>p\u00e1lyaudvarokon, rep\u00fcl\u0151t\u00e9ren m\u0171k\u00f6d\u0151 \u00fczletek,<\/li>\n<li>\u00fcgyeletes gy\u00f3gyszert\u00e1rak.<\/li>\n<\/ul>\n<p>Ezekn\u00e9l azonban gyakran sz\u0171kebb a k\u00edn\u00e1lat, \u00e9s az \u00e1rak is magasabbak lehetnek, ez\u00e9rt a nagybev\u00e1s\u00e1rl\u00e1st jobb nem m\u00e1jus 1-j\u00e9re id\u0151z\u00edteni.<\/p>\n<h2>Any\u00e1k napja is a hossz\u00fa h\u00e9tv\u00e9g\u00e9re esik<\/h2>\n<p>A m\u00e1jus 1-jei hossz\u00fa h\u00e9tv\u00e9ge egybeesik az any\u00e1k napi k\u00e9sz\u00fcl\u0151d\u00e9ssel is: 2026-ban m\u00e1jus 3-\u00e1n, vas\u00e1rnap \u00fcnnepelj\u00fck any\u00e1k napj\u00e1t. Ez\u00e9rt nemcsak az alap\u00e9lelmiszerekre, hanem a vir\u00e1gra, \u00e9dess\u00e9gre, k\u00e1v\u00e9ra, <strong><a href=\"https:\/\/www.startlap.hu\/vasarlas\/anyak-napja-ajandek-szepsegapolas\/\" target=\"_blank\" rel=\"noopener\">sz\u00e9ps\u00e9g\u00e1pol\u00e1si term\u00e9kekre<\/a><\/strong> vagy m\u00e1s kisebb aj\u00e1nd\u00e9kokra is \u00e9rdemes id\u0151ben gondolni.<\/p>\n<p>A Startlap V\u00e1s\u00e1rl\u00e1s rovat\u00e1n m\u00e1r aj\u00e1nlottunk <strong><a href=\"https:\/\/www.startlap.hu\/vasarlas\/anyak-napja-ajandek-borapolas\/\" target=\"_blank\" rel=\"noopener\">any\u00e1k napi aj\u00e1nd\u00e9ktippeket<\/a><\/strong> azoknak, akik praktikus, sz\u00e9p vagy p\u00e9nzt\u00e1rcabar\u00e1t meglepet\u00e9st keresnek. Aki pedig ink\u00e1bb k\u00f6z\u00f6s \u00e9lm\u00e9nyt adna aj\u00e1nd\u00e9kba, annak a Startlap Utaz\u00e1s rovat <strong><a href=\"https:\/\/www.startlap.hu\/utazas\/konnyu-tanosveny-tura-magyarorszag\/\" target=\"_blank\" rel=\"noopener\">hossz\u00fa h\u00e9tv\u00e9g\u00e9re aj\u00e1nlott programjai<\/a><\/strong> k\u00f6z\u00f6tt is \u00e9rdemes k\u00f6r\u00fcln\u00e9znie.<\/p>\n<div class=\"o-widget m-readMoreWidget -readMore u-shortDecorLineAfter row widget-container _ce_measure_widget bigdata-widget read-more\" data-ce-measure-widget=\"olvass tov\u00e1bb\">\n\t<div class=\"m-readMoreWidget__imgWrapper image-wrapper col-12 col-md-4 no-p\">\n\t\t<a class=\"m-readMoreWidget__imgLink\" href=\"https:\/\/www.startlap.hu\/vasarlas\/lotto-fonyeremeny-felfuggesztes\/\" >\n\t\t\t<img decoding=\"async\" src=\"https:\/\/www.startlap.hu\/vasarlas\/uploads\/2026\/03\/lottonyeremeny-350x285.jpg\" class=\"m-readMoreWidget__img\">\n\t\t<\/a>\n\t<\/div>\n\t<div class=\"m-readMoreWidget__titleWrapper title-wrapper col-12 col-md-8\">\n\t\t<span class=\"m-readMoreWidget__titleLabel u-shortDecorLineBefore label hidden-sm-up\">Ez is \u00e9rdekelhet:<\/span>\n\t\t<h3 class=\"m-readMoreWidget__title title\">\n\t\t\t<a class=\"m-readMoreWidget__titleLink -secondFont u-bold u-upperCase\" href=\"https:\/\/www.startlap.hu\/vasarlas\/lotto-fonyeremeny-felfuggesztes\/\" >28 milli\u00e1rdot nyert a lott\u00f3n a nyugd\u00edjas, egy h\u00e9ttel k\u00e9s\u0151bb elvesztette a nyerem\u00e9ny\u00e9t<\/a>\n\t\t<\/h3>\n\t\t<a class=\"m-readMoreWidget__btn -coloredBack u-tC link\" href=\"https:\/\/www.startlap.hu\/vasarlas\/lotto-fonyeremeny-felfuggesztes\/\" >Elolvasom<\/a>\n\t<\/div>\n<\/div>\n","protected":false},"excerpt":{"rendered":"<p>M\u00e1jus els\u0151 h\u00e9tv\u00e9g\u00e9j\u00e9n nemcsak a hosszabb pihen\u0151id\u0151, hanem az any\u00e1k napi k\u00e9sz\u00fcl\u0151d\u00e9s miatt is \u00e9rdemes el\u0151re tervezni. Ez\u00e9rt \u00f6sszegy\u0171jt\u00f6tt\u00fck, hogyan v\u00e1ltozik a nagyobb hazai \u00fczletl\u00e1ncok &#8211; \u00edgy az Aldi, a Lidl, a Tesco, a Spar, a Penny, \u00e9s az Auchan &#8211; nyitvatart\u00e1si rendje.<\/p>\n","protected":false},"author":45,"featured_media":2280169,"comment_status":"closed","ping_status":"closed","sticky":false,"template":"","format":"standard","meta":{"footnotes":""},"categories":[8180],"tags":[850,3622,13338,280,14197,1073,12],"class_list":["post-2280163","post","type-post","status-publish","format-standard","has-post-thumbnail","hentry","category-trending","tag-aldi","tag-anyak-napja","tag-boltok-nyitvatartasa","tag-lidl","tag-penny","tag-spar","tag-tesco"],"aioseo_notices":[],"_links":{"self":[{"href":"https:\/\/www.startlap.hu\/vasarlas\/wp-json\/wp\/v2\/posts\/2280163","targetHints":{"allow":["GET"]}}],"collection":[{"href":"https:\/\/www.startlap.hu\/vasarlas\/wp-json\/wp\/v2\/posts"}],"about":[{"href":"https:\/\/www.startlap.hu\/vasarlas\/wp-json\/wp\/v2\/types\/post"}],"author":[{"embeddable":true,"href":"https:\/\/www.startlap.hu\/vasarlas\/wp-json\/wp\/v2\/users\/45"}],"replies":[{"embeddable":true,"href":"https:\/\/www.startlap.hu\/vasarlas\/wp-json\/wp\/v2\/comments?post=2280163"}],"version-history":[{"count":6,"href":"https:\/\/www.startlap.hu\/vasarlas\/wp-json\/wp\/v2\/posts\/2280163\/revisions"}],"predecessor-version":[{"id":2280170,"href":"https:\/\/www.startlap.hu\/vasarlas\/wp-json\/wp\/v2\/posts\/2280163\/revisions\/2280170"}],"wp:featuredmedia":[{"embeddable":true,"href":"https:\/\/www.startlap.hu\/vasarlas\/wp-json\/wp\/v2\/media\/2280169"}],"wp:attachment":[{"href":"https:\/\/www.startlap.hu\/vasarlas\/wp-json\/wp\/v2\/media?parent=2280163"}],"wp:term":[{"taxonomy":"category","embeddable":true,"href":"https:\/\/www.startlap.hu\/vasarlas\/wp-json\/wp\/v2\/categories?post=2280163"},{"taxonomy":"post_tag","embeddable":true,"href":"https:\/\/www.startlap.hu\/vasarlas\/wp-json\/wp\/v2\/tags?post=2280163"}],"curies":[{"name":"wp","href":"https:\/\/api.w.org\/{rel}","templated":true}]}}