{"id":2280151,"date":"2026-04-26T15:24:32","date_gmt":"2026-04-26T13:24:32","guid":{"rendered":"https:\/\/www.startlap.hu\/vasarlas\/?p=2280151"},"modified":"2026-04-26T15:24:32","modified_gmt":"2026-04-26T13:24:32","slug":"aldi-akcio-konyhai-csaptelep","status":"publish","type":"post","link":"https:\/\/www.startlap.hu\/vasarlas\/aldi-akcio-konyhai-csaptelep\/","title":{"rendered":"Egy h\u00e9t m\u00falva indul a roham az Aldiba: t\u00edzezreket sp\u00f3rolhatsz ezzel a konyhai kieg\u00e9sz\u00edt\u0151vel"},"content":{"rendered":"<p>A h\u00e1ztart\u00e1si kiad\u00e1sok k\u00f6z\u00f6tt sok olyan t\u00e9tel van, amely els\u0151re jelent\u00e9ktelennek t\u0171nik, hossz\u00fa t\u00e1von m\u00e9gis komoly \u00f6sszegeket em\u00e9szt fel. A mindennapi rutin sor\u00e1n, legyen sz\u00f3 f\u0151z\u00e9sr\u0151l, mosogat\u00e1sr\u00f3l vagy tiszt\u00e1lkod\u00e1sr\u00f3l, rengeteg er\u0151forr\u00e1st haszn\u00e1lunk fel an\u00e9lk\u00fcl, hogy igaz\u00e1n tudatos\u00edtan\u00e1nk, hogy ez mind p\u00e9nzbe ker\u00fcl.<\/p>\n<figure id=\"attachment_2280154\" aria-describedby=\"caption-attachment-2280154\" style=\"width: 755px\" class=\"wp-caption alignnone\"><img loading=\"lazy\" decoding=\"async\" class=\"size-article-size-large-image wp-image-2280154\" src=\"https:\/\/www.startlap.hu\/vasarlas\/uploads\/2026\/04\/aldi-akcio-755x503.jpg\" alt=\"V\u00e1s\u00e1rl\u00f3k igyekeznek a boltba az Aldi bej\u00e1rat\u00e1n\u00e1l\" width=\"755\" height=\"503\" srcset=\"https:\/\/www.startlap.hu\/vasarlas\/uploads\/2026\/04\/aldi-akcio-755x503.jpg 755w, https:\/\/www.startlap.hu\/vasarlas\/uploads\/2026\/04\/aldi-akcio-525x350.jpg 525w, https:\/\/www.startlap.hu\/vasarlas\/uploads\/2026\/04\/aldi-akcio.jpg 1280w\" sizes=\"auto, (max-width: 755px) 100vw, 755px\" \/><figcaption id=\"caption-attachment-2280154\" class=\"wp-caption-text\">T\u00f6bb hasznos konyhai eszk\u00f6zzel rukkol el\u0151 az Aldi m\u00e1jusban. (Fot\u00f3: Getty Images)<\/figcaption><\/figure>\n<div class=\"o-widget m-readMoreWidget -readMore u-shortDecorLineAfter row widget-container _ce_measure_widget bigdata-widget read-more\" data-ce-measure-widget=\"olvass tov\u00e1bb\">\n\t<div class=\"m-readMoreWidget__imgWrapper image-wrapper col-12 col-md-4 no-p\">\n\t\t<a class=\"m-readMoreWidget__imgLink\" href=\"https:\/\/www.startlap.hu\/vasarlas\/indukcios-fozolap-aram-fogyasztas-legnagyobb-konyha\/\" >\n\t\t\t<img decoding=\"async\" src=\"https:\/\/www.startlap.hu\/vasarlas\/uploads\/2026\/04\/idos-no-blokk-350x285.jpg\" class=\"m-readMoreWidget__img\">\n\t\t<\/a>\n\t<\/div>\n\t<div class=\"m-readMoreWidget__titleWrapper title-wrapper col-12 col-md-8\">\n\t\t<span class=\"m-readMoreWidget__titleLabel u-shortDecorLineBefore label hidden-sm-up\">Ez is \u00e9rdekelhet:<\/span>\n\t\t<h3 class=\"m-readMoreWidget__title title\">\n\t\t\t<a class=\"m-readMoreWidget__titleLink -secondFont u-bold u-upperCase\" href=\"https:\/\/www.startlap.hu\/vasarlas\/indukcios-fozolap-aram-fogyasztas-legnagyobb-konyha\/\" >Nem a h\u0171t\u0151szekr\u00e9ny, nem is a s\u00fct\u0151: a legt\u00f6bb \u00e1ramot ez a konyhai eszk\u00f6z fogyasztja<\/a>\n\t\t<\/h3>\n\t\t<a class=\"m-readMoreWidget__btn -coloredBack u-tC link\" href=\"https:\/\/www.startlap.hu\/vasarlas\/indukcios-fozolap-aram-fogyasztas-legnagyobb-konyha\/\" >Elolvasom<\/a>\n\t<\/div>\n<\/div>\n<p>Szerencs\u00e9re l\u00e9teznek olyan egyszer\u0171 megold\u00e1sok, amelyekkel \u00fagy lehet visszafogni a fogyaszt\u00e1st, hogy k\u00f6zben nem kell kompromisszumot k\u00f6tni a k\u00e9nyelem ter\u00e9n. Egy ilyen praktikus <strong><a href=\"https:\/\/www.startlap.hu\/vasarlas\/konyha-etelek-veszelyes-anyag\/\" target=\"_blank\" rel=\"noopener\">konyhai eszk\u00f6z<\/a><\/strong> jelenik meg m\u00e1jus 4-t\u0151l az <strong><a href=\"https:\/\/www.startlap.hu\/vasarlas\/lidl-aldi-penny-aprilis-1-facebook\/\" target=\"_blank\" rel=\"noopener\">Aldi<\/a><\/strong> k\u00edn\u00e1lat\u00e1ban: <strong>egy v\u00edztakar\u00e9kos konyhai csaptelep, amelynek seg\u00edts\u00e9g\u00e9vel \u00e9szrev\u00e9tlen\u00fcl sp\u00f3rolhatunk<\/strong> jelent\u0151s \u00f6sszeget.<\/p>\n<h2>Mire j\u00f3 egy v\u00edztakar\u00e9kos csaptelep?<\/h2>\n<p>A v\u00edztakar\u00e9kos csaptelepek egyik legfontosabb tulajdons\u00e1ga, hogy<\/p>\n<blockquote class=\"article__extraTxt\"><p>leveg\u0151vel d\u00fas\u00edtj\u00e1k a v\u00edzsugarat (\u00fan. perl\u00e1tor seg\u00edts\u00e9g\u00e9vel), \u00edgy kisebb v\u00edzmennyis\u00e9ggel is ugyanolyan er\u0151snek \u00e9rezz\u00fck a v\u00edznyom\u00e1st.<\/p><\/blockquote>\n<p>Ez azt jelenti, hogy <strong>kevesebb v\u00edz folyik ki, mik\u00f6zben a haszn\u00e1lat \u00e9lm\u00e9nye nem v\u00e1ltozik<\/strong> jelent\u0151sen.<\/p>\n<p>A gyakorlatban ez \u00fagy m\u0171k\u00f6dik, hogy a kifoly\u00f3 v\u00e9g\u00e9n tal\u00e1lhat\u00f3 sz\u0171k\u00edt\u0151 \u00e9s leveg\u0151ztet\u0151 elem keveri a vizet \u00e9s a leveg\u0151t. Ett\u0151l a v\u00edzsug\u00e1r teltebbnek t\u0171nik, kev\u00e9sb\u00e9 fr\u00f6csk\u00f6l, \u00e9s hat\u00e9konyabban lehet vele \u00f6bl\u00edteni vagy mosogatni \u2013 teh\u00e1t kevesebb v\u00edzzel is elv\u00e9gezhet\u0151 ugyanaz a feladat.<\/p>\n<p>Emellett <strong>sok modell szab\u00e1lyozott v\u00edz\u00e1tfoly\u00e1ssal m\u0171k\u00f6dik<\/strong>. Ez azt jelenti, hogy a csaptelep egyszer\u0171en <strong>nem engedi \u00e1t a maxim\u00e1lis v\u00edzmennyis\u00e9get, \u00edgy percenk\u00e9nt ak\u00e1r 30\u201350%-kal kevesebb v\u00edz fogyhat<\/strong>. Ez k\u00fcl\u00f6n\u00f6sen akkor sz\u00e1m\u00edt, amikor hosszabb ideig folyik a csap, p\u00e9ld\u00e1ul mosogat\u00e1sn\u00e1l, ed\u00e9ny\u00f6bl\u00edt\u00e9sn\u00e9l vagy ak\u00e1r a f\u00fcrd\u0151szobai haszn\u00e1lat sor\u00e1n.<\/p>\n<h2>Mennyit sp\u00f3rolhatunk egy v\u00edztakar\u00e9kos csapteleppel?<\/h2>\n<p>A megtakar\u00edt\u00e1s els\u0151re nem t\u0171nik jelent\u0151snek, de ha az eg\u00e9sz lak\u00e1sban lecser\u00e9lj\u00fck a csaptelepeket, el\u00e9g meggy\u0151z\u0151 sz\u00e1mokat kapunk. A konyhai \u00e9s f\u00fcrd\u0151szobai haszn\u00e1lat egy\u00fctt egy \u00e1tlagos h\u00e1ztart\u00e1sban napi 15\u201320 perc csaphaszn\u00e1latot is jelenthet. Ennek alapj\u00e1n n\u00e9zz\u00fcnk egy egyszer\u0171 sz\u00e1m\u00edt\u00e1st a hagyom\u00e1nyos \u00e9s a v\u00edztakar\u00e9kos csaptelepek fogyaszt\u00e1s\u00e1r\u00f3l.<\/p>\n<h3>Hagyom\u00e1nyos csaptelepek:<\/h3>\n<ul>\n<li>kb.<strong> 12\u201315 liter\/perc<\/strong> \u00e1tfoly\u00f3 v\u00edzmennyis\u00e9g<\/li>\n<li>15 liter \u00d7 20 perc = <strong>300 liter\/nap<\/strong> v\u00edzmennyis\u00e9g<\/li>\n<li>ami <strong>havi szinten<\/strong> 30 x 300, vagyis <strong>kb. 9000 liter (9 m\u00b3) vizet jelent<\/strong>.<\/li>\n<\/ul>\n<h3>V\u00edztakar\u00e9kos csaptelepek:<\/h3>\n<p>kb.<strong> 6\u20138 liter\/perc<\/strong> \u00e1tfoly\u00f3 v\u00edzmennyis\u00e9g<br \/>\n7 liter \u00d7 20 perc = <strong>140 liter\/nap<\/strong> v\u00edzmennyis\u00e9g<br \/>\nami <strong>havi szinten<\/strong> 140 x 30, vagyis kb. <strong>4200 liter (4,2 m\u00b3) vizet jelent<\/strong>.<\/p>\n<p>A<strong> k\u00fcl\u00f6nbs\u00e9g teh\u00e1t k\u00f6r\u00fclbel\u00fcl 4,8 m\u00b3 havonta<\/strong>.&nbsp;<\/p>\n<blockquote class=\"article__extraTxt\"><p>A magyar \u00e1tlagd\u00edjjal sz\u00e1molva (kb. 800 Ft\/m\u00b3 v\u00edz- \u00e9s csatornad\u00edj) ez azt jelenti, hogy \u00f6sszesen 4,8 \u00d7 800 forintot, vagyis havi t\u00f6bb mint 3840 forintot takar\u00edthatunk meg.<\/p><\/blockquote>\n<p>Ez <strong>\u00e9ves szinten ak\u00e1r 45 ezer forint k\u00f6r\u00fcli \u00f6sszeg is lehet<\/strong>. A pontos \u00e9rt\u00e9k term\u00e9szetesen f\u00fcgg a h\u00e1ztart\u00e1s m\u00e9ret\u00e9t\u0151l \u00e9s a haszn\u00e1lati szok\u00e1sokt\u00f3l, de a nagys\u00e1grend j\u00f3l mutatja, mit is jelenthet a val\u00f3s\u00e1gban a csere.<\/p>\n<h2>Mit tud az Aldi csaptelepe?<\/h2>\n<p>Az akci\u00f3ban szerepl\u0151 modell a Home Creation kr\u00f3msz\u00edn\u0171 (a term\u00e9kr\u0151l&nbsp;<a href=\"https:\/\/akcios-ujsag.hu\/akcios-ujsagok\/aldi-kozepso-sor-akcios-ujsag-2026-04-30\/\" target=\"_blank\" target=\"_blank\" rel=\"noopener\">fot\u00f3t is l\u00e1thatsz az \u00fczletl\u00e1nc rekl\u00e1m\u00fajs\u00e1gj\u00e1ban<\/a>), v\u00edztakar\u00e9kos konyhai csaptelepe, amely t\u00f6bbf\u00e9le kivitelben \u00e9rhet\u0151 el, \u00e9s a mindennapi haszn\u00e1lhat\u00f3s\u00e1got helyezi el\u0151t\u00e9rbe. A k\u00fcl\u00f6nb\u00f6z\u0151 v\u00e1ltozatok k\u00f6z\u00f6tt tal\u00e1lunk olyan megold\u00e1sokat, amelyek rugalmasabb\u00e1 \u00e9s k\u00e9nyelmesebb\u00e9 teszik a konyhai munk\u00e1t.<\/p>\n<p>A <strong>kih\u00fazhat\u00f3 zuhanyfejes verzi\u00f3 p\u00e9ld\u00e1ul megk\u00f6nny\u00edti a mosogat\u00f3 teljes fel\u00fclet\u00e9nek el\u00e9r\u00e9s\u00e9t \u00e9s a nagyobb ed\u00e9nyek tiszt\u00edt\u00e1s\u00e1t<\/strong>. A <strong>magas kifoly\u00f3 ide\u00e1lis, ha nagyobb l\u00e1basokat vagy palackokat kell megt\u00f6lteni<\/strong>, m\u00edg az <strong>elforgathat\u00f3 kifoly\u00f3 k\u00fcl\u00f6n\u00f6sen praktikus lehet kisebb konyh\u00e1kban<\/strong> vagy k\u00e9tmedenc\u00e9s mosogat\u00f3kn\u00e1l.<\/p>\n<h3>A Home Creation v\u00edztakar\u00e9kos csaptelep f\u0151bb param\u00e9terei:<\/h3>\n<ul>\n<li><strong>kih\u00fazhat\u00f3 zuhanyfejjel<\/strong>, vagy <strong>magas kifoly\u00f3val<\/strong>, vagy <strong>elforgathat\u00f3 kifoly\u00f3val<\/strong>;<\/li>\n<li>\u00e1ra <strong>9 999 F<\/strong>t\/db;<\/li>\n<li><strong>3 \u00e9v garanci\u00e1val<\/strong>.<\/li>\n<\/ul>\n<h2>Meg\u00e9ri az \u00e1r\u00e1t az aldis v\u00edztakar\u00e9kos csaptelep?<\/h2>\n<p>A piacon a hasonl\u00f3, v\u00edztakar\u00e9kos megold\u00e1ssal rendelkez\u0151 konyhai csaptelepek \u00e1ra jellemz\u0151en magasabban indul. Az egyszer\u0171bb modellek \u00e1ltal\u00e1ban 12\u201318 ezer forintt\u00f3l \u00e9rhet\u0151k el, m\u00edg<strong> a kih\u00fazhat\u00f3 fejes vagy t\u00f6bbfunkci\u00f3s v\u00e1ltozatok \u00e1ra gyakran 20\u201335 ezer forint k\u00f6z\u00f6tt mozog<\/strong>. A m\u00e1rk\u00e1s, pr\u00e9mium kateg\u00f3ria enn\u00e9l j\u00f3val dr\u00e1g\u00e1bb is lehet.<\/p>\n<p>Ehhez k\u00e9pest<\/p>\n<blockquote class=\"article__extraTxt\"><p>az Aldi 9 999 forintos aj\u00e1nlata kifejezetten kedvez\u0151nek sz\u00e1m\u00edt: a szok\u00e1sos \u00e1r harmad\u00e1\u00e9rt k\u00edn\u00e1lj\u00e1k, r\u00e1ad\u00e1sul t\u00f6bbf\u00e9le kialak\u00edt\u00e1s k\u00f6z\u00fcl lehet v\u00e1lasztani, \u00e9s 3 \u00e9v garancia is j\u00e1r<\/p><\/blockquote>\n<p>hozz\u00e1.<\/p>\n<p>Ha a fenti sz\u00e1m\u00edt\u00e1st vessz\u00fck alapul, <strong>a term\u00e9k \u00e1ra ak\u00e1r n\u00e9h\u00e1ny h\u00f3nap alatt megt\u00e9r\u00fclhet<\/strong>. Vagyis nemcsak egy olcs\u00f3, akci\u00f3s term\u00e9kr\u0151l van sz\u00f3, hanem egy olyan eszk\u00f6zr\u0151l is, amely hosszabb t\u00e1von kifejezetten gazdas\u00e1gos d\u00f6nt\u00e9s lehet.<\/p>\n<p data-mrf-recirculation=\"[Article Startlap] Inline links\"><strong>\u00c9rdemes az&nbsp;<a href=\"https:\/\/akcios-ujsag.hu\/\" target=\"_blank\" target=\"_blank\" rel=\"noopener\" data-mrf-recirculation=\"[Article Startlap] Inline Links\" data-mrf-link=\"https:\/\/akcios-ujsag.hu\/\" data-mrf-recirculation-id=\"[Article Startlap] Inline Links_3\">Akci\u00f3s-\u00dajs\u00e1g.hu<\/a>&nbsp;oldal\u00e1n megtal\u00e1lhat\u00f3 m\u00e1s \u00e1ruh\u00e1zl\u00e1ncok akci\u00f3s term\u00e9keit is \u00e1tb\u00f6ng\u00e9szni, p\u00e9ld\u00e1ul:<\/strong><\/p>\n<ul>\n<li><strong><a href=\"https:\/\/akcios-ujsag.hu\/akcios-ujsag\/elelmiszer-aruhaz\/auchan\/\" target=\"_blank\" target=\"_blank\" rel=\"noopener\">Auchan<\/a><\/strong><\/li>\n<li><a href=\"https:\/\/akcios-ujsag.hu\/akcios-ujsag\/elelmiszer-aruhaz\/lidl\/\" target=\"_blank\" target=\"_blank\" rel=\"noopener\"><strong>Lidl<\/strong><\/a><\/li>\n<li><strong><a href=\"https:\/\/akcios-ujsag.hu\/akcios-ujsag\/elelmiszer-aruhaz\/spar-interspar\/\" target=\"_blank\" target=\"_blank\" rel=\"noopener\">Interspar<\/a><\/strong><\/li>\n<li><strong><a href=\"https:\/\/akcios-ujsag.hu\/akcios-ujsag\/elelmiszer-aruhaz\/penny-market\/\" target=\"_blank\" target=\"_blank\" rel=\"noopener\">Penny<\/a><\/strong><\/li>\n<li><strong><a href=\"https:\/\/akcios-ujsag.hu\/akcios-ujsag\/elelmiszer-aruhaz\/tesco\/\" target=\"_blank\" target=\"_blank\" rel=\"noopener\">Tesco<\/a><\/strong><\/li>\n<\/ul>\n<div class=\"o-widget m-readMoreWidget -readMore u-shortDecorLineAfter row widget-container _ce_measure_widget bigdata-widget read-more\" data-ce-measure-widget=\"olvass tov\u00e1bb\">\n\t<div class=\"m-readMoreWidget__imgWrapper image-wrapper col-12 col-md-4 no-p\">\n\t\t<a class=\"m-readMoreWidget__imgLink\" href=\"https:\/\/www.startlap.hu\/vasarlas\/lidl-kozmetikum-cien-gyarto\/\" >\n\t\t\t<img decoding=\"async\" src=\"https:\/\/www.startlap.hu\/vasarlas\/uploads\/2026\/04\/lidl-vasarlok-350x285.jpg\" class=\"m-readMoreWidget__img\">\n\t\t<\/a>\n\t<\/div>\n\t<div class=\"m-readMoreWidget__titleWrapper title-wrapper col-12 col-md-8\">\n\t\t<span class=\"m-readMoreWidget__titleLabel u-shortDecorLineBefore label hidden-sm-up\">Ez is \u00e9rdekelhet:<\/span>\n\t\t<h3 class=\"m-readMoreWidget__title title\">\n\t\t\t<a class=\"m-readMoreWidget__titleLink -secondFont u-bold u-upperCase\" href=\"https:\/\/www.startlap.hu\/vasarlas\/lidl-kozmetikum-cien-gyarto\/\" >Rengetegen veszik ezt a Lidl-m\u00e1rk\u00e1t &#8211; de csak kevesen tudj\u00e1k, ki gy\u00e1rtja val\u00f3j\u00e1ban\u00a0<\/a>\n\t\t<\/h3>\n\t\t<a class=\"m-readMoreWidget__btn -coloredBack u-tC link\" href=\"https:\/\/www.startlap.hu\/vasarlas\/lidl-kozmetikum-cien-gyarto\/\" >Elolvasom<\/a>\n\t<\/div>\n<\/div>\n","protected":false},"excerpt":{"rendered":"<p>Egy apr\u00f3 konyhai eszk\u00f6z ker\u00fcl az Aldi akci\u00f3s k\u00edn\u00e1lat\u00e1ba, amellyel ak\u00e1r t\u00edzezreket is meg lehet takar\u00edtani egy \u00e9v alatt, mik\u00f6zben a mindennapi haszn\u00e1lat sor\u00e1n szinte \u00e9szrev\u00e9tlen marad a v\u00e1ltoz\u00e1s.<\/p>\n","protected":false},"author":14,"featured_media":2280154,"comment_status":"closed","ping_status":"closed","sticky":false,"template":"","format":"standard","meta":{"footnotes":""},"categories":[8180],"tags":[14246,11655,9247],"class_list":["post-2280151","post","type-post","status-publish","format-standard","has-post-thumbnail","hentry","category-trending","tag-csaptelep","tag-konyhai-eszkoz","tag-sporolas"],"aioseo_notices":[],"_links":{"self":[{"href":"https:\/\/www.startlap.hu\/vasarlas\/wp-json\/wp\/v2\/posts\/2280151","targetHints":{"allow":["GET"]}}],"collection":[{"href":"https:\/\/www.startlap.hu\/vasarlas\/wp-json\/wp\/v2\/posts"}],"about":[{"href":"https:\/\/www.startlap.hu\/vasarlas\/wp-json\/wp\/v2\/types\/post"}],"author":[{"embeddable":true,"href":"https:\/\/www.startlap.hu\/vasarlas\/wp-json\/wp\/v2\/users\/14"}],"replies":[{"embeddable":true,"href":"https:\/\/www.startlap.hu\/vasarlas\/wp-json\/wp\/v2\/comments?post=2280151"}],"version-history":[{"count":2,"href":"https:\/\/www.startlap.hu\/vasarlas\/wp-json\/wp\/v2\/posts\/2280151\/revisions"}],"predecessor-version":[{"id":2280155,"href":"https:\/\/www.startlap.hu\/vasarlas\/wp-json\/wp\/v2\/posts\/2280151\/revisions\/2280155"}],"wp:featuredmedia":[{"embeddable":true,"href":"https:\/\/www.startlap.hu\/vasarlas\/wp-json\/wp\/v2\/media\/2280154"}],"wp:attachment":[{"href":"https:\/\/www.startlap.hu\/vasarlas\/wp-json\/wp\/v2\/media?parent=2280151"}],"wp:term":[{"taxonomy":"category","embeddable":true,"href":"https:\/\/www.startlap.hu\/vasarlas\/wp-json\/wp\/v2\/categories?post=2280151"},{"taxonomy":"post_tag","embeddable":true,"href":"https:\/\/www.startlap.hu\/vasarlas\/wp-json\/wp\/v2\/tags?post=2280151"}],"curies":[{"name":"wp","href":"https:\/\/api.w.org\/{rel}","templated":true}]}}