{"id":2280107,"date":"2026-04-26T16:33:14","date_gmt":"2026-04-26T14:33:14","guid":{"rendered":"https:\/\/www.startlap.hu\/vasarlas\/?p=2280107"},"modified":"2026-04-24T23:42:11","modified_gmt":"2026-04-24T21:42:11","slug":"fagylalt-minoseg-hazi-keszitesu","status":"publish","type":"post","link":"https:\/\/www.startlap.hu\/vasarlas\/fagylalt-minoseg-hazi-keszitesu\/","title":{"rendered":"F\u00e9lrevezet\u0151 lehet a fagylaltoz\u00f3 ki\u00edr\u00e1sa: erre \u00e9rdemes figyelni"},"content":{"rendered":"<p>A ny\u00e1ri <a href=\"https:\/\/www.startlap.hu\/vasarlas\/mosas-ruhak-viz-homerseklet\/\" target=\"_blank\" rel=\"noopener\">melegben<\/a> sokak kedvenc h\u0171s\u00edt\u0151 desszertje a fagylalt: a magasabb \u00e1r azonban nem felt\u00e9tlen\u00fcl jelent jobb min\u0151s\u00e9get. Egyre t\u00f6bb hely hirdeti a term\u00e9keit <strong>h\u00e1zi k\u00e9sz\u00edt\u00e9s\u0171k\u00e9nt<\/strong> vagy <strong>saj\u00e1t gy\u00e1rt\u00e1s\u00fak\u00e9nt<\/strong>, \u00e1m ezek a kifejez\u00e9sek jogilag sok helyen nem szab\u00e1lyozottak. \u00cdgy el\u0151fordulhat, hogy a v\u00e1s\u00e1rl\u00f3k val\u00f3j\u00e1ban nem friss, k\u00e9zm\u0171ves fagylaltot kapnak.<\/p>\n<div class=\"o-widget m-readMoreWidget -readMore u-shortDecorLineAfter row widget-container _ce_measure_widget bigdata-widget read-more\" data-ce-measure-widget=\"olvass tov\u00e1bb\">\n\t<div class=\"m-readMoreWidget__imgWrapper image-wrapper col-12 col-md-4 no-p\">\n\t\t<a class=\"m-readMoreWidget__imgLink\" href=\"https:\/\/www.startlap.hu\/vasarlas\/gepjarmuado-auto-befizetes-nav-hatarido\/\" >\n\t\t\t<img decoding=\"async\" src=\"https:\/\/www.startlap.hu\/vasarlas\/uploads\/2026\/04\/kozepkoru-ferfi-level-olvas-350x285.jpg\" class=\"m-readMoreWidget__img\">\n\t\t<\/a>\n\t<\/div>\n\t<div class=\"m-readMoreWidget__titleWrapper title-wrapper col-12 col-md-8\">\n\t\t<span class=\"m-readMoreWidget__titleLabel u-shortDecorLineBefore label hidden-sm-up\">Ez is \u00e9rdekelhet:<\/span>\n\t\t<h3 class=\"m-readMoreWidget__title title\">\n\t\t\t<a class=\"m-readMoreWidget__titleLink -secondFont u-bold u-upperCase\" href=\"https:\/\/www.startlap.hu\/vasarlas\/gepjarmuado-auto-befizetes-nav-hatarido\/\" >K\u00f6zlem\u00e9nyt adott ki a NAV: minden aut\u00f3tulajdonost \u00e9rint!<\/a>\n\t\t<\/h3>\n\t\t<a class=\"m-readMoreWidget__btn -coloredBack u-tC link\" href=\"https:\/\/www.startlap.hu\/vasarlas\/gepjarmuado-auto-befizetes-nav-hatarido\/\" >Elolvasom<\/a>\n\t<\/div>\n<\/div>\n<h2>Nem biztos, hogy azt kapjuk, amit k\u00e9rt\u00fcnk<\/h2>\n<p>Ezek a megnevez\u00e9sek gyakran csak annyit jelentenek, hogy<strong> a fagylalt el\u0151re elk\u00e9sz\u00edtett porb\u00f3l vagy alapb\u00f3l k\u00e9sz\u00fcl, amelyet a helysz\u00ednen kevernek ki<\/strong>, majd k\u00fcl\u00f6nf\u00e9le \u00edzes\u00edt\u0151kkel eg\u00e9sz\u00edtenek ki. Ez nem felt\u00e9tlen\u00fcl rossz min\u0151s\u00e9g, de nem is az, amit sokan h\u00e1zi fagyinak gondolnak.<\/p>\n<figure id=\"attachment_2280108\" aria-describedby=\"caption-attachment-2280108\" style=\"width: 755px\" class=\"wp-caption alignnone\"><a href=\"https:\/\/www.startlap.hu\/vasarlas\/uploads\/2026\/04\/fagyi-scaled.jpg\"><img loading=\"lazy\" decoding=\"async\" class=\"size-article-size-large-image wp-image-2280108\" src=\"https:\/\/www.startlap.hu\/vasarlas\/uploads\/2026\/04\/fagyi-755x503.jpg\" alt=\"N\u0151 fagylaltot k\u00f3stol.\" width=\"755\" height=\"503\" srcset=\"https:\/\/www.startlap.hu\/vasarlas\/uploads\/2026\/04\/fagyi-755x503.jpg 755w, https:\/\/www.startlap.hu\/vasarlas\/uploads\/2026\/04\/fagyi-1536x1024.jpg 1536w, https:\/\/www.startlap.hu\/vasarlas\/uploads\/2026\/04\/fagyi-2048x1366.jpg 2048w, https:\/\/www.startlap.hu\/vasarlas\/uploads\/2026\/04\/fagyi-525x350.jpg 525w\" sizes=\"auto, (max-width: 755px) 100vw, 755px\" \/><\/a><figcaption id=\"caption-attachment-2280108\" class=\"wp-caption-text\">A fagylaltoz\u00f3k nem mindig azt adj\u00e1k, amire sz\u00e1m\u00edtunk. Fot\u00f3: Getty Images<\/figcaption><\/figure>\n<p>A v\u00e1s\u00e1rl\u00f3knak neh\u00e9z lehet eld\u00f6nteni, mit is kapnak pontosan, mivel a fagylaltoz\u00f3knak nem k\u00f6telez\u0151 minden <a href=\"https:\/\/www.startlap.hu\/vasarlas\/liszt-osszetetel-valtozas-boltok\/\" target=\"_blank\" rel=\"noopener\">\u00f6sszetev\u0151t<\/a> felt\u00fcntetni\u00fck. Csak az allerg\u00e9neket \u00e9s bizonyos adal\u00e9kanyagokat kell jelezni\u00fck, \u00edgy a teljes k\u00e9p gyakran rejtve marad. Emiatt \u00e9rdemes k\u00e9rdezni, ha a term\u00e9k &#8222;t\u00fal sz\u00e9pnek&#8221; t\u0171nik.<\/p>\n<h2>\u00d3vakodjunk a t\u00fal sz\u00e9p fagyit\u00f3l<\/h2>\n<p>Bizonyos jelek azonban \u00e1rulkodhatnak az ipari el\u0151\u00e1ll\u00edt\u00e1sr\u00f3l.<\/p>\n<blockquote class=\"article__extraTxt\"><p>A t\u00fal \u00e9l\u00e9nk, term\u00e9szetellenes sz\u00ednek \u2013 p\u00e9ld\u00e1ul rik\u00edt\u00f3 r\u00f3zsasz\u00edn vagy k\u00e9k \u2013 gyakran mesters\u00e9ges sz\u00ednez\u00e9kekre utalnak.<\/p><\/blockquote>\n<p>A l\u00e1tv\u00e1nyosan magasra halmozott fagylaltkupacok pedig sokszor <strong>emulge\u00e1l\u00f3szereket<\/strong> tartalmaznak, amelyek seg\u00edtik a forma megtart\u00e1s\u00e1t. Az is gyan\u00fas lehet, ha <strong>a fagylalt felt\u0171n\u0151en lassan olvad<\/strong>. Ez szint\u00e9n adal\u00e9kanyagok jelenl\u00e9t\u00e9re utalhat, amelyek stabilabb\u00e1 teszik az \u00e1llagot. B\u00e1r ezek k\u00f6z\u00fcl t\u00f6bb \u2013 p\u00e9ld\u00e1ul a <strong>lecitin<\/strong> \u2013 alapvet\u0151en biztons\u00e1gos, egyesekn\u00e9l, p\u00e9ld\u00e1ul sz\u00f3jaallergi\u00e1sokn\u00e1l probl\u00e9m\u00e1t okozhat.<\/p>\n<h2>Itt pr\u00f3b\u00e1lhatod ki a legjobb fagylaltokat<\/h2>\n<p>M\u00e1jus 8-\u00e1n rendezik meg a <strong>Magyar Fagylalt Napj\u00e1t<\/strong>, amelyhez id\u00e9n v\u00e1rhat\u00f3an mintegy 300 cukr\u00e1szda \u00e9s fagylaltoz\u00f3 csatlakozik orsz\u00e1gszerte, \u00edrja az <strong>MTI<\/strong>.<\/p>\n<blockquote class=\"article__extraTxt\"><p>A r\u00e9sztvev\u0151 helyeken legal\u00e1bb n\u00e9gyf\u00e9le fagylalt lesz f\u00e9l\u00e1ron kaphat\u00f3 helyben fogyaszt\u00e1sra.<\/p><\/blockquote>\n<p>A rendezv\u00e9ny egyre n\u00e9pszer\u0171bb: <strong>tavaly m\u00e9g csak 150 hely vett r\u00e9szt, id\u00e9n ennek dupl\u00e1j\u00e1t v\u00e1rj\u00e1k.<\/strong> A szervez\u0151k szerint az esem\u00e9ny nemcsak a fagylalt n\u00e9pszer\u0171s\u00edt\u00e9s\u00e9r\u0151l sz\u00f3l, hanem a min\u0151s\u00e9g er\u0151s\u00edt\u00e9s\u00e9r\u0151l is, amit a v\u00e9djegyoltalom \u00e9s a r\u00e9sztvev\u0151 helyek t\u00e1mogat\u00e1sa is seg\u00edt. Az idei trendek k\u00f6z\u00fcl kiemelkedik a <strong>tortafagylalt<\/strong>, amely a klasszikus <a href=\"https:\/\/www.startlap.hu\/vasarlas\/sutemenyes-villa-desszert-tortenet\/\" target=\"_blank\" rel=\"noopener\">s\u00fctem\u00e9nyek<\/a> \u00edzeit hozza vissza \u00faj form\u00e1ban.<\/p>\n<p><a href=\"https:\/\/www.t-online.de\/leben\/essen-und-trinken\/essen\/id_100706846\/eis-hausgemacht-so-bemerken-sie-leere-versprechen-der-eisdiele.html\" target=\"_blank\" target=\"_blank\" rel=\"noopener\">via<\/a><\/p>\n<div class=\"o-widget m-readMoreWidget -readMore u-shortDecorLineAfter row widget-container _ce_measure_widget bigdata-widget read-more\" data-ce-measure-widget=\"olvass tov\u00e1bb\">\n\t<div class=\"m-readMoreWidget__imgWrapper image-wrapper col-12 col-md-4 no-p\">\n\t\t<a class=\"m-readMoreWidget__imgLink\" href=\"https:\/\/www.startlap.hu\/vasarlas\/indukcios-fozolap-aram-fogyasztas-legnagyobb-konyha\/\" >\n\t\t\t<img decoding=\"async\" src=\"https:\/\/www.startlap.hu\/vasarlas\/uploads\/2026\/04\/idos-no-blokk-350x285.jpg\" class=\"m-readMoreWidget__img\">\n\t\t<\/a>\n\t<\/div>\n\t<div class=\"m-readMoreWidget__titleWrapper title-wrapper col-12 col-md-8\">\n\t\t<span class=\"m-readMoreWidget__titleLabel u-shortDecorLineBefore label hidden-sm-up\">Ez is \u00e9rdekelhet:<\/span>\n\t\t<h3 class=\"m-readMoreWidget__title title\">\n\t\t\t<a class=\"m-readMoreWidget__titleLink -secondFont u-bold u-upperCase\" href=\"https:\/\/www.startlap.hu\/vasarlas\/indukcios-fozolap-aram-fogyasztas-legnagyobb-konyha\/\" >Nem a h\u0171t\u0151szekr\u00e9ny, nem is a s\u00fct\u0151: a legt\u00f6bb \u00e1ramot ez a konyhai eszk\u00f6z fogyasztja<\/a>\n\t\t<\/h3>\n\t\t<a class=\"m-readMoreWidget__btn -coloredBack u-tC link\" href=\"https:\/\/www.startlap.hu\/vasarlas\/indukcios-fozolap-aram-fogyasztas-legnagyobb-konyha\/\" >Elolvasom<\/a>\n\t<\/div>\n<\/div>\n","protected":false},"excerpt":{"rendered":"<p>A h\u00e1zi vagy helyi k\u00e9sz\u00edt\u00e9s\u0171k\u00e9nt \u00e1rult fagylaltok nem mindig \u00fagy k\u00e9sz\u00fclnek, ahogy elk\u00e9pzelj\u00fck: mutatjuk, milyen gyan\u00fas jelekre \u00e9rdemes odafigyelni!<\/p>\n","protected":false},"author":63,"featured_media":2280108,"comment_status":"closed","ping_status":"closed","sticky":false,"template":"","format":"standard","meta":{"footnotes":""},"categories":[8180],"tags":[10045,3700,13913],"class_list":["post-2280107","post","type-post","status-publish","format-standard","has-post-thumbnail","hentry","category-trending","tag-desszert","tag-fagylalt","tag-fagylaltozo"],"aioseo_notices":[],"_links":{"self":[{"href":"https:\/\/www.startlap.hu\/vasarlas\/wp-json\/wp\/v2\/posts\/2280107","targetHints":{"allow":["GET"]}}],"collection":[{"href":"https:\/\/www.startlap.hu\/vasarlas\/wp-json\/wp\/v2\/posts"}],"about":[{"href":"https:\/\/www.startlap.hu\/vasarlas\/wp-json\/wp\/v2\/types\/post"}],"author":[{"embeddable":true,"href":"https:\/\/www.startlap.hu\/vasarlas\/wp-json\/wp\/v2\/users\/63"}],"replies":[{"embeddable":true,"href":"https:\/\/www.startlap.hu\/vasarlas\/wp-json\/wp\/v2\/comments?post=2280107"}],"version-history":[{"count":1,"href":"https:\/\/www.startlap.hu\/vasarlas\/wp-json\/wp\/v2\/posts\/2280107\/revisions"}],"predecessor-version":[{"id":2280109,"href":"https:\/\/www.startlap.hu\/vasarlas\/wp-json\/wp\/v2\/posts\/2280107\/revisions\/2280109"}],"wp:featuredmedia":[{"embeddable":true,"href":"https:\/\/www.startlap.hu\/vasarlas\/wp-json\/wp\/v2\/media\/2280108"}],"wp:attachment":[{"href":"https:\/\/www.startlap.hu\/vasarlas\/wp-json\/wp\/v2\/media?parent=2280107"}],"wp:term":[{"taxonomy":"category","embeddable":true,"href":"https:\/\/www.startlap.hu\/vasarlas\/wp-json\/wp\/v2\/categories?post=2280107"},{"taxonomy":"post_tag","embeddable":true,"href":"https:\/\/www.startlap.hu\/vasarlas\/wp-json\/wp\/v2\/tags?post=2280107"}],"curies":[{"name":"wp","href":"https:\/\/api.w.org\/{rel}","templated":true}]}}