{"id":2280046,"date":"2026-04-27T11:13:48","date_gmt":"2026-04-27T09:13:48","guid":{"rendered":"https:\/\/www.startlap.hu\/vasarlas\/?p=2280046"},"modified":"2026-04-27T11:09:27","modified_gmt":"2026-04-27T09:09:27","slug":"mobiltelefon-ujrainditas-naponta-hetente","status":"publish","type":"post","link":"https:\/\/www.startlap.hu\/vasarlas\/mobiltelefon-ujrainditas-naponta-hetente\/","title":{"rendered":"Naponta vagy hetente ind\u00edtsuk \u00fajra a telefont? Itt a szak\u00e9rt\u0151k v\u00e1lasza"},"content":{"rendered":"<p>A <strong>Samsung<\/strong> egy hivatalos aj\u00e1nl\u00e1sban azt javasolja a <strong>Galaxy<\/strong> telefonok tulajdonosainak, hogy <strong>naponta ind\u00edts\u00e1k \u00fajra k\u00e9sz\u00fcl\u00e9k\u00fcket<\/strong> annak \u00e9rdek\u00e9ben, hogy megel\u0151zz\u00e9k a <a href=\"https:\/\/www.startlap.hu\/vasarlas\/wifi-lassu-internet-megoldas\/\" target=\"_blank\" rel=\"noopener\">lassul\u00e1st<\/a> \u00e9s a lefagy\u00e1sokat. Ez az aj\u00e1nl\u00e1s m\u00e1r 2021 \u00f3ta \u00e9rv\u00e9nyben van, \u00e9s hat\u00e1rozottan azt k\u00e9ri a felhaszn\u00e1l\u00f3kt\u00f3l: tegy\u00e9k a rendszeres \u00fajraind\u00edt\u00e1st napi rutinn\u00e1. Ez azonban nem minden telefonra \u00e9rv\u00e9nyes \u2013 n\u00e9zz\u00fck, mekkora id\u0151k\u00f6z\u00f6nk\u00e9nt \u00e9rdemes val\u00f3ban \u00fajraind\u00edtani az eszk\u00f6z\u00f6ket!<\/p>\n<div class=\"o-widget m-readMoreWidget -readMore u-shortDecorLineAfter row widget-container _ce_measure_widget bigdata-widget read-more\" data-ce-measure-widget=\"olvass tov\u00e1bb\">\n\t<div class=\"m-readMoreWidget__imgWrapper image-wrapper col-12 col-md-4 no-p\">\n\t\t<a class=\"m-readMoreWidget__imgLink\" href=\"https:\/\/www.startlap.hu\/vasarlas\/parfum-diy-diszek\/\" >\n\t\t\t<img decoding=\"async\" src=\"https:\/\/www.startlap.hu\/vasarlas\/uploads\/2026\/04\/parfum-350x285.jpg\" class=\"m-readMoreWidget__img\">\n\t\t<\/a>\n\t<\/div>\n\t<div class=\"m-readMoreWidget__titleWrapper title-wrapper col-12 col-md-8\">\n\t\t<span class=\"m-readMoreWidget__titleLabel u-shortDecorLineBefore label hidden-sm-up\">Ez is \u00e9rdekelhet:<\/span>\n\t\t<h3 class=\"m-readMoreWidget__title title\">\n\t\t\t<a class=\"m-readMoreWidget__titleLink -secondFont u-bold u-upperCase\" href=\"https:\/\/www.startlap.hu\/vasarlas\/parfum-diy-diszek\/\" >Ki ne dobd az \u00fcres parf\u00fcm\u00f6s \u00fcvegeket: ezzel a k\u00e9t zseni\u00e1lis \u00f6tlettel \u00faj \u00e9letet adhatsz nekik<\/a>\n\t\t<\/h3>\n\t\t<a class=\"m-readMoreWidget__btn -coloredBack u-tC link\" href=\"https:\/\/www.startlap.hu\/vasarlas\/parfum-diy-diszek\/\" >Elolvasom<\/a>\n\t<\/div>\n<\/div>\n<h2>Nem mindenkinek kell naponta kikapcsolni<\/h2>\n<p>Egy m\u00e1sik elemz\u00e9s&nbsp; arra jutott, hogy<\/p>\n<blockquote class=\"article__extraTxt\"><p>a legt\u00f6bb modern okostelefon eset\u00e9ben heti \u00fajraind\u00edt\u00e1s is elegend\u0151 a megfelel\u0151 teljes\u00edtm\u00e9ny fenntart\u00e1s\u00e1hoz.<\/p><\/blockquote>\n<p>A k\u00e9t megk\u00f6zel\u00edt\u00e9s nem mond ellent egym\u00e1snak: ink\u00e1bb k\u00fcl\u00f6nb\u00f6z\u0151 felhaszn\u00e1l\u00f3i szok\u00e1sokhoz igazodik. A napi \u00fajraind\u00edt\u00e1s azoknak sz\u00f3l, akik nem figyelik a <a href=\"https:\/\/www.startlap.hu\/vasarlas\/telefon-eltunes-lopas-kereses\/\" target=\"_blank\" rel=\"noopener\">telefon<\/a> m\u0171k\u00f6d\u00e9s\u00e9t, m\u00edg a heti ritmus azoknak, akik \u00e9szreveszik a teljes\u00edtm\u00e9nyroml\u00e1s jeleit.<\/p>\n<figure id=\"attachment_2280047\" aria-describedby=\"caption-attachment-2280047\" style=\"width: 755px\" class=\"wp-caption alignnone\"><a href=\"https:\/\/www.startlap.hu\/vasarlas\/uploads\/2026\/04\/telefon-1-scaled.jpg\"><img loading=\"lazy\" decoding=\"async\" class=\"size-article-size-large-image wp-image-2280047\" src=\"https:\/\/www.startlap.hu\/vasarlas\/uploads\/2026\/04\/telefon-1-755x501.jpg\" alt=\"Mosolyg\u00f3 f\u00e9rfi piros okostelefont tart a kez\u00e9ben.\" width=\"755\" height=\"501\" srcset=\"https:\/\/www.startlap.hu\/vasarlas\/uploads\/2026\/04\/telefon-1-755x501.jpg 755w, https:\/\/www.startlap.hu\/vasarlas\/uploads\/2026\/04\/telefon-1-1536x1020.jpg 1536w, https:\/\/www.startlap.hu\/vasarlas\/uploads\/2026\/04\/telefon-1-2048x1360.jpg 2048w, https:\/\/www.startlap.hu\/vasarlas\/uploads\/2026\/04\/telefon-1-250x165.jpg 250w, https:\/\/www.startlap.hu\/vasarlas\/uploads\/2026\/04\/telefon-1-527x350.jpg 527w\" sizes=\"auto, (max-width: 755px) 100vw, 755px\" \/><\/a><figcaption id=\"caption-attachment-2280047\" class=\"wp-caption-text\">Elegend\u0151 lehet hetente \u00fajraind\u00edtani a telefont, ha \u00fajabb modellr\u0151l van sz\u00f3. Fot\u00f3: Getty Images<\/figcaption><\/figure>\n<p>A Samsung aj\u00e1nl\u00e1sa f\u0151leg a kev\u00e9sb\u00e9 tudatos felhaszn\u00e1l\u00f3kat c\u00e9lozza. Sz\u00e1mukra a rendszeres \u2013 ak\u00e1r automatikus \u2013 \u00fajraind\u00edt\u00e1s seg\u00edt abban, hogy a kisebb hib\u00e1k ne halmoz\u00f3djanak fel. <strong>A gy\u00e1rt\u00f3 m\u00e9g egy be\u00e9p\u00edtett automatiz\u00e1l\u00e1si funkci\u00f3t is k\u00edn\u00e1l, amely \u00e9jszaka, meghat\u00e1rozott felt\u00e9telek mellett \u00fajraind\u00edtja a k\u00e9sz\u00fcl\u00e9ket.<\/strong> Ezzel szemben a szak\u00e9rt\u0151i \u00e1ll\u00e1spont szerint az \u00fajabb, cs\u00facskateg\u00f3ri\u00e1s telefonok m\u00e1r el\u00e9g j\u00f3l kezelik a mem\u00f3ri\u00e1t \u00e9s a h\u00e1tt\u00e9rfolyamatokat, \u00edgy ritk\u00e1bb \u00fajraind\u00edt\u00e1s is elegend\u0151.<\/p>\n<p>Fontos t\u00e9nyez\u0151 a k\u00e9sz\u00fcl\u00e9k t\u00edpusa is: <strong>r\u00e9gebbi vagy olcs\u00f3bb modellekn\u00e9l, amelyek kevesebb mem\u00f3ri\u00e1val rendelkeznek, gyakoribb \u00fajraind\u00edt\u00e1sra lehet sz\u00fcks\u00e9g.<\/strong> Ugyanakkor a rendszeres szoftverfriss\u00edt\u00e9sek is szerepet j\u00e1tszanak: ezek telep\u00edt\u00e9sekor a telefon automatikusan \u00fajraindul, \u00edgy aki folyamatosan friss\u00edti telefonj\u00e1t, val\u00f3j\u00e1ban m\u00e1r eleget tesz a heti \u00fajraind\u00edt\u00e1si k\u00f6vetelm\u00e9nynek.<\/p>\n<h2>Ez t\u00f6rt\u00e9nik \u00fajraind\u00edt\u00e1skor<\/h2>\n<p>Az \u00fajraind\u00edt\u00e1s hat\u00e1sa viszonylag egyszer\u0171: ki\u00fcr\u00edti a <strong>RAM<\/strong>-ot \u00e9s le\u00e1ll\u00edt minden fut\u00f3 folyamatot. Ez megsz\u00fcnteti a h\u00e1tt\u00e9rben ragadt alkalmaz\u00e1sokat \u00e9s a kisebb hib\u00e1kat, amelyek id\u0151vel lassul\u00e1st vagy akadoz\u00e1st okozhatnak. Emiatt gyakran hat\u00e9konyabb megold\u00e1s, mint az appok manu\u00e1lis bez\u00e1r\u00e1sa.<\/p>\n<p>A biztons\u00e1g szempontj\u00e1b\u00f3l is van jelent\u0151s\u00e9ge: az elemz\u00e9s hivatkozik az amerikai <strong>Nemzetbiztons\u00e1gi \u00dcgyn\u00f6ks\u00e9g<\/strong> (NSA) aj\u00e1nl\u00e1s\u00e1ra, amely szerint<\/p>\n<blockquote class=\"article__extraTxt\"><p>a rendszeres \u00fajraind\u00edt\u00e1s seg\u00edthet megszak\u00edtani bizonyos t\u00edpus\u00fa, csak mem\u00f3ri\u00e1ban fut\u00f3 k\u00e1rtev\u0151k m\u0171k\u00f6d\u00e9s\u00e9t.<\/p><\/blockquote>\n<p>B\u00e1r ez nem jelent teljes v\u00e9delmet, egyszer\u0171 \u00e9s hasznos l\u00e9p\u00e9s lehet, k\u00fcl\u00f6n\u00f6sen utaz\u00e1skor vagy <a href=\"https:\/\/www.startlap.hu\/vasarlas\/android-mobil-kemprogram-gyanus-jelek\/\" target=\"_blank\" rel=\"noopener\">gyan\u00fas m\u0171k\u00f6d\u00e9s<\/a> eset\u00e9n.<\/p>\n<p>\u00d6sszess\u00e9g\u00e9ben nincs egyetlen szab\u00e1ly, ami minden felhaszn\u00e1l\u00f3ra \u00e9rv\u00e9nyes: aki kev\u00e9sb\u00e9 figyel a telefonj\u00e1ra vagy r\u00e9gebbi k\u00e9sz\u00fcl\u00e9ket haszn\u00e1l, jobban j\u00e1r a napi \u00fajraind\u00edt\u00e1ssal, m\u00edg egy modern mobiln\u00e1l elegend\u0151 lehet a heti \u00fajraind\u00edt\u00e1s. A legrosszabb strat\u00e9gia viszont az, ha csak akkor ind\u00edtjuk \u00fajra a telefont, amikor m\u00e1r lefagyott.<\/p>\n<p><a href=\"https:\/\/dailygalaxy.com\/2026\/04\/how-often-should-you-restart-your-phone-to-keep-it-at-peak-performance\/\" target=\"_blank\" target=\"_blank\" rel=\"noopener\">via<\/a><\/p>\n<div class=\"o-widget m-readMoreWidget -readMore u-shortDecorLineAfter row widget-container _ce_measure_widget bigdata-widget read-more\" data-ce-measure-widget=\"olvass tov\u00e1bb\">\n\t<div class=\"m-readMoreWidget__imgWrapper image-wrapper col-12 col-md-4 no-p\">\n\t\t<a class=\"m-readMoreWidget__imgLink\" href=\"https:\/\/www.startlap.hu\/vasarlas\/indukcios-fozolap-aram-fogyasztas-legnagyobb-konyha\/\" >\n\t\t\t<img decoding=\"async\" src=\"https:\/\/www.startlap.hu\/vasarlas\/uploads\/2026\/04\/idos-no-blokk-350x285.jpg\" class=\"m-readMoreWidget__img\">\n\t\t<\/a>\n\t<\/div>\n\t<div class=\"m-readMoreWidget__titleWrapper title-wrapper col-12 col-md-8\">\n\t\t<span class=\"m-readMoreWidget__titleLabel u-shortDecorLineBefore label hidden-sm-up\">Ez is \u00e9rdekelhet:<\/span>\n\t\t<h3 class=\"m-readMoreWidget__title title\">\n\t\t\t<a class=\"m-readMoreWidget__titleLink -secondFont u-bold u-upperCase\" href=\"https:\/\/www.startlap.hu\/vasarlas\/indukcios-fozolap-aram-fogyasztas-legnagyobb-konyha\/\" >Nem a h\u0171t\u0151szekr\u00e9ny, nem is a s\u00fct\u0151: a legt\u00f6bb \u00e1ramot ez a konyhai eszk\u00f6z fogyasztja<\/a>\n\t\t<\/h3>\n\t\t<a class=\"m-readMoreWidget__btn -coloredBack u-tC link\" href=\"https:\/\/www.startlap.hu\/vasarlas\/indukcios-fozolap-aram-fogyasztas-legnagyobb-konyha\/\" >Elolvasom<\/a>\n\t<\/div>\n<\/div>\n","protected":false},"excerpt":{"rendered":"<p>A felhaszn\u00e1l\u00f3i \u00e9lm\u00e9ny \u00e9s a biztons\u00e1g szempontj\u00e1b\u00f3l is fontos, hogy megfelel\u0151 id\u0151k\u00f6z\u00f6nk\u00e9nt \u00fajraind\u00edtsuk a telefont: n\u00e9zz\u00fck, mi a hivatalos aj\u00e1nl\u00e1s!<\/p>\n","protected":false},"author":63,"featured_media":2280047,"comment_status":"closed","ping_status":"closed","sticky":false,"template":"","format":"standard","meta":{"footnotes":""},"categories":[8180],"tags":[567,1119,4065,1814],"class_list":["post-2280046","post","type-post","status-publish","format-standard","has-post-thumbnail","hentry","category-trending","tag-biztonsag","tag-frissites","tag-okostelefon","tag-samsung"],"aioseo_notices":[],"_links":{"self":[{"href":"https:\/\/www.startlap.hu\/vasarlas\/wp-json\/wp\/v2\/posts\/2280046","targetHints":{"allow":["GET"]}}],"collection":[{"href":"https:\/\/www.startlap.hu\/vasarlas\/wp-json\/wp\/v2\/posts"}],"about":[{"href":"https:\/\/www.startlap.hu\/vasarlas\/wp-json\/wp\/v2\/types\/post"}],"author":[{"embeddable":true,"href":"https:\/\/www.startlap.hu\/vasarlas\/wp-json\/wp\/v2\/users\/63"}],"replies":[{"embeddable":true,"href":"https:\/\/www.startlap.hu\/vasarlas\/wp-json\/wp\/v2\/comments?post=2280046"}],"version-history":[{"count":3,"href":"https:\/\/www.startlap.hu\/vasarlas\/wp-json\/wp\/v2\/posts\/2280046\/revisions"}],"predecessor-version":[{"id":2280061,"href":"https:\/\/www.startlap.hu\/vasarlas\/wp-json\/wp\/v2\/posts\/2280046\/revisions\/2280061"}],"wp:featuredmedia":[{"embeddable":true,"href":"https:\/\/www.startlap.hu\/vasarlas\/wp-json\/wp\/v2\/media\/2280047"}],"wp:attachment":[{"href":"https:\/\/www.startlap.hu\/vasarlas\/wp-json\/wp\/v2\/media?parent=2280046"}],"wp:term":[{"taxonomy":"category","embeddable":true,"href":"https:\/\/www.startlap.hu\/vasarlas\/wp-json\/wp\/v2\/categories?post=2280046"},{"taxonomy":"post_tag","embeddable":true,"href":"https:\/\/www.startlap.hu\/vasarlas\/wp-json\/wp\/v2\/tags?post=2280046"}],"curies":[{"name":"wp","href":"https:\/\/api.w.org\/{rel}","templated":true}]}}