{"id":2278395,"date":"2026-03-16T13:33:19","date_gmt":"2026-03-16T12:33:19","guid":{"rendered":"https:\/\/www.startlap.hu\/vasarlas\/?p=2278395"},"modified":"2026-03-16T13:24:32","modified_gmt":"2026-03-16T12:24:32","slug":"kave-pszichologus-cukor-tej","status":"publish","type":"post","link":"https:\/\/www.startlap.hu\/vasarlas\/kave-pszichologus-cukor-tej\/","title":{"rendered":"A pszichol\u00f3gia szerint a k\u00e1v\u00e9t ez\u00e9rt issz\u00e1k tej \u00e9s cukor n\u00e9lk\u00fcl sokan"},"content":{"rendered":"<p>A feketek\u00e1v\u00e9 sok ember sz\u00e1m\u00e1ra a feln\u0151tt\u00e9 v\u00e1l\u00e1s egyik szimb\u00f3lum\u00e1v\u00e1 v\u00e1lt. Sokakn\u00e1l ez a v\u00e1ltoz\u00e1s valahol az els\u0151 komoly munkahely \u00e9s az els\u0151 nagyobb anyagi felel\u0151ss\u00e9g , p\u00e9ld\u00e1ul lak\u00e1shitel id\u0151szak\u00e1ban jelenik meg: elt\u0171nik a <a href=\"https:\/\/www.startlap.hu\/vasarlas\/nemetorszag-europa-olcsobb-novenyi-allati-eredetu-termekek\/\" target=\"_blank\" rel=\"noopener\">tej<\/a> \u00e9s a cukor a <a href=\"https:\/\/www.startlap.hu\/vasarlas\/gyomber-kave-ehseg-erzet-elmulasztas-jo-kozerzet-egeszseg\/\" target=\"_blank\" rel=\"noopener\">k\u00e1v\u00e9b\u00f3l<\/a>, \u00e9s marad a keser\u0171 fekete. A pszichol\u00f3gusok szerint azonban ez a d\u00f6nt\u00e9s gyakran nem a val\u00f3di \u00edzl\u00e9sr\u0151l sz\u00f3l, hanem identit\u00e1sr\u00f3l \u00e9s t\u00e1rsadalmi mint\u00e1kr\u00f3l.<\/p>\n<div class=\"o-widget m-readMoreWidget -readMore u-shortDecorLineAfter row widget-container _ce_measure_widget bigdata-widget read-more\" data-ce-measure-widget=\"olvass tov\u00e1bb\">\n\t<div class=\"m-readMoreWidget__imgWrapper image-wrapper col-12 col-md-4 no-p\">\n\t\t<a class=\"m-readMoreWidget__imgLink\" href=\"https:\/\/www.startlap.hu\/vasarlas\/zuhanyzas-egeszseg-idosek-orvos\/\" >\n\t\t\t<img decoding=\"async\" src=\"https:\/\/www.startlap.hu\/vasarlas\/uploads\/2026\/02\/zuhanyzas-2-350x285.jpg\" class=\"m-readMoreWidget__img\">\n\t\t<\/a>\n\t<\/div>\n\t<div class=\"m-readMoreWidget__titleWrapper title-wrapper col-12 col-md-8\">\n\t\t<span class=\"m-readMoreWidget__titleLabel u-shortDecorLineBefore label hidden-sm-up\">Ez is \u00e9rdekelhet:<\/span>\n\t\t<h3 class=\"m-readMoreWidget__title title\">\n\t\t\t<a class=\"m-readMoreWidget__titleLink -secondFont u-bold u-upperCase\" href=\"https:\/\/www.startlap.hu\/vasarlas\/zuhanyzas-egeszseg-idosek-orvos\/\" >Higi\u00e9nia 65 \u00e9v felett: nem naponta egyszer, nem hetente egyszer &#8211; ilyen gyakran aj\u00e1nlott a zuhanyoz\u00e1s id\u0151s korban<\/a>\n\t\t<\/h3>\n\t\t<a class=\"m-readMoreWidget__btn -coloredBack u-tC link\" href=\"https:\/\/www.startlap.hu\/vasarlas\/zuhanyzas-egeszseg-idosek-orvos\/\" >Elolvasom<\/a>\n\t<\/div>\n<\/div>\n<p>A nyugati t\u00e1rsadalmakban r\u00e9g\u00f3ta \u00e9l az a kultur\u00e1lis elk\u00e9pzel\u00e9s, hogy az \u00e9retts\u00e9g egy\u00fctt j\u00e1r a k\u00e9nyelmetlens\u00e9gek elfogad\u00e1s\u00e1val. Ennek egyik apr\u00f3, de l\u00e1tv\u00e1nyos p\u00e9ld\u00e1ja a feketek\u00e1v\u00e9 fogyaszt\u00e1sa. Sokan \u00fagy \u00e9rzik, hogy a tej \u00e9s a cukor elhagy\u00e1sa egyfajta \u201efeln\u0151tt\u201d viselked\u00e9st jelez. Hasonl\u00f3 mint\u00e1k jelennek meg m\u00e1s h\u00e9tk\u00f6znapi d\u00f6nt\u00e9sekben is, p\u00e9ld\u00e1ul amikor valaki er\u0151sebb k\u00e1v\u00e9t rendel, v\u00e9resen k\u00e9ri a steaket, vagy kem\u00e9ny edz\u00e9seket v\u00e1laszt.<\/p>\n<figure id=\"attachment_2278396\" aria-describedby=\"caption-attachment-2278396\" style=\"width: 755px\" class=\"wp-caption alignnone\"><img loading=\"lazy\" decoding=\"async\" class=\"size-article-size-large-image wp-image-2278396\" src=\"https:\/\/www.startlap.hu\/vasarlas\/uploads\/2026\/03\/kave-7-755x504.jpg\" alt=\"K\u00e1v\u00e9t cs\u00e9sz\u00e9be t\u00f6lt\u0151 n\u0151i k\u00e9z\" width=\"755\" height=\"504\" srcset=\"https:\/\/www.startlap.hu\/vasarlas\/uploads\/2026\/03\/kave-7-755x504.jpg 755w, https:\/\/www.startlap.hu\/vasarlas\/uploads\/2026\/03\/kave-7-1536x1024.jpg 1536w, https:\/\/www.startlap.hu\/vasarlas\/uploads\/2026\/03\/kave-7-2048x1366.jpg 2048w, https:\/\/www.startlap.hu\/vasarlas\/uploads\/2026\/03\/kave-7-525x350.jpg 525w\" sizes=\"auto, (max-width: 755px) 100vw, 755px\" \/><figcaption id=\"caption-attachment-2278396\" class=\"wp-caption-text\">A feketek\u00e1v\u00e9 sok kult\u00far\u00e1ban a feln\u0151tt\u00e9 v\u00e1l\u00e1s jelk\u00e9pe. Fot\u00f3: Getty Images<\/figcaption><\/figure>\n<p>A kutat\u00f3k szerint a szok\u00e1sok gyakran k\u00f6rnyezeti mint\u00e1kb\u00f3l alakulnak ki. Egy sz\u00fcl\u0151, aki mindig feket\u00e9n issza a k\u00e1v\u00e9t, egy f\u0151n\u00f6k, aki a leger\u0151sebb eszpressz\u00f3t rendeli, vagy egy koll\u00e9ga, aki soha nem panaszkodik : mind olyan p\u00e9ld\u00e1k, amelyeket az emberek k\u00f6nnyen \u00e1tvesznek. Az ut\u00e1nz\u00e1s id\u0151vel rutinn\u00e1 v\u00e1lhat. \u00c9vek m\u00falt\u00e1n sokan m\u00e1r nem is eml\u00e9keznek arra, hogy eredetileg val\u00f3ban jobban \u00edzlett-e nekik a tejes vagy cukros k\u00e1v\u00e9.<\/p>\n<h2>Amikor a szok\u00e1s identit\u00e1ss\u00e1 v\u00e1lik<\/h2>\n<p>A pszichol\u00f3gusok szerint sok h\u00e9tk\u00f6znapi szok\u00e1s eredetileg jelz\u00e9sk\u00e9nt szolg\u00e1l: fegyelmet, kitart\u00e1st vagy kifinomults\u00e1got kommunik\u00e1l. Id\u0151vel azonban ezek a viselked\u00e9sek be\u00e9p\u00fclnek a szem\u00e9lyis\u00e9gbe.<\/p>\n<blockquote class=\"article__extraTxt\"><p>\u00cdgy alakulhat ki az a helyzet, hogy valaki m\u00e1r automatikusan v\u00e1laszt bizonyos dolgokat, p\u00e9ld\u00e1ul a feketek\u00e1v\u00e9t , an\u00e9lk\u00fcl hogy tudatosan \u00e1tgondoln\u00e1, val\u00f3ban ezt szereti-e.<\/p><\/blockquote>\n<p>A szakemberek arra is felh\u00edvj\u00e1k a figyelmet, hogy a t\u00falzott \u00f6nfegyelemre \u00e9p\u00fcl\u0151 identit\u00e1snak lehetnek h\u00e1tr\u00e1nyai. Azok, akik mindig er\u0151snek szeretn\u00e9nek l\u00e1tszani, gyakran nehezebben k\u00e9rnek seg\u00edts\u00e9get vagy vallj\u00e1k be, ha egy egyszer\u0171bb megold\u00e1sra lenne sz\u00fcks\u00e9g\u00fck. Ezzel szemben a sikeres emberek gyakran rugalmasabban \u00e1llnak a mindennapi d\u00f6nt\u00e9sekhez: ott kem\u00e9nyek, ahol sz\u00fcks\u00e9ges, m\u00e1s helyzetekben viszont nem ragaszkodnak a felesleges k\u00e9nyelmetlens\u00e9gekhez.<\/p>\n<h2>\u00cdgy tesztelheted magad<\/h2>\n<p>A pszichol\u00f3gusok szerint egy apr\u00f3 k\u00eds\u00e9rlet seg\u00edthet felismerni, hogy egy szok\u00e1s val\u00f3ban saj\u00e1t d\u00f6nt\u00e9s-e. \u00c9rdemes figyelni az els\u0151 reakci\u00f3kra: p\u00e9ld\u00e1ul az els\u0151 korty k\u00e1v\u00e9ra adott arckifejez\u00e9sre.<\/p>\n<blockquote class=\"article__extraTxt\"><p>Sokan, akik kipr\u00f3b\u00e1lj\u00e1k, hogy \u00fajra tejjel vagy cukorral issz\u00e1k a k\u00e1v\u00e9t, meglep\u0151dve tapasztalj\u00e1k: egyszer\u0171en jobban \u00edzlik.<\/p><\/blockquote>\n<p>A tanuls\u00e1g nem az, hogy hogyan kell k\u00e1v\u00e9t inni. Sokkal ink\u00e1bb az, hogy a mindennapi szok\u00e1saink m\u00f6g\u00f6tt gyakran t\u00e1rsadalmi mint\u00e1k \u00e9s r\u00e9gi d\u00f6nt\u00e9sek \u00e1llnak, nem felt\u00e9tlen\u00fcl a val\u00f3di preferenci\u00e1ink.<\/p>\n<p><a href=\"https:\/\/www.dagensps.se\/weekend\/mat-vin\/darfor-dricker-sa-manga-svart-kaffe-utan-att-veta-varfor\/\" target=\"_blank\" target=\"_blank\" rel=\"noopener\">via<\/a><\/p>\n<div class=\"o-widget m-readMoreWidget -readMore u-shortDecorLineAfter row widget-container _ce_measure_widget bigdata-widget read-more\" data-ce-measure-widget=\"olvass tov\u00e1bb\">\n\t<div class=\"m-readMoreWidget__imgWrapper image-wrapper col-12 col-md-4 no-p\">\n\t\t<a class=\"m-readMoreWidget__imgLink\" href=\"https:\/\/www.startlap.hu\/vasarlas\/trump-unoka-luxus-bevasarlas\/\" >\n\t\t\t<img decoding=\"async\" src=\"https:\/\/www.startlap.hu\/vasarlas\/uploads\/2026\/03\/kai-trump_11zon-350x285.jpg\" class=\"m-readMoreWidget__img\">\n\t\t<\/a>\n\t<\/div>\n\t<div class=\"m-readMoreWidget__titleWrapper title-wrapper col-12 col-md-8\">\n\t\t<span class=\"m-readMoreWidget__titleLabel u-shortDecorLineBefore label hidden-sm-up\">Ez is \u00e9rdekelhet:<\/span>\n\t\t<h3 class=\"m-readMoreWidget__title title\">\n\t\t\t<a class=\"m-readMoreWidget__titleLink -secondFont u-bold u-upperCase\" href=\"https:\/\/www.startlap.hu\/vasarlas\/trump-unoka-luxus-bevasarlas\/\" >Ennyit k\u00f6lt\u00f6tt Trump unok\u00e1ja a vil\u00e1g egyik legdr\u00e1g\u00e1bb \u00e9lelmiszerboltj\u00e1ban &#8211; kiakadtak a kommentel\u0151k<\/a>\n\t\t<\/h3>\n\t\t<a class=\"m-readMoreWidget__btn -coloredBack u-tC link\" href=\"https:\/\/www.startlap.hu\/vasarlas\/trump-unoka-luxus-bevasarlas\/\" >Elolvasom<\/a>\n\t<\/div>\n<\/div>\n","protected":false},"excerpt":{"rendered":"<p>Sokan feln\u0151ttk\u00e9nt elhagyj\u00e1k a tejet \u00e9s a cukrot a k\u00e1v\u00e9b\u00f3l. A pszichol\u00f3gusok szerint ennek oka nem az \u00edzl\u00e9s, hanem a feln\u0151tt szerepekhez k\u00f6t\u0151d\u0151 t\u00e1rsadalmi minta.<\/p>\n","protected":false},"author":64,"featured_media":2278396,"comment_status":"closed","ping_status":"closed","sticky":false,"template":"","format":"standard","meta":{"footnotes":""},"categories":[8180],"tags":[4716,17737,2542,1245],"class_list":["post-2278395","post","type-post","status-publish","format-standard","has-post-thumbnail","hentry","category-trending","tag-cukor","tag-fekete","tag-kave","tag-pszichologia"],"aioseo_notices":[],"_links":{"self":[{"href":"https:\/\/www.startlap.hu\/vasarlas\/wp-json\/wp\/v2\/posts\/2278395","targetHints":{"allow":["GET"]}}],"collection":[{"href":"https:\/\/www.startlap.hu\/vasarlas\/wp-json\/wp\/v2\/posts"}],"about":[{"href":"https:\/\/www.startlap.hu\/vasarlas\/wp-json\/wp\/v2\/types\/post"}],"author":[{"embeddable":true,"href":"https:\/\/www.startlap.hu\/vasarlas\/wp-json\/wp\/v2\/users\/64"}],"replies":[{"embeddable":true,"href":"https:\/\/www.startlap.hu\/vasarlas\/wp-json\/wp\/v2\/comments?post=2278395"}],"version-history":[{"count":9,"href":"https:\/\/www.startlap.hu\/vasarlas\/wp-json\/wp\/v2\/posts\/2278395\/revisions"}],"predecessor-version":[{"id":2278406,"href":"https:\/\/www.startlap.hu\/vasarlas\/wp-json\/wp\/v2\/posts\/2278395\/revisions\/2278406"}],"wp:featuredmedia":[{"embeddable":true,"href":"https:\/\/www.startlap.hu\/vasarlas\/wp-json\/wp\/v2\/media\/2278396"}],"wp:attachment":[{"href":"https:\/\/www.startlap.hu\/vasarlas\/wp-json\/wp\/v2\/media?parent=2278395"}],"wp:term":[{"taxonomy":"category","embeddable":true,"href":"https:\/\/www.startlap.hu\/vasarlas\/wp-json\/wp\/v2\/categories?post=2278395"},{"taxonomy":"post_tag","embeddable":true,"href":"https:\/\/www.startlap.hu\/vasarlas\/wp-json\/wp\/v2\/tags?post=2278395"}],"curies":[{"name":"wp","href":"https:\/\/api.w.org\/{rel}","templated":true}]}}