{"id":2278379,"date":"2026-03-15T15:33:31","date_gmt":"2026-03-15T14:33:31","guid":{"rendered":"https:\/\/www.startlap.hu\/vasarlas\/?p=2278379"},"modified":"2026-03-15T14:20:59","modified_gmt":"2026-03-15T13:20:59","slug":"lidl-parkside-ultrahangos-allatriaszto-ar","status":"publish","type":"post","link":"https:\/\/www.startlap.hu\/vasarlas\/lidl-parkside-ultrahangos-allatriaszto-ar\/","title":{"rendered":"\u00daj Parkside eszk\u00f6z\u00e9rt indulhat a roham a Lidlbe: 4999 forint\u00e9rt \u00e1rulj\u00e1k, sok h\u00e1zn\u00e1l j\u00f3l j\u00f6het"},"content":{"rendered":"<p>A kertet, vetem\u00e9nyest vagy udvart gyakran nem csak a gazd\u00e1ja haszn\u00e1lja: macsk\u00e1k, kuty\u00e1k, nyestek, <a href=\"https:\/\/www.startlap.hu\/vasarlas\/ragcsalo-eger-patkany-vedekezes-fuszer-baberlevel\/\" target=\"_blank\" rel=\"noopener\">r\u00e1gcs\u00e1l\u00f3k<\/a> vagy ak\u00e1r vad\u00e1llatok is megjelenhetnek, \u00e9s komoly k\u00e1rokat okozhatnak a n\u00f6v\u00e9nyekben vagy a <a href=\"https:\/\/www.startlap.hu\/vasarlas\/legjobb-kerti-butor-nyar-tippek\/\" target=\"_blank\" rel=\"noopener\">kerti berendez\u00e9sekben<\/a>. Ilyenkor sokan nem csapd\u00e1khoz vagy vegyszerekhez ny\u00falnak, hanem ink\u00e1bb egy k\u00edm\u00e9letesebb megold\u00e1st v\u00e1lasztanak.<\/p>\n<div class=\"o-widget m-readMoreWidget -readMore u-shortDecorLineAfter row widget-container _ce_measure_widget bigdata-widget read-more\" data-ce-measure-widget=\"olvass tov\u00e1bb\">\n\t<div class=\"m-readMoreWidget__imgWrapper image-wrapper col-12 col-md-4 no-p\">\n\t\t<a class=\"m-readMoreWidget__imgLink\" href=\"https:\/\/www.startlap.hu\/vasarlas\/lidl-steffi-graf-kampany-sportmarka-crivit\/\" >\n\t\t\t<img decoding=\"async\" src=\"https:\/\/www.startlap.hu\/vasarlas\/uploads\/2026\/02\/lidl-bevasarlokocsik-vasarlok-350x285.jpg\" class=\"m-readMoreWidget__img\">\n\t\t<\/a>\n\t<\/div>\n\t<div class=\"m-readMoreWidget__titleWrapper title-wrapper col-12 col-md-8\">\n\t\t<span class=\"m-readMoreWidget__titleLabel u-shortDecorLineBefore label hidden-sm-up\">Ez is \u00e9rdekelhet:<\/span>\n\t\t<h3 class=\"m-readMoreWidget__title title\">\n\t\t\t<a class=\"m-readMoreWidget__titleLink -secondFont u-bold u-upperCase\" href=\"https:\/\/www.startlap.hu\/vasarlas\/lidl-steffi-graf-kampany-sportmarka-crivit\/\" >V\u00e1ratlan l\u00e9p\u00e9s: a Parkside mellett a Lidl \u00fajabb term\u00e9kekkel nyomul<\/a>\n\t\t<\/h3>\n\t\t<a class=\"m-readMoreWidget__btn -coloredBack u-tC link\" href=\"https:\/\/www.startlap.hu\/vasarlas\/lidl-steffi-graf-kampany-sportmarka-crivit\/\" >Elolvasom<\/a>\n\t<\/div>\n<\/div>\n<p>Az ultrahangos \u00e1llatriaszt\u00f3k nagyfrekvenci\u00e1s hanggal \u00e9s f\u00e9nyjelz\u00e9ssel igyekeznek t\u00e1vol tartani a nem k\u00edv\u00e1nt \u00e1llatokat &#8211; \u00fagy, hogy k\u00f6zben nem okoznak s\u00e9r\u00fcl\u00e9st. A <strong><a href=\"https:\/\/www.startlap.hu\/vasarlas\/lidl-nyitas-miskolc-akcio\/\" target=\"_blank\" rel=\"noopener\">Lidl<\/a><\/strong> k\u00f6vetkez\u0151 akci\u00f3j\u00e1ban egy ilyen k\u00e9sz\u00fcl\u00e9k is felt\u0171nik: m\u00e1rcius 19-t\u0151l, cs\u00fct\u00f6rt\u00f6kt\u0151l a Parkside ultrahangos \u00e1llatriaszt\u00f3 4999 forint\u00e9rt lesz kaphat\u00f3 az \u00e1ruh\u00e1zl\u00e1nc boltjaiban.<\/p>\n<h2>Mit tud a Lidl Parkside ultrahangos \u00e1llatriaszt\u00f3ja?<\/h2>\n<p>A <a href=\"https:\/\/akcios-ujsag.hu\/akcios-ujsagok\/lidl-nonfood-akcios-ujsag-2026-03-19-03-25\/\" target=\"_blank\" target=\"_blank\" rel=\"noopener\">Lidl akci\u00f3s \u00fajs\u00e1gja<\/a> szerint a Parkside k\u00e9sz\u00fcl\u00e9ke t\u00f6bbf\u00e9le riaszt\u00e1si m\u00f3dszert kombin\u00e1l:<\/p>\n<ul>\n<li>nagyfrekvenci\u00e1s ultrahangos jelz\u00e9s,<\/li>\n<li>villan\u00f3f\u00e9ny,<\/li>\n<li>mozg\u00e1s\u00e9rz\u00e9kel\u0151, amely aktiv\u00e1lja a k\u00e9sz\u00fcl\u00e9ket.<\/li>\n<\/ul>\n<p><strong>A fontosabb m\u0171szaki adatok:<\/strong><\/p>\n<ul>\n<li>hat\u00f3t\u00e1vols\u00e1g: maximum 8 m\u00e9ter,<\/li>\n<li>\u00e9rz\u00e9kel\u00e9si sz\u00f6g: kb. 110 fok,<\/li>\n<li>be\u00e9p\u00edtett napelem,<\/li>\n<li>\u00fajrat\u00f6lthet\u0151 Ni-Mh akkumul\u00e1tor,<\/li>\n<li>\u00e1ll\u00edthat\u00f3 mozg\u00e1s\u00e9rz\u00e9kel\u0151,<\/li>\n<li>falra is szerelhet\u0151.<\/li>\n<\/ul>\n<p>A <a href=\"https:\/\/www.startlap.hu\/vasarlas\/napelem-aramszunet-hiba-inverter\/\" target=\"_blank\" rel=\"noopener\">napelemes<\/a> m\u0171k\u00f6d\u00e9s k\u00fcl\u00f6n\u00f6sen praktikus: nem kell folyamatosan elemet cser\u00e9lni vagy h\u00e1l\u00f3zati \u00e1ramot biztos\u00edtani, \u00edgy a k\u00e9sz\u00fcl\u00e9k a kertben vagy udvaron is k\u00f6nnyen elhelyezhet\u0151. K\u00e9p a term\u00e9kr\u0151l az akci\u00f3s \u00fajs\u00e1gban.<\/p>\n<figure id=\"attachment_2278381\" aria-describedby=\"caption-attachment-2278381\" style=\"width: 755px\" class=\"wp-caption alignnone\"><a href=\"https:\/\/www.startlap.hu\/vasarlas\/uploads\/2026\/03\/lidl-aruhaz-scaled.jpg\"><img loading=\"lazy\" decoding=\"async\" class=\"size-article-size-large-image wp-image-2278381\" src=\"https:\/\/www.startlap.hu\/vasarlas\/uploads\/2026\/03\/lidl-aruhaz-755x502.jpg\" alt=\"A Lidl egyik \u00e1ruh\u00e1za.\" width=\"755\" height=\"502\" srcset=\"https:\/\/www.startlap.hu\/vasarlas\/uploads\/2026\/03\/lidl-aruhaz-755x502.jpg 755w, https:\/\/www.startlap.hu\/vasarlas\/uploads\/2026\/03\/lidl-aruhaz-1536x1022.jpg 1536w, https:\/\/www.startlap.hu\/vasarlas\/uploads\/2026\/03\/lidl-aruhaz-2048x1363.jpg 2048w, https:\/\/www.startlap.hu\/vasarlas\/uploads\/2026\/03\/lidl-aruhaz-250x165.jpg 250w, https:\/\/www.startlap.hu\/vasarlas\/uploads\/2026\/03\/lidl-aruhaz-526x350.jpg 526w\" sizes=\"auto, (max-width: 755px) 100vw, 755px\" \/><\/a><figcaption id=\"caption-attachment-2278381\" class=\"wp-caption-text\">A Lidl egyik \u00e1ruh\u00e1za. Fot\u00f3: Hans Lucas via AFP<\/figcaption><\/figure>\n<h2>Kinek lehet hasznos egy ultrahangos \u00e1llatriaszt\u00f3?<\/h2>\n<p>Az ilyen eszk\u00f6z\u00f6k legink\u00e1bb azoknak j\u00f6hetnek j\u00f3l, akik:<\/p>\n<ul>\n<li>szeretn\u00e9k megv\u00e9deni kerti n\u00f6v\u00e9nyeiket vagy vetem\u00e9nyes\u00fcket,<\/li>\n<li>gyakran tal\u00e1lkoznak k\u00f3bor macsk\u00e1kkal vagy kuty\u00e1kkal az udvaron,<\/li>\n<li>szeretn\u00e9k t\u00e1vol tartani a nyesteket, r\u00e1gcs\u00e1l\u00f3kat vagy egy\u00e9b kisebb \u00e1llatokat,<\/li>\n<li>vegyszermentes megold\u00e1st keresnek.<\/li>\n<\/ul>\n<p>A mozg\u00e1s\u00e9rz\u00e9kel\u0151 miatt a k\u00e9sz\u00fcl\u00e9k csak akkor aktiv\u00e1l\u00f3dik, amikor \u00e1llat k\u00f6zel\u00edt, ami energiatakar\u00e9kos m\u0171k\u00f6d\u00e9st eredm\u00e9nyez.<\/p>\n<h2>Mennyibe ker\u00fclnek a hasonl\u00f3 ultrahangos riaszt\u00f3k?<\/h2>\n<p>A webshopok k\u00edn\u00e1lat\u00e1t megn\u00e9zve el\u00e9g sz\u00e9les \u00e1rsk\u00e1l\u00e1t tal\u00e1lni:<\/p>\n<ul>\n<li>egyszer\u0171bb ultrahangos riaszt\u00f3k kb. 3000-3500 forintt\u00f3l indulnak,<\/li>\n<li>sok modell 8000-15 000 forint k\u00f6z\u00f6tti \u00e1ron kaphat\u00f3,<\/li>\n<li>a komolyabb, napelemes vagy nagyobb hat\u00f3t\u00e1v\u00fa k\u00e9sz\u00fcl\u00e9kek \u00e1ra ak\u00e1r 20 000 forint felett is lehet.<\/li>\n<\/ul>\n<p>P\u00e9ld\u00e1ul egy mozg\u00e1s\u00e9rz\u00e9kel\u0151s macskariaszt\u00f3 modell m\u00e1r 15 ezer forint k\u00f6r\u00fcl indul a web\u00e1ruh\u00e1zakban, mik\u00f6zben hasonl\u00f3 hat\u00f3t\u00e1vval m\u0171k\u00f6dik.<\/p>\n<h2>Meg\u00e9ri a Lidl aj\u00e1nlata?<\/h2>\n<p>A 4999 forintos \u00e1r a piaci k\u00edn\u00e1latot n\u00e9zve kifejezetten kedvez\u0151nek sz\u00e1m\u00edt, k\u00fcl\u00f6n\u00f6sen az\u00e9rt, mert a Parkside eszk\u00f6ze:<\/p>\n<ul>\n<li>napelemes,<\/li>\n<li>mozg\u00e1s\u00e9rz\u00e9kel\u0151s,<\/li>\n<li>villan\u00f3f\u00e9nnyel is riaszt,<\/li>\n<li>\u00e9s k\u00fclt\u00e9ri haszn\u00e1latra k\u00e9sz\u00fclt.<\/li>\n<\/ul>\n<p>Hasonl\u00f3 tud\u00e1s\u00fa modellek gyakran 8-15 ezer forint k\u00f6z\u00f6tt mozognak a webshopokban, \u00edgy a Lidl aj\u00e1nlata j\u00f3 \u00e1r-\u00e9rt\u00e9k ar\u00e1ny\u00fanak t\u0171nik.<\/p>\n<h2>Mikor lesz kaphat\u00f3 a Lidlben?<\/h2>\n<p>A <strong><a href=\"https:\/\/www.startlap.hu\/vasarlas\/lidl-parkside-szerszamok-titkok-barkacs\/\" target=\"_blank\" rel=\"noopener\">Parkside<\/a><\/strong> ultrahangos \u00e1llatriaszt\u00f3 2026. m\u00e1rcius 19-t\u0151l, cs\u00fct\u00f6rt\u00f6kt\u0151l ker\u00fcl a Lidl \u00fczleteibe 4999 forintos \u00e1ron.<\/p>\n<p>Mivel a bark\u00e1cs- \u00e9s kerti Parkside term\u00e9kek gyakran gyorsan elfogynak, k\u00f6nnyen lehet, hogy ez a praktikus kerti eszk\u00f6z is hamar elt\u0171nik a polcokr\u00f3l &#8211; f\u0151leg a tavaszi kerti szezon kezdet\u00e9n.<\/p>\n<p data-mrf-recirculation=\"[Article Startlap] Inline links\"><strong>\u00c9rdemes az&nbsp;<a href=\"https:\/\/akcios-ujsag.hu\/\" target=\"_blank\" target=\"_blank\" rel=\"noopener\" data-mrf-recirculation=\"[Article Startlap] Inline Links\" data-mrf-link=\"https:\/\/akcios-ujsag.hu\/\" data-mrf-recirculation-id=\"[Article Startlap] Inline Links_4\">Akci\u00f3s-\u00dajs\u00e1g.hu<\/a>&nbsp;oldal\u00e1n megtal\u00e1lhat\u00f3 m\u00e1s \u00e1ruh\u00e1zl\u00e1ncok akci\u00f3s term\u00e9keit is \u00e1tb\u00f6ng\u00e9szni, p\u00e9ld\u00e1ul:<\/strong><\/p>\n<ul>\n<li><a href=\"https:\/\/akcios-ujsag.hu\/akcios-ujsag\/elelmiszer-aruhaz\/aldi\/\" target=\"_blank\" target=\"_blank\" rel=\"noopener\"><strong>Aldi<\/strong><\/a><\/li>\n<li><a href=\"https:\/\/akcios-ujsag.hu\/akcios-ujsag\/elelmiszer-aruhaz\/auchan\/\" target=\"_blank\" target=\"_blank\" rel=\"noopener\"><strong>Auchan<\/strong><\/a><\/li>\n<li><a href=\"https:\/\/akcios-ujsag.hu\/akcios-ujsag\/elelmiszer-aruhaz\/spar-interspar\/\" target=\"_blank\" target=\"_blank\" rel=\"noopener\"><strong>Interspar<\/strong><\/a><\/li>\n<li><a href=\"https:\/\/akcios-ujsag.hu\/akcios-ujsag\/elelmiszer-aruhaz\/penny-market\/\" target=\"_blank\" target=\"_blank\" rel=\"noopener\"><strong>Penny&nbsp;<\/strong><\/a><\/li>\n<li><a href=\"https:\/\/akcios-ujsag.hu\/akcios-ujsag\/elelmiszer-aruhaz\/tesco\/\" target=\"_blank\" target=\"_blank\" rel=\"noopener\"><strong>Tesco<\/strong><\/a><\/li>\n<\/ul>\n<div class=\"o-widget m-readMoreWidget -readMore u-shortDecorLineAfter row widget-container _ce_measure_widget bigdata-widget read-more\" data-ce-measure-widget=\"olvass tov\u00e1bb\">\n\t<div class=\"m-readMoreWidget__imgWrapper image-wrapper col-12 col-md-4 no-p\">\n\t\t<a class=\"m-readMoreWidget__imgLink\" href=\"https:\/\/www.startlap.hu\/vasarlas\/zuhanyzas-egeszseg-idosek-orvos\/\" >\n\t\t\t<img decoding=\"async\" src=\"https:\/\/www.startlap.hu\/vasarlas\/uploads\/2026\/02\/zuhanyzas-2-350x285.jpg\" class=\"m-readMoreWidget__img\">\n\t\t<\/a>\n\t<\/div>\n\t<div class=\"m-readMoreWidget__titleWrapper title-wrapper col-12 col-md-8\">\n\t\t<span class=\"m-readMoreWidget__titleLabel u-shortDecorLineBefore label hidden-sm-up\">Ez is \u00e9rdekelhet:<\/span>\n\t\t<h3 class=\"m-readMoreWidget__title title\">\n\t\t\t<a class=\"m-readMoreWidget__titleLink -secondFont u-bold u-upperCase\" href=\"https:\/\/www.startlap.hu\/vasarlas\/zuhanyzas-egeszseg-idosek-orvos\/\" >Higi\u00e9nia 65 \u00e9v felett: nem naponta egyszer, nem hetente egyszer &#8211; ilyen gyakran aj\u00e1nlott a zuhanyoz\u00e1s id\u0151s korban<\/a>\n\t\t<\/h3>\n\t\t<a class=\"m-readMoreWidget__btn -coloredBack u-tC link\" href=\"https:\/\/www.startlap.hu\/vasarlas\/zuhanyzas-egeszseg-idosek-orvos\/\" >Elolvasom<\/a>\n\t<\/div>\n<\/div>\n","protected":false},"excerpt":{"rendered":"<p>A tavaszi kert\u00e9szked\u00e9s egyik visszat\u00e9r\u0151 probl\u00e9m\u00e1ja, hogy az udvart vagy a vetem\u00e9nyest gyakran k\u00f3bor \u00e1llatok l\u00e1togatj\u00e1k. A Lidl most egy praktikus megold\u00e1st k\u00edn\u00e1l erre.<\/p>\n","protected":false},"author":45,"featured_media":2278381,"comment_status":"closed","ping_status":"closed","sticky":false,"template":"","format":"standard","meta":{"footnotes":""},"categories":[8180],"tags":[2368,280,19147],"class_list":["post-2278379","post","type-post","status-publish","format-standard","has-post-thumbnail","hentry","category-trending","tag-akcio","tag-lidl","tag-parkside"],"aioseo_notices":[],"_links":{"self":[{"href":"https:\/\/www.startlap.hu\/vasarlas\/wp-json\/wp\/v2\/posts\/2278379","targetHints":{"allow":["GET"]}}],"collection":[{"href":"https:\/\/www.startlap.hu\/vasarlas\/wp-json\/wp\/v2\/posts"}],"about":[{"href":"https:\/\/www.startlap.hu\/vasarlas\/wp-json\/wp\/v2\/types\/post"}],"author":[{"embeddable":true,"href":"https:\/\/www.startlap.hu\/vasarlas\/wp-json\/wp\/v2\/users\/45"}],"replies":[{"embeddable":true,"href":"https:\/\/www.startlap.hu\/vasarlas\/wp-json\/wp\/v2\/comments?post=2278379"}],"version-history":[{"count":2,"href":"https:\/\/www.startlap.hu\/vasarlas\/wp-json\/wp\/v2\/posts\/2278379\/revisions"}],"predecessor-version":[{"id":2278382,"href":"https:\/\/www.startlap.hu\/vasarlas\/wp-json\/wp\/v2\/posts\/2278379\/revisions\/2278382"}],"wp:featuredmedia":[{"embeddable":true,"href":"https:\/\/www.startlap.hu\/vasarlas\/wp-json\/wp\/v2\/media\/2278381"}],"wp:attachment":[{"href":"https:\/\/www.startlap.hu\/vasarlas\/wp-json\/wp\/v2\/media?parent=2278379"}],"wp:term":[{"taxonomy":"category","embeddable":true,"href":"https:\/\/www.startlap.hu\/vasarlas\/wp-json\/wp\/v2\/categories?post=2278379"},{"taxonomy":"post_tag","embeddable":true,"href":"https:\/\/www.startlap.hu\/vasarlas\/wp-json\/wp\/v2\/tags?post=2278379"}],"curies":[{"name":"wp","href":"https:\/\/api.w.org\/{rel}","templated":true}]}}