{"id":2278375,"date":"2026-03-14T20:55:08","date_gmt":"2026-03-14T19:55:08","guid":{"rendered":"https:\/\/www.startlap.hu\/vasarlas\/?p=2278375"},"modified":"2026-03-14T20:56:03","modified_gmt":"2026-03-14T19:56:03","slug":"vedett-ar-benzinarstop","status":"publish","type":"post","link":"https:\/\/www.startlap.hu\/vasarlas\/vedett-ar-benzinarstop\/","title":{"rendered":"Benzin\u00e1rstop: t\u00edzmilli\u00f3 forint feletti b\u00fcntet\u00e9sek j\u00f6hetnek"},"content":{"rendered":"<p>Fokozott vizsg\u00e1latok indulnak a benzinkutakn\u00e1l, ak\u00e1r milli\u00f3s b\u00edrs\u00e1g is kiszabhat\u00f3 &#8211; \u00edrja a <strong><a href=\"https:\/\/www.hirstart.hu\/site\/relocate.php?rssid=71&amp;rsspid=3&amp;ctype=rss&amp;id=44475626&amp;chk=331b71ac56c67bca9ddf3e9779ac5c15&amp;url=https%3A%2F%2Fwww.blikk.hu%2Fgazdasag%2Fvasarlas%2Fnav-benzinkutak-ellenorzes-buntetes-vedett-ar%2Fe7dzs18%3Futm_source%3Dhirstart%26utm_medium%3Dcpc%26utm_campaign%3Dblikk-hirstart\" target=\"_blank\" target=\"_blank\" rel=\"noopener\">Blikk<\/a><\/strong>.&nbsp;<\/p>\n<p>A Nemzeti Ad\u00f3- \u00e9s V\u00e1mhivatal (NAV) fokozottan ellen\u0151rzi, hogy a v\u00e9dett \u00e1r\u00fa \u00fczemanyagokra vonatkoz\u00f3 el\u0151\u00edr\u00e1sokat betartj\u00e1k-e a benzinkutakon \u00e9s a telephelyi fogad\u00f3helyeken.<\/p>\n<p>A szab\u00e1lyok megszeg\u00e9se komoly k\u00f6vetkezm\u00e9nyekkel j\u00e1rhat, mert a hivatal m\u00e1r az <strong>els\u0151 jogs\u00e9rt\u00e9sn\u00e9l is ak\u00e1r 15 milli\u00f3 forintos b\u00edrs\u00e1got kiszabhat.<\/strong><\/p>\n<p>A vizsg\u00e1latok c\u00e9lja, hogy biztos\u00edts\u00e1k a folyamatos \u00fczemanyag-ell\u00e1t\u00e1st \u00e9s megel\u0151zz\u00e9k az esetleges vissza\u00e9l\u00e9seket.<\/p>\n<h2>Kinek j\u00e1r a v\u00e9dett \u00e1r?<\/h2>\n<p>A magyar rendsz\u00e1m\u00fa j\u00e1rm\u0171vek eset\u00e9ben a <strong>95-\u00f6s <a href=\"https:\/\/www.startlap.hu\/vasarlas\/benzinarstop-vedett-ar-orban-bejelentes\/\" target=\"_blank\" rel=\"noopener\">benzin<\/a> literje 595 forintos<\/strong>, a <strong>d\u00edzel\u00e9 pedig 615 forintos<\/strong> v\u00e9dett \u00e1ron v\u00e1s\u00e1rolhat\u00f3 meg.<\/p>\n<p>A kedvezm\u00e9ny nemcsak a kutakn\u00e1l, hanem a telephelyi fogad\u00f3helyeken is \u00e9rv\u00e9nyes, viszont k\u00fclf\u00f6ldi rendsz\u00e1m\u00fa j\u00e1rm\u0171vek nem vehetik ig\u00e9nybe a v\u00e9dett \u00e1rat.<\/p>\n<figure id=\"attachment_2278377\" aria-describedby=\"caption-attachment-2278377\" style=\"width: 755px\" class=\"wp-caption alignnone\"><img loading=\"lazy\" decoding=\"async\" class=\"size-article-size-large-image wp-image-2278377\" src=\"https:\/\/www.startlap.hu\/vasarlas\/uploads\/2026\/03\/benzin_tankolas_auto_kocsi_-755x503.jpg\" alt=\"Egy f\u00e9rfi \u00fczemanyagot tankol az aut\u00f3ba\" width=\"755\" height=\"503\" srcset=\"https:\/\/www.startlap.hu\/vasarlas\/uploads\/2026\/03\/benzin_tankolas_auto_kocsi_-755x503.jpg 755w, https:\/\/www.startlap.hu\/vasarlas\/uploads\/2026\/03\/benzin_tankolas_auto_kocsi_-525x350.jpg 525w, https:\/\/www.startlap.hu\/vasarlas\/uploads\/2026\/03\/benzin_tankolas_auto_kocsi_.jpg 1200w\" sizes=\"auto, (max-width: 755px) 100vw, 755px\" \/><figcaption id=\"caption-attachment-2278377\" class=\"wp-caption-text\">Fot\u00f3: Getty Images<\/figcaption><\/figure>\n<p>A v\u00e9dett \u00e1r\u00fa \u00fczemanyag kiz\u00e1r\u00f3lag a <strong>j\u00e1rm\u0171 tankj\u00e1ba t\u00f6lthet\u0151, kann\u00e1ba vagy egy\u00e9b t\u00e1rol\u00f3ed\u00e9nybe nem.<\/strong><\/p>\n<p>A kutak \u00fczemeltet\u0151inek ellen\u0151rizni\u00fck kell a jogosults\u00e1got, amelyet a j\u00e1rm\u0171 rendsz\u00e1ma, illetve rendsz\u00e1m n\u00e9lk\u00fcli j\u00e1rm\u0171n\u00e9l a magyar honoss\u00e1got igazol\u00f3 dokumentum bizony\u00edt.<\/p>\n<h2>Mit ellen\u0151riz a NAV?<\/h2>\n<p>A NAV rendszeresen vizsg\u00e1lja a <strong>benzinkutak \u00e9s telephelyek m\u0171k\u00f6d\u00e9s\u00e9t<\/strong> annak \u00e9rdek\u00e9ben, hogy a szab\u00e1lyok betart\u00e1sa biztos\u00edtott legyen.<\/p>\n<p>Az ellen\u0151rz\u00e9sek nem csup\u00e1n a v\u00e9dett \u00e1r\u00fa \u00fczemanyagok elad\u00e1s\u00e1ra vonatkoznak, hanem a nyitvatart\u00e1si rendre, az esetleges \u00fczemsz\u00fcnetekre, illetve az <strong>\u00e9rt\u00e9kes\u00edtett \u00fczemanyagok t\u00edpus\u00e1ra \u00e9s \u00f6sszet\u00e9tel\u00e9re is.<\/strong><\/p>\n<p>A hivatal kock\u00e1zatelemz\u0151i az online p\u00e9nzt\u00e1rg\u00e9pek adatai, a sz\u00e1ml\u00e1k \u00e9s a k\u00fcl\u00f6nf\u00e9le adatszolg\u00e1ltat\u00e1sok alapj\u00e1n is elemzik a t\u00f6lt\u0151\u00e1llom\u00e1sokat m\u0171k\u00f6dtet\u0151 v\u00e1llalkoz\u00e1sok tev\u00e9kenys\u00e9g\u00e9t.<\/p>\n<p>Ha b\u00e1rmilyen szab\u00e1lytalans\u00e1g gyan\u00faja felmer\u00fcl, a NAV halad\u00e9ktalanul l\u00e9p\u00e9seket tesz.<\/p>\n<h2>Mekkora b\u00edrs\u00e1g j\u00e1rhat?<\/h2>\n<p>A szab\u00e1lyok megs\u00e9rt\u00e9se jelent\u0151s p\u00e9nzb\u00edrs\u00e1got eredm\u00e9nyezhet.<\/p>\n<blockquote class=\"article__extraTxt\"><p>P\u00e9ld\u00e1ul ha egy k\u00fclf\u00f6ldi rendsz\u00e1m\u00fa j\u00e1rm\u0171vet v\u00e9dett \u00e1r\u00fa \u00fczemanyaggal tankolnak meg, vagy az \u00fczemanyagot nem a j\u00e1rm\u0171 tankj\u00e1ba t\u00f6ltik, a b\u00edrs\u00e1g 6 \u00e9s 15 milli\u00f3 forint k\u00f6z\u00f6tt lehet.<\/p><\/blockquote>\n<p>A legkisebb kiszabhat\u00f3 b\u00edrs\u00e1g is nagyon magas, ez\u00e9rt ak\u00e1r egy kisebb szab\u00e1lyszeg\u00e9s, p\u00e9ld\u00e1ul egy kann\u00e1ba t\u00f6rt\u00e9n\u0151 jogosulatlan tankol\u00e1s is komoly anyagi k\u00f6vetkezm\u00e9nyekkel j\u00e1rhat.<\/p>\n<p>A NAV c\u00e9lja, hogy a szab\u00e1lyok \u00e9rv\u00e9nyes\u00edt\u00e9s\u00e9vel fenntartsa a folyamatos \u00fczemanyag-ell\u00e1t\u00e1st \u00e9s megel\u0151zze a vissza\u00e9l\u00e9seket.<\/p>\n<h2>Sz\u00e9les k\u00f6r\u0171 adatellen\u0151rz\u00e9s<\/h2>\n<p>A hivatal nemcsak a kutakat \u00e9s telephelyeket ellen\u0151rzi, <strong>hanem az importadatokat, a j\u00f6ved\u00e9ki adatszolg\u00e1ltat\u00e1sokat \u00e9s az online sz\u00e1mlaadat-jelent\u00e9seket<\/strong> is figyelemmel k\u00eds\u00e9ri. Ezzel garant\u00e1lj\u00e1k, hogy a nagykeresked\u0151k folyamatosan elegend\u0151 mennyis\u00e9g\u0171 \u00fczemanyagot juttassanak el a benzinkutakhoz.<\/p>\n<p>A NAV emellett t\u00e1j\u00e9koztatja az \u00e9rintetteket a szab\u00e1lyokr\u00f3l \u00e9s a sz\u00fcks\u00e9ges adatszolg\u00e1ltat\u00e1sokr\u00f3l, amelyek legfrissebb r\u00e9szletei a hivatal honlapj\u00e1n tal\u00e1lhat\u00f3k meg.<\/p>\n<p>A vizsg\u00e1latok \u00e9s a szigor\u00fa szankci\u00f3k c\u00e9lja, hogy a v\u00e9dett \u00e1r\u00fa \u00fczemanyagokra vonatkoz\u00f3 el\u0151\u00edr\u00e1sok betart\u00e1sa minden \u00e9rintett sz\u00e1m\u00e1ra egy\u00e9rtelm\u0171 \u00e9s k\u00f6telez\u0151 legyen.<\/p>\n<div class=\"o-widget m-readMoreWidget -readMore u-shortDecorLineAfter row widget-container _ce_measure_widget bigdata-widget read-more\" data-ce-measure-widget=\"olvass tov\u00e1bb\">\n\t<div class=\"m-readMoreWidget__imgWrapper image-wrapper col-12 col-md-4 no-p\">\n\t\t<a class=\"m-readMoreWidget__imgLink\" href=\"https:\/\/www.startlap.hu\/vasarlas\/bojler-aramfogyasztas-rezsi\/\" >\n\t\t\t<img decoding=\"async\" src=\"https:\/\/www.startlap.hu\/vasarlas\/uploads\/2026\/03\/villanyora_nezelodes_-350x285.jpg\" class=\"m-readMoreWidget__img\">\n\t\t<\/a>\n\t<\/div>\n\t<div class=\"m-readMoreWidget__titleWrapper title-wrapper col-12 col-md-8\">\n\t\t<span class=\"m-readMoreWidget__titleLabel u-shortDecorLineBefore label hidden-sm-up\">Ez is \u00e9rdekelhet:<\/span>\n\t\t<h3 class=\"m-readMoreWidget__title title\">\n\t\t\t<a class=\"m-readMoreWidget__titleLink -secondFont u-bold u-upperCase\" href=\"https:\/\/www.startlap.hu\/vasarlas\/bojler-aramfogyasztas-rezsi\/\" >Ez a falra tett k\u00e9sz\u00fcl\u00e9k viheti az \u00e1ramfogyaszt\u00e1s 25 sz\u00e1zal\u00e9k\u00e1t<\/a>\n\t\t<\/h3>\n\t\t<a class=\"m-readMoreWidget__btn -coloredBack u-tC link\" href=\"https:\/\/www.startlap.hu\/vasarlas\/bojler-aramfogyasztas-rezsi\/\" >Elolvasom<\/a>\n\t<\/div>\n<\/div>\n","protected":false},"excerpt":{"rendered":"<p>A NAV szigor\u00faan ellen\u0151rzi a v\u00e9dett \u00e1r\u00fa \u00fczemanyagok \u00e9rt\u00e9kes\u00edt\u00e9s\u00e9t a benzinkutakon. A szab\u00e1lyok megszeg\u00e9se eset\u00e9n ak\u00e1r t\u00f6bb milli\u00f3s b\u00edrs\u00e1got is kiszabhatnak.<\/p>\n","protected":false},"author":8,"featured_media":2278377,"comment_status":"closed","ping_status":"closed","sticky":false,"template":"","format":"standard","meta":{"footnotes":""},"categories":[8180],"tags":[16941,305,4478],"class_list":["post-2278375","post","type-post","status-publish","format-standard","has-post-thumbnail","hentry","category-trending","tag-benzinarstop","tag-nav","tag-penzbirsag"],"aioseo_notices":[],"_links":{"self":[{"href":"https:\/\/www.startlap.hu\/vasarlas\/wp-json\/wp\/v2\/posts\/2278375","targetHints":{"allow":["GET"]}}],"collection":[{"href":"https:\/\/www.startlap.hu\/vasarlas\/wp-json\/wp\/v2\/posts"}],"about":[{"href":"https:\/\/www.startlap.hu\/vasarlas\/wp-json\/wp\/v2\/types\/post"}],"author":[{"embeddable":true,"href":"https:\/\/www.startlap.hu\/vasarlas\/wp-json\/wp\/v2\/users\/8"}],"replies":[{"embeddable":true,"href":"https:\/\/www.startlap.hu\/vasarlas\/wp-json\/wp\/v2\/comments?post=2278375"}],"version-history":[{"count":2,"href":"https:\/\/www.startlap.hu\/vasarlas\/wp-json\/wp\/v2\/posts\/2278375\/revisions"}],"predecessor-version":[{"id":2278378,"href":"https:\/\/www.startlap.hu\/vasarlas\/wp-json\/wp\/v2\/posts\/2278375\/revisions\/2278378"}],"wp:featuredmedia":[{"embeddable":true,"href":"https:\/\/www.startlap.hu\/vasarlas\/wp-json\/wp\/v2\/media\/2278377"}],"wp:attachment":[{"href":"https:\/\/www.startlap.hu\/vasarlas\/wp-json\/wp\/v2\/media?parent=2278375"}],"wp:term":[{"taxonomy":"category","embeddable":true,"href":"https:\/\/www.startlap.hu\/vasarlas\/wp-json\/wp\/v2\/categories?post=2278375"},{"taxonomy":"post_tag","embeddable":true,"href":"https:\/\/www.startlap.hu\/vasarlas\/wp-json\/wp\/v2\/tags?post=2278375"}],"curies":[{"name":"wp","href":"https:\/\/api.w.org\/{rel}","templated":true}]}}