{"id":2278371,"date":"2026-03-14T10:21:15","date_gmt":"2026-03-14T09:21:15","guid":{"rendered":"https:\/\/www.startlap.hu\/vasarlas\/?p=2278371"},"modified":"2026-03-14T10:21:15","modified_gmt":"2026-03-14T09:21:15","slug":"bojler-aramfogyasztas-rezsi","status":"publish","type":"post","link":"https:\/\/www.startlap.hu\/vasarlas\/bojler-aramfogyasztas-rezsi\/","title":{"rendered":"Ez a falra tett k\u00e9sz\u00fcl\u00e9k viheti az \u00e1ramfogyaszt\u00e1s 25 sz\u00e1zal\u00e9k\u00e1t"},"content":{"rendered":"<p>Nem a h\u0171t\u0151 vagy a s\u00fct\u0151 a felel\u0151s a legt\u00f6bb elpazarolt energi\u00e1\u00e9rt, hanem egy sokkal \u00e9hesebb h\u00e1ztart\u00e1si berendez\u00e9s &#8211; \u00edrja a <strong><a href=\"https:\/\/www.hirstart.hu\/site\/relocate.php?rssid=71&amp;rsspid=3&amp;ctype=rss&amp;id=44458418&amp;chk=9999c93843b7d7f4282a7c4ef654d29b&amp;url=https%3A%2F%2Fwww.blikk.hu%2Fferfiaknak%2Ftech%2Faramfalo-haztartasi-eszkoz-energia%2Ff93x9qc%3Futm_source%3Dhirstart%26utm_medium%3Dcpc%26utm_campaign%3Dblikk-hirstart\" target=\"_blank\" target=\"_blank\" rel=\"noopener\">Blikk<\/a><\/strong>.<\/p>\n<div class=\"o-widget m-readMoreWidget -readMore u-shortDecorLineAfter row widget-container _ce_measure_widget bigdata-widget read-more\" data-ce-measure-widget=\"olvass tov\u00e1bb\">\n\t<div class=\"m-readMoreWidget__imgWrapper image-wrapper col-12 col-md-4 no-p\">\n\t\t<a class=\"m-readMoreWidget__imgLink\" href=\"https:\/\/www.startlap.hu\/vasarlas\/zuhanyzas-egeszseg-idosek-orvos\/\" >\n\t\t\t<img decoding=\"async\" src=\"https:\/\/www.startlap.hu\/vasarlas\/uploads\/2026\/02\/zuhanyzas-2-350x285.jpg\" class=\"m-readMoreWidget__img\">\n\t\t<\/a>\n\t<\/div>\n\t<div class=\"m-readMoreWidget__titleWrapper title-wrapper col-12 col-md-8\">\n\t\t<span class=\"m-readMoreWidget__titleLabel u-shortDecorLineBefore label hidden-sm-up\">Ez is \u00e9rdekelhet:<\/span>\n\t\t<h3 class=\"m-readMoreWidget__title title\">\n\t\t\t<a class=\"m-readMoreWidget__titleLink -secondFont u-bold u-upperCase\" href=\"https:\/\/www.startlap.hu\/vasarlas\/zuhanyzas-egeszseg-idosek-orvos\/\" >Higi\u00e9nia 65 \u00e9v felett: nem naponta egyszer, nem hetente egyszer &#8211; ilyen gyakran aj\u00e1nlott a zuhanyoz\u00e1s id\u0151s korban<\/a>\n\t\t<\/h3>\n\t\t<a class=\"m-readMoreWidget__btn -coloredBack u-tC link\" href=\"https:\/\/www.startlap.hu\/vasarlas\/zuhanyzas-egeszseg-idosek-orvos\/\" >Elolvasom<\/a>\n\t<\/div>\n<\/div>\n<p>A <strong><a href=\"https:\/\/www.startlap.hu\/vasarlas\/one-magyarorszag-csalas-visszaeles-fiok-feltores\/\" target=\"_blank\" rel=\"noopener\">sz\u00e1ml\u00e1k<\/a><\/strong> l\u00e1tt\u00e1n \u00e1ltal\u00e1ban a korosabb h\u0171t\u0151szekr\u00e9nyekre vagy a s\u00fct\u0151kre gyanakszunk, holott a val\u00f3di energiav\u00e1mp\u00edr \u00e9szrev\u00e9tlen\u00fcl simul a falra.<\/p>\n<p>Szak\u00e9rt\u0151i becsl\u00e9sek alapj\u00e1n a teljes otthoni \u00e1ramfelhaszn\u00e1l\u00e1s negyed\u00e9t is felem\u00e9sztheti ez a folyamatosan \u00fczemel\u0151 eszk\u00f6z. Felt\u00e1rjuk, melyik g\u00e9p fogyaszt\u00e1sa sz\u00e1rnyalja t\u00fal a h\u0171t\u0151 \u00e9s a TV egy\u00fcttes ig\u00e9ny\u00e9t, \u00e9s adunk n\u00e9h\u00e1ny tippet a rezsi cs\u00f6kkent\u00e9s\u00e9hez.<\/p>\n<h2>A bojler a val\u00f3di b\u0171n\u00f6s<\/h2>\n<p>Kevesen tudj\u00e1k, de az otthoni energiafogyaszt\u00e1s cs\u00facs\u00e1n nem a szem el\u0151tt l\u00e9v\u0151 g\u00e9pek, hanem a h\u00e1tt\u00e9rben n\u00e9m\u00e1n \u00fczemel\u0151 <strong>villanybojler \u00e1ll<\/strong>. M\u00edg a s\u00fct\u0151 csak id\u0151szakosan megy, a <strong>bojler \u00e1lland\u00f3 k\u00e9sz\u00fclts\u00e9gben van<\/strong>, \u00e9s akkor is tucatnyi liter vizet f\u0171t, amikor \u00fcres a lak\u00e1s.<\/p>\n<blockquote class=\"article__extraTxt\"><p>Cseh hat\u00f3s\u00e1gi adatok igazolj\u00e1k, hogy a v\u00edzmeleg\u00edt\u00e9s a teljes rezsi 20-25 sz\u00e1zal\u00e9k\u00e1t is elviheti a l\u00e9tsz\u00e1mt\u00f3l \u00e9s a szok\u00e1sokt\u00f3l f\u00fcgg\u0151en.<\/p><\/blockquote>\n<p>Az ar\u00e1nyok v\u00e9gett: m\u00edg egy korszer\u0171 h\u0171t\u0151 \u00e9ves szinten <strong>150\u2013250 kWh-val be\u00e9ri<\/strong>, egy n\u00e9gyf\u0151s csal\u00e1d bojlere ak\u00e1r <strong>2000 kWh felett is<\/strong> fogyaszthat ugyanennyi id\u0151 alatt.<\/p>\n<p>Ez azt jelenti, hogy a v\u00edzmeleg\u00edt\u0151 ak\u00e1r t\u00edzszer t\u00f6bb \u00e1ramot is elhaszn\u00e1lhat, mint a h\u0171t\u0151szekr\u00e9ny.<\/p>\n<h2>Mi\u00e9rt fogyaszt ennyit?<\/h2>\n<p>A magyar\u00e1zat a <strong>folyamatos h\u0151veszt\u00e9sben<\/strong> keresend\u0151. A tart\u00e1lyban l\u00e9v\u0151 v\u00edz h\u0171l\u00e9se miatt a k\u00e9sz\u00fcl\u00e9knek k\u00e9nyszer\u0171en, ciklikusan \u00fajra kell f\u0171tenie. A gyenge szigetel\u00e9s\u0171, elavult t\u00edpusokn\u00e1l ez <strong>gyakorlatilag sz\u00fcnetmentes \u00e1ramfelv\u00e9telt eredm\u00e9nyez.<\/strong><\/p>\n<figure id=\"attachment_2278372\" aria-describedby=\"caption-attachment-2278372\" style=\"width: 755px\" class=\"wp-caption alignnone\"><img loading=\"lazy\" decoding=\"async\" class=\"size-article-size-large-image wp-image-2278372\" src=\"https:\/\/www.startlap.hu\/vasarlas\/uploads\/2026\/03\/villanyora_nezelodes_-755x536.jpg\" alt=\"Egy f\u00e9rfi a villany\u00f3ra sz\u00e1ml\u00e1l\u00f3j\u00e1t n\u00e9zi\" width=\"755\" height=\"536\" srcset=\"https:\/\/www.startlap.hu\/vasarlas\/uploads\/2026\/03\/villanyora_nezelodes_-755x536.jpg 755w, https:\/\/www.startlap.hu\/vasarlas\/uploads\/2026\/03\/villanyora_nezelodes_-493x350.jpg 493w, https:\/\/www.startlap.hu\/vasarlas\/uploads\/2026\/03\/villanyora_nezelodes_.jpg 1200w\" sizes=\"auto, (max-width: 755px) 100vw, 755px\" \/><figcaption id=\"caption-attachment-2278372\" class=\"wp-caption-text\">Fot\u00f3: Bernd Vogel \/ Getty Images<\/figcaption><\/figure>\n<p>A t\u00falzottan magasra, p\u00e9ld\u00e1ul 70 fokra tekert termoszt\u00e1t nemcsak pazarl\u00f3, de a v\u00edzk\u00f6vesed\u00e9st is felgyors\u00edtja. A f\u0171t\u0151elemre tapad\u00f3 v\u00edzk\u0151r\u00e9teg miatt a g\u00e9p sokkal lassabban \u00e9s t\u00f6bb energi\u00e1val tudja csak el\u00e9rni a k\u00edv\u00e1nt h\u0151fokot.<\/p>\n<h2>\u00cdgy faraghatsz a rezsin<\/h2>\n<p>Milyen m\u00f3dszerekkel m\u00e9rs\u00e9kelhetj\u00fck a kiad\u00e1sokat? A megold\u00e1shoz <strong>nem felt\u00e9tlen\u00fcl sz\u00fcks\u00e9ges azonnal \u00faj berendez\u00e9st v\u00e1s\u00e1rolni<\/strong>. P\u00e1r apr\u00f3 v\u00e1ltoztat\u00e1ssal is jelent\u0151s megtakar\u00edt\u00e1s \u00e9rhet\u0151 el:<\/p>\n<ul>\n<li><strong>Termoszt\u00e1t be\u00e1ll\u00edt\u00e1sa:<\/strong> c\u00e9lozzuk meg az 55\u201360 fokos tartom\u00e1nyt. Ez a be\u00e1ll\u00edt\u00e1s ide\u00e1lis egyens\u00falyt teremt a komfort\u00e9rzet, a h\u0151tart\u00e1s \u00e9s a v\u00edzk\u0151 elleni v\u00e9delem k\u00f6z\u00f6tt.<\/li>\n<li><strong>Ha m\u00e9gis v\u00e1s\u00e1roln\u00e1nk:<\/strong> \u00faj eszk\u00f6z v\u00e1laszt\u00e1sakor a v\u00e9tel\u00e1r mellett figyelj\u00fcnk a <strong>szigetel\u00e9s min\u0151s\u00e9g\u00e9re<\/strong> \u00e9s az energiaoszt\u00e1lyra, mivel a modern g\u00e9pek h\u0151tart\u00e1sa sokkal jobb.<\/li>\n<\/ul>\n<div class=\"o-widget m-readMoreWidget -readMore u-shortDecorLineAfter row widget-container _ce_measure_widget bigdata-widget read-more\" data-ce-measure-widget=\"olvass tov\u00e1bb\">\n\t<div class=\"m-readMoreWidget__imgWrapper image-wrapper col-12 col-md-4 no-p\">\n\t\t<a class=\"m-readMoreWidget__imgLink\" href=\"https:\/\/www.startlap.hu\/vasarlas\/konnektor-valtozas-aram\/\" >\n\t\t\t<img decoding=\"async\" src=\"https:\/\/www.startlap.hu\/vasarlas\/uploads\/2026\/03\/konnektor-3-350x285.jpg\" class=\"m-readMoreWidget__img\">\n\t\t<\/a>\n\t<\/div>\n\t<div class=\"m-readMoreWidget__titleWrapper title-wrapper col-12 col-md-8\">\n\t\t<span class=\"m-readMoreWidget__titleLabel u-shortDecorLineBefore label hidden-sm-up\">Ez is \u00e9rdekelhet:<\/span>\n\t\t<h3 class=\"m-readMoreWidget__title title\">\n\t\t\t<a class=\"m-readMoreWidget__titleLink -secondFont u-bold u-upperCase\" href=\"https:\/\/www.startlap.hu\/vasarlas\/konnektor-valtozas-aram\/\" >Elt\u0171nhet a hagyom\u00e1nyos konnektor? Az \u00faj technol\u00f3gia m\u00e1r kopogtat az otthonok ajtaj\u00e1n<\/a>\n\t\t<\/h3>\n\t\t<a class=\"m-readMoreWidget__btn -coloredBack u-tC link\" href=\"https:\/\/www.startlap.hu\/vasarlas\/konnektor-valtozas-aram\/\" >Elolvasom<\/a>\n\t<\/div>\n<\/div>\n","protected":false},"excerpt":{"rendered":"<p>Nem a h\u0171t\u0151 a f\u0151 b\u0171n\u00f6s: ez a falon l\u00f3g\u00f3 g\u00e9p viszi el a rezsi negyed\u00e9t. Mutatjuk az egyszer\u0171 be\u00e1ll\u00edt\u00e1st, amivel s\u00falyos t\u00edzezreket faraghatsz le a villanysz\u00e1ml\u00e1db\u00f3l.<\/p>\n","protected":false},"author":8,"featured_media":2278372,"comment_status":"closed","ping_status":"closed","sticky":false,"template":"","format":"standard","meta":{"footnotes":""},"categories":[8180],"tags":[19091,17571,2389],"class_list":["post-2278371","post","type-post","status-publish","format-standard","has-post-thumbnail","hentry","category-trending","tag-aramszamlazas","tag-bojler","tag-rezsi"],"aioseo_notices":[],"_links":{"self":[{"href":"https:\/\/www.startlap.hu\/vasarlas\/wp-json\/wp\/v2\/posts\/2278371","targetHints":{"allow":["GET"]}}],"collection":[{"href":"https:\/\/www.startlap.hu\/vasarlas\/wp-json\/wp\/v2\/posts"}],"about":[{"href":"https:\/\/www.startlap.hu\/vasarlas\/wp-json\/wp\/v2\/types\/post"}],"author":[{"embeddable":true,"href":"https:\/\/www.startlap.hu\/vasarlas\/wp-json\/wp\/v2\/users\/8"}],"replies":[{"embeddable":true,"href":"https:\/\/www.startlap.hu\/vasarlas\/wp-json\/wp\/v2\/comments?post=2278371"}],"version-history":[{"count":1,"href":"https:\/\/www.startlap.hu\/vasarlas\/wp-json\/wp\/v2\/posts\/2278371\/revisions"}],"predecessor-version":[{"id":2278373,"href":"https:\/\/www.startlap.hu\/vasarlas\/wp-json\/wp\/v2\/posts\/2278371\/revisions\/2278373"}],"wp:featuredmedia":[{"embeddable":true,"href":"https:\/\/www.startlap.hu\/vasarlas\/wp-json\/wp\/v2\/media\/2278372"}],"wp:attachment":[{"href":"https:\/\/www.startlap.hu\/vasarlas\/wp-json\/wp\/v2\/media?parent=2278371"}],"wp:term":[{"taxonomy":"category","embeddable":true,"href":"https:\/\/www.startlap.hu\/vasarlas\/wp-json\/wp\/v2\/categories?post=2278371"},{"taxonomy":"post_tag","embeddable":true,"href":"https:\/\/www.startlap.hu\/vasarlas\/wp-json\/wp\/v2\/tags?post=2278371"}],"curies":[{"name":"wp","href":"https:\/\/api.w.org\/{rel}","templated":true}]}}