{"id":2278311,"date":"2026-03-12T21:48:33","date_gmt":"2026-03-12T20:48:33","guid":{"rendered":"https:\/\/www.startlap.hu\/vasarlas\/?p=2278311"},"modified":"2026-03-12T21:52:24","modified_gmt":"2026-03-12T20:52:24","slug":"veszelyes-termek-magyar-riasztas","status":"publish","type":"post","link":"https:\/\/www.startlap.hu\/vasarlas\/veszelyes-termek-magyar-riasztas\/","title":{"rendered":"Tiltott term\u00e9kek: ezeket ne vedd soha, van ami m\u00e9rgez\u0151!"},"content":{"rendered":"<p data-start=\"342\" data-end=\"680\">Magyarorsz\u00e1g tavaly <strong>317 vesz\u00e9lyes term\u00e9kr\u0151l k\u00fcld\u00f6tt riaszt\u00e1st<\/strong> az Eur\u00f3pai Uni\u00f3 Safety Gate rendszer\u00e9be, amivel a hatodik helyre ker\u00fclt az uni\u00f3s rangsorban \u2013 k\u00f6z\u00f6lte a Nemzeti Kereskedelmi \u00e9s Fogyaszt\u00f3v\u00e9delmi Hat\u00f3s\u00e1g.<\/p>\n<p data-start=\"342\" data-end=\"680\"><div class=\"o-widget m-readMoreWidget -readMore u-shortDecorLineAfter row widget-container _ce_measure_widget bigdata-widget read-more\" data-ce-measure-widget=\"olvass tov\u00e1bb\">\n\t<div class=\"m-readMoreWidget__imgWrapper image-wrapper col-12 col-md-4 no-p\">\n\t\t<a class=\"m-readMoreWidget__imgLink\" href=\"https:\/\/www.startlap.hu\/utazas\/etterem-fizetes-baratok-pincer\/\" >\n\t\t\t<img decoding=\"async\" src=\"https:\/\/www.startlap.hu\/vasarlas\/uploads\/sites\/3\/2026\/02\/etterem-baratok-350x285.jpg\" class=\"m-readMoreWidget__img\">\n\t\t<\/a>\n\t<\/div>\n\t<div class=\"m-readMoreWidget__titleWrapper title-wrapper col-12 col-md-8\">\n\t\t<span class=\"m-readMoreWidget__titleLabel u-shortDecorLineBefore label hidden-sm-up\">Ez is \u00e9rdekelhet:<\/span>\n\t\t<h3 class=\"m-readMoreWidget__title title\">\n\t\t\t<a class=\"m-readMoreWidget__titleLink -secondFont u-bold u-upperCase\" href=\"https:\/\/www.startlap.hu\/utazas\/etterem-fizetes-baratok-pincer\/\" >Kifizettem az eg\u00e9sz asztal sz\u00e1ml\u00e1j\u00e1t &#8211; a pinc\u00e9r t\u00e1voz\u00e1skor meg\u00e1ll\u00edtott<\/a>\n\t\t<\/h3>\n\t\t<a class=\"m-readMoreWidget__btn -coloredBack u-tC link\" href=\"https:\/\/www.startlap.hu\/utazas\/etterem-fizetes-baratok-pincer\/\" >Elolvasom<\/a>\n\t<\/div>\n<\/div>\n<p data-start=\"342\" data-end=\"680\">A magyar adat k\u00fcl\u00f6n\u00f6sen figyelemre m\u00e9lt\u00f3, mert olyan orsz\u00e1gokat is megel\u0151zt\u00fcnk, mint Lengyelorsz\u00e1g, Ausztria vagy Rom\u00e1nia.<\/p>\n<h2 data-section-id=\"g3dwpt\" data-start=\"682\" data-end=\"721\">Rekordsz\u00e1m\u00fa figyelmeztet\u00e9s az EU-ban<\/h2>\n<p data-start=\"723\" data-end=\"1065\">Az uni\u00f3s term\u00e9kbiztons\u00e1gi gyorsriaszt\u00e1si rendszerben 2025-ben \u00f6sszesen <strong>4671 figyelmeztet\u00e9st regisztr\u00e1ltak<\/strong>, ami minden kor\u00e1bbin\u00e1l magasabb sz\u00e1m. A Safety Gate c\u00e9lja, hogy a tag\u00e1llamok gyorsan megossz\u00e1k egym\u00e1ssal a nem \u00e9lelmiszer jelleg\u0171 vesz\u00e9lyes term\u00e9kekkel kapcsolatos inform\u00e1ci\u00f3kat, \u00edgy a hat\u00f3s\u00e1gok id\u0151ben l\u00e9phetnek a fogyaszt\u00f3k v\u00e9delm\u00e9ben.<\/p>\n<h2 data-section-id=\"gvy92o\" data-start=\"1067\" data-end=\"1107\">A legt\u00f6bb gond a kozmetikumokkal volt<\/h2>\n<p data-start=\"1109\" data-end=\"1394\">A magyar riaszt\u00e1sok t\u00f6bb mint fele kozmetikumokra vonatkozott. Ezekn\u00e9l jellemz\u0151en a 2022 m\u00e1rcius\u00e1t\u00f3l <strong>tiltott BMHCA nev\u0171 anyag<\/strong> jelenl\u00e9te miatt indult elj\u00e1r\u00e1s.<\/p>\n<blockquote class=\"article__extraTxt\">\n<p data-start=\"1109\" data-end=\"1394\">Ez az \u00f6sszetev\u0151 b\u0151rirrit\u00e1ci\u00f3t okozhat, emellett k\u00e1ros hat\u00e1ssal lehet a reprodukt\u00edv rendszerre \u00e9s m\u00e9rgez\u0151 a magzati fejl\u0151d\u00e9sre is.<\/p>\n<\/blockquote>\n<h2 data-start=\"1109\" data-end=\"1394\">F\u00e9nyf\u00fcz\u00e9rek \u00e9s elektromos eszk\u00f6z\u00f6k is vesz\u00e9lyesek lehetnek<\/h2>\n<p data-start=\"1459\" data-end=\"1668\">A m\u00e1sodik leggyakoribb probl\u00e9m\u00e1s term\u00e9kk\u00f6r a <strong>d\u00edszvil\u00e1g\u00edt\u00e1si f\u00fcz\u00e9rek\u00e9 volt<\/strong>, amelyek a magyar bejelent\u00e9sek 22 sz\u00e1zal\u00e9k\u00e1t tett\u00e9k ki. Ezek els\u0151sorban \u00e1ram\u00fct\u00e9s- \u00e9s \u00e9g\u00e9svesz\u00e9ly miatt ker\u00fcltek a hat\u00f3s\u00e1gok l\u00e1t\u00f3k\u00f6r\u00e9be.<\/p>\n<figure id=\"attachment_2278316\" aria-describedby=\"caption-attachment-2278316\" style=\"width: 755px\" class=\"wp-caption alignnone\"><img loading=\"lazy\" decoding=\"async\" class=\"size-article-size-large-image wp-image-2278316\" src=\"https:\/\/www.startlap.hu\/vasarlas\/uploads\/2026\/03\/bolt-755x503.jpg\" alt=\"\" width=\"755\" height=\"503\" srcset=\"https:\/\/www.startlap.hu\/vasarlas\/uploads\/2026\/03\/bolt-755x503.jpg 755w, https:\/\/www.startlap.hu\/vasarlas\/uploads\/2026\/03\/bolt-525x350.jpg 525w, https:\/\/www.startlap.hu\/vasarlas\/uploads\/2026\/03\/bolt.jpg 1200w\" sizes=\"auto, (max-width: 755px) 100vw, 755px\" \/><figcaption id=\"caption-attachment-2278316\" class=\"wp-caption-text\">Magyarorsz\u00e1g tavaly 317 vesz\u00e9lyes term\u00e9kr\u0151l k\u00fcld\u00f6tt riaszt\u00e1st \/ Fot\u00f3: Tom Werner \/ Getty Images<\/figcaption><\/figure>\n<p data-start=\"1670\" data-end=\"1859\">A kifog\u00e1solt term\u00e9kek k\u00f6z\u00f6tt t\u00f6bb elektromos eszk\u00f6z is volt, p\u00e9ld\u00e1ul hajsz\u00e1r\u00edt\u00f3k, hosszabb\u00edt\u00f3k \u00e9s <strong><a href=\"https:\/\/www.startlap.hu\/vasarlas\/mobiltelefon-toltes-vezetek-nelkuli\/\" target=\"_blank\" rel=\"noopener\">USB-t\u00f6lt\u0151k<\/a><\/strong>. Ezekn\u00e9l ugyancsak az \u00e1ram\u00fct\u00e9s \u00e9s az \u00e9g\u00e9si s\u00e9r\u00fcl\u00e9sek vesz\u00e9lye miatt int\u00e9zkedtek.<\/p>\n<h2 data-section-id=\"1fdnzot\" data-start=\"1861\" data-end=\"1908\">A j\u00e1t\u00e9kokn\u00e1l a fullad\u00e1svesz\u00e9ly a f\u0151 probl\u00e9ma<\/h2>\n<p data-start=\"1910\" data-end=\"2155\">A harmadik helyen a j\u00e1t\u00e9kok szerepeltek 14,5 sz\u00e1zal\u00e9kkal. Ezekn\u00e9l f\u0151k\u00e9nt a k\u00f6nnyen lev\u00e1l\u00f3 alkatr\u00e9szek, valamint a pl\u00fcssj\u00e1t\u00e9kokb\u00f3l hozz\u00e1f\u00e9rhet\u0151v\u00e9 v\u00e1l\u00f3 t\u00f6lt\u0151anyag jelentett kock\u00e1zatot, mivel ezek fullad\u00e1svesz\u00e9lyt okozhatnak a kisgyermekek sz\u00e1m\u00e1ra.<\/p>\n<h2 data-section-id=\"nns8ck\" data-start=\"2157\" data-end=\"2207\">Kiemelt figyelem a k\u00fclf\u00f6ldr\u0151l \u00e9rkez\u0151 term\u00e9kekre<\/h2>\n<p data-start=\"2209\" data-end=\"2501\">Az NKFH kiemelte, hogy a harmadik orsz\u00e1gb\u00f3l \u00e9rkez\u0151 term\u00e9kek vizsg\u00e1lata a tavaly \u0151sszel meghirdetett h\u00e9tpontos fogyaszt\u00f3v\u00e9delmi cselekv\u00e9si terv egyik fontos eleme.<\/p>\n<p data-start=\"2209\" data-end=\"2501\">A hat\u00f3s\u00e1g \u00e9s a hozz\u00e1 tartoz\u00f3 korm\u00e1nyhivatalok a j\u00f6v\u0151ben is folytatj\u00e1k a <strong>vesz\u00e9lyes term\u00e9kek kisz\u0171r\u00e9s\u00e9t \u00e9s kivon\u00e1s\u00e1t a forgalomb\u00f3l<\/strong>.<\/p>\n<p data-start=\"2209\" data-end=\"2501\"><div class=\"o-widget m-readMoreWidget -readMore u-shortDecorLineAfter row widget-container _ce_measure_widget bigdata-widget read-more\" data-ce-measure-widget=\"olvass tov\u00e1bb\">\n\t<div class=\"m-readMoreWidget__imgWrapper image-wrapper col-12 col-md-4 no-p\">\n\t\t<a class=\"m-readMoreWidget__imgLink\" href=\"https:\/\/www.startlap.hu\/utazas\/retro-langos-szulinap-600-forint-budapest\/\" >\n\t\t\t<img decoding=\"async\" src=\"https:\/\/www.startlap.hu\/vasarlas\/uploads\/sites\/3\/2026\/03\/retro_langos-350x285.jpg\" class=\"m-readMoreWidget__img\">\n\t\t<\/a>\n\t<\/div>\n\t<div class=\"m-readMoreWidget__titleWrapper title-wrapper col-12 col-md-8\">\n\t\t<span class=\"m-readMoreWidget__titleLabel u-shortDecorLineBefore label hidden-sm-up\">Ez is \u00e9rdekelhet:<\/span>\n\t\t<h3 class=\"m-readMoreWidget__title title\">\n\t\t\t<a class=\"m-readMoreWidget__titleLink -secondFont u-bold u-upperCase\" href=\"https:\/\/www.startlap.hu\/utazas\/retro-langos-szulinap-600-forint-budapest\/\" >600 forint lesz a l\u00e1ngos Budapesten<\/a>\n\t\t<\/h3>\n\t\t<a class=\"m-readMoreWidget__btn -coloredBack u-tC link\" href=\"https:\/\/www.startlap.hu\/utazas\/retro-langos-szulinap-600-forint-budapest\/\" >Elolvasom<\/a>\n\t<\/div>\n<\/div>\n<p data-start=\"2209\" data-end=\"2501\">(MTI)<\/p>\n","protected":false},"excerpt":{"rendered":"<p>Kozmetikumok, j\u00e1t\u00e9kok \u00e9s f\u00e9nyf\u00fcz\u00e9rek is vesz\u00e9lyesnek bizonyultak: Magyarorsz\u00e1g tavaly 317 term\u00e9kr\u0151l k\u00fcld\u00f6tt riaszt\u00e1st az uni\u00f3s Safety Gate rendszerbe.<\/p>\n","protected":false},"author":8,"featured_media":2278316,"comment_status":"closed","ping_status":"closed","sticky":false,"template":"","format":"standard","meta":{"footnotes":""},"categories":[8180],"tags":[15088,15135],"class_list":["post-2278311","post","type-post","status-publish","format-standard","has-post-thumbnail","hentry","category-trending","tag-forgalombol-kivonas","tag-veszelyes-termekek"],"aioseo_notices":[],"_links":{"self":[{"href":"https:\/\/www.startlap.hu\/vasarlas\/wp-json\/wp\/v2\/posts\/2278311","targetHints":{"allow":["GET"]}}],"collection":[{"href":"https:\/\/www.startlap.hu\/vasarlas\/wp-json\/wp\/v2\/posts"}],"about":[{"href":"https:\/\/www.startlap.hu\/vasarlas\/wp-json\/wp\/v2\/types\/post"}],"author":[{"embeddable":true,"href":"https:\/\/www.startlap.hu\/vasarlas\/wp-json\/wp\/v2\/users\/8"}],"replies":[{"embeddable":true,"href":"https:\/\/www.startlap.hu\/vasarlas\/wp-json\/wp\/v2\/comments?post=2278311"}],"version-history":[{"count":6,"href":"https:\/\/www.startlap.hu\/vasarlas\/wp-json\/wp\/v2\/posts\/2278311\/revisions"}],"predecessor-version":[{"id":2278318,"href":"https:\/\/www.startlap.hu\/vasarlas\/wp-json\/wp\/v2\/posts\/2278311\/revisions\/2278318"}],"wp:featuredmedia":[{"embeddable":true,"href":"https:\/\/www.startlap.hu\/vasarlas\/wp-json\/wp\/v2\/media\/2278316"}],"wp:attachment":[{"href":"https:\/\/www.startlap.hu\/vasarlas\/wp-json\/wp\/v2\/media?parent=2278311"}],"wp:term":[{"taxonomy":"category","embeddable":true,"href":"https:\/\/www.startlap.hu\/vasarlas\/wp-json\/wp\/v2\/categories?post=2278311"},{"taxonomy":"post_tag","embeddable":true,"href":"https:\/\/www.startlap.hu\/vasarlas\/wp-json\/wp\/v2\/tags?post=2278311"}],"curies":[{"name":"wp","href":"https:\/\/api.w.org\/{rel}","templated":true}]}}