{"id":2278285,"date":"2026-03-13T09:33:33","date_gmt":"2026-03-13T08:33:33","guid":{"rendered":"https:\/\/www.startlap.hu\/vasarlas\/?p=2278285"},"modified":"2026-03-12T14:03:58","modified_gmt":"2026-03-12T13:03:58","slug":"huto-pohar-viz-aramfogyasztas","status":"publish","type":"post","link":"https:\/\/www.startlap.hu\/vasarlas\/huto-pohar-viz-aramfogyasztas\/","title":{"rendered":"Ez\u00e9rt raknak sokan egy poh\u00e1r vizet a h\u0171t\u0151 polc\u00e1ra: meg\u00e9ri kipr\u00f3b\u00e1lni!"},"content":{"rendered":"<p>Az ut\u00f3bbi \u00e9vekben az <a href=\"https:\/\/www.startlap.hu\/vasarlas\/huto-takaritas-gumi-penesz\/\" target=\"_blank\" rel=\"noopener\">energia\u00e1rak<\/a> emelked\u00e9se miatt a villany- \u00e9s g\u00e1zsz\u00e1ml\u00e1k sok csal\u00e1d sz\u00e1m\u00e1ra komoly terhet jelentenek. A dr\u00e1gul\u00e1st r\u00e9szben geopolitikai esem\u00e9nyek \u00e9s a nemzetk\u00f6zi energiapiac alakul\u00e1sa okozza, ez\u00e9rt egyre t\u00f6bben keresnek olyan apr\u00f3 praktik\u00e1kat, amelyekkel cs\u00f6kkenthetik az otthoni fogyaszt\u00e1st. Egy ilyen p\u00e9ld\u00e1ul a <strong>vizes cs\u00e9sze tr\u00fckk<\/strong>, amely seg\u00edthet ellen\u0151rizni, hogy a h\u0171t\u0151szekr\u00e9ny nem fogyaszt-e a sz\u00fcks\u00e9gesn\u00e9l t\u00f6bb energi\u00e1t.<\/p>\n<div class=\"o-widget m-readMoreWidget -readMore u-shortDecorLineAfter row widget-container _ce_measure_widget bigdata-widget read-more\" data-ce-measure-widget=\"olvass tov\u00e1bb\">\n\t<div class=\"m-readMoreWidget__imgWrapper image-wrapper col-12 col-md-4 no-p\">\n\t\t<a class=\"m-readMoreWidget__imgLink\" href=\"https:\/\/www.startlap.hu\/vasarlas\/marcius-15-boltok-nyitvatartasa-lidl-aldi-spar-penny-tesco-2026\/\" >\n\t\t\t<img decoding=\"async\" src=\"https:\/\/www.startlap.hu\/vasarlas\/uploads\/2026\/03\/bevasarlokocsi-350x285.jpg\" class=\"m-readMoreWidget__img\">\n\t\t<\/a>\n\t<\/div>\n\t<div class=\"m-readMoreWidget__titleWrapper title-wrapper col-12 col-md-8\">\n\t\t<span class=\"m-readMoreWidget__titleLabel u-shortDecorLineBefore label hidden-sm-up\">Ez is \u00e9rdekelhet:<\/span>\n\t\t<h3 class=\"m-readMoreWidget__title title\">\n\t\t\t<a class=\"m-readMoreWidget__titleLink -secondFont u-bold u-upperCase\" href=\"https:\/\/www.startlap.hu\/vasarlas\/marcius-15-boltok-nyitvatartasa-lidl-aldi-spar-penny-tesco-2026\/\" >Vas\u00e1rnapi boltz\u00e1r j\u00f6n: v\u00e1ltozik a Lidl, Penny, Aldi \u00e9s a t\u00f6bbi \u00fczletl\u00e1nc nyitvatart\u00e1sa<\/a>\n\t\t<\/h3>\n\t\t<a class=\"m-readMoreWidget__btn -coloredBack u-tC link\" href=\"https:\/\/www.startlap.hu\/vasarlas\/marcius-15-boltok-nyitvatartasa-lidl-aldi-spar-penny-tesco-2026\/\" >Elolvasom<\/a>\n\t<\/div>\n<\/div>\n<h2>\u00cdgy seg\u00edt egy poh\u00e1r v\u00edz a h\u0171t\u0151ben<\/h2>\n<p>A m\u00f3dszer l\u00e9nyege egyszer\u0171: egy cs\u00e9sz\u00e9be vagy poh\u00e1rba vizet kell t\u00f6lteni, majd a h\u0171t\u0151szekr\u00e9ny k\u00f6z\u00e9ps\u0151 polc\u00e1ra helyezni, ahol a h\u0151m\u00e9rs\u00e9klet a legstabilabb. K\u00f6r\u00fclbel\u00fcl 24 \u00f3ra ut\u00e1n egy konyhai h\u0151m\u00e9r\u0151vel meg kell m\u00e9rni a v\u00edz h\u0151m\u00e9rs\u00e9klet\u00e9t.<\/p>\n<blockquote class=\"article__extraTxt\"><p>Ha a v\u00edz h\u0151m\u00e9rs\u00e9klete 4 \u00b0C alatt van, az azt jelezheti, hogy a h\u0171t\u0151 t\u00fal hidegre van \u00e1ll\u00edtva, \u00edgy a k\u00e9sz\u00fcl\u00e9k a sz\u00fcks\u00e9gesn\u00e9l t\u00f6bb energi\u00e1t haszn\u00e1l.<\/p><\/blockquote>\n<figure id=\"attachment_2272302\" aria-describedby=\"caption-attachment-2272302\" style=\"width: 755px\" class=\"wp-caption alignnone\"><a href=\"https:\/\/www.startlap.hu\/vasarlas\/uploads\/2025\/11\/GettyImages-962687328.jpg\"><img loading=\"lazy\" decoding=\"async\" class=\"size-article-size-large-image wp-image-2272302\" src=\"https:\/\/www.startlap.hu\/vasarlas\/uploads\/2025\/11\/GettyImages-962687328-755x503.jpg\" alt=\"H\u0171t\u0151t nyit\u00f3 n\u0151\" width=\"755\" height=\"503\" srcset=\"https:\/\/www.startlap.hu\/vasarlas\/uploads\/2025\/11\/GettyImages-962687328-755x503.jpg 755w, https:\/\/www.startlap.hu\/vasarlas\/uploads\/2025\/11\/GettyImages-962687328-1536x1024.jpg 1536w, https:\/\/www.startlap.hu\/vasarlas\/uploads\/2025\/11\/GettyImages-962687328-2048x1365.jpg 2048w, https:\/\/www.startlap.hu\/vasarlas\/uploads\/2025\/11\/GettyImages-962687328-525x350.jpg 525w\" sizes=\"auto, (max-width: 755px) 100vw, 755px\" \/><\/a><figcaption id=\"caption-attachment-2272302\" class=\"wp-caption-text\">Fot\u00f3: Getty Images<\/figcaption><\/figure>\n<p>A szak\u00e9rt\u0151k szerint a h\u0171t\u0151 ide\u00e1lis h\u0151m\u00e9rs\u00e9klete nagyj\u00e1b\u00f3l 4 \u00b0C, m\u00edg a fagyaszt\u00f3\u00e9 \u201318 \u00b0C. <strong>Ha enn\u00e9l hidegebbre \u00e1ll\u00edtjuk a k\u00e9sz\u00fcl\u00e9ket, a motor intenz\u00edvebben dolgozik<\/strong>, ami fokonk\u00e9nt k\u00f6r\u00fclbel\u00fcl 5 sz\u00e1zal\u00e9kkal n\u00f6veli az energiafogyaszt\u00e1st. A fogyaszt\u00e1sra m\u00e1s t\u00e9nyez\u0151k is hat\u00e1ssal lehetnek, p\u00e9ld\u00e1ul <strong>az elhaszn\u00e1l\u00f3dott ajt\u00f3t\u00f6m\u00edt\u00e9sek, a rossz szell\u0151z\u00e9s vagy a t\u00fal vastag j\u00e9gr\u00e9teg a fagyaszt\u00f3ban.<\/strong><\/p>\n<h2>Nem csak a h\u0171t\u0151ben seg\u00edt a v\u00edz<\/h2>\n<p>Egy hasonl\u00f3 elv a s\u00fct\u00e9sn\u00e9l vagy \u00e9telmeleg\u00edt\u00e9sn\u00e9l is alkalmazhat\u00f3: ha p\u00e9ld\u00e1ul<\/p>\n<blockquote class=\"article__extraTxt\"><p>a mikrohull\u00e1m\u00fa s\u00fct\u0151ben egy kev\u00e9s vizet haszn\u00e1lunk az \u00e9tel meleg\u00edt\u00e9sekor, a h\u0151 egyenletesebben oszlik el,<\/p><\/blockquote>\n<p>\u00edgy gyorsabb lehet a meleg\u00edt\u00e9s \u00e9s cs\u00f6kkenhet az energiafelhaszn\u00e1l\u00e1s. Ez \u00f6nmag\u00e1ban nem cs\u00f6kkenti jelent\u0151sen a villanysz\u00e1ml\u00e1t, de hozz\u00e1j\u00e1rulhat a hat\u00e9konyabb energiahaszn\u00e1lathoz.<\/p>\n<h2>\u00cdgy cs\u00f6kkentsd a mindennapi rezsik\u00f6lts\u00e9geket<\/h2>\n<p>A rezsik\u00f6lts\u00e9gek cs\u00f6kkent\u00e9s\u00e9ben a mindennapi szok\u00e1sok sz\u00e1m\u00edtanak: a <a href=\"https:\/\/www.startlap.hu\/vasarlas\/mosogep-konyhab-gondok\/\" target=\"_blank\" rel=\"noopener\"><strong>mos\u00f3g\u00e9pet<\/strong><\/a> \u00e9s a <strong>mosogat\u00f3g\u00e9pet<\/strong> \u00e9rdemes csak <strong>teljes t\u00f6ltettel<\/strong> ind\u00edtani, lehet\u0151leg alacsony h\u0151m\u00e9rs\u00e9klet\u0171 programmal. Az is fontos, hogy <strong>az elektronikai eszk\u00f6z\u00f6ket ne hagyjuk k\u00e9szenl\u00e9ti \u00fczemm\u00f3dban.<\/strong><\/p>\n<p>J\u00f3 tudni, hogy <strong>a villanysz\u00e1ml\u00e1k egy r\u00e9sze fix k\u00f6lts\u00e9g, amely a m\u00e9r\u0151\u00f3ra m\u0171k\u00f6dtet\u00e9s\u00e9hez \u00e9s a szolg\u00e1ltat\u00e1shoz kapcsol\u00f3dik<\/strong>, ez\u00e9rt fogyaszt\u00e1s n\u00e9lk\u00fcl is jelentkezik. Emiatt \u00e9rdemes n\u00e9ha \u00f6sszehasonl\u00edtani a k\u00fcl\u00f6nb\u00f6z\u0151 energiaszolg\u00e1ltat\u00f3k aj\u00e1nlatait. B\u00e1r nincs egyetlen, mindent megold\u00f3 m\u00f3dszer a rezsi drasztikus cs\u00f6kkent\u00e9s\u00e9re, a kisebb energiatakar\u00e9koss\u00e1gi l\u00e9p\u00e9sek hossz\u00fa t\u00e1von \u00e9rezhet\u0151 megtakar\u00edt\u00e1st hozhatnak.<\/p>\n<p><a href=\"https:\/\/www.virgilio.it\/video\/bollette-della-luce-il-trucco-della-tazzina-d-acqua-per-ridurle-227455\" target=\"_blank\" target=\"_blank\" rel=\"noopener\">via<\/a><\/p>\n<div class=\"o-widget m-readMoreWidget -readMore u-shortDecorLineAfter row widget-container _ce_measure_widget bigdata-widget read-more\" data-ce-measure-widget=\"olvass tov\u00e1bb\">\n\t<div class=\"m-readMoreWidget__imgWrapper image-wrapper col-12 col-md-4 no-p\">\n\t\t<a class=\"m-readMoreWidget__imgLink\" href=\"https:\/\/www.startlap.hu\/vasarlas\/zuhanyzas-egeszseg-idosek-orvos\/\" >\n\t\t\t<img decoding=\"async\" src=\"https:\/\/www.startlap.hu\/vasarlas\/uploads\/2026\/02\/zuhanyzas-2-350x285.jpg\" class=\"m-readMoreWidget__img\">\n\t\t<\/a>\n\t<\/div>\n\t<div class=\"m-readMoreWidget__titleWrapper title-wrapper col-12 col-md-8\">\n\t\t<span class=\"m-readMoreWidget__titleLabel u-shortDecorLineBefore label hidden-sm-up\">Ez is \u00e9rdekelhet:<\/span>\n\t\t<h3 class=\"m-readMoreWidget__title title\">\n\t\t\t<a class=\"m-readMoreWidget__titleLink -secondFont u-bold u-upperCase\" href=\"https:\/\/www.startlap.hu\/vasarlas\/zuhanyzas-egeszseg-idosek-orvos\/\" >Higi\u00e9nia 65 \u00e9v felett: nem naponta egyszer, nem hetente egyszer &#8211; ilyen gyakran aj\u00e1nlott a zuhanyoz\u00e1s id\u0151s korban<\/a>\n\t\t<\/h3>\n\t\t<a class=\"m-readMoreWidget__btn -coloredBack u-tC link\" href=\"https:\/\/www.startlap.hu\/vasarlas\/zuhanyzas-egeszseg-idosek-orvos\/\" >Elolvasom<\/a>\n\t<\/div>\n<\/div>\n","protected":false},"excerpt":{"rendered":"<p>Apr\u00f3 tr\u00fckk\u00f6kkel sokat tehet\u00fcnk a rezsik\u00f6lts\u00e9gek cs\u00f6kkent\u00e9se \u00e9rdek\u00e9ben: n\u00e9zz\u00fck, mi\u00e9rt \u00e9rdemes egy poh\u00e1r vizet hagyni a h\u0171t\u0151 k\u00f6z\u00e9ps\u0151 polc\u00e1n!<\/p>\n","protected":false},"author":63,"featured_media":2272302,"comment_status":"closed","ping_status":"closed","sticky":false,"template":"","format":"standard","meta":{"footnotes":""},"categories":[8180],"tags":[3948,11738,6187,14767],"class_list":["post-2278285","post","type-post","status-publish","format-standard","has-post-thumbnail","hentry","category-trending","tag-energiatakarekos","tag-huto","tag-pohar","tag-tippek-es-trukkok"],"aioseo_notices":[],"_links":{"self":[{"href":"https:\/\/www.startlap.hu\/vasarlas\/wp-json\/wp\/v2\/posts\/2278285","targetHints":{"allow":["GET"]}}],"collection":[{"href":"https:\/\/www.startlap.hu\/vasarlas\/wp-json\/wp\/v2\/posts"}],"about":[{"href":"https:\/\/www.startlap.hu\/vasarlas\/wp-json\/wp\/v2\/types\/post"}],"author":[{"embeddable":true,"href":"https:\/\/www.startlap.hu\/vasarlas\/wp-json\/wp\/v2\/users\/63"}],"replies":[{"embeddable":true,"href":"https:\/\/www.startlap.hu\/vasarlas\/wp-json\/wp\/v2\/comments?post=2278285"}],"version-history":[{"count":3,"href":"https:\/\/www.startlap.hu\/vasarlas\/wp-json\/wp\/v2\/posts\/2278285\/revisions"}],"predecessor-version":[{"id":2278291,"href":"https:\/\/www.startlap.hu\/vasarlas\/wp-json\/wp\/v2\/posts\/2278285\/revisions\/2278291"}],"wp:featuredmedia":[{"embeddable":true,"href":"https:\/\/www.startlap.hu\/vasarlas\/wp-json\/wp\/v2\/media\/2272302"}],"wp:attachment":[{"href":"https:\/\/www.startlap.hu\/vasarlas\/wp-json\/wp\/v2\/media?parent=2278285"}],"wp:term":[{"taxonomy":"category","embeddable":true,"href":"https:\/\/www.startlap.hu\/vasarlas\/wp-json\/wp\/v2\/categories?post=2278285"},{"taxonomy":"post_tag","embeddable":true,"href":"https:\/\/www.startlap.hu\/vasarlas\/wp-json\/wp\/v2\/tags?post=2278285"}],"curies":[{"name":"wp","href":"https:\/\/api.w.org\/{rel}","templated":true}]}}