{"id":2278280,"date":"2026-03-12T18:33:53","date_gmt":"2026-03-12T17:33:53","guid":{"rendered":"https:\/\/www.startlap.hu\/vasarlas\/?p=2278280"},"modified":"2026-03-27T12:19:35","modified_gmt":"2026-03-27T11:19:35","slug":"vizzforralo-viz-kiontes-tevhit","status":"publish","type":"post","link":"https:\/\/www.startlap.hu\/vasarlas\/vizzforralo-viz-kiontes-tevhit\/","title":{"rendered":"Gyakori t\u00e9vhit: ez\u00e9rt ne \u00f6ntsd ki a marad\u00e9k vizet a v\u00edzforral\u00f3b\u00f3l"},"content":{"rendered":"<p>Sokan ki\u00f6ntik a <a href=\"https:\/\/www.startlap.hu\/vasarlas\/konyha-vizforralo-csap-meleg-viz\/\" target=\"_blank\" rel=\"noopener\">v\u00edzforral\u00f3ban<\/a> az el\u0151z\u0151 napr\u00f3l maradt vizet: \u00e1ltal\u00e1ban az\u00e9rt, mert att\u00f3l tartanak, hogy a v\u00edzben bakt\u00e9riumok szaporodtak el vagy k\u00e1ros anyagok old\u00f3dhattak ki a k\u00e9sz\u00fcl\u00e9kb\u0151l. A szak\u00e9rt\u0151k szerint azonban a legt\u00f6bb esetben nincs sz\u00fcks\u00e9g erre: n\u00e9zz\u00fck, mi\u00e9rt!<\/p>\n<div class=\"o-widget m-readMoreWidget -readMore u-shortDecorLineAfter row widget-container _ce_measure_widget bigdata-widget read-more\" data-ce-measure-widget=\"olvass tov\u00e1bb\">\n\t<div class=\"m-readMoreWidget__imgWrapper image-wrapper col-12 col-md-4 no-p\">\n\t\t<a class=\"m-readMoreWidget__imgLink\" href=\"https:\/\/www.startlap.hu\/vasarlas\/marcius-15-boltok-nyitvatartasa-lidl-aldi-spar-penny-tesco-2026\/\" >\n\t\t\t<img decoding=\"async\" src=\"https:\/\/www.startlap.hu\/vasarlas\/uploads\/2026\/03\/bevasarlokocsi-350x285.jpg\" class=\"m-readMoreWidget__img\">\n\t\t<\/a>\n\t<\/div>\n\t<div class=\"m-readMoreWidget__titleWrapper title-wrapper col-12 col-md-8\">\n\t\t<span class=\"m-readMoreWidget__titleLabel u-shortDecorLineBefore label hidden-sm-up\">Ez is \u00e9rdekelhet:<\/span>\n\t\t<h3 class=\"m-readMoreWidget__title title\">\n\t\t\t<a class=\"m-readMoreWidget__titleLink -secondFont u-bold u-upperCase\" href=\"https:\/\/www.startlap.hu\/vasarlas\/marcius-15-boltok-nyitvatartasa-lidl-aldi-spar-penny-tesco-2026\/\" >Vas\u00e1rnapi boltz\u00e1r j\u00f6n: v\u00e1ltozik a Lidl, Penny, Aldi \u00e9s a t\u00f6bbi \u00fczletl\u00e1nc nyitvatart\u00e1sa<\/a>\n\t\t<\/h3>\n\t\t<a class=\"m-readMoreWidget__btn -coloredBack u-tC link\" href=\"https:\/\/www.startlap.hu\/vasarlas\/marcius-15-boltok-nyitvatartasa-lidl-aldi-spar-penny-tesco-2026\/\" >Elolvasom<\/a>\n\t<\/div>\n<\/div>\n<h2>A v\u00edzk\u0151 nem \u00e1rt, s\u0151t, eg\u00e9szs\u00e9ges lehet<\/h2>\n<p>A modern v\u00edzforral\u00f3k szigor\u00fa biztons\u00e1gi \u00e9s anyagvizsg\u00e1latokon mennek \u00e1t, ez\u00e9rt \u00e1ltal\u00e1ban nem jelentenek eg\u00e9szs\u00e9g\u00fcgyi kock\u00e1zatot. Ha a k\u00e9sz\u00fcl\u00e9k rendelkezik &#8222;bevizsg\u00e1lt biztons\u00e1g&#8221; min\u0151s\u00edt\u00e9ssel, az k\u00fcl\u00f6n garancia arra, hogy megfelel a biztons\u00e1gi \u00e9s eg\u00e9szs\u00e9g\u00fcgyi el\u0151\u00edr\u00e1soknak.<\/p>\n<blockquote class=\"article__extraTxt\"><p>A v\u00edzforral\u00f3ban gyakran megjelen\u0151 feh\u00e9r v\u00edzk\u0151lerak\u00f3d\u00e1s sokakat zavar, de val\u00f3j\u00e1ban \u00e1rtalmatlan.<\/p><\/blockquote>\n<p>A v\u00edzk\u0151 f\u0151k\u00e9nt <strong>kalciumb\u00f3l<\/strong> \u00e9s <strong>magn\u00e9ziumb\u00f3l<\/strong> \u00e1ll, amelyek term\u00e9szetes \u00e1sv\u00e1nyi anyagok, s\u0151t, <strong>az emberi szervezet sz\u00e1m\u00e1ra is hasznosak.<\/strong> A k\u00e9sz\u00fcl\u00e9ket ett\u0151l f\u00fcggetlen\u00fcl <strong>\u00e9rdemes id\u0151nk\u00e9nt v\u00edzk\u0151tlen\u00edteni, mert a lerak\u00f3d\u00e1sok rontj\u00e1k a hat\u00e9konys\u00e1g\u00e1t<\/strong> \u00e9s n\u00f6velhetik az energiafogyaszt\u00e1st.<\/p>\n<figure id=\"attachment_2277292\" aria-describedby=\"caption-attachment-2277292\" style=\"width: 755px\" class=\"wp-caption alignnone\"><a href=\"https:\/\/www.startlap.hu\/vasarlas\/uploads\/2026\/02\/vizforralo.jpg\"><img loading=\"lazy\" decoding=\"async\" class=\"size-article-size-large-image wp-image-2277292\" src=\"https:\/\/www.startlap.hu\/vasarlas\/uploads\/2026\/02\/vizforralo-755x504.jpg\" alt=\"v\u00edzforral\u00f3 a konyh\u00e1ban\" width=\"755\" height=\"504\" srcset=\"https:\/\/www.startlap.hu\/vasarlas\/uploads\/2026\/02\/vizforralo-755x504.jpg 755w, https:\/\/www.startlap.hu\/vasarlas\/uploads\/2026\/02\/vizforralo-1536x1024.jpg 1536w, https:\/\/www.startlap.hu\/vasarlas\/uploads\/2026\/02\/vizforralo-2048x1366.jpg 2048w, https:\/\/www.startlap.hu\/vasarlas\/uploads\/2026\/02\/vizforralo-525x350.jpg 525w\" sizes=\"auto, (max-width: 755px) 100vw, 755px\" \/><\/a><figcaption id=\"caption-attachment-2277292\" class=\"wp-caption-text\">Fot\u00f3: Getty Images<\/figcaption><\/figure>\n<p>Az \u00e1ll\u00f3 v\u00edzben val\u00f3ban megjelenhetnek bakt\u00e9riumok, de a szak\u00e9rt\u0151k szerint ez sem jelent komoly probl\u00e9m\u00e1t, hiszen<\/p>\n<blockquote class=\"article__extraTxt\"><p>ha a vizet \u00fajra felforraljuk, a legt\u00f6bb k\u00f3rokoz\u00f3 elpusztul.<\/p><\/blockquote>\n<p>M\u00e1r a 60\u201370 Celsius-fokos h\u0151m\u00e9rs\u00e9klet is elegend\u0151 lehet ahhoz, hogy a <a href=\"https:\/\/www.startlap.hu\/vasarlas\/vieo-bakterium-korokozo-elelmiszerbiztonsag\/\" target=\"_blank\" rel=\"noopener\">bakt\u00e9riumok<\/a> nagy r\u00e9sz\u00e9t elpuszt\u00edtsa, \u00edgy az \u00fajrameleg\u00edtett v\u00edz \u00e1ltal\u00e1ban biztons\u00e1gosan fogyaszthat\u00f3.<\/p>\n<h2>Az allergi\u00e1soknak \u00e9rdemes odafigyelni<\/h2>\n<p>A v\u00edzforral\u00f3 anyaga azonban bizonyos esetekben eg\u00e9szs\u00e9g\u00fcgyi kock\u00e1zatot okozhat: a rozsdamentes ac\u00e9lb\u00f3l k\u00e9sz\u00fclt k\u00e9sz\u00fcl\u00e9kekn\u00e9l nagyon kis mennyis\u00e9gben <strong>nikkel old\u00f3dhat a v\u00edzbe<\/strong>, ami a legt\u00f6bb ember sz\u00e1m\u00e1ra \u00e1rtalmatlan, de nikkelallergia eset\u00e9n probl\u00e9m\u00e1t okozhat. Ebben az esetben \u00e9rdemes figyelni, hogy a v\u00edz ne \u00e1lljon sok\u00e1ig a k\u00e9sz\u00fcl\u00e9kben.<\/p>\n<p>A marad\u00e9k v\u00edz ki\u00f6nt\u00e9se teh\u00e1t \u00e1ltal\u00e1ban nem sz\u00fcks\u00e9ges. <strong>Csak akkor \u00e9rdemes friss vizet t\u00f6lteni, ha a v\u00edz nagyon sok\u00e1ig \u00e1llt a v\u00edzforral\u00f3ban, vagy kellemetlen, \u00e1llott \u00edze lett.<\/strong> A mindennapokban azonban elegend\u0151 \u00fajra felforralni a vizet, \u00e9s a k\u00e9sz\u00fcl\u00e9ket rendszeresen v\u00edzk\u0151tlen\u00edteni.<\/p>\n<p><a href=\"https:\/\/www.heute.at\/s\/wasserkocher-darf-man-das-restwasser-noch-verwenden-120167792\" target=\"_blank\" target=\"_blank\" rel=\"noopener\">via<\/a><\/p>\n<div class=\"o-widget m-readMoreWidget -readMore u-shortDecorLineAfter row widget-container _ce_measure_widget bigdata-widget read-more\" data-ce-measure-widget=\"olvass tov\u00e1bb\">\n\t<div class=\"m-readMoreWidget__imgWrapper image-wrapper col-12 col-md-4 no-p\">\n\t\t<a class=\"m-readMoreWidget__imgLink\" href=\"https:\/\/www.startlap.hu\/vasarlas\/lidl-fa-jatekkonyha-lupilu\/\" >\n\t\t\t<img decoding=\"async\" src=\"https:\/\/www.startlap.hu\/vasarlas\/uploads\/2026\/03\/lidl-ulet-vasarlok-sor-350x285.jpg\" class=\"m-readMoreWidget__img\">\n\t\t<\/a>\n\t<\/div>\n\t<div class=\"m-readMoreWidget__titleWrapper title-wrapper col-12 col-md-8\">\n\t\t<span class=\"m-readMoreWidget__titleLabel u-shortDecorLineBefore label hidden-sm-up\">Ez is \u00e9rdekelhet:<\/span>\n\t\t<h3 class=\"m-readMoreWidget__title title\">\n\t\t\t<a class=\"m-readMoreWidget__titleLink -secondFont u-bold u-upperCase\" href=\"https:\/\/www.startlap.hu\/vasarlas\/lidl-fa-jatekkonyha-lupilu\/\" >Hajnali sor a Lidl el\u0151tt? A kor\u00e1bbi \u00e1r fel\u00e9\u00e9rt adj\u00e1k a sikerterm\u00e9ket &#8211; tavaly percek alatt elfogyott a magyar boltokb\u00f3l<\/a>\n\t\t<\/h3>\n\t\t<a class=\"m-readMoreWidget__btn -coloredBack u-tC link\" href=\"https:\/\/www.startlap.hu\/vasarlas\/lidl-fa-jatekkonyha-lupilu\/\" >Elolvasom<\/a>\n\t<\/div>\n<\/div>\n","protected":false},"excerpt":{"rendered":"<p>A v\u00edzforral\u00f3ban \u00e1ll\u00f3 v\u00edz sokak szerint vesz\u00e9lyes: ez azonban t\u00e9vhit. A v\u00edzk\u0151 sem olyan eg\u00e9szs\u00e9gtelen, mint amilyennek hissz\u00fck: n\u00e9zz\u00fck, mi az igazs\u00e1g!<\/p>\n","protected":false},"author":63,"featured_media":2277292,"comment_status":"closed","ping_status":"closed","sticky":false,"template":"","format":"standard","meta":{"footnotes":""},"categories":[8180],"tags":[5355,1788,13951,19697],"class_list":["post-2278280","post","type-post","status-publish","format-standard","has-post-thumbnail","hentry","category-trending","tag-allergia","tag-bakterium","tag-vizforralo","tag-vizko"],"aioseo_notices":[],"_links":{"self":[{"href":"https:\/\/www.startlap.hu\/vasarlas\/wp-json\/wp\/v2\/posts\/2278280","targetHints":{"allow":["GET"]}}],"collection":[{"href":"https:\/\/www.startlap.hu\/vasarlas\/wp-json\/wp\/v2\/posts"}],"about":[{"href":"https:\/\/www.startlap.hu\/vasarlas\/wp-json\/wp\/v2\/types\/post"}],"author":[{"embeddable":true,"href":"https:\/\/www.startlap.hu\/vasarlas\/wp-json\/wp\/v2\/users\/63"}],"replies":[{"embeddable":true,"href":"https:\/\/www.startlap.hu\/vasarlas\/wp-json\/wp\/v2\/comments?post=2278280"}],"version-history":[{"count":4,"href":"https:\/\/www.startlap.hu\/vasarlas\/wp-json\/wp\/v2\/posts\/2278280\/revisions"}],"predecessor-version":[{"id":2278288,"href":"https:\/\/www.startlap.hu\/vasarlas\/wp-json\/wp\/v2\/posts\/2278280\/revisions\/2278288"}],"wp:featuredmedia":[{"embeddable":true,"href":"https:\/\/www.startlap.hu\/vasarlas\/wp-json\/wp\/v2\/media\/2277292"}],"wp:attachment":[{"href":"https:\/\/www.startlap.hu\/vasarlas\/wp-json\/wp\/v2\/media?parent=2278280"}],"wp:term":[{"taxonomy":"category","embeddable":true,"href":"https:\/\/www.startlap.hu\/vasarlas\/wp-json\/wp\/v2\/categories?post=2278280"},{"taxonomy":"post_tag","embeddable":true,"href":"https:\/\/www.startlap.hu\/vasarlas\/wp-json\/wp\/v2\/tags?post=2278280"}],"curies":[{"name":"wp","href":"https:\/\/api.w.org\/{rel}","templated":true}]}}