{"id":2278271,"date":"2026-03-12T05:33:17","date_gmt":"2026-03-12T04:33:17","guid":{"rendered":"https:\/\/www.startlap.hu\/vasarlas\/?p=2278271"},"modified":"2026-03-11T17:34:45","modified_gmt":"2026-03-11T16:34:45","slug":"lidl-autoules-huzat-szett-akcio","status":"publish","type":"post","link":"https:\/\/www.startlap.hu\/vasarlas\/lidl-autoules-huzat-szett-akcio\/","title":{"rendered":"M\u00e1shol 1 db \u00e1ra ennyi, a Lidl 14 r\u00e9szes szettet ad 7999 forint\u00e9rt h\u00e9tf\u0151t\u0151l"},"content":{"rendered":"<p>A tavasz sok aut\u00f3s sz\u00e1m\u00e1ra nemcsak a gumicsere \u00e9s az alapos takar\u00edt\u00e1s id\u0151szaka, hanem az <strong><a href=\"https:\/\/www.startlap.hu\/vasarlas\/hasznos-autos-kiegeszitok-olcson\/\" target=\"_blank\" rel=\"noopener\">aut\u00f3<\/a><\/strong> bels\u0151 ter\u00e9nek felfriss\u00edt\u00e9se is ilyenkor esed\u00e9kes. A t\u00e9li h\u00f3napok ut\u00e1n gyakran maradnak makacs foltok az \u00fcl\u00e9seken: s\u00e1r, nedvess\u00e9g, ki\u00f6ml\u00f6tt italok, esetleg a <strong><a href=\"https:\/\/www.startlap.hu\/vasarlas\/kutya-macska-hazi-allat-mikrochip-kotelezo-eu\/\" target=\"_blank\" rel=\"noopener\">h\u00e1zi\u00e1llatok<\/a><\/strong> nyomai. Ilyenkor sokan d\u00f6ntenek \u00fagy, hogy \u00fcl\u00e9shuzattal v\u00e9dik vagy \u00faj\u00edtj\u00e1k meg az aut\u00f3 belsej\u00e9t: ez olcs\u00f3bb \u00e9s praktikusabb megold\u00e1s lehet, mint az eredeti k\u00e1rpit tiszt\u00edt\u00e1sa vagy cser\u00e9je. Most erre k\u00edn\u00e1l kedvez\u0151 \u00e1r\u00fa megold\u00e1st a <strong><a href=\"https:\/\/www.startlap.hu\/vasarlas\/lidl-steffi-graf-kampany-sportmarka-crivit\/\" target=\"_blank\" rel=\"noopener\">Lidl<\/a>.<\/strong><\/p>\n<div class=\"o-widget m-readMoreWidget -readMore u-shortDecorLineAfter row widget-container _ce_measure_widget bigdata-widget read-more\" data-ce-measure-widget=\"olvass tov\u00e1bb\">\n\t<div class=\"m-readMoreWidget__imgWrapper image-wrapper col-12 col-md-4 no-p\">\n\t\t<a class=\"m-readMoreWidget__imgLink\" href=\"https:\/\/www.startlap.hu\/vasarlas\/marcius-15-boltok-nyitvatartasa-lidl-aldi-spar-penny-tesco-2026\/\" >\n\t\t\t<img decoding=\"async\" src=\"https:\/\/www.startlap.hu\/vasarlas\/uploads\/2026\/03\/bevasarlokocsi-350x285.jpg\" class=\"m-readMoreWidget__img\">\n\t\t<\/a>\n\t<\/div>\n\t<div class=\"m-readMoreWidget__titleWrapper title-wrapper col-12 col-md-8\">\n\t\t<span class=\"m-readMoreWidget__titleLabel u-shortDecorLineBefore label hidden-sm-up\">Ez is \u00e9rdekelhet:<\/span>\n\t\t<h3 class=\"m-readMoreWidget__title title\">\n\t\t\t<a class=\"m-readMoreWidget__titleLink -secondFont u-bold u-upperCase\" href=\"https:\/\/www.startlap.hu\/vasarlas\/marcius-15-boltok-nyitvatartasa-lidl-aldi-spar-penny-tesco-2026\/\" >Vas\u00e1rnapi boltz\u00e1r j\u00f6n: v\u00e1ltozik a Lidl, Penny, Aldi \u00e9s a t\u00f6bbi \u00fczletl\u00e1nc nyitvatart\u00e1sa<\/a>\n\t\t<\/h3>\n\t\t<a class=\"m-readMoreWidget__btn -coloredBack u-tC link\" href=\"https:\/\/www.startlap.hu\/vasarlas\/marcius-15-boltok-nyitvatartasa-lidl-aldi-spar-penny-tesco-2026\/\" >Elolvasom<\/a>\n\t<\/div>\n<\/div>\n<p><strong>M\u00e1rcius 16-t\u00f3l, h\u00e9tf\u0151t\u0151l kaphat\u00f3 az \u00fczletekben az Ultimate Speed 14 r\u00e9szes aut\u00f3\u00fcl\u00e9s-huzatszett, ami 7999 forintba ker\u00fcl<\/strong>. A term\u00e9k teljes garnit\u00fara, \u00edgy egy \u00e1tlagos szem\u00e9lyaut\u00f3 teljes \u00fcl\u00e9sk\u00e9szlet\u00e9re elegend\u0151.<\/p>\n<h2>Mi\u00e9rt hasznos az aut\u00f3\u00fcl\u00e9s-huzat?<\/h2>\n<p>Az \u00fcl\u00e9shuzatok els\u0151dleges feladata, hogy megv\u00e9dj\u00e9k a gy\u00e1ri k\u00e1rpitot a kop\u00e1st\u00f3l, foltokt\u00f3l \u00e9s s\u00e9r\u00fcl\u00e9sekt\u0151l. A szak\u00e9rt\u0151k szerint az aut\u00f3 bels\u0151 ter\u00e9nek \u00e1llapota az egyik legfontosabb t\u00e9nyez\u0151 az aut\u00f3 k\u00e9s\u0151bbi \u00e9rt\u00e9kes\u00edt\u00e9sekor is.<\/p>\n<p><strong>Egy huzat seg\u00edthet p\u00e9ld\u00e1ul:<\/strong><\/p>\n<ul>\n<li>megv\u00e9deni az \u00fcl\u00e9st a ki\u00f6ml\u00f6tt italokt\u00f3l vagy \u00e9telfoltokt\u00f3l,<\/li>\n<li>elker\u00fclni a s\u00e1r \u00e9s a nedvess\u00e9g okozta k\u00e1rokat,<\/li>\n<li>v\u00e9deni az \u00fcl\u00e9st gyerek\u00fcl\u00e9s vagy h\u00e1zi\u00e1llat sz\u00e1ll\u00edt\u00e1sa eset\u00e9n,<\/li>\n<li>gyorsan felfriss\u00edteni egy kopott vagy kifakult aut\u00f3bels\u0151t.<\/li>\n<\/ul>\n<p>A huzatok r\u00e1ad\u00e1sul levehet\u0151k \u00e9s k\u00f6nnyebben tiszt\u00edthat\u00f3k, mint az eredeti k\u00e1rpit.<\/p>\n<h2>Mit tartalmaz a Lidl aut\u00f3\u00fcl\u00e9s-huzatszettje?<\/h2>\n<p>A Lidl k\u00edn\u00e1lat\u00e1ban megjelen\u0151 szett egy 14 r\u00e9szes komplett k\u00e9szlet, amely a legt\u00f6bb szem\u00e9lyaut\u00f3hoz haszn\u00e1lhat\u00f3. A csomag tartalma:<\/p>\n<ul>\n<li>huzatok 2 els\u0151 \u00fcl\u00e9shez,<\/li>\n<li>huzat 1 h\u00e1ts\u00f3 \u00fcl\u00e9shez,<\/li>\n<li>5 fejt\u00e1mlahuzat,<\/li>\n<li>univerz\u00e1lis kialak\u00edt\u00e1s, amely osztott h\u00e1ts\u00f3 \u00fcl\u00e9sek h\u00e1tt\u00e1ml\u00e1j\u00e1ra is alkalmas,<\/li>\n<li>oldall\u00e9gzs\u00e1kkal felszerelt aut\u00f3khoz is haszn\u00e1lhat\u00f3.<\/li>\n<\/ul>\n<p>A term\u00e9k univerz\u00e1lis m\u00e9ret\u0171, \u00edgy nem egy adott aut\u00f3t\u00edpushoz k\u00e9sz\u00fclt, hanem a legt\u00f6bb hagyom\u00e1nyos \u00fcl\u00e9sform\u00e1hoz illeszkedik. K\u00e9p a term\u00e9kr\u0151l a <strong><a href=\"https:\/\/akcios-ujsag.hu\/akcios-ujsagok\/lidl-nonfood-akcios-ujsag-2026-03-12\/\" target=\"_blank\" target=\"_blank\" rel=\"noopener\">Lidl akci\u00f3s \u00fajs\u00e1gban<\/a><\/strong>.<\/p>\n<figure id=\"attachment_2278276\" aria-describedby=\"caption-attachment-2278276\" style=\"width: 755px\" class=\"wp-caption alignnone\"><a href=\"https:\/\/www.startlap.hu\/vasarlas\/uploads\/2026\/03\/lidl-auto-scaled.jpg\"><img loading=\"lazy\" decoding=\"async\" class=\"size-article-size-large-image wp-image-2278276\" src=\"https:\/\/www.startlap.hu\/vasarlas\/uploads\/2026\/03\/lidl-auto-755x504.jpg\" alt=\"Egy aut\u00f3 a Lidl \u00e1ruh\u00e1z el\u0151tt.\" width=\"755\" height=\"504\" srcset=\"https:\/\/www.startlap.hu\/vasarlas\/uploads\/2026\/03\/lidl-auto-755x504.jpg 755w, https:\/\/www.startlap.hu\/vasarlas\/uploads\/2026\/03\/lidl-auto-1536x1025.jpg 1536w, https:\/\/www.startlap.hu\/vasarlas\/uploads\/2026\/03\/lidl-auto-2048x1367.jpg 2048w, https:\/\/www.startlap.hu\/vasarlas\/uploads\/2026\/03\/lidl-auto-524x350.jpg 524w\" sizes=\"auto, (max-width: 755px) 100vw, 755px\" \/><\/a><figcaption id=\"caption-attachment-2278276\" class=\"wp-caption-text\">Az aut\u00f3soknak m\u00e1rcius 16-t\u00f3l k\u00fcl\u00f6n\u00f6sen meg\u00e9ri ben\u00e9zni a Lidlbe. Fot\u00f3: AFP<\/figcaption><\/figure>\n<h2>\u00c1r-\u00e9rt\u00e9k ar\u00e1nyban meg\u00e9ri a Lidl aj\u00e1nlata?<\/h2>\n<p>Ha k\u00f6r\u00fcln\u00e9z\u00fcnk az aut\u00f3s webshopok \u00e9s bark\u00e1cs\u00e1ruh\u00e1zak k\u00edn\u00e1lat\u00e1ban, gyorsan kider\u00fcl, hogy az \u00e1rak sz\u00e9les sk\u00e1l\u00e1n mozognak.<\/p>\n<p>Egy 9 r\u00e9szes univerz\u00e1lis aut\u00f3\u00fcl\u00e9s-huzatszett p\u00e9ld\u00e1ul k\u00f6r\u00fclbel\u00fcl 19 990 forintba ker\u00fcl egy bark\u00e1cs\u00e1ruh\u00e1z k\u00edn\u00e1lat\u00e1ban. M\u00e1s web\u00e1ruh\u00e1zakban a komplett szettek jellemz\u0151en 10-20 ezer forint k\u00f6z\u00f6tt indulnak.<\/p>\n<p>A pr\u00e9mium vagy speci\u00e1lis huzatok \u00e1ra ak\u00e1r 30-50 ezer forint f\u00f6l\u00e9 is mehet.<\/p>\n<p><strong>A k\u00edn\u00e1latban olyan term\u00e9kek is vannak, ahol egy darab \u00fcl\u00e9sv\u00e9d\u0151 vagy egyszer\u0171 huzat 5-7 ezer forint k\u00f6r\u00fcl kezd\u0151dik, teh\u00e1t val\u00f3ban el\u0151fordulhat, hogy egyetlen \u00fcl\u00e9sre sz\u00e1nt huzat ker\u00fcl annyiba, mint a Lidl teljes szettje.<\/strong><\/p>\n<p>L\u00e9nyeg\u00e9ben az aut\u00f3 teljes \u00fcl\u00e9sk\u00e9szlet\u00e9nek v\u00e9delm\u00e9t egy k\u00f6z\u00e9pkateg\u00f3ri\u00e1s huzat \u00e1r\u00e1nak t\u00f6red\u00e9k\u00e9\u00e9rt meg lehet oldani. Aki teh\u00e1t tavasszal felfriss\u00edten\u00e9 az aut\u00f3 belsej\u00e9t vagy meg\u00f3vn\u00e1 a k\u00e1rpitot a k\u00f6vetkez\u0151 szezonban, annak \u00e9rdemes lehet megn\u00e9zni a Lidl akci\u00f3j\u00e1t.<\/p>\n<h2>Kinek lehet j\u00f3 v\u00e1laszt\u00e1s a Lidl aut\u00f3\u00fcl\u00e9s-huzata?<\/h2>\n<p>A 7999 forintos szett els\u0151sorban azoknak lehet j\u00f3 v\u00e9tel, akik:<\/p>\n<ul>\n<li>gyorsan \u00e9s olcs\u00f3n szeretn\u00e9k meg\u00f3vni aut\u00f3juk \u00fcl\u00e9s\u00e9t,<\/li>\n<li>h\u00e1zi\u00e1llatot sz\u00e1ll\u00edtanak,<\/li>\n<li>haszn\u00e1lt aut\u00f3t v\u00e1s\u00e1roltak, \u00e9s szeretn\u00e9k eszt\u00e9tikailag felfriss\u00edteni a bels\u0151t,<\/li>\n<li>tavasszal nagytakar\u00edt\u00e1ssal egy\u00fctt \u00faj huzatot tenn\u00e9nek az \u00fcl\u00e9sekre.<\/li>\n<\/ul>\n<p>Mivel univerz\u00e1lis m\u00e9ret\u0171, nem felt\u00e9tlen\u00fcl illeszkedik olyan pontosan, mint az aut\u00f3t\u00edpusra gy\u00e1rtott huzatok, de az \u00e1r-\u00e9rt\u00e9k ar\u00e1nyt tekintve sok aut\u00f3s sz\u00e1m\u00e1ra \u00edgy is vonz\u00f3 lehet.<\/p>\n<p data-mrf-recirculation=\"[Article Startlap] Inline links\"><strong>\u00c9rdemes az&nbsp;<a href=\"https:\/\/akcios-ujsag.hu\/\" target=\"_blank\" target=\"_blank\" rel=\"noopener\" data-mrf-recirculation=\"[Article Startlap] Inline Links\" data-mrf-link=\"https:\/\/akcios-ujsag.hu\/\" data-mrf-recirculation-id=\"[Article Startlap] Inline Links_4\">Akci\u00f3s-\u00dajs\u00e1g.hu<\/a>&nbsp;oldal\u00e1n megtal\u00e1lhat\u00f3 m\u00e1s \u00e1ruh\u00e1zl\u00e1ncok akci\u00f3s term\u00e9keit is \u00e1tb\u00f6ng\u00e9szni, p\u00e9ld\u00e1ul:<\/strong><\/p>\n<ul>\n<li><a href=\"https:\/\/akcios-ujsag.hu\/akcios-ujsag\/elelmiszer-aruhaz\/aldi\/\" target=\"_blank\" target=\"_blank\" rel=\"noopener\"><strong>Aldi<\/strong><\/a><\/li>\n<li><a href=\"https:\/\/akcios-ujsag.hu\/akcios-ujsag\/elelmiszer-aruhaz\/auchan\/\" target=\"_blank\" target=\"_blank\" rel=\"noopener\"><strong>Auchan<\/strong><\/a><\/li>\n<li><a href=\"https:\/\/akcios-ujsag.hu\/akcios-ujsag\/elelmiszer-aruhaz\/spar-interspar\/\" target=\"_blank\" target=\"_blank\" rel=\"noopener\"><strong>Interspar<\/strong><\/a><\/li>\n<li><a href=\"https:\/\/akcios-ujsag.hu\/akcios-ujsag\/elelmiszer-aruhaz\/penny-market\/\" target=\"_blank\" target=\"_blank\" rel=\"noopener\"><strong>Penny&nbsp;<\/strong><\/a><\/li>\n<li><a href=\"https:\/\/akcios-ujsag.hu\/akcios-ujsag\/elelmiszer-aruhaz\/tesco\/\" target=\"_blank\" target=\"_blank\" rel=\"noopener\"><strong>Tesco<\/strong><\/a><\/li>\n<\/ul>\n<div class=\"o-widget m-readMoreWidget -readMore u-shortDecorLineAfter row widget-container _ce_measure_widget bigdata-widget read-more\" data-ce-measure-widget=\"olvass tov\u00e1bb\">\n\t<div class=\"m-readMoreWidget__imgWrapper image-wrapper col-12 col-md-4 no-p\">\n\t\t<a class=\"m-readMoreWidget__imgLink\" href=\"https:\/\/www.startlap.hu\/vasarlas\/lidl-parkside-szerszamok-titkok-barkacs\/\" >\n\t\t\t<img decoding=\"async\" src=\"https:\/\/www.startlap.hu\/vasarlas\/uploads\/2026\/01\/GettyImages-1200225496-350x285.jpg\" class=\"m-readMoreWidget__img\">\n\t\t<\/a>\n\t<\/div>\n\t<div class=\"m-readMoreWidget__titleWrapper title-wrapper col-12 col-md-8\">\n\t\t<span class=\"m-readMoreWidget__titleLabel u-shortDecorLineBefore label hidden-sm-up\">Ez is \u00e9rdekelhet:<\/span>\n\t\t<h3 class=\"m-readMoreWidget__title title\">\n\t\t\t<a class=\"m-readMoreWidget__titleLink -secondFont u-bold u-upperCase\" href=\"https:\/\/www.startlap.hu\/vasarlas\/lidl-parkside-szerszamok-titkok-barkacs\/\" >Ki \u00e1ll val\u00f3j\u00e1ban a Parkside szersz\u00e1mm\u00e1rka m\u00f6g\u00f6tt?<\/a>\n\t\t<\/h3>\n\t\t<a class=\"m-readMoreWidget__btn -coloredBack u-tC link\" href=\"https:\/\/www.startlap.hu\/vasarlas\/lidl-parkside-szerszamok-titkok-barkacs\/\" >Elolvasom<\/a>\n\t<\/div>\n<\/div>\n","protected":false},"excerpt":{"rendered":"<p>K\u00fcl\u00f6n\u00f6sen a t\u00e9li h\u00f3napok ut\u00e1n praktikus egy olyan aut\u00f3s kieg\u00e9sz\u00edt\u0151, amit a Lidl m\u00e1rcius 16-t\u00f3l k\u00edn\u00e1l akci\u00f3s \u00e1ron. Az aj\u00e1nlat m\u00e1r az\u00e9rt is j\u00f3nak t\u0171nik, mert a komplett, t\u00f6bb darabb\u00f3l \u00e1ll\u00f3 szett \u00e1ra nagyj\u00e1b\u00f3l annyi, mint amennyit m\u00e1shol gyakran egyetlen hasonl\u00f3 term\u00e9k\u00e9rt k\u00e9rnek.<\/p>\n","protected":false},"author":45,"featured_media":2278276,"comment_status":"closed","ping_status":"closed","sticky":false,"template":"","format":"standard","meta":{"footnotes":""},"categories":[8180],"tags":[2368,1494,280],"class_list":["post-2278271","post","type-post","status-publish","format-standard","has-post-thumbnail","hentry","category-trending","tag-akcio","tag-auto","tag-lidl"],"aioseo_notices":[],"_links":{"self":[{"href":"https:\/\/www.startlap.hu\/vasarlas\/wp-json\/wp\/v2\/posts\/2278271","targetHints":{"allow":["GET"]}}],"collection":[{"href":"https:\/\/www.startlap.hu\/vasarlas\/wp-json\/wp\/v2\/posts"}],"about":[{"href":"https:\/\/www.startlap.hu\/vasarlas\/wp-json\/wp\/v2\/types\/post"}],"author":[{"embeddable":true,"href":"https:\/\/www.startlap.hu\/vasarlas\/wp-json\/wp\/v2\/users\/45"}],"replies":[{"embeddable":true,"href":"https:\/\/www.startlap.hu\/vasarlas\/wp-json\/wp\/v2\/comments?post=2278271"}],"version-history":[{"count":5,"href":"https:\/\/www.startlap.hu\/vasarlas\/wp-json\/wp\/v2\/posts\/2278271\/revisions"}],"predecessor-version":[{"id":2278277,"href":"https:\/\/www.startlap.hu\/vasarlas\/wp-json\/wp\/v2\/posts\/2278271\/revisions\/2278277"}],"wp:featuredmedia":[{"embeddable":true,"href":"https:\/\/www.startlap.hu\/vasarlas\/wp-json\/wp\/v2\/media\/2278276"}],"wp:attachment":[{"href":"https:\/\/www.startlap.hu\/vasarlas\/wp-json\/wp\/v2\/media?parent=2278271"}],"wp:term":[{"taxonomy":"category","embeddable":true,"href":"https:\/\/www.startlap.hu\/vasarlas\/wp-json\/wp\/v2\/categories?post=2278271"},{"taxonomy":"post_tag","embeddable":true,"href":"https:\/\/www.startlap.hu\/vasarlas\/wp-json\/wp\/v2\/tags?post=2278271"}],"curies":[{"name":"wp","href":"https:\/\/api.w.org\/{rel}","templated":true}]}}