{"id":2278251,"date":"2026-03-12T16:03:47","date_gmt":"2026-03-12T15:03:47","guid":{"rendered":"https:\/\/www.startlap.hu\/vasarlas\/?p=2278251"},"modified":"2026-03-12T10:26:10","modified_gmt":"2026-03-12T09:26:10","slug":"kinai-webshop-csomag-ado","status":"publish","type":"post","link":"https:\/\/www.startlap.hu\/vasarlas\/kinai-webshop-csomag-ado\/","title":{"rendered":"Te is szokt\u00e1l rendelni k\u00ednai webshopokb\u00f3l? Ennek a h\u00edrnek sokan fognak \u00f6r\u00fclni!"},"content":{"rendered":"<p>M\u00e1rcius 1-j\u00e9t\u0151l \u00faj d\u00edj l\u00e9pett \u00e9letbe Franciaorsz\u00e1gban az Eur\u00f3pai Uni\u00f3n k\u00edv\u00fclr\u0151l \u00e9rkez\u0151 kis \u00e9rt\u00e9k\u0171 <a href=\"https:\/\/www.startlap.hu\/vasarlas\/csomag-csalas-rendeles\/\" target=\"_blank\" rel=\"noopener\">csomagokra<\/a>. Az int\u00e9zked\u00e9s \u00e9rtelm\u00e9ben term\u00e9kenk\u00e9nt k\u00e9t eur\u00f3t kell fizetni minden olyan k\u00fcldem\u00e9ny ut\u00e1n, amely EU-n k\u00edv\u00fcli orsz\u00e1gb\u00f3l \u00e9rkezik \u00e9s \u00e9rt\u00e9ke nem haladja meg a 150 eur\u00f3t.&nbsp; A szab\u00e1lyoz\u00e1s c\u00e9lja az volt, hogy visszafogja az olcs\u00f3 \u00e1rukkal el\u00e1raszt\u00f3 k\u00fclf\u00f6ldi online piacterek t\u00e9rnyer\u00e9s\u00e9t. <strong>A gyakorlat azonban azt mutatja: a logisztikai c\u00e9gek \u00e9s az e-kereskedelmi \u00f3ri\u00e1sok nagyon gyorsan alkalmazkodtak.<\/strong><\/p>\n<div class=\"o-widget m-readMoreWidget -readMore u-shortDecorLineAfter row widget-container _ce_measure_widget bigdata-widget read-more\" data-ce-measure-widget=\"olvass tov\u00e1bb\">\n\t<div class=\"m-readMoreWidget__imgWrapper image-wrapper col-12 col-md-4 no-p\">\n\t\t<a class=\"m-readMoreWidget__imgLink\" href=\"https:\/\/www.startlap.hu\/vasarlas\/lidl-steffi-graf-kampany-sportmarka-crivit\/\" >\n\t\t\t<img decoding=\"async\" src=\"https:\/\/www.startlap.hu\/vasarlas\/uploads\/2026\/02\/lidl-bevasarlokocsik-vasarlok-350x285.jpg\" class=\"m-readMoreWidget__img\">\n\t\t<\/a>\n\t<\/div>\n\t<div class=\"m-readMoreWidget__titleWrapper title-wrapper col-12 col-md-8\">\n\t\t<span class=\"m-readMoreWidget__titleLabel u-shortDecorLineBefore label hidden-sm-up\">Ez is \u00e9rdekelhet:<\/span>\n\t\t<h3 class=\"m-readMoreWidget__title title\">\n\t\t\t<a class=\"m-readMoreWidget__titleLink -secondFont u-bold u-upperCase\" href=\"https:\/\/www.startlap.hu\/vasarlas\/lidl-steffi-graf-kampany-sportmarka-crivit\/\" >V\u00e1ratlan l\u00e9p\u00e9s: a Parkside mellett a Lidl \u00fajabb term\u00e9kekkel nyomul<\/a>\n\t\t<\/h3>\n\t\t<a class=\"m-readMoreWidget__btn -coloredBack u-tC link\" href=\"https:\/\/www.startlap.hu\/vasarlas\/lidl-steffi-graf-kampany-sportmarka-crivit\/\" >Elolvasom<\/a>\n\t<\/div>\n<\/div>\n<h2>Nem csomagonk\u00e9nt, hanem term\u00e9kenk\u00e9nt fizetik<\/h2>\n<p>A legt\u00f6bb ilyen <a href=\"https:\/\/www.startlap.hu\/vasarlas\/online-vasarlas-csalad-atveres-csomagkuldes\/\" target=\"_blank\" rel=\"noopener\">k\u00fcldem\u00e9nyt<\/a> k\u00ednai rakt\u00e1rakban \u00e1ll\u00edtj\u00e1k \u00f6ssze, majd tehersz\u00e1ll\u00edt\u00f3 rep\u00fcl\u0151kkel juttatj\u00e1k el Eur\u00f3p\u00e1ba. A francia szab\u00e1ly szerint azonban nem csomagonk\u00e9nt, hanem az egyes term\u00e9kek ut\u00e1n kell fizetni a k\u00e9t eur\u00f3t.<\/p>\n<blockquote class=\"article__extraTxt\"><p>Ez azt jelenti, hogy ha egy dobozban k\u00e9t k\u00fcl\u00f6nb\u00f6z\u0151 term\u00e9k van, akkor m\u00e1r n\u00e9gy eur\u00f3 a fizetend\u0151 d\u00edj.<\/p><\/blockquote>\n<p>A szab\u00e1lyoz\u00e1s c\u00e9lja az volt, hogy dr\u00e1g\u00e1bb\u00e1 tegye a t\u00f6meges, apr\u00f3 rendel\u00e9sekb\u0151l \u00e1ll\u00f3 csomag\u00e1radatot, amely az ut\u00f3bbi \u00e9vekben robban\u00e1sszer\u0171en n\u0151tt.<\/p>\n<h2>A cargo-j\u00e1ratok m\u00e1r nem P\u00e1rizsban landolnak<\/h2>\n<p>A rendszer azonban m\u00e1r az els\u0151 napokban l\u00e1tv\u00e1nyos mell\u00e9khat\u00e1sokat hozott. A k\u00ednai cargo-j\u00e1ratok egy r\u00e9sze egyszer\u0171en m\u00e1s eur\u00f3pai rep\u00fcl\u0151tereket kezdett haszn\u00e1lni. A p\u00e1rizsi Paris\u2011Charles de Gaulle Airport rep\u00fcl\u0151teret \u00fczemeltet\u0151 Groupe ADP szerint a teljes l\u00e9gi \u00e1ruforgalom mintegy harmada elt\u0171nt n\u00e9h\u00e1ny nap alatt. A cargoz\u00f3n\u00e1ban dolgoz\u00f3k arr\u00f3l sz\u00e1moltak be, hogy alig \u00e9rkeznek k\u00ednai tehersz\u00e1ll\u00edt\u00f3 rep\u00fcl\u0151k. A sz\u00e1ll\u00edtm\u00e1nyok ink\u00e1bb Hollandi\u00e1ban vagy Belgiumban landolnak, majd onnan kamionok viszik tov\u00e1bb Franciaorsz\u00e1gba. <strong>Vagyis kevesebb rep\u00fcl\u0151 \u00e9rkezik az orsz\u00e1gba, viszont t\u00f6bb teheraut\u00f3 l\u00e9pi \u00e1t a hat\u00e1rt.<\/strong> A v\u00e1ltoz\u00e1snak m\u00e1r most vannak vesztesei: t\u00f6bb, a p\u00e1rizsi rep\u00fcl\u0151t\u00e9r cargoter\u00fclet\u00e9n dolgoz\u00f3 alkalmazott elvesz\u00edtette az \u00e1ll\u00e1s\u00e1t.<\/p>\n<figure id=\"attachment_2278258\" aria-describedby=\"caption-attachment-2278258\" style=\"width: 755px\" class=\"wp-caption alignnone\"><img loading=\"lazy\" decoding=\"async\" class=\"size-article-size-large-image wp-image-2278258\" src=\"https:\/\/www.startlap.hu\/vasarlas\/uploads\/2026\/03\/csomag-1-755x503.jpg\" alt=\"csomag k\u00e9zbes\u00edt\u00e9se\" width=\"755\" height=\"503\" srcset=\"https:\/\/www.startlap.hu\/vasarlas\/uploads\/2026\/03\/csomag-1-755x503.jpg 755w, https:\/\/www.startlap.hu\/vasarlas\/uploads\/2026\/03\/csomag-1-1536x1024.jpg 1536w, https:\/\/www.startlap.hu\/vasarlas\/uploads\/2026\/03\/csomag-1-2048x1365.jpg 2048w, https:\/\/www.startlap.hu\/vasarlas\/uploads\/2026\/03\/csomag-1-525x350.jpg 525w\" sizes=\"auto, (max-width: 755px) 100vw, 755px\" \/><figcaption id=\"caption-attachment-2278258\" class=\"wp-caption-text\">Fot\u00f3: Getty Images<\/figcaption><\/figure>\n<h2>J\u00faliust\u00f3l az eg\u00e9sz EU-ban j\u00f6het a hasonl\u00f3 d\u00edj<\/h2>\n<p>A jelenlegi francia szab\u00e1ly csak el\u0151fut\u00e1ra egy <a href=\"https:\/\/www.startlap.hu\/vasarlas\/europai-unio-vam-szigoritas\/\" target=\"_blank\" rel=\"noopener\">nagyobb eur\u00f3pai tervnek<\/a>. 2026. j\u00falius 1-t\u0151l az EU egy \u00e1tmeneti, term\u00e9kenk\u00e9nt h\u00e1rom eur\u00f3s v\u00e1mot vezethet be az uni\u00f3ba \u00e9rkez\u0151 kis \u00e9rt\u00e9k\u0171 csomagokra.&nbsp; Az int\u00e9zked\u00e9s a hatalmasra duzzadt e-kereskedelmi import miatt sz\u00fcletett: az EU-ba \u00e9rkez\u0151 kis csomagok sz\u00e1ma m\u00e1r \u00e9vi t\u00f6bb milli\u00e1rd darab, \u00e9s ezek d\u00f6nt\u0151 t\u00f6bbs\u00e9ge K\u00edn\u00e1b\u00f3l j\u00f6n.<\/p>\n<h2>Eur\u00f3pai rakt\u00e1rakkal ker\u00fclik ki az ad\u00f3t<\/h2>\n<p>A legnagyobb online platformok azonban m\u00e1r most \u00faj strat\u00e9gi\u00e1ra \u00e1lltak \u00e1t. Egyre t\u00f6bb v\u00e1llalat eur\u00f3pai rakt\u00e1rakat \u00e9p\u00edt, ahov\u00e1 kont\u00e9nerekben, haj\u00f3val \u00e9rkezik az \u00e1ru K\u00edn\u00e1b\u00f3l. Ha a term\u00e9k m\u00e1r Eur\u00f3p\u00e1ban van rakt\u00e1ron, akkor a megrendel\u00e9sek EU-n bel\u00fcli sz\u00e1ll\u00edt\u00e1ssal jutnak el a v\u00e1s\u00e1rl\u00f3khoz, \u00edgy a kiscsomag-ad\u00f3 gyakorlatilag kiker\u00fclhet\u0151. Erre j\u00f3 p\u00e9lda a fast fashion \u00f3ri\u00e1s, a Shein, amely nemr\u00e9g 740 ezer n\u00e9gyzetm\u00e9teres rakt\u00e1rk\u00f6zpontot nyitott Lengyelorsz\u00e1gban: ez nagyj\u00e1b\u00f3l sz\u00e1z futballp\u00e1ly\u00e1nak felel meg.<\/p>\n<blockquote class=\"article__extraTxt\"><p>A kritikusok szerint a kiscsomag-ad\u00f3 ink\u00e1bb politikai jelz\u00e9s, mint val\u00f3di megold\u00e1s a k\u00ednai e-kereskedelem t\u00e9rnyer\u00e9s\u00e9re.<\/p><\/blockquote>\n<p>A c\u00e9gek logisztikai \u00fatvonalat v\u00e1ltanak, \u00faj rakt\u00e1rakat \u00e9p\u00edtenek, \u00e9s gyorsan alkalmazkodnak a szab\u00e1lyokhoz, mik\u00f6zben a v\u00e1s\u00e1rl\u00f3k t\u00f6bbs\u00e9ge alig \u00e9rz\u00e9kel valamit az int\u00e9zked\u00e9sb\u0151l.<\/p>\n<p><a href=\"https:\/\/www.rtl.fr\/actu\/economie-consommation\/elle-devait-decourager-les-achats-sur-les-plateformes-chinoises-la-taxe-sur-les-petits-colis-affiche-deja-ses-limites-7900610602\" target=\"_blank\" target=\"_blank\" rel=\"noopener\">via<\/a><\/p>\n<div class=\"o-widget m-readMoreWidget -readMore u-shortDecorLineAfter row widget-container _ce_measure_widget bigdata-widget read-more\" data-ce-measure-widget=\"olvass tov\u00e1bb\">\n\t<div class=\"m-readMoreWidget__imgWrapper image-wrapper col-12 col-md-4 no-p\">\n\t\t<a class=\"m-readMoreWidget__imgLink\" href=\"https:\/\/www.startlap.hu\/vasarlas\/ablak-mosas-idojaras-napos-tippek\/\" >\n\t\t\t<img decoding=\"async\" src=\"https:\/\/www.startlap.hu\/vasarlas\/uploads\/2025\/11\/GettyImages-1152826120_11zon-350x285.jpg\" class=\"m-readMoreWidget__img\">\n\t\t<\/a>\n\t<\/div>\n\t<div class=\"m-readMoreWidget__titleWrapper title-wrapper col-12 col-md-8\">\n\t\t<span class=\"m-readMoreWidget__titleLabel u-shortDecorLineBefore label hidden-sm-up\">Ez is \u00e9rdekelhet:<\/span>\n\t\t<h3 class=\"m-readMoreWidget__title title\">\n\t\t\t<a class=\"m-readMoreWidget__titleLink -secondFont u-bold u-upperCase\" href=\"https:\/\/www.startlap.hu\/vasarlas\/ablak-mosas-idojaras-napos-tippek\/\" >Eszedbe se jusson napos id\u0151ben ablakot mosni: k\u00e9tszer kell dolgoznod<\/a>\n\t\t<\/h3>\n\t\t<a class=\"m-readMoreWidget__btn -coloredBack u-tC link\" href=\"https:\/\/www.startlap.hu\/vasarlas\/ablak-mosas-idojaras-napos-tippek\/\" >Elolvasom<\/a>\n\t<\/div>\n<\/div>\n","protected":false},"excerpt":{"rendered":"<p>2026. j\u00falius 1-j\u00e9t\u0151l az EU egy \u00e1tmeneti, term\u00e9kenk\u00e9nt h\u00e1rom eur\u00f3s v\u00e1mot vezethet be az uni\u00f3ba, t\u00f6bbnyire K\u00edn\u00e1b\u00f3l \u00e9rkez\u0151, kis \u00e9rt\u00e9k\u0171 csomagokra. \u00dagy n\u00e9z ki azonban, hogy a v\u00e1s\u00e1rl\u00f3knak nem kell agg\u00f3dniuk az int\u00e9zked\u00e9s miatt.  <\/p>\n","protected":false},"author":64,"featured_media":2278258,"comment_status":"closed","ping_status":"closed","sticky":false,"template":"","format":"standard","meta":{"footnotes":""},"categories":[8180],"tags":[243,6838,3792,6806],"class_list":["post-2278251","post","type-post","status-publish","format-standard","has-post-thumbnail","hentry","category-trending","tag-ado","tag-csomagok","tag-szabalyok","tag-webshop"],"aioseo_notices":[],"_links":{"self":[{"href":"https:\/\/www.startlap.hu\/vasarlas\/wp-json\/wp\/v2\/posts\/2278251","targetHints":{"allow":["GET"]}}],"collection":[{"href":"https:\/\/www.startlap.hu\/vasarlas\/wp-json\/wp\/v2\/posts"}],"about":[{"href":"https:\/\/www.startlap.hu\/vasarlas\/wp-json\/wp\/v2\/types\/post"}],"author":[{"embeddable":true,"href":"https:\/\/www.startlap.hu\/vasarlas\/wp-json\/wp\/v2\/users\/64"}],"replies":[{"embeddable":true,"href":"https:\/\/www.startlap.hu\/vasarlas\/wp-json\/wp\/v2\/comments?post=2278251"}],"version-history":[{"count":9,"href":"https:\/\/www.startlap.hu\/vasarlas\/wp-json\/wp\/v2\/posts\/2278251\/revisions"}],"predecessor-version":[{"id":2278279,"href":"https:\/\/www.startlap.hu\/vasarlas\/wp-json\/wp\/v2\/posts\/2278251\/revisions\/2278279"}],"wp:featuredmedia":[{"embeddable":true,"href":"https:\/\/www.startlap.hu\/vasarlas\/wp-json\/wp\/v2\/media\/2278258"}],"wp:attachment":[{"href":"https:\/\/www.startlap.hu\/vasarlas\/wp-json\/wp\/v2\/media?parent=2278251"}],"wp:term":[{"taxonomy":"category","embeddable":true,"href":"https:\/\/www.startlap.hu\/vasarlas\/wp-json\/wp\/v2\/categories?post=2278251"},{"taxonomy":"post_tag","embeddable":true,"href":"https:\/\/www.startlap.hu\/vasarlas\/wp-json\/wp\/v2\/tags?post=2278251"}],"curies":[{"name":"wp","href":"https:\/\/api.w.org\/{rel}","templated":true}]}}