{"id":2278241,"date":"2026-03-11T13:07:00","date_gmt":"2026-03-11T12:07:00","guid":{"rendered":"https:\/\/www.startlap.hu\/vasarlas\/?p=2278241"},"modified":"2026-03-11T13:07:00","modified_gmt":"2026-03-11T12:07:00","slug":"mobilszam-hivoszam-hamisitas-2026-nyara","status":"publish","type":"post","link":"https:\/\/www.startlap.hu\/vasarlas\/mobilszam-hivoszam-hamisitas-2026-nyara\/","title":{"rendered":"Ny\u00e1rt\u00f3l nagy v\u00e1ltoz\u00e1s j\u00f6n a mobilsz\u00e1mokn\u00e1l &#8211; szak\u00e9rt\u0151k magyar\u00e1zz\u00e1k el, mire kell figyeln\u00fcnk!"},"content":{"rendered":"<p>A hazai szolg\u00e1ltat\u00f3k 2025-ben &#8211; a Nemzeti M\u00e9dia- \u00e9s H\u00edrk\u00f6zl\u00e9si Hat\u00f3s\u00e1ggal (NMHH) egy\u00fcttm\u0171k\u00f6d\u00e9sben &#8211; jelent\u0151s l\u00e9p\u00e9seket tettek a vezet\u00e9kes h\u00edv\u00f3sz\u00e1mok hamis\u00edt\u00e1sa ellen, id\u00e9n ny\u00e1rt\u00f3l pedig m\u00e1r a mobilsz\u00e1mokkal is nehezebb lesz vissza\u00e9lni &#8211; k\u00f6z\u00f6lte az NMHH kommunik\u00e1ci\u00f3s igazgat\u00f3s\u00e1ga szerd\u00e1n az MTI-vel.<\/p>\n<div class=\"o-widget m-readMoreWidget -readMore u-shortDecorLineAfter row widget-container _ce_measure_widget bigdata-widget read-more\" data-ce-measure-widget=\"olvass tov\u00e1bb\">\n\t<div class=\"m-readMoreWidget__imgWrapper image-wrapper col-12 col-md-4 no-p\">\n\t\t<a class=\"m-readMoreWidget__imgLink\" href=\"https:\/\/www.startlap.hu\/vasarlas\/lidl-steffi-graf-kampany-sportmarka-crivit\/\" >\n\t\t\t<img decoding=\"async\" src=\"https:\/\/www.startlap.hu\/vasarlas\/uploads\/2026\/02\/lidl-bevasarlokocsik-vasarlok-350x285.jpg\" class=\"m-readMoreWidget__img\">\n\t\t<\/a>\n\t<\/div>\n\t<div class=\"m-readMoreWidget__titleWrapper title-wrapper col-12 col-md-8\">\n\t\t<span class=\"m-readMoreWidget__titleLabel u-shortDecorLineBefore label hidden-sm-up\">Ez is \u00e9rdekelhet:<\/span>\n\t\t<h3 class=\"m-readMoreWidget__title title\">\n\t\t\t<a class=\"m-readMoreWidget__titleLink -secondFont u-bold u-upperCase\" href=\"https:\/\/www.startlap.hu\/vasarlas\/lidl-steffi-graf-kampany-sportmarka-crivit\/\" >V\u00e1ratlan l\u00e9p\u00e9s: a Parkside mellett a Lidl \u00fajabb term\u00e9kekkel nyomul<\/a>\n\t\t<\/h3>\n\t\t<a class=\"m-readMoreWidget__btn -coloredBack u-tC link\" href=\"https:\/\/www.startlap.hu\/vasarlas\/lidl-steffi-graf-kampany-sportmarka-crivit\/\" >Elolvasom<\/a>\n\t<\/div>\n<\/div>\n<p>A hat\u00f3s\u00e1g szak\u00e9rt\u0151i hangs\u00falyozt\u00e1k: az egyre hat\u00e9konyabb szolg\u00e1ltat\u00f3i v\u00e9delem mellett is fontos, hogy tudatosak maradjunk, \u00e9s felismerj\u00fck a csal\u00e1sok \u00e1rulkod\u00f3 jeleit. Ha <a href=\"https:\/\/www.startlap.hu\/vasarlas\/telefonos-csalas-olaszorszag-nevtelen-nema-hivas-mesterseges-intelligencia\/\" target=\"_blank\" rel=\"noopener\">cs\u00f6r\u00f6g a telefonunk<\/a>, teljesen \u00f6szt\u00f6n\u00f6s mozdulattal el\u0151sz\u00f6r azt n\u00e9zz\u00fck meg, ki keres minket. Ha nem jelenik meg telefonsz\u00e1m, sokan m\u00e1r nem is sz\u00edvesen veszik fel a k\u00e9sz\u00fcl\u00e9ket. Ha nem lenne h\u00edv\u00f3sz\u00e1mkijelz\u00e9s, akkor visszah\u00edvni sem tudn\u00e1nk azokat, akik kerestek benn\u00fcnket. Ez a hasznos szolg\u00e1ltat\u00e1s m\u00e1ra m\u00e1r a mindennapjaink n\u00e9lk\u00fcl\u00f6zhetetlen r\u00e9sz\u00e9v\u00e9 v\u00e1lt.<\/p>\n<h2>Egy bor\u00edt\u00e9kra is b\u00e1rmilyen felad\u00f3t r\u00e1\u00edrhatunk<\/h2>\n<p>Ek\u00f6zben a legt\u00f6bben nem is gondolkodnak el azon, hogy a k\u00e9perny\u0151n megjelen\u0151 azonos\u00edt\u00f3 biztosan a minket h\u00edv\u00f3 f\u00e9l val\u00f3di telefonsz\u00e1ma-e &#8211; \u00edrt\u00e1k. A val\u00f3s\u00e1gban azonban <strong>a h\u00edv\u00f3sz\u00e1mkijelz\u00e9st eredetileg csup\u00e1n k\u00e9nyelmi szolg\u00e1ltat\u00e1snak sz\u00e1nt\u00e1k<\/strong>, ez\u00e9rt ak\u00e1r a h\u00edv\u00f3, ak\u00e1r a h\u00edv\u00e1s tov\u00e1bb\u00edt\u00e1s\u00e1ban k\u00f6zrem\u0171k\u00f6d\u0151 valamelyik szerepl\u0151 meg tudja azt v\u00e1ltoztatni. Ez ahhoz hasonl\u00edthat\u00f3, ahogyan egy bor\u00edt\u00e9kra is b\u00e1rmilyen felad\u00f3t r\u00e1\u00edrhatunk &#8211; legfeljebb, ha nem a saj\u00e1t c\u00edm\u00fcnket adjuk meg, \u00e9s a <a href=\"https:\/\/www.startlap.hu\/vasarlas\/csomag-csalas-rendeles\/\" target=\"_blank\" rel=\"noopener\">k\u00fcldem\u00e9nyt<\/a> nem siker\u00fcl k\u00e9zbes\u00edteni, akkor nem kapjuk vissza.<\/p>\n<figure id=\"attachment_2278245\" aria-describedby=\"caption-attachment-2278245\" style=\"width: 755px\" class=\"wp-caption alignnone\"><a href=\"https:\/\/www.startlap.hu\/vasarlas\/uploads\/2026\/03\/fiatal-no-aggodik-mobiltelefon.jpg\"><img loading=\"lazy\" decoding=\"async\" class=\"size-article-size-large-image wp-image-2278245\" src=\"https:\/\/www.startlap.hu\/vasarlas\/uploads\/2026\/03\/fiatal-no-aggodik-mobiltelefon-755x457.jpg\" alt=\"Egy fiatal n\u0151 agg\u00f3dva figyeli a mobiltelefonja kijelz\u0151j\u00e9t.\" width=\"755\" height=\"457\" srcset=\"https:\/\/www.startlap.hu\/vasarlas\/uploads\/2026\/03\/fiatal-no-aggodik-mobiltelefon-755x457.jpg 755w, https:\/\/www.startlap.hu\/vasarlas\/uploads\/2026\/03\/fiatal-no-aggodik-mobiltelefon-578x350.jpg 578w, https:\/\/www.startlap.hu\/vasarlas\/uploads\/2026\/03\/fiatal-no-aggodik-mobiltelefon.jpg 1500w\" sizes=\"auto, (max-width: 755px) 100vw, 755px\" \/><\/a><figcaption id=\"caption-attachment-2278245\" class=\"wp-caption-text\">A h\u00edv\u00f3sz\u00e1mkijelz\u00e9st eredetileg csup\u00e1n k\u00e9nyelmi szolg\u00e1ltat\u00e1snak sz\u00e1nt\u00e1k. Fot\u00f3: Getty Images<\/figcaption><\/figure>\n<h2>Mi a c\u00e9lja a h\u00edv\u00f3sz\u00e1m megv\u00e1ltoztat\u00e1s\u00e1nak?<\/h2>\n<p>A h\u00edv\u00f3sz\u00e1m meghamis\u00edt\u00e1s\u00e1nak lehet\u0151s\u00e9ge azonban vesz\u00e9lyt is jelenthet, ha csal\u00f3k haszn\u00e1lj\u00e1k fel arra, hogy <strong>a mit sem sejt\u0151 \u00e1ldozatokt\u00f3l p\u00e9nzt szerezzenek, szem\u00e9lyes adataikat kicsalj\u00e1k, vagy hozz\u00e1f\u00e9rjenek a banksz\u00e1ml\u00e1jukhoz, illetve k\u00e1rtyaadataikhoz<\/strong>. Egy csal\u00f3 a hamis\u00edtott h\u00edv\u00f3sz\u00e1m seg\u00edts\u00e9g\u00e9vel igyekezhet az \u00e1ldozat \u00e9bers\u00e9g\u00e9t is elaltatni, vagy megb\u00edzhat\u00f3nak felt\u00fcntetni mag\u00e1t, ha p\u00e9ld\u00e1ul l\u00e1tsz\u00f3lag egy banki \u00fcgyf\u00e9lszolg\u00e1lat h\u00edv\u00f3sz\u00e1m\u00e1r\u00f3l keres benn\u00fcnket &#8211; figyelmeztet az NMHH.<\/p>\n<p>Az is lehet, hogy a h\u00edv\u00f3sz\u00e1m-hamis\u00edt\u00f3 c\u00e9lja a <strong>rejt\u0151zk\u00f6d\u00e9s<\/strong>: azzal, hogy egy tetsz\u0151leges h\u00edv\u00f3sz\u00e1mot \u00e1ll\u00edt be, megnehez\u00edtheti, hogy az \u00e1ldozatok a nyom\u00e1ba eredjenek &#8211; s\u0151t, rosszabb esetben ak\u00e1r egy olyan v\u00e9tlen harmadik szem\u00e9lyhez futhatnak be a felh\u00e1borodott h\u00edv\u00e1sok, aki addig az eg\u00e9szr\u0151l semmit sem tudott.<\/p>\n<h2>Blokkolj\u00e1k a hamis\u00edtott azonos\u00edt\u00f3t<\/h2>\n<p>Magyarorsz\u00e1gon az NMHH \u00e9s a legnagyobb telefonszolg\u00e1ltat\u00f3k egy\u00fcttm\u0171k\u00f6d\u00e9s\u00e9nek k\u00f6sz\u00f6nhet\u0151en m\u00e1r komoly l\u00e9p\u00e9seket siker\u00fclt tenni a h\u00edv\u00f3sz\u00e1m-hamis\u00edt\u00e1s visszaszor\u00edt\u00e1s\u00e1ra. A telefonszolg\u00e1ltat\u00f3k <strong>2025 okt\u00f3bere \u00f3ta ellen\u0151rzik a k\u00fclf\u00f6ldr\u0151l a h\u00e1l\u00f3zatukba \u00e9rkez\u0151 h\u00edv\u00e1sokat<\/strong>, \u00e9s ha hamis\u00edtott magyarorsz\u00e1gi azonos\u00edt\u00f3val tal\u00e1lkoznak, akkor az ilyen h\u00edv\u00e1st blokkolj\u00e1k, hogy az ne is juthasson el a kiszemelt \u00e1ldozathoz.<\/p>\n<blockquote class=\"article__extraTxt\"><p>Ez a k\u00f6telezetts\u00e9g egyel\u0151re a mobilsz\u00e1mokra m\u00e9g nem vonatkozik,<\/p><\/blockquote>\n<p>mivel a szolg\u00e1ltat\u00f3knak fel kell k\u00e9sz\u00fclni\u00fck arra, hogy a val\u00f3ban k\u00fclf\u00f6ld\u00f6n tart\u00f3zkod\u00f3 el\u0151fizet\u0151k tov\u00e1bbra is tudjanak Magyarorsz\u00e1gra telefon\u00e1lni.&nbsp;Ennek k\u00f6sz\u00f6nhet\u0151en ma m\u00e1r sokkal kev\u00e9sb\u00e9 kell att\u00f3l tartanunk, hogy ha a telefonunkon egy magyarorsz\u00e1gi vezet\u00e9kes sz\u00e1m vagy z\u00f6ldsz\u00e1m jelenik meg, akkor azt valaki meghamis\u00edtotta.<\/p>\n<h2>Ny\u00e1rt\u00f3l a mobilszolg\u00e1ltat\u00f3k is l\u00e9pnek<\/h2>\n<p>A mobilsz\u00e1mok eset\u00e9ben a szolg\u00e1ltat\u00f3k id\u00e9n ny\u00e1rt\u00f3l fogj\u00e1k ugyanezeket a vizsg\u00e1latokat elv\u00e9gezni, ett\u0151l kezdve teh\u00e1t <strong>annak a val\u00f3sz\u00edn\u0171s\u00e9ge is sokkal kisebb lesz, hogy p\u00e9ld\u00e1ul egy csal\u00f3 l\u00e1tsz\u00f3lag a mi sz\u00e1munkr\u00f3l h\u00edvjon fel m\u00e1sokat<\/strong> &#8211; ez sok kellemetlen pillanatt\u00f3l k\u00edm\u00e9lheti majd meg a felhaszn\u00e1l\u00f3kat &#8211; hangs\u00falyozt\u00e1k.<\/p>\n<p>Kiemelt\u00e9k, hogy a szab\u00e1lyoz\u00e1s \u00e9s a szolg\u00e1ltat\u00f3k a h\u00e1tt\u00e9rben v\u00e9gzett tev\u00e9kenys\u00e9ge mellett tov\u00e1bbra is fontos, hogy tudatosak maradjunk, \u00e9s felismerj\u00fck a csal\u00e1sok \u00e1rulkod\u00f3 jeleit. Ezzel kapcsolatban a <a href=\"https:\/\/kiberpajzs.hu\/csalastipusok\/\" target=\"_blank\" target=\"_blank\" rel=\"noopener\">KiberPajzs honlapj\u00e1n<\/a> tal\u00e1lhatunk sok \u00e9rt\u00e9kes tan\u00e1csot \u00e9s naprak\u00e9sz inform\u00e1ci\u00f3t. Ez az\u00e9rt is fontos, mert a csal\u00f3k nemcsak magyarorsz\u00e1gi h\u00edv\u00f3sz\u00e1mokr\u00f3l kereshetnek minket, \u00e9s a hangh\u00edv\u00e1sokhoz is egyre t\u00f6bbf\u00e9le alkalmaz\u00e1st, szolg\u00e1ltat\u00e1st haszn\u00e1lhatnak a vezet\u00e9kes \u00e9s a mobiltelefon mellett &#8211; k\u00f6z\u00f6lte az NMHH.<\/p>\n<p>Az NMHH \u00e9s a szolg\u00e1ltat\u00f3k \u00e1ltal tett l\u00e9p\u00e9sek r\u00e9v\u00e9n m\u00e1r jobban b\u00edzhatunk abban, hogy amikor megcs\u00f6rren a telefonunk, akkor val\u00f3ban az a szem\u00e9ly van a vonal v\u00e9g\u00e9n, akinek a sz\u00e1ma megjelenik a kijelz\u0151n.<\/p>\n<div class=\"o-widget m-readMoreWidget -readMore u-shortDecorLineAfter row widget-container _ce_measure_widget bigdata-widget read-more\" data-ce-measure-widget=\"olvass tov\u00e1bb\">\n\t<div class=\"m-readMoreWidget__imgWrapper image-wrapper col-12 col-md-4 no-p\">\n\t\t<a class=\"m-readMoreWidget__imgLink\" href=\"https:\/\/www.startlap.hu\/vasarlas\/mobiltelefon-toltes-vezetek-nelkuli\/\" >\n\t\t\t<img decoding=\"async\" src=\"https:\/\/www.startlap.hu\/vasarlas\/uploads\/2026\/03\/idos-no-mobiltelefon-toltokabelek-350x285.jpg\" class=\"m-readMoreWidget__img\">\n\t\t<\/a>\n\t<\/div>\n\t<div class=\"m-readMoreWidget__titleWrapper title-wrapper col-12 col-md-8\">\n\t\t<span class=\"m-readMoreWidget__titleLabel u-shortDecorLineBefore label hidden-sm-up\">Ez is \u00e9rdekelhet:<\/span>\n\t\t<h3 class=\"m-readMoreWidget__title title\">\n\t\t\t<a class=\"m-readMoreWidget__titleLink -secondFont u-bold u-upperCase\" href=\"https:\/\/www.startlap.hu\/vasarlas\/mobiltelefon-toltes-vezetek-nelkuli\/\" >Viszl\u00e1t, t\u00f6lt\u0151k\u00e1bel! Az EU \u00fajfajta mobiltelefonokr\u00f3l egyeztet &#8211; nagy meglepet\u00e9s v\u00e1r a fogyaszt\u00f3kra<\/a>\n\t\t<\/h3>\n\t\t<a class=\"m-readMoreWidget__btn -coloredBack u-tC link\" href=\"https:\/\/www.startlap.hu\/vasarlas\/mobiltelefon-toltes-vezetek-nelkuli\/\" >Elolvasom<\/a>\n\t<\/div>\n<\/div>\n","protected":false},"excerpt":{"rendered":"<p>A vezet\u00e9kes h\u00edv\u00f3sz\u00e1mok hamis\u00edt\u00e1sa ellen m\u00e1r 2025-ben jelent\u0151s l\u00e9p\u00e9sek t\u00f6rt\u00e9ntek, id\u00e9n ny\u00e1rt\u00f3l pedig a mobilszolg\u00e1ltat\u00f3k sz\u00e1m\u00e1ra is k\u00f6telez\u0151v\u00e9 v\u00e1lik a k\u00fclf\u00f6ldr\u0151l a h\u00e1l\u00f3zatukba \u00e9rkez\u0151 h\u00edv\u00e1sok ellen\u0151rz\u00e9se, \u00e9s csal\u00e1s eset\u00e9n ezek blokkol\u00e1sa.<\/p>\n","protected":false},"author":7,"featured_media":2278245,"comment_status":"closed","ping_status":"closed","sticky":false,"template":"","format":"standard","meta":{"footnotes":""},"categories":[8180],"tags":[510,1181,14601,2629],"class_list":["post-2278241","post","type-post","status-publish","format-standard","has-post-thumbnail","hentry","category-trending","tag-csalas","tag-hivoszam","tag-mobilszolgaltatok","tag-mobiltelefon"],"aioseo_notices":[],"_links":{"self":[{"href":"https:\/\/www.startlap.hu\/vasarlas\/wp-json\/wp\/v2\/posts\/2278241","targetHints":{"allow":["GET"]}}],"collection":[{"href":"https:\/\/www.startlap.hu\/vasarlas\/wp-json\/wp\/v2\/posts"}],"about":[{"href":"https:\/\/www.startlap.hu\/vasarlas\/wp-json\/wp\/v2\/types\/post"}],"author":[{"embeddable":true,"href":"https:\/\/www.startlap.hu\/vasarlas\/wp-json\/wp\/v2\/users\/7"}],"replies":[{"embeddable":true,"href":"https:\/\/www.startlap.hu\/vasarlas\/wp-json\/wp\/v2\/comments?post=2278241"}],"version-history":[{"count":2,"href":"https:\/\/www.startlap.hu\/vasarlas\/wp-json\/wp\/v2\/posts\/2278241\/revisions"}],"predecessor-version":[{"id":2278250,"href":"https:\/\/www.startlap.hu\/vasarlas\/wp-json\/wp\/v2\/posts\/2278241\/revisions\/2278250"}],"wp:featuredmedia":[{"embeddable":true,"href":"https:\/\/www.startlap.hu\/vasarlas\/wp-json\/wp\/v2\/media\/2278245"}],"wp:attachment":[{"href":"https:\/\/www.startlap.hu\/vasarlas\/wp-json\/wp\/v2\/media?parent=2278241"}],"wp:term":[{"taxonomy":"category","embeddable":true,"href":"https:\/\/www.startlap.hu\/vasarlas\/wp-json\/wp\/v2\/categories?post=2278241"},{"taxonomy":"post_tag","embeddable":true,"href":"https:\/\/www.startlap.hu\/vasarlas\/wp-json\/wp\/v2\/tags?post=2278241"}],"curies":[{"name":"wp","href":"https:\/\/api.w.org\/{rel}","templated":true}]}}