{"id":2278204,"date":"2026-03-11T10:00:14","date_gmt":"2026-03-11T09:00:14","guid":{"rendered":"https:\/\/www.startlap.hu\/vasarlas\/?p=2278204"},"modified":"2026-03-11T10:26:09","modified_gmt":"2026-03-11T09:26:09","slug":"mobiltelefon-toltes-vezetek-nelkuli","status":"publish","type":"post","link":"https:\/\/www.startlap.hu\/vasarlas\/mobiltelefon-toltes-vezetek-nelkuli\/","title":{"rendered":"Viszl\u00e1t, t\u00f6lt\u0151k\u00e1bel! Az EU \u00fajfajta mobiltelefonokr\u00f3l egyeztet &#8211; nagy meglepet\u00e9s v\u00e1r a fogyaszt\u00f3kra"},"content":{"rendered":"<p>Az Eur\u00f3pai Uni\u00f3 alig n\u00e9h\u00e1ny \u00e9ve tette k\u00f6telez\u0151v\u00e9 a USB-C csatlakoz\u00f3t az okostelefonokon, de Br\u00fcsszelben m\u00e1r a k\u00f6vetkez\u0151 technol\u00f3giai korszakr\u00f3l zajlanak az egyeztet\u00e9sek. A c\u00e9l egy olyan j\u00f6v\u0151, ahol a<a href=\"https:\/\/www.startlap.hu\/vasarlas\/ikon-telefon-hotspot-akkumulator-merules\/\" target=\"_blank\" rel=\"noopener\"> telefonokon<\/a> egy\u00e1ltal\u00e1n nincs t\u00f6lt\u0151csatlakoz\u00f3, \u00e9s a k\u00e9sz\u00fcl\u00e9kek kiz\u00e1r\u00f3lag vezet\u00e9k n\u00e9lk\u00fcli megold\u00e1sokkal m\u0171k\u00f6dnek.<\/p>\n<div class=\"o-widget m-readMoreWidget -readMore u-shortDecorLineAfter row widget-container _ce_measure_widget bigdata-widget read-more\" data-ce-measure-widget=\"olvass tov\u00e1bb\">\n\t<div class=\"m-readMoreWidget__imgWrapper image-wrapper col-12 col-md-4 no-p\">\n\t\t<a class=\"m-readMoreWidget__imgLink\" href=\"https:\/\/www.startlap.hu\/vasarlas\/wifi-mikro-internet-router-korlatozas-gyorsasag\/\" >\n\t\t\t<img decoding=\"async\" src=\"https:\/\/www.startlap.hu\/vasarlas\/uploads\/2025\/09\/GettyImages-1241445196-350x285.jpg\" class=\"m-readMoreWidget__img\">\n\t\t<\/a>\n\t<\/div>\n\t<div class=\"m-readMoreWidget__titleWrapper title-wrapper col-12 col-md-8\">\n\t\t<span class=\"m-readMoreWidget__titleLabel u-shortDecorLineBefore label hidden-sm-up\">Ez is \u00e9rdekelhet:<\/span>\n\t\t<h3 class=\"m-readMoreWidget__title title\">\n\t\t\t<a class=\"m-readMoreWidget__titleLink -secondFont u-bold u-upperCase\" href=\"https:\/\/www.startlap.hu\/vasarlas\/wifi-mikro-internet-router-korlatozas-gyorsasag\/\" >K\u00e9t Wi-Fi-gyilkos h\u00e1ztart\u00e1si g\u00e9p a lak\u00e1sban &#8211; nem is sejted, mi\u00e9rt nincs el\u00e9g er\u0151s jel az otthonodban<\/a>\n\t\t<\/h3>\n\t\t<a class=\"m-readMoreWidget__btn -coloredBack u-tC link\" href=\"https:\/\/www.startlap.hu\/vasarlas\/wifi-mikro-internet-router-korlatozas-gyorsasag\/\" >Elolvasom<\/a>\n\t<\/div>\n<\/div>\n<p>A h\u00e1tt\u00e9rben foly\u00f3 szakmai megbesz\u00e9l\u00e9sek arr\u00f3l sz\u00f3lnak, hogyan lehetne megnyitni az utat a teljesen port n\u00e9lk\u00fcli okostelefonok el\u0151tt. Ez els\u0151re ellentmond\u00e1snak t\u0171nhet, hiszen az EU \u00e9ppen most tette k\u00f6telez\u0151v\u00e9 az egys\u00e9ges t\u00f6lt\u0151csatlakoz\u00f3t. A szab\u00e1lyoz\u00e1s azonban egy fontos kiskaput is tartalmaz.<\/p>\n<h2>Mi\u00e9rt vezett\u00e9k be a USB-C szab\u00e1lyt?<\/h2>\n<p>2024 \u00f3ta az Eur\u00f3pai Uni\u00f3ban minden \u00faj okostelefonnak, tabletnek, fejhallgat\u00f3nak \u00e9s sz\u00e1mos m\u00e1s elektronikai eszk\u00f6znek USB-C csatlakoz\u00f3val kell rendelkeznie, ha t\u00e1mogatja a k\u00e1beles t\u00f6lt\u00e9st. A d\u00f6nt\u00e9st az indokolta, hogy<\/p>\n<blockquote class=\"article__extraTxt\"><p>a fogyaszt\u00f3k \u00e9vekig k\u00e1belk\u00e1oszban \u00e9ltek, mik\u00f6zben az elektronikai hullad\u00e9k mennyis\u00e9ge folyamatosan n\u0151tt.<\/p><\/blockquote>\n<p>Az egys\u00e9ges\u00edt\u00e9s t\u00f6bb probl\u00e9m\u00e1t is kezelni pr\u00f3b\u00e1lt: kevesebb t\u00f6lt\u0151re legyen sz\u00fcks\u00e9g a h\u00e1ztart\u00e1sokban, a k\u00fcl\u00f6nb\u00f6z\u0151 m\u00e1rk\u00e1k eszk\u00f6zei kompatibilisek legyenek egym\u00e1ssal, \u00e9s cs\u00f6kkenjen a felesleges k\u00e1belekb\u0151l sz\u00e1rmaz\u00f3 e-hullad\u00e9k. A szab\u00e1ly azonban csak azokra az eszk\u00f6z\u00f6kre vonatkozik, amelyek alapb\u00f3l k\u00edn\u00e1lnak vezet\u00e9kes t\u00f6lt\u00e9si lehet\u0151s\u00e9get. Ha egy k\u00e9sz\u00fcl\u00e9k kiz\u00e1r\u00f3lag vezet\u00e9k n\u00e9lk\u00fcl t\u00f6lthet\u0151, akkor nem kell hogy legyen rajta USB-C csatlakoz\u00f3. Ez a kit\u00e9tel megnyitja az utat a teljesen port n\u00e9lk\u00fcli okostelefonok el\u0151tt.<\/p>\n<figure id=\"attachment_2278217\" aria-describedby=\"caption-attachment-2278217\" style=\"width: 755px\" class=\"wp-caption alignnone\"><a href=\"https:\/\/www.startlap.hu\/vasarlas\/uploads\/2026\/03\/idos-no-mobiltelefon-toltokabelek.jpg\"><img loading=\"lazy\" decoding=\"async\" class=\"size-article-size-large-image wp-image-2278217\" src=\"https:\/\/www.startlap.hu\/vasarlas\/uploads\/2026\/03\/idos-no-mobiltelefon-toltokabelek-755x455.jpg\" alt=\"Egy id\u0151s n\u0151 t\u00f6lt\u0151k\u00e1beleket pr\u00f3b\u00e1lgat a mobiltellefonj\u00e1ba.\" width=\"755\" height=\"455\" srcset=\"https:\/\/www.startlap.hu\/vasarlas\/uploads\/2026\/03\/idos-no-mobiltelefon-toltokabelek-755x455.jpg 755w, https:\/\/www.startlap.hu\/vasarlas\/uploads\/2026\/03\/idos-no-mobiltelefon-toltokabelek-581x350.jpg 581w, https:\/\/www.startlap.hu\/vasarlas\/uploads\/2026\/03\/idos-no-mobiltelefon-toltokabelek.jpg 1500w\" sizes=\"auto, (max-width: 755px) 100vw, 755px\" \/><\/a><figcaption id=\"caption-attachment-2278217\" class=\"wp-caption-text\">Megny\u00edlik az \u00fat a teljesen port n\u00e9lk\u00fcli okostelefonok el\u0151tt. Fot\u00f3: Getty Images<\/figcaption><\/figure>\n<h2>A csatlakoz\u00f3 n\u00e9lk\u00fcli iPhone \u00f6tlete<\/h2>\n<p>A USB-C szab\u00e1lyoz\u00e1s miatt az Apple k\u00e9nytelen volt lecser\u00e9lni saj\u00e1t Lightning csatlakoz\u00f3j\u00e1t az <a href=\"https:\/\/www.startlap.hu\/vasarlas\/75-ezer-forintos-zokni-hivatalos-iphone-tarto\/\" target=\"_blank\" rel=\"noopener\">iPhone<\/a> k\u00e9sz\u00fcl\u00e9keken. A v\u00e1llalat azonban m\u00e1r \u00e9vek \u00f3ta dolgozik egy olyan modellen, amelyen egy\u00e1ltal\u00e1n nincs semmilyen port. A koncepci\u00f3 szerint egy ilyen telefon kiz\u00e1r\u00f3lag vezet\u00e9k n\u00e9lk\u00fcli t\u00f6lt\u00e9st haszn\u00e1lna, az adat\u00e1tvitel pedig felh\u0151szolg\u00e1ltat\u00e1sokon, Wi-Fi-n vagy mobilh\u00e1l\u00f3zaton kereszt\u00fcl t\u00f6rt\u00e9nne. A projekt kor\u00e1bban \u00e1ll\u00edt\u00f3lag az\u00e9rt ker\u00fclt h\u00e1tt\u00e9rbe, mert a c\u00e9g tartott att\u00f3l, hogy az EU szab\u00e1lyoz\u00e1sa akad\u00e1lyozni fogja a bevezet\u00e9st. Miut\u00e1n azonban az Eur\u00f3pai Bizotts\u00e1g egy\u00e9rtelm\u0171v\u00e9 tette, hogy a kiz\u00e1r\u00f3lag vezet\u00e9k n\u00e9lk\u00fcl t\u00f6lthet\u0151 eszk\u00f6z\u00f6k megfelelnek a jogszab\u00e1lyoknak, a port n\u00e9lk\u00fcli iPhone terve ism\u00e9t napirendre ker\u00fclhetett.<\/p>\n<h2>A felhaszn\u00e1l\u00f3k mindennapjai is v\u00e1ltozn\u00e1nak<\/h2>\n<p>Egy csatlakoz\u00f3 n\u00e9lk\u00fcli okostelefon haszn\u00e1lata t\u00f6bb ponton is \u00e1talak\u00edtan\u00e1 a mindennapi rutint. A telefont nem kellene t\u00f6bb\u00e9 bedugni, el\u00e9g lenne egyszer\u0171en egy t\u00f6lt\u0151fel\u00fcletre kellene helyezni. A v\u00e1ltoz\u00e1s els\u0151sorban a t\u00f6lt\u00e9si \u00e9s adat\u00e1tviteli megold\u00e1sokat \u00e9rinten\u00e9:<\/p>\n<ul>\n<li>t\u00f6lt\u00e9s vezet\u00e9k n\u00e9lk\u00fcli t\u00f6lt\u0151padokon vagy t\u00f6lt\u0151sz\u0151nyegeken<\/li>\n<li>adat\u00e1tvitel felh\u0151n, Wi-Fi-n vagy mobilh\u00e1l\u00f3zaton kereszt\u00fcl<\/li>\n<li>kevesebb s\u00e9r\u00fcl\u00e9keny alkatr\u00e9sz a k\u00e9sz\u00fcl\u00e9ken<\/li>\n<li>jobb v\u00e9delem por \u00e9s v\u00edz ellen<\/li>\n<li>elt\u0171n\u0151 t\u00f6lt\u0151port-hib\u00e1k<\/li>\n<\/ul>\n<p>A gy\u00e1rt\u00f3k sz\u00e1m\u00e1ra k\u00fcl\u00f6n\u00f6sen vonz\u00f3 lehet, hogy a csatlakoz\u00f3 n\u00e9lk\u00fcli telefonok v\u00e9konyabbak \u00e9s ellen\u00e1ll\u00f3bbak lehetnek, mik\u00f6zben a k\u00e9sz\u00fcl\u00e9kh\u00e1z teljesen z\u00e1rt maradhat.<\/p>\n<h2>Nem csak az Apple gondolkodik ebben<\/h2>\n<p>A <a href=\"https:\/\/www.startlap.hu\/vasarlas\/samsung-galaxy-z-trifold-duplan-osszecsukhato-okostelefon\/\" target=\"_blank\" rel=\"noopener\">Samsung<\/a> is vizsg\u00e1lja a port n\u00e9lk\u00fcli kialak\u00edt\u00e1s lehet\u0151s\u00e9g\u00e9t a j\u00f6v\u0151beli Galaxy modellekn\u00e9l. A gy\u00e1rt\u00f3k sz\u00e1m\u00e1ra a letisztult diz\u00e1jn, a jobb v\u00edz\u00e1ll\u00f3s\u00e1g \u00e9s a kevesebb mechanikai alkatr\u00e9sz mind komoly el\u0151nyt jelenthet. A pr\u00e9mium kateg\u00f3ri\u00e1ban k\u00fcl\u00f6n\u00f6sen vonz\u00f3 lehet a teljesen sima, megszak\u00edt\u00e1s n\u00e9lk\u00fcli k\u00e9sz\u00fcl\u00e9kh\u00e1z, amelyen nincsenek ny\u00edl\u00e1sok vagy csatlakoz\u00f3k.<\/p>\n<h2>Az EU a vezet\u00e9k n\u00e9lk\u00fcli t\u00f6lt\u00e9st is figyelni fogja<\/h2>\n<p>Br\u00fcsszel szeretn\u00e9 elker\u00fclni, hogy a vezet\u00e9k n\u00e9lk\u00fcli t\u00f6lt\u00e9sn\u00e9l ism\u00e9t k\u00e1osz alakuljon ki. Ha minden gy\u00e1rt\u00f3 saj\u00e1t, egym\u00e1ssal nem kompatibilis rendszert vezetne be, az ugyanazt a probl\u00e9m\u00e1t teremten\u00e9 meg, amelyet a USB-C szab\u00e1lyoz\u00e1s pr\u00f3b\u00e1lt megsz\u00fcntetni. Ez\u00e9rt az Eur\u00f3pai Bizotts\u00e1g figyelemmel k\u00eds\u00e9ri a k\u00fcl\u00f6nb\u00f6z\u0151 vezet\u00e9k n\u00e9lk\u00fcli t\u00f6lt\u00e9si technol\u00f3gi\u00e1kat, \u00e9s sz\u00fcks\u00e9g eset\u00e9n \u00faj szab\u00e1lyoz\u00e1st is bevezethet. A c\u00e9l az, hogy a rendszerek energiahat\u00e9konyak legyenek, m\u0171k\u00f6djenek k\u00fcl\u00f6nb\u00f6z\u0151 m\u00e1rk\u00e1k eszk\u00f6zeivel, \u00e9s stabil t\u00f6lt\u00e9si sebess\u00e9get biztos\u00edtsanak.<\/p>\n<figure id=\"attachment_2278205\" aria-describedby=\"caption-attachment-2278205\" style=\"width: 755px\" class=\"wp-caption alignnone\"><img loading=\"lazy\" decoding=\"async\" class=\"size-article-size-large-image wp-image-2278205\" src=\"https:\/\/www.startlap.hu\/vasarlas\/uploads\/2026\/03\/tolto-755x504.jpg\" alt=\"Vezet\u00e9k n\u00e9lk\u00fcli telefonos t\u00f6lt\u00e9s\" width=\"755\" height=\"504\" srcset=\"https:\/\/www.startlap.hu\/vasarlas\/uploads\/2026\/03\/tolto-755x504.jpg 755w, https:\/\/www.startlap.hu\/vasarlas\/uploads\/2026\/03\/tolto-1536x1024.jpg 1536w, https:\/\/www.startlap.hu\/vasarlas\/uploads\/2026\/03\/tolto-2048x1366.jpg 2048w, https:\/\/www.startlap.hu\/vasarlas\/uploads\/2026\/03\/tolto-525x350.jpg 525w\" sizes=\"auto, (max-width: 755px) 100vw, 755px\" \/><figcaption id=\"caption-attachment-2278205\" class=\"wp-caption-text\">Fot\u00f3: Getty Images<\/figcaption><\/figure>\n<h2>M\u00e9g nem t\u00f6k\u00e9letes a technol\u00f3gia<\/h2>\n<p>A vezet\u00e9k n\u00e9lk\u00fcli t\u00f6lt\u00e9s jelenleg m\u00e9g nem teljesen probl\u00e9mamentes. A m\u00f3dszer \u00e1ltal\u00e1ban kev\u00e9sb\u00e9 hat\u00e9kony, mint a k\u00e1beles t\u00f6lt\u00e9s, mert az energia egy r\u00e9sze h\u0151 form\u00e1j\u00e1ban elv\u00e9sz. Emellett a t\u00f6lt\u00e9si sebess\u00e9g nagyban f\u00fcgg att\u00f3l, hogy a telefon pontosan hogyan helyezkedik el a t\u00f6lt\u0151fel\u00fcleten.<\/p>\n<p>A szak\u00e9rt\u0151k szerint a v\u00e1ltoz\u00e1s fokozatos lesz. El\u0151sz\u00f6r olyan telefonok jelenhetnek meg, amelyek egyszerre k\u00edn\u00e1lnak USB-C csatlakoz\u00f3t \u00e9s fejlett vezet\u00e9k n\u00e9lk\u00fcli t\u00f6lt\u00e9st. K\u00e9s\u0151bb a pr\u00e9mium kateg\u00f3ri\u00e1ban jelenhetnek meg az els\u0151 teljesen port n\u00e9lk\u00fcli modellek, m\u00edg az olcs\u00f3bb k\u00e9sz\u00fcl\u00e9kek val\u00f3sz\u00edn\u0171leg m\u00e9g hosszabb ideig megtartj\u00e1k a csatlakoz\u00f3kat.<\/p>\n<p><a href=\"https:\/\/www.gassenhauer-altenburg.de\/11-167181-zukunft-usb-c-kabel-mehr-nutzen\/\" target=\"_blank\" target=\"_blank\" rel=\"noopener\">via<\/a><\/p>\n<div class=\"o-widget m-readMoreWidget -readMore u-shortDecorLineAfter row widget-container _ce_measure_widget bigdata-widget read-more\" data-ce-measure-widget=\"olvass tov\u00e1bb\">\n\t<div class=\"m-readMoreWidget__imgWrapper image-wrapper col-12 col-md-4 no-p\">\n\t\t<a class=\"m-readMoreWidget__imgLink\" href=\"https:\/\/www.startlap.hu\/vasarlas\/kardigan-divat-tippek-stilus\/\" >\n\t\t\t<img decoding=\"async\" src=\"https:\/\/www.startlap.hu\/vasarlas\/uploads\/2026\/03\/kardigan_11zon-350x285.jpg\" class=\"m-readMoreWidget__img\">\n\t\t<\/a>\n\t<\/div>\n\t<div class=\"m-readMoreWidget__titleWrapper title-wrapper col-12 col-md-8\">\n\t\t<span class=\"m-readMoreWidget__titleLabel u-shortDecorLineBefore label hidden-sm-up\">Ez is \u00e9rdekelhet:<\/span>\n\t\t<h3 class=\"m-readMoreWidget__title title\">\n\t\t\t<a class=\"m-readMoreWidget__titleLink -secondFont u-bold u-upperCase\" href=\"https:\/\/www.startlap.hu\/vasarlas\/kardigan-divat-tippek-stilus\/\" >Karcs\u00fas\u00edt, ny\u00fajtja az alakot, \u00e9s lehet, hogy neked is van ilyen: ez a ruhadarab az abszol\u00fat sl\u00e1ger 2026 tavasz\u00e1ra!<\/a>\n\t\t<\/h3>\n\t\t<a class=\"m-readMoreWidget__btn -coloredBack u-tC link\" href=\"https:\/\/www.startlap.hu\/vasarlas\/kardigan-divat-tippek-stilus\/\" >Elolvasom<\/a>\n\t<\/div>\n<\/div>\n","protected":false},"excerpt":{"rendered":"<p>Az EU m\u00e1r a k\u00e1belek ut\u00e1ni korszakra k\u00e9sz\u00fcl: a j\u00f6v\u0151 telefonjai ak\u00e1r teljesen csatlakoz\u00f3 n\u00e9lk\u00fcl k\u00e9sz\u00fclhetnek, \u00e9s kiz\u00e1r\u00f3lag vezet\u00e9k n\u00e9lk\u00fcl t\u00f6lt\u0151dnek.<\/p>\n","protected":false},"author":64,"featured_media":2278217,"comment_status":"closed","ping_status":"closed","sticky":false,"template":"","format":"standard","meta":{"footnotes":""},"categories":[8180],"tags":[2629,18610,12782],"class_list":["post-2278204","post","type-post","status-publish","format-standard","has-post-thumbnail","hentry","category-trending","tag-mobiltelefon","tag-toltes","tag-vezetek-nelkuli"],"aioseo_notices":[],"_links":{"self":[{"href":"https:\/\/www.startlap.hu\/vasarlas\/wp-json\/wp\/v2\/posts\/2278204","targetHints":{"allow":["GET"]}}],"collection":[{"href":"https:\/\/www.startlap.hu\/vasarlas\/wp-json\/wp\/v2\/posts"}],"about":[{"href":"https:\/\/www.startlap.hu\/vasarlas\/wp-json\/wp\/v2\/types\/post"}],"author":[{"embeddable":true,"href":"https:\/\/www.startlap.hu\/vasarlas\/wp-json\/wp\/v2\/users\/64"}],"replies":[{"embeddable":true,"href":"https:\/\/www.startlap.hu\/vasarlas\/wp-json\/wp\/v2\/comments?post=2278204"}],"version-history":[{"count":7,"href":"https:\/\/www.startlap.hu\/vasarlas\/wp-json\/wp\/v2\/posts\/2278204\/revisions"}],"predecessor-version":[{"id":2278220,"href":"https:\/\/www.startlap.hu\/vasarlas\/wp-json\/wp\/v2\/posts\/2278204\/revisions\/2278220"}],"wp:featuredmedia":[{"embeddable":true,"href":"https:\/\/www.startlap.hu\/vasarlas\/wp-json\/wp\/v2\/media\/2278217"}],"wp:attachment":[{"href":"https:\/\/www.startlap.hu\/vasarlas\/wp-json\/wp\/v2\/media?parent=2278204"}],"wp:term":[{"taxonomy":"category","embeddable":true,"href":"https:\/\/www.startlap.hu\/vasarlas\/wp-json\/wp\/v2\/categories?post=2278204"},{"taxonomy":"post_tag","embeddable":true,"href":"https:\/\/www.startlap.hu\/vasarlas\/wp-json\/wp\/v2\/tags?post=2278204"}],"curies":[{"name":"wp","href":"https:\/\/api.w.org\/{rel}","templated":true}]}}