{"id":2278193,"date":"2026-03-15T06:33:45","date_gmt":"2026-03-15T05:33:45","guid":{"rendered":"https:\/\/www.startlap.hu\/vasarlas\/?p=2278193"},"modified":"2026-03-11T11:52:03","modified_gmt":"2026-03-11T10:52:03","slug":"airfryer-tisztitas-olaj","status":"publish","type":"post","link":"https:\/\/www.startlap.hu\/vasarlas\/airfryer-tisztitas-olaj\/","title":{"rendered":"Egy vegy\u00e9sz el\u00e1rulta: ez az egyszer\u0171 tr\u00fckk pillanatok alatt kitiszt\u00edtja az airfryert"},"content":{"rendered":"<p>Az <a href=\"https:\/\/www.startlap.hu\/vasarlas\/air-fryer-sutopapir-tuz-gyulladas-veszely-vigyazat\/\" target=\"_blank\" rel=\"noopener\">airfryer<\/a> az ut\u00f3bbi \u00e9vek egyik legn\u00e9pszer\u0171bb konyhai eszk\u00f6z\u00e9v\u00e9 v\u00e1lt. Gyors, praktikus, \u00e9s lehet\u0151v\u00e9 teszi, hogy sok \u00e9telt j\u00f3val kevesebb olajjal k\u00e9sz\u00edts\u00fcnk el. A rendszeres haszn\u00e1latnak azonban van egy kellemetlen velej\u00e1r\u00f3ja: <strong>a kos\u00e1rban \u00e9s a r\u00e1cson k\u00f6nnyen felhalmoz\u00f3dik a zs\u00edr, az \u00e9telmarad\u00e9k \u00e9s az odakozm\u00e1lt szennyez\u0151d\u00e9s.<\/strong><\/p>\n<div class=\"o-widget m-readMoreWidget -readMore u-shortDecorLineAfter row widget-container _ce_measure_widget bigdata-widget read-more\" data-ce-measure-widget=\"olvass tov\u00e1bb\">\n\t<div class=\"m-readMoreWidget__imgWrapper image-wrapper col-12 col-md-4 no-p\">\n\t\t<a class=\"m-readMoreWidget__imgLink\" href=\"https:\/\/www.startlap.hu\/vasarlas\/zuhanyzas-egeszseg-idosek-orvos\/\" >\n\t\t\t<img decoding=\"async\" src=\"https:\/\/www.startlap.hu\/vasarlas\/uploads\/2026\/02\/zuhanyzas-2-350x285.jpg\" class=\"m-readMoreWidget__img\">\n\t\t<\/a>\n\t<\/div>\n\t<div class=\"m-readMoreWidget__titleWrapper title-wrapper col-12 col-md-8\">\n\t\t<span class=\"m-readMoreWidget__titleLabel u-shortDecorLineBefore label hidden-sm-up\">Ez is \u00e9rdekelhet:<\/span>\n\t\t<h3 class=\"m-readMoreWidget__title title\">\n\t\t\t<a class=\"m-readMoreWidget__titleLink -secondFont u-bold u-upperCase\" href=\"https:\/\/www.startlap.hu\/vasarlas\/zuhanyzas-egeszseg-idosek-orvos\/\" >Higi\u00e9nia 65 \u00e9v felett: nem naponta egyszer, nem hetente egyszer &#8211; ilyen gyakran aj\u00e1nlott a zuhanyoz\u00e1s id\u0151s korban<\/a>\n\t\t<\/h3>\n\t\t<a class=\"m-readMoreWidget__btn -coloredBack u-tC link\" href=\"https:\/\/www.startlap.hu\/vasarlas\/zuhanyzas-egeszseg-idosek-orvos\/\" >Elolvasom<\/a>\n\t<\/div>\n<\/div>\n<p>Sokan ilyenkor hossz\u00fa percekig s\u00farolj\u00e1k a s\u00fct\u0151t, gyakran er\u0151s tiszt\u00edt\u00f3szerekkel vagy d\u00f6rzs\u00f6l\u0151 szivaccsal. Diego Fern\u00e1ndez vegy\u00e9szm\u00e9rn\u00f6k szerint azonban l\u00e9tezik egy sokkal egyszer\u0171bb \u00e9s k\u00edm\u00e9letesebb m\u00f3dszer is, amelyhez csup\u00e1n k\u00e9t h\u00e9tk\u00f6znapi alapanyagra van sz\u00fcks\u00e9g: <a href=\"https:\/\/www.startlap.hu\/vasarlas\/oblito-mosas-artalom-illat\/\" target=\"_blank\" rel=\"noopener\">sz\u00f3dabikarb\u00f3n\u00e1ra<\/a> \u00e9s forr\u00f3 v\u00edzre. A szak\u00e9rt\u0151 szerint ez a kombin\u00e1ci\u00f3 k\u00e9miai reakci\u00f3t ind\u00edt el, amely <strong>seg\u00edt fellaz\u00edtani a makacs zs\u00edrr\u00e9teget, \u00edgy a tiszt\u00edt\u00e1s j\u00f3val k\u00f6nnyebb\u00e9 v\u00e1lik.<\/strong><\/p>\n<h2>\u00cdgy tiszt\u00edtsd ki az airfryert sz\u00f3dabikarb\u00f3n\u00e1val<\/h2>\n<p>Fern\u00e1ndez szerint m\u00e9g a nagyon zs\u00edros airfryer kos\u00e1r is k\u00f6nnyen tiszt\u00e1v\u00e1 tehet\u0151, ha a megfelel\u0151 m\u00f3dszert alkalmazzuk. Az els\u0151 l\u00e9p\u00e9s, hogy egy vagy k\u00e9t ev\u0151kan\u00e1l sz\u00f3dabikarb\u00f3n\u00e1t sz\u00f3runk k\u00f6zvetlen\u00fcl az airfryer kosar\u00e1ba. A por maradjon a kos\u00e1r alj\u00e1n, mik\u00f6zben a r\u00e1cs tov\u00e1bbra is a hely\u00e9n van.<\/p>\n<blockquote class=\"article__extraTxt\"><p>Ez az\u00e9rt fontos, mert \u00edgy a tiszt\u00edt\u00f3oldat minden f\u00e9mfel\u00fcletet el\u00e9r, m\u00e9g azokat a r\u00e9szeket is, amelyekhez egy szivaccsal neh\u00e9z hozz\u00e1f\u00e9rni.<\/p><\/blockquote>\n<p>Ezut\u00e1n k\u00f6zel forr\u00e1spont\u00fa, nagyon forr\u00f3 vizet kell \u00f6nteni a kos\u00e1rba. Amikor a v\u00edz \u00e9rintkezik a sz\u00f3dabikarb\u00f3n\u00e1val, azonnali pezsg\u00e9s indul be, ez a k\u00e9miai reakci\u00f3 seg\u00edt fellaz\u00edtani a r\u00e1cs apr\u00f3 ny\u00edl\u00e1saiban megrekedt zs\u00edrt \u00e9s \u00e9telmarad\u00e9kot. A m\u00f3dszer egyik nagy el\u0151nye, hogy nem kell d\u00f6rzs\u00f6lni a fel\u00fcletet. Az er\u0151s s\u00farol\u00e1s vagy a f\u00e9mszivacs ugyanis k\u00f6nnyen megs\u00e9rtheti az airfryer tapad\u00e1smentes bevonat\u00e1t, ami hossz\u00fa t\u00e1von az eszk\u00f6z k\u00e1rosod\u00e1s\u00e1hoz vezethet. A foly\u00e9kony oldat viszont olyan helyekre is bejut, ahov\u00e1 a hagyom\u00e1nyos tiszt\u00edt\u00e1s gyakran nem \u00e9r el.<\/p>\n<figure id=\"attachment_2275521\" aria-describedby=\"caption-attachment-2275521\" style=\"width: 755px\" class=\"wp-caption alignnone\"><img loading=\"lazy\" decoding=\"async\" class=\"size-article-size-large-image wp-image-2275521\" src=\"https:\/\/www.startlap.hu\/vasarlas\/uploads\/2026\/01\/airfryer_konyha_-755x503.jpg\" alt=\"Airfyer\" width=\"755\" height=\"503\" srcset=\"https:\/\/www.startlap.hu\/vasarlas\/uploads\/2026\/01\/airfryer_konyha_-755x503.jpg 755w, https:\/\/www.startlap.hu\/vasarlas\/uploads\/2026\/01\/airfryer_konyha_-525x350.jpg 525w, https:\/\/www.startlap.hu\/vasarlas\/uploads\/2026\/01\/airfryer_konyha_.jpg 1200w\" sizes=\"auto, (max-width: 755px) 100vw, 755px\" \/><figcaption id=\"caption-attachment-2275521\" class=\"wp-caption-text\">Fot\u00f3: Getty Images<\/figcaption><\/figure>\n<h2>15 perc alatt l\u00e1tv\u00e1nyos eredm\u00e9ny<\/h2>\n<p>Miut\u00e1n a forr\u00f3 vizet bele\u00f6nt\u00f6tt\u00fck, k\u00f6r\u00fclbel\u00fcl 15 percig hagyni kell hatni a kever\u00e9ket. Ez id\u0151 alatt a zs\u00edr \u00e9s az odakozm\u00e1lt maradv\u00e1nyok fokozatosan lev\u00e1lnak a fel\u00fcletekr\u0151l, \u00e9s a v\u00edzben lebegnek tov\u00e1bb.<\/p>\n<blockquote class=\"article__extraTxt\"><p>Nem ritka, hogy a v\u00edz elsz\u00ednez\u0151dik \u00e9s zavaross\u00e1 v\u00e1lik: ez annak a jele, hogy a zs\u00edros lerak\u00f3d\u00e1sok felold\u00f3dtak.<\/p><\/blockquote>\n<p>A v\u00e1rakoz\u00e1si id\u0151 ut\u00e1n egyszer\u0171en ki kell \u00f6nteni a szennyezett vizet a mosogat\u00f3ba, majd a kosarat \u00e9s a r\u00e1csot tiszta v\u00edzzel le\u00f6bl\u00edteni. Fern\u00e1ndez szerint ilyenkor a zs\u00edr nagy r\u00e9sze m\u00e1r elt\u0171nt, \u00edgy csak minim\u00e1lis ut\u00f3tiszt\u00edt\u00e1sra lehet sz\u00fcks\u00e9g.<\/p>\n<h2>Nemcsak tiszt\u00edt, a szagokat is elt\u00fcnteti<\/h2>\n<p>A sz\u00f3dabikarb\u00f3na nemcsak a zs\u00edrt oldja fel hat\u00e9konyan, hanem a kellemetlen szagokat is semleges\u00edti. Ez k\u00fcl\u00f6n\u00f6sen hasznos, ha az airfryerben gyakran k\u00e9sz\u00fclnek er\u0151sen illatos \u00e9telek, p\u00e9ld\u00e1ul r\u00e1ntott fog\u00e1sok vagy h\u00fas\u00e9telek. A szak\u00e9rt\u0151 szerint a k\u00e9sz\u00fcl\u00e9k rendszeres tiszt\u00edt\u00e1sa nemcsak higi\u00e9niai szempontb\u00f3l fontos. <strong>Ha nem halmoz\u00f3dik fel zs\u00edr a kos\u00e1rban \u00e9s a r\u00e1cson, az jav\u00edtja az \u00e9telek min\u0151s\u00e9g\u00e9t, \u00e9s seg\u00edt meghosszabb\u00edtani az airfryer \u00e9lettartam\u00e1t is. <\/strong>Ezzel az egyszer\u0171, k\u00e9t \u00f6sszetev\u0151s m\u00f3dszerrel a takar\u00edt\u00e1s gyorsabb\u00e1 \u00e9s k\u00edm\u00e9letesebb\u00e9 v\u00e1lhat \u00e9s v\u00e9gre nem kell hossz\u00fa percekig s\u00farolni a makacs szennyez\u0151d\u00e9seket.<\/p>\n<p><a href=\"https:\/\/www.tudogostoso.com.br\/noticias\/diego-fernandez-engenheiro-quimico-bicarbonato-de-sodio-e-agua-quente-a-chave-para-limpar-a-airfryer-a26992.htm\" target=\"_blank\" target=\"_blank\" rel=\"noopener\">via<\/a><\/p>\n<div class=\"o-widget m-readMoreWidget -readMore u-shortDecorLineAfter row widget-container _ce_measure_widget bigdata-widget read-more\" data-ce-measure-widget=\"olvass tov\u00e1bb\">\n\t<div class=\"m-readMoreWidget__imgWrapper image-wrapper col-12 col-md-4 no-p\">\n\t\t<a class=\"m-readMoreWidget__imgLink\" href=\"https:\/\/www.startlap.hu\/vasarlas\/mosogep-konyhab-gondok\/\" >\n\t\t\t<img decoding=\"async\" src=\"https:\/\/www.startlap.hu\/vasarlas\/uploads\/2026\/03\/mosogep-7_11zon-350x285.jpg\" class=\"m-readMoreWidget__img\">\n\t\t<\/a>\n\t<\/div>\n\t<div class=\"m-readMoreWidget__titleWrapper title-wrapper col-12 col-md-8\">\n\t\t<span class=\"m-readMoreWidget__titleLabel u-shortDecorLineBefore label hidden-sm-up\">Ez is \u00e9rdekelhet:<\/span>\n\t\t<h3 class=\"m-readMoreWidget__title title\">\n\t\t\t<a class=\"m-readMoreWidget__titleLink -secondFont u-bold u-upperCase\" href=\"https:\/\/www.startlap.hu\/vasarlas\/mosogep-konyhab-gondok\/\" >Nagyon megb\u00e1nod, ha a mos\u00f3g\u00e9pet a konyh\u00e1ba teszed &#8211; sorra j\u00f6nnek a probl\u00e9m\u00e1k<\/a>\n\t\t<\/h3>\n\t\t<a class=\"m-readMoreWidget__btn -coloredBack u-tC link\" href=\"https:\/\/www.startlap.hu\/vasarlas\/mosogep-konyhab-gondok\/\" >Elolvasom<\/a>\n\t<\/div>\n<\/div>\n","protected":false},"excerpt":{"rendered":"<p>Makacs zs\u00edr \u00e9s \u00e9gett \u00e9telmarad\u00e9k az airfryerben? Egy vegy\u00e9sz szerint el\u00e9g k\u00e9t konyhai alapanyag, hogy s\u00farol\u00e1s n\u00e9lk\u00fcl tiszt\u00e1v\u00e1 var\u00e1zsold.<\/p>\n","protected":false},"author":64,"featured_media":2275521,"comment_status":"closed","ping_status":"closed","sticky":false,"template":"","format":"standard","meta":{"footnotes":""},"categories":[8180],"tags":[16466,19642,3640],"class_list":["post-2278193","post","type-post","status-publish","format-standard","has-post-thumbnail","hentry","category-trending","tag-airfryer","tag-haztartasi-praktika","tag-tippek"],"aioseo_notices":[],"_links":{"self":[{"href":"https:\/\/www.startlap.hu\/vasarlas\/wp-json\/wp\/v2\/posts\/2278193","targetHints":{"allow":["GET"]}}],"collection":[{"href":"https:\/\/www.startlap.hu\/vasarlas\/wp-json\/wp\/v2\/posts"}],"about":[{"href":"https:\/\/www.startlap.hu\/vasarlas\/wp-json\/wp\/v2\/types\/post"}],"author":[{"embeddable":true,"href":"https:\/\/www.startlap.hu\/vasarlas\/wp-json\/wp\/v2\/users\/64"}],"replies":[{"embeddable":true,"href":"https:\/\/www.startlap.hu\/vasarlas\/wp-json\/wp\/v2\/comments?post=2278193"}],"version-history":[{"count":4,"href":"https:\/\/www.startlap.hu\/vasarlas\/wp-json\/wp\/v2\/posts\/2278193\/revisions"}],"predecessor-version":[{"id":2278197,"href":"https:\/\/www.startlap.hu\/vasarlas\/wp-json\/wp\/v2\/posts\/2278193\/revisions\/2278197"}],"wp:featuredmedia":[{"embeddable":true,"href":"https:\/\/www.startlap.hu\/vasarlas\/wp-json\/wp\/v2\/media\/2275521"}],"wp:attachment":[{"href":"https:\/\/www.startlap.hu\/vasarlas\/wp-json\/wp\/v2\/media?parent=2278193"}],"wp:term":[{"taxonomy":"category","embeddable":true,"href":"https:\/\/www.startlap.hu\/vasarlas\/wp-json\/wp\/v2\/categories?post=2278193"},{"taxonomy":"post_tag","embeddable":true,"href":"https:\/\/www.startlap.hu\/vasarlas\/wp-json\/wp\/v2\/tags?post=2278193"}],"curies":[{"name":"wp","href":"https:\/\/api.w.org\/{rel}","templated":true}]}}