{"id":2278178,"date":"2026-03-10T17:33:25","date_gmt":"2026-03-10T16:33:25","guid":{"rendered":"https:\/\/www.startlap.hu\/vasarlas\/?p=2278178"},"modified":"2026-03-10T13:33:03","modified_gmt":"2026-03-10T12:33:03","slug":"kardigan-divat-tippek-stilus","status":"publish","type":"post","link":"https:\/\/www.startlap.hu\/vasarlas\/kardigan-divat-tippek-stilus\/","title":{"rendered":"Karcs\u00fas\u00edt, ny\u00fajtja az alakot, \u00e9s lehet, hogy neked is van ilyen: ez a ruhadarab az abszol\u00fat sl\u00e1ger 2026 tavasz\u00e1ra!"},"content":{"rendered":"<p>Ha valahol a szekr\u00e9ny m\u00e9ly\u00e9n lapul egy r\u00e9gi, nagymam\u00e1t\u00f3l \u00f6r\u00f6k\u00f6lt kardig\u00e1n, most \u00e9rdemes el\u0151venni. Ez a <a href=\"https:\/\/www.startlap.hu\/vasarlas\/cipzar-gyarto-ceg-tortenet-erdekesseg\/\" target=\"_blank\" rel=\"noopener\">ruhadarab<\/a> ugyanis id\u00e9n ism\u00e9t a divat \u00e9lvonal\u00e1ba ker\u00fclt, \u00e9s sok stylist szerint az egyik legpraktikusabb ruhadarab, amit viselhet\u00fcnk.<\/p>\n<div class=\"o-widget m-readMoreWidget -readMore u-shortDecorLineAfter row widget-container _ce_measure_widget bigdata-widget read-more\" data-ce-measure-widget=\"olvass tov\u00e1bb\">\n\t<div class=\"m-readMoreWidget__imgWrapper image-wrapper col-12 col-md-4 no-p\">\n\t\t<a class=\"m-readMoreWidget__imgLink\" href=\"https:\/\/www.startlap.hu\/vasarlas\/zuhanyzas-egeszseg-idosek-orvos\/\" >\n\t\t\t<img decoding=\"async\" src=\"https:\/\/www.startlap.hu\/vasarlas\/uploads\/2026\/02\/zuhanyzas-2-350x285.jpg\" class=\"m-readMoreWidget__img\">\n\t\t<\/a>\n\t<\/div>\n\t<div class=\"m-readMoreWidget__titleWrapper title-wrapper col-12 col-md-8\">\n\t\t<span class=\"m-readMoreWidget__titleLabel u-shortDecorLineBefore label hidden-sm-up\">Ez is \u00e9rdekelhet:<\/span>\n\t\t<h3 class=\"m-readMoreWidget__title title\">\n\t\t\t<a class=\"m-readMoreWidget__titleLink -secondFont u-bold u-upperCase\" href=\"https:\/\/www.startlap.hu\/vasarlas\/zuhanyzas-egeszseg-idosek-orvos\/\" >Higi\u00e9nia 65 \u00e9v felett: nem naponta egyszer, nem hetente egyszer &#8211; ilyen gyakran aj\u00e1nlott a zuhanyoz\u00e1s id\u0151s korban<\/a>\n\t\t<\/h3>\n\t\t<a class=\"m-readMoreWidget__btn -coloredBack u-tC link\" href=\"https:\/\/www.startlap.hu\/vasarlas\/zuhanyzas-egeszseg-idosek-orvos\/\" >Elolvasom<\/a>\n\t<\/div>\n<\/div>\n<p>A kardig\u00e1n azon kev\u00e9s pul\u00f3verek egyike, amely gyakorlatilag sosem megy ki a divatb\u00f3l. R\u00e1ad\u00e1sul megfelel\u0151 fazonnal optikailag karcs\u00fas\u00edthat is. Viselhet\u0151 munk\u00e1ba, bar\u00e1ti tal\u00e1lkoz\u00f3kra vagy ak\u00e1r egy laza v\u00e1rosi s\u00e9t\u00e1ra is, ez\u00e9rt v\u00e1lt igazi id\u0151t\u00e1ll\u00f3 klasszikuss\u00e1.<\/p>\n<h2>A kardig\u00e1n: t\u00f6bb mint egy egyszer\u0171 pul\u00f3ver<\/h2>\n<p>A kardig\u00e1n sz\u00f3 tal\u00e1n h\u00e9tk\u00f6znapinak t\u0171nik, val\u00f3j\u00e1ban azonban egy olyan ruhadarabot jel\u00f6l, amely n\u00e9h\u00e1ny m\u00e1sodperc alatt k\u00e9pes teljesen \u00faj szintre emelni egy outfitet. R\u00e1ad\u00e1sul nem m\u00fal\u00f3 divath\u00f3bort: \u00e9vtizedek \u00f3ta jelen van, az egyetemi kampuszok st\u00edlus\u00e1t\u00f3l a vintage hangulat\u00fa kifut\u00f3kig. Sokan automatikusan ehhez a darabhoz ny\u00falnak, ha h\u0171v\u00f6sebbre fordul az id\u0151. Egyszer\u0171en felkapjuk egy p\u00f3l\u00f3, pul\u00f3ver vagy ruha f\u00f6l\u00e9, begomboljuk, nyitva hagyjuk, \u00f6vvel megk\u00f6tj\u00fck, vagy laz\u00e1n a v\u00e1llunkra ter\u00edtj\u00fck. <strong>A klasszikus pul\u00f3verekkel szemben nem a fej\u00fcnk\u00f6n h\u00fazzuk \u00e1t, hanem el\u00f6l z\u00e1r\u00f3dik, ak\u00e1rcsak egy k\u00f6nny\u0171 kab\u00e1t vagy kapucnis fels\u0151.<\/strong> \u00c9ppen ez\u00e9rt remek \u00e1tmenetet k\u00e9pez a pul\u00f3ver \u00e9s a k\u00f6nny\u0171 dzseki k\u00f6z\u00f6tt. V\u00e1rosban, kir\u00e1ndul\u00e1son, irod\u00e1ban vagy k\u00e1v\u00e9z\u00f3ban is t\u00f6k\u00e9letes v\u00e1laszt\u00e1s lehet.<\/p>\n<blockquote class=\"article__extraTxt\"><p>Vannak olyan kardig\u00e1nok is, amelyek k\u00f6nny\u0171 kab\u00e1tk\u00e9nt m\u0171k\u00f6dnek ruha vagy farmer f\u00f6l\u00f6tt, m\u00e1sok pedig r\u00e9tegk\u00e9nt szolg\u00e1lnak a t\u00e9li kab\u00e1t alatt.<\/p><\/blockquote>\n<h2>\u00cdgy v\u00e1lassz kardig\u00e1nt, hogy j\u00f3l \u00e1lljon<\/h2>\n<p>Kardig\u00e1n v\u00e1s\u00e1rl\u00e1sakor \u00e9rdemes n\u00e9h\u00e1ny alapvet\u0151 szempontot figyelembe venni, mert ezek sokkal t\u00f6bbet sz\u00e1m\u00edtanak, mint gondoln\u00e1nk. A legfontosabb t\u00e9nyez\u0151 a szab\u00e1s \u00e9s a hossz.<\/p>\n<p>A cs\u00edp\u0151ig vagy ann\u00e1l lejjebb \u00e9r\u0151 hosszabb modellek optikailag megny\u00fajtj\u00e1k az alakot, \u00e9s eleg\u00e1nsabb\u00e1 teszik m\u00e9g a legegyszer\u0171bb \u00f6ssze\u00e1ll\u00edt\u00e1st is. A r\u00f6videbb fazonok viszont szokny\u00e1val vagy crop toppal mutatnak j\u00f3l, mert nem vonj\u00e1k el a figyelmet, hanem kiegyens\u00falyozz\u00e1k az ar\u00e1nyokat.<\/p>\n<figure id=\"attachment_2278180\" aria-describedby=\"caption-attachment-2278180\" style=\"width: 755px\" class=\"wp-caption alignnone\"><img loading=\"lazy\" decoding=\"async\" class=\"size-article-size-large-image wp-image-2278180\" src=\"https:\/\/www.startlap.hu\/vasarlas\/uploads\/2026\/03\/kardigan_11zon-755x503.jpg\" alt=\"Kardig\u00e1nos sapk\u00e1s boldog l\u00e1ny\" width=\"755\" height=\"503\" srcset=\"https:\/\/www.startlap.hu\/vasarlas\/uploads\/2026\/03\/kardigan_11zon-755x503.jpg 755w, https:\/\/www.startlap.hu\/vasarlas\/uploads\/2026\/03\/kardigan_11zon-1536x1024.jpg 1536w, https:\/\/www.startlap.hu\/vasarlas\/uploads\/2026\/03\/kardigan_11zon-525x350.jpg 525w, https:\/\/www.startlap.hu\/vasarlas\/uploads\/2026\/03\/kardigan_11zon.jpg 1696w\" sizes=\"auto, (max-width: 755px) 100vw, 755px\" \/><figcaption id=\"caption-attachment-2278180\" class=\"wp-caption-text\">Fot\u00f3: Getty Images<\/figcaption><\/figure>\n<p>A m\u00e1sik kulcst\u00e9nyez\u0151 az anyag. A puha k\u00f6t\u00f6tt darabok, amelyek j\u00f3 min\u0151s\u00e9g\u0171 gyapj\u00fab\u00f3l, kasm\u00edrb\u00f3l vagy term\u00e9szetes sz\u00e1lak kever\u00e9k\u00e9b\u0151l k\u00e9sz\u00fclnek, jobban megtartj\u00e1k form\u00e1jukat \u00e9s hosszabb ideig hordhat\u00f3k an\u00e9lk\u00fcl, hogy kiny\u00faln\u00e1nak.<\/p>\n<blockquote class=\"article__extraTxt\"><p>\u00c9rdemes figyelni arra is, hogyan illeszkedik a v\u00e1lln\u00e1l \u00e9s a der\u00e9kn\u00e1l.<\/p><\/blockquote>\n<p>A kardig\u00e1n legyen el\u00e9g laza ahhoz, hogy r\u00e9tegesen is viselhet\u0151 legyen, de ne legyen t\u00fal b\u0151, hogy \u201el\u00f3gjon\u201d a testen. Ha a fels\u0151 r\u00e9szen j\u00f3l \u00e1ll, az eg\u00e9sz outfit harmonikusabbnak t\u0171nik majd.<\/p>\n<h2>Trendek \u00e9s st\u00edlustippek 2026 tavasz\u00e1ra<\/h2>\n<p>A kardig\u00e1nok ma m\u00e1r messze nem csak klasszikus darabok. A tervez\u0151k sz\u00e1mtalan m\u00f3don \u00e9rtelmezik \u00fajra \u0151ket: n\u00e9ha minimalista r\u00e9tegk\u00e9nt jelennek meg egysz\u00edn\u0171 outfit f\u00f6l\u00f6tt, m\u00e1skor hangs\u00falyos elemm\u00e9 v\u00e1lnak k\u00fcl\u00f6nleges text\u00far\u00e1kkal vagy \u00e9l\u00e9nk sz\u00ednekkel. Vannak modellek, amelyek a vintage vagy a preppy egyetemi st\u00edlusb\u00f3l mer\u00edtenek inspir\u00e1ci\u00f3t, m\u00edg m\u00e1sok az oversize szab\u00e1ssal teremtenek modern, divatos megjelen\u00e9st. <strong>Ha egy kicsit trendibb hat\u00e1st szeretn\u00e9l el\u00e9rni, pr\u00f3b\u00e1ld meg csak egy vagy k\u00e9t gombbal begombolni a kardig\u00e1nt.<\/strong> Az \u00edgy kialakul\u00f3 aszimmetria vagy \u00faj sziluett azonnal izgalmasabb\u00e1 teszi az \u00f6sszk\u00e9pet.<\/p>\n<p>A kardig\u00e1n r\u00e1ad\u00e1sul eg\u00e9sz \u00e9vben j\u00f3l kihaszn\u00e1lhat\u00f3. T\u00e9len m\u00e1sodik r\u00e9tegk\u00e9nt m\u0171k\u00f6dik a<a href=\"https:\/\/www.startlap.hu\/vasarlas\/kabat-mosas-mosogep-praktika-tippek-toll\/\" target=\"_blank\" rel=\"noopener\"> kab\u00e1t<\/a> alatt, tavasszal t\u00f6k\u00e9letes az h\u0171v\u00f6s reggeleken, ny\u00e1ron pedig egy enyh\u00e9bb esti leh\u0171l\u00e9skor mentheti meg az \u00f6lt\u00f6z\u00e9kedet an\u00e9lk\u00fcl, hogy neh\u00e9z pul\u00f3vert kellene magaddal vinni.<\/p>\n<p><a href=\"https:\/\/www.vlasta.cz\/krasa\/trendy-svetr-kardigan-2026-jaro-moda\/\" target=\"_blank\" target=\"_blank\" rel=\"noopener\">via<\/a><\/p>\n<div class=\"o-widget m-readMoreWidget -readMore u-shortDecorLineAfter row widget-container _ce_measure_widget bigdata-widget read-more\" data-ce-measure-widget=\"olvass tov\u00e1bb\">\n\t<div class=\"m-readMoreWidget__imgWrapper image-wrapper col-12 col-md-4 no-p\">\n\t\t<a class=\"m-readMoreWidget__imgLink\" href=\"https:\/\/www.startlap.hu\/vasarlas\/csomag-csalas-rendeles\/\" >\n\t\t\t<img decoding=\"async\" src=\"https:\/\/www.startlap.hu\/vasarlas\/uploads\/2026\/03\/csomag-350x285.jpg\" class=\"m-readMoreWidget__img\">\n\t\t<\/a>\n\t<\/div>\n\t<div class=\"m-readMoreWidget__titleWrapper title-wrapper col-12 col-md-8\">\n\t\t<span class=\"m-readMoreWidget__titleLabel u-shortDecorLineBefore label hidden-sm-up\">Ez is \u00e9rdekelhet:<\/span>\n\t\t<h3 class=\"m-readMoreWidget__title title\">\n\t\t\t<a class=\"m-readMoreWidget__titleLink -secondFont u-bold u-upperCase\" href=\"https:\/\/www.startlap.hu\/vasarlas\/csomag-csalas-rendeles\/\" >Nem rendelt\u00e9l semmit, m\u00e9gis csomagod \u00e9rkezett? D\u00f6bbenetes csal\u00e1si m\u00f3dszer terjed<\/a>\n\t\t<\/h3>\n\t\t<a class=\"m-readMoreWidget__btn -coloredBack u-tC link\" href=\"https:\/\/www.startlap.hu\/vasarlas\/csomag-csalas-rendeles\/\" >Elolvasom<\/a>\n\t<\/div>\n<\/div>\n","protected":false},"excerpt":{"rendered":"<p>A kardig\u00e1n 2026 tavasz\u00e1nak egyik legnagyobb divatkedvence. Karcs\u00fas\u00edt, ny\u00fajtja az alakot, szinte b\u00e1rmivel kombin\u00e1lhat\u00f3: lehet, hogy m\u00e1r ott van a gardr\u00f3bodban.<\/p>\n","protected":false},"author":64,"featured_media":2278180,"comment_status":"closed","ping_status":"closed","sticky":false,"template":"","format":"standard","meta":{"footnotes":""},"categories":[8162],"tags":[18788,4555,3640],"class_list":["post-2278178","post","type-post","status-publish","format-standard","has-post-thumbnail","hentry","category-szepseg","tag-kardigan","tag-stilus","tag-tippek"],"aioseo_notices":[],"_links":{"self":[{"href":"https:\/\/www.startlap.hu\/vasarlas\/wp-json\/wp\/v2\/posts\/2278178","targetHints":{"allow":["GET"]}}],"collection":[{"href":"https:\/\/www.startlap.hu\/vasarlas\/wp-json\/wp\/v2\/posts"}],"about":[{"href":"https:\/\/www.startlap.hu\/vasarlas\/wp-json\/wp\/v2\/types\/post"}],"author":[{"embeddable":true,"href":"https:\/\/www.startlap.hu\/vasarlas\/wp-json\/wp\/v2\/users\/64"}],"replies":[{"embeddable":true,"href":"https:\/\/www.startlap.hu\/vasarlas\/wp-json\/wp\/v2\/comments?post=2278178"}],"version-history":[{"count":6,"href":"https:\/\/www.startlap.hu\/vasarlas\/wp-json\/wp\/v2\/posts\/2278178\/revisions"}],"predecessor-version":[{"id":2278185,"href":"https:\/\/www.startlap.hu\/vasarlas\/wp-json\/wp\/v2\/posts\/2278178\/revisions\/2278185"}],"wp:featuredmedia":[{"embeddable":true,"href":"https:\/\/www.startlap.hu\/vasarlas\/wp-json\/wp\/v2\/media\/2278180"}],"wp:attachment":[{"href":"https:\/\/www.startlap.hu\/vasarlas\/wp-json\/wp\/v2\/media?parent=2278178"}],"wp:term":[{"taxonomy":"category","embeddable":true,"href":"https:\/\/www.startlap.hu\/vasarlas\/wp-json\/wp\/v2\/categories?post=2278178"},{"taxonomy":"post_tag","embeddable":true,"href":"https:\/\/www.startlap.hu\/vasarlas\/wp-json\/wp\/v2\/tags?post=2278178"}],"curies":[{"name":"wp","href":"https:\/\/api.w.org\/{rel}","templated":true}]}}