{"id":2278170,"date":"2026-03-10T09:21:16","date_gmt":"2026-03-10T08:21:16","guid":{"rendered":"https:\/\/www.startlap.hu\/vasarlas\/?p=2278170"},"modified":"2026-03-10T09:21:16","modified_gmt":"2026-03-10T08:21:16","slug":"gepjarmuado-2026-nav-ertesites","status":"publish","type":"post","link":"https:\/\/www.startlap.hu\/vasarlas\/gepjarmuado-2026-nav-ertesites\/","title":{"rendered":"G\u00e9pj\u00e1rm\u0171ad\u00f3: mindenkinek \u00fczent a NAV &#8211; m\u00e1r most kisz\u00e1molhatod, mennyit kell fizetni!"},"content":{"rendered":"<p>Keddt\u0151l folyamatosan \u00e9rkeznek a NAV-t\u00f3l a g\u00e9pj\u00e1rm\u0171ad\u00f3-hat\u00e1rozatok. A t\u00f6bb mint 3,5 milli\u00f3 \u00e9rintett k\u00f6z\u00fcl els\u0151k\u00e9nt azok kapnak \u00e9rtes\u00edt\u00e9st, akik let\u00f6lt\u00f6tt\u00e9k a NAV-Mobilt. <strong>A befizet\u00e9si hat\u00e1rid\u0151 \u00e1prilis 15.<\/strong> &#8211; h\u00edvta fel a figyelmet keddi k\u00f6zlem\u00e9ny\u00e9ben a Nemzeti Ad\u00f3- \u00e9s V\u00e1mhivatal (NAV).<\/p>\n<div class=\"o-widget m-readMoreWidget -readMore u-shortDecorLineAfter row widget-container _ce_measure_widget bigdata-widget read-more\" data-ce-measure-widget=\"olvass tov\u00e1bb\">\n\t<div class=\"m-readMoreWidget__imgWrapper image-wrapper col-12 col-md-4 no-p\">\n\t\t<a class=\"m-readMoreWidget__imgLink\" href=\"https:\/\/www.startlap.hu\/vasarlas\/marcius-15-boltok-nyitvatartasa-lidl-aldi-spar-penny-tesco-2026\/\" >\n\t\t\t<img decoding=\"async\" src=\"https:\/\/www.startlap.hu\/vasarlas\/uploads\/2026\/03\/bevasarlokocsi-350x285.jpg\" class=\"m-readMoreWidget__img\">\n\t\t<\/a>\n\t<\/div>\n\t<div class=\"m-readMoreWidget__titleWrapper title-wrapper col-12 col-md-8\">\n\t\t<span class=\"m-readMoreWidget__titleLabel u-shortDecorLineBefore label hidden-sm-up\">Ez is \u00e9rdekelhet:<\/span>\n\t\t<h3 class=\"m-readMoreWidget__title title\">\n\t\t\t<a class=\"m-readMoreWidget__titleLink -secondFont u-bold u-upperCase\" href=\"https:\/\/www.startlap.hu\/vasarlas\/marcius-15-boltok-nyitvatartasa-lidl-aldi-spar-penny-tesco-2026\/\" >Vas\u00e1rnapi boltz\u00e1r j\u00f6n: v\u00e1ltozik a Lidl, Penny, Aldi \u00e9s a t\u00f6bbi \u00fczletl\u00e1nc nyitvatart\u00e1sa<\/a>\n\t\t<\/h3>\n\t\t<a class=\"m-readMoreWidget__btn -coloredBack u-tC link\" href=\"https:\/\/www.startlap.hu\/vasarlas\/marcius-15-boltok-nyitvatartasa-lidl-aldi-spar-penny-tesco-2026\/\" >Elolvasom<\/a>\n\t<\/div>\n<\/div>\n<h2>\u00cdgy k\u00fcldi a NAV a g\u00e9pj\u00e1rm\u0171ad\u00f3val kapcsolatos \u00e9rtes\u00edt\u00e9seket<\/h2>\n<p>A hat\u00e1rozatokat mindenkinek, aki regisztr\u00e1lt az \u00fcgyf\u00e9lkapu+-ra vagy a <strong><a href=\"https:\/\/www.startlap.hu\/vasarlas\/digitalis-ugyintezes-dap-regisztracio-szelfi-video\/\" target=\"_blank\" rel=\"noopener\">D\u00c1P<\/a><\/strong>-ra elektronikusan (c\u00e9gkapura, vagy t\u00e1rhelyre) k\u00fcldi a hivatal. Aki nem, az post\u00e1n kapja meg a pap\u00edrokat. <strong>A postai k\u00e9zbes\u00edt\u00e9sek keddt\u0151l indulnak, az elektronikus levelek \u00e9rkez\u00e9se a t\u00e1rhelyre pedig m\u00e1rcius 16-t\u00f3l v\u00e1rhat\u00f3<\/strong>.<\/p>\n<h2>Kik nem kapnak g\u00e9pj\u00e1rm\u0171ad\u00f3-hat\u00e1rozatot?<\/h2>\n<p>A k\u00f6zlem\u00e9nyb\u0151l kider\u00fcl, hogy nem kapnak hat\u00e1rozatot azok, akiket eg\u00e9sz \u00e9vre ad\u00f3mentess\u00e9g illet meg, \u00e9s ez a NAV nyilv\u00e1ntart\u00e1s\u00e1b\u00f3l meg\u00e1llap\u00edthat\u00f3. Ilyenek p\u00e9ld\u00e1ul az egyh\u00e1zi jogi szem\u00e9lyek, a GJADO-adatlapot beny\u00fajt\u00f3 civil szervezetek. Nem kapnak levelet azok sem, akiknek mindegyik g\u00e9pj\u00e1rm\u0171ve ad\u00f3mentes.<\/p>\n<h2>G\u00e9pj\u00e1rm\u0171ad\u00f3 kalkul\u00e1tor: m\u00e1r most kisz\u00e1molhat\u00f3 a fizetend\u0151 \u00f6sszeg<\/h2>\n<p>A NAV azt aj\u00e1nlja, hogy \u00e9rdemes haszn\u00e1lni a NAV <strong><a href=\"https:\/\/nav.gov.hu\/ugyfeliranytu\/kalkulatorok\/gepjarmuado-kalkulator\" target=\"_blank\" target=\"_blank\" rel=\"noopener\">g\u00e9pj\u00e1rm\u0171ad\u00f3-kalkul\u00e1tor\u00e1t<\/a><\/strong>, amellyel m\u00e1r most &#8211; a hat\u00e1rozatok meg\u00e9rkez\u00e9se el\u0151tt &#8211; kisz\u00e1m\u00edthat\u00f3 a fizetend\u0151 \u00f6sszeg.<\/p>\n<figure id=\"attachment_2278172\" aria-describedby=\"caption-attachment-2278172\" style=\"width: 755px\" class=\"wp-caption alignnone\"><a href=\"https:\/\/www.startlap.hu\/vasarlas\/uploads\/2026\/03\/autok.jpg\"><img loading=\"lazy\" decoding=\"async\" class=\"size-article-size-large-image wp-image-2278172\" src=\"https:\/\/www.startlap.hu\/vasarlas\/uploads\/2026\/03\/autok-755x503.jpg\" alt=\"Aut\u00f3k k\u00f6zlekednek a forgalmas \u00faton.\" width=\"755\" height=\"503\" srcset=\"https:\/\/www.startlap.hu\/vasarlas\/uploads\/2026\/03\/autok-755x503.jpg 755w, https:\/\/www.startlap.hu\/vasarlas\/uploads\/2026\/03\/autok-1536x1024.jpg 1536w, https:\/\/www.startlap.hu\/vasarlas\/uploads\/2026\/03\/autok-2048x1365.jpg 2048w, https:\/\/www.startlap.hu\/vasarlas\/uploads\/2026\/03\/autok-525x350.jpg 525w\" sizes=\"auto, (max-width: 755px) 100vw, 755px\" \/><\/a><figcaption id=\"caption-attachment-2278172\" class=\"wp-caption-text\">A NAV g\u00e9pj\u00e1rm\u0171ad\u00f3-kalkul\u00e1tor\u00e1val m\u00e9g az \u00e9rtes\u00edt\u0151 lev\u00e9l el\u0151tt kisz\u00e1molhat\u00f3, hogy mennyit kell fizetni. Fot\u00f3: Getty Images<\/figcaption><\/figure>\n<h2>NAV-Mobil: \u00edgy lehet a legegyszer\u0171bben befizetni a g\u00e9pj\u00e1rm\u0171ad\u00f3t<\/h2>\n<p>Eddig egymilli\u00f3an t\u00f6lt\u00f6tt\u00e9k le az ad\u00f3hivatal n\u00e9pszer\u0171 mobilalkalmaz\u00e1s\u00e1t, a <a href=\"https:\/\/nav.gov.hu\/sajtoszoba\/hirek\/Gepjarmuado_egyszeruen_mobilappon\" target=\"_blank\" target=\"_blank\" rel=\"noopener\">NAV-Mobilt<\/a>, ahol legegyszer\u0171bben int\u00e9zhet\u0151 a g\u00e9pj\u00e1rm\u0171ad\u00f3.<\/p>\n<p>Az applik\u00e1ci\u00f3ban ugyanis, amint a hat\u00e1rozat meg\u00e9rkezett a t\u00e1rhelyre, azonnal megjelenik a fizetend\u0151 ad\u00f3, ami n\u00e9h\u00e1ny kattint\u00e1ssal r\u00f6gt\u00f6n rendezhet\u0151 is.<\/p>\n<h2>R\u00e9szletfizet\u00e9s a g\u00e9pj\u00e1rm\u0171ad\u00f3ra: ezt aj\u00e1nlja a NAV<\/h2>\n<p>Mag\u00e1nszem\u00e9lyeknek \u00e9s egy\u00e9ni v\u00e1llalkoz\u00f3knak &#8211; amennyiben nem tudj\u00e1k azonnal, egy\u00f6sszegben megfizetni a g\u00e9pj\u00e1rm\u0171ad\u00f3t &#8211; \u00e9rdemes kihaszn\u00e1lniuk az egyszer\u0171, legfeljebb \u00f6thavi, p\u00f3tl\u00e9kmentes, automatikusan j\u00e1r\u00f3 r\u00e9szletfizet\u00e9si kedvezm\u00e9nyt, amely a NAV-Mobil alkalmaz\u00e1sban n\u00e9h\u00e1ny kattint\u00e1ssal k\u00e9rhet\u0151 2026. j\u00fanius 30-ig &#8211; javasolta a NAV.<\/p>\n<div class=\"o-widget m-readMoreWidget -readMore u-shortDecorLineAfter row widget-container _ce_measure_widget bigdata-widget read-more\" data-ce-measure-widget=\"olvass tov\u00e1bb\">\n\t<div class=\"m-readMoreWidget__imgWrapper image-wrapper col-12 col-md-4 no-p\">\n\t\t<a class=\"m-readMoreWidget__imgLink\" href=\"https:\/\/www.startlap.hu\/vasarlas\/benzinarstop-vedett-ar-orban-bejelentes\/\" >\n\t\t\t<img decoding=\"async\" src=\"https:\/\/www.startlap.hu\/vasarlas\/uploads\/2026\/03\/tankolas_jarmu_benzinkut_-350x285.jpg\" class=\"m-readMoreWidget__img\">\n\t\t<\/a>\n\t<\/div>\n\t<div class=\"m-readMoreWidget__titleWrapper title-wrapper col-12 col-md-8\">\n\t\t<span class=\"m-readMoreWidget__titleLabel u-shortDecorLineBefore label hidden-sm-up\">Ez is \u00e9rdekelhet:<\/span>\n\t\t<h3 class=\"m-readMoreWidget__title title\">\n\t\t\t<a class=\"m-readMoreWidget__titleLink -secondFont u-bold u-upperCase\" href=\"https:\/\/www.startlap.hu\/vasarlas\/benzinarstop-vedett-ar-orban-bejelentes\/\" >Hivatalos: itt az \u00fajabb benzin\u00e1rstop, mutatjuk a plafon\u00e1rat<\/a>\n\t\t<\/h3>\n\t\t<a class=\"m-readMoreWidget__btn -coloredBack u-tC link\" href=\"https:\/\/www.startlap.hu\/vasarlas\/benzinarstop-vedett-ar-orban-bejelentes\/\" >Elolvasom<\/a>\n\t<\/div>\n<\/div>\n","protected":false},"excerpt":{"rendered":"<p>Keddt\u0151l \u00e9rkeznek a NAV g\u00e9pj\u00e1rm\u0171ad\u00f3-hat\u00e1rozatai. Mutatjuk, kik kapj\u00e1k meg el\u0151bb, meddig kell fizetni, \u00e9s hogyan k\u00e9rhet\u0151 r\u00e9szletfizet\u00e9s.<\/p>\n","protected":false},"author":45,"featured_media":2278172,"comment_status":"closed","ping_status":"closed","sticky":false,"template":"","format":"standard","meta":{"footnotes":""},"categories":[8180],"tags":[1494,16893,305],"class_list":["post-2278170","post","type-post","status-publish","format-standard","has-post-thumbnail","hentry","category-trending","tag-auto","tag-gepjarmuado","tag-nav"],"aioseo_notices":[],"_links":{"self":[{"href":"https:\/\/www.startlap.hu\/vasarlas\/wp-json\/wp\/v2\/posts\/2278170","targetHints":{"allow":["GET"]}}],"collection":[{"href":"https:\/\/www.startlap.hu\/vasarlas\/wp-json\/wp\/v2\/posts"}],"about":[{"href":"https:\/\/www.startlap.hu\/vasarlas\/wp-json\/wp\/v2\/types\/post"}],"author":[{"embeddable":true,"href":"https:\/\/www.startlap.hu\/vasarlas\/wp-json\/wp\/v2\/users\/45"}],"replies":[{"embeddable":true,"href":"https:\/\/www.startlap.hu\/vasarlas\/wp-json\/wp\/v2\/comments?post=2278170"}],"version-history":[{"count":2,"href":"https:\/\/www.startlap.hu\/vasarlas\/wp-json\/wp\/v2\/posts\/2278170\/revisions"}],"predecessor-version":[{"id":2278173,"href":"https:\/\/www.startlap.hu\/vasarlas\/wp-json\/wp\/v2\/posts\/2278170\/revisions\/2278173"}],"wp:featuredmedia":[{"embeddable":true,"href":"https:\/\/www.startlap.hu\/vasarlas\/wp-json\/wp\/v2\/media\/2278172"}],"wp:attachment":[{"href":"https:\/\/www.startlap.hu\/vasarlas\/wp-json\/wp\/v2\/media?parent=2278170"}],"wp:term":[{"taxonomy":"category","embeddable":true,"href":"https:\/\/www.startlap.hu\/vasarlas\/wp-json\/wp\/v2\/categories?post=2278170"},{"taxonomy":"post_tag","embeddable":true,"href":"https:\/\/www.startlap.hu\/vasarlas\/wp-json\/wp\/v2\/tags?post=2278170"}],"curies":[{"name":"wp","href":"https:\/\/api.w.org\/{rel}","templated":true}]}}