{"id":2278159,"date":"2026-03-10T05:33:54","date_gmt":"2026-03-10T04:33:54","guid":{"rendered":"https:\/\/www.startlap.hu\/vasarlas\/?p=2278159"},"modified":"2026-03-09T21:09:49","modified_gmt":"2026-03-09T20:09:49","slug":"aldi-furdoszoba-szonyeg-zsenilia","status":"publish","type":"post","link":"https:\/\/www.startlap.hu\/vasarlas\/aldi-furdoszoba-szonyeg-zsenilia\/","title":{"rendered":"Indul a roham az Aldiba: rengetegen lecser\u00e9lhetik a 2999 forintos term\u00e9kre a f\u00fcrd\u0151szob\u00e1k alapdarabj\u00e1t"},"content":{"rendered":"<p>Sokszor el\u0151fordul, hogy v\u00e1s\u00e1rl\u00e1saink sor\u00e1n, nemcsak a bev\u00e1s\u00e1rl\u00f3list\u00e1n szerepl\u0151 term\u00e9keket tessz\u00fck a kosarunkba, hanem apr\u00f3 kincsekre is r\u00e1bukkanunk a boltok k\u00edn\u00e1latban. Ezek t\u00f6bbnyire olyan dolgok, amelyek beszerz\u00e9s\u00e9re eredetileg nem is gondoltunk, m\u00e9gis amikor megl\u00e1tjuk \u0151ket a polcon, r\u00f6gt\u00f6n esz\u00fcnkbe jut, mennyire hasznosak lenn\u00e9nek otthon. \u00c1ltal\u00e1ban nem \u00e9lelmiszerekr\u0151l van sz\u00f3, hanem kisebb h\u00e1ztart\u00e1si kell\u00e9kekr\u0151l, amelyek id\u0151vel elkopnak, elromlanak, vagy egyszer\u0171en megjelenik bel\u0151l\u00fck egy praktikusabb, jobb min\u0151s\u00e9g\u0171 v\u00e1ltozat. Ilyen lehet p\u00e9ld\u00e1ul egy toj\u00e1sszeletel\u0151, egy cip\u0151kan\u00e1l, vagy ak\u00e1r egy <a href=\"https:\/\/www.startlap.hu\/vasarlas\/furdoszoba-torolkozo-elektromos-kezszarito\/\" target=\"_blank\" rel=\"noopener\">f\u00fcrd\u0151szobai kieg\u00e9sz\u00edt\u0151<\/a> is, amit \u00e9ppen most szerezhet\u00fcnk be kedvez\u0151 \u00e1ron az <a href=\"https:\/\/www.startlap.hu\/vasarlas\/aldi-hordozhhato-mixxer-termekvisszahivas\/\" target=\"_blank\" rel=\"noopener\">Aldi<\/a> polcair\u00f3l. Az ilyen v\u00e1ratlan felfedez\u00e9sek teszik igaz\u00e1n \u00e9lvezetess\u00e9 a v\u00e1s\u00e1rl\u00e1st, hiszen n\u00e9ha pont ezek az apr\u00f3s\u00e1gok k\u00f6nny\u00edtik meg legink\u00e1bb a mindennapjainkat.<\/p>\n<div class=\"o-widget m-readMoreWidget -readMore u-shortDecorLineAfter row widget-container _ce_measure_widget bigdata-widget read-more\" data-ce-measure-widget=\"olvass tov\u00e1bb\">\n\t<div class=\"m-readMoreWidget__imgWrapper image-wrapper col-12 col-md-4 no-p\">\n\t\t<a class=\"m-readMoreWidget__imgLink\" href=\"https:\/\/www.startlap.hu\/vasarlas\/sutoajto-uveg-tisztitas\/\" >\n\t\t\t<img decoding=\"async\" src=\"https:\/\/www.startlap.hu\/vasarlas\/uploads\/2025\/12\/GettyImages-2178082789_11zon-350x285.jpg\" class=\"m-readMoreWidget__img\">\n\t\t<\/a>\n\t<\/div>\n\t<div class=\"m-readMoreWidget__titleWrapper title-wrapper col-12 col-md-8\">\n\t\t<span class=\"m-readMoreWidget__titleLabel u-shortDecorLineBefore label hidden-sm-up\">Ez is \u00e9rdekelhet:<\/span>\n\t\t<h3 class=\"m-readMoreWidget__title title\">\n\t\t\t<a class=\"m-readMoreWidget__titleLink -secondFont u-bold u-upperCase\" href=\"https:\/\/www.startlap.hu\/vasarlas\/sutoajto-uveg-tisztitas\/\" >Sz\u00e9t ne szereld a dupla \u00fcveg\u0171 s\u00fct\u0151ajt\u00f3t: tiszt\u00edt\u00e1shoz itt egy zseni\u00e1lis m\u00f3dszer!<\/a>\n\t\t<\/h3>\n\t\t<a class=\"m-readMoreWidget__btn -coloredBack u-tC link\" href=\"https:\/\/www.startlap.hu\/vasarlas\/sutoajto-uveg-tisztitas\/\" >Elolvasom<\/a>\n\t<\/div>\n<\/div>\n<h2>Pontosan milyen apr\u00f3 kincs j\u00f6n az Aldiba?<\/h2>\n<p>Amikor a f\u00fcrd\u0151szob\u00e1nkat rendezz\u00fck be vagy fel\u00faj\u00edtjuk, \u00e1ltal\u00e1ban nagy hangs\u00falyt fektet\u00fcnk a l\u00e1tv\u00e1nyos \u00e9s dr\u00e1g\u00e1bb elemek kiv\u00e1laszt\u00e1s\u00e1ra: a csemp\u00e9re, a <a href=\"https:\/\/www.startlap.hu\/vasarlas\/zuhanykabin-lidl-zuhanyfuggony-furdoszoba-akcio\/\" target=\"_blank\" rel=\"noopener\">zuhanykabinra<\/a> vagy k\u00e1dra, a csaptelepekre, a b\u00fatorokra \u00e9s a vil\u00e1g\u00edt\u00e1sra. Gondosan m\u00e9rlegelj\u00fck a sz\u00edneket, az anyagokat, a funkcionalit\u00e1st \u00e9s azt is, hogy minden harmonikusan illeszkedjen egym\u00e1shoz. Sokszor m\u00e9g a t\u00f6r\u00f6lk\u00f6z\u0151k, t\u00e1rol\u00f3k vagy dekor\u00e1ci\u00f3k kiv\u00e1laszt\u00e1s\u00e1ra is id\u0151t sz\u00e1nunk. Ek\u00f6zben azonban <strong>meglep\u0151en gyakran h\u00e1tt\u00e9rbe szorul egy apr\u00f3nak t\u0171n\u0151, m\u00e9gis mindennap haszn\u00e1lt kieg\u00e9sz\u00edt\u0151: a f\u00fcrd\u0151szobasz\u0151nyeg<\/strong>. Pedig<\/p>\n<blockquote class=\"article__extraTxt\"><p>egy j\u00f3l megv\u00e1lasztott sz\u0151nyeg nemcsak a komfort\u00e9rzetet n\u00f6veli, hanem a biztons\u00e1got \u00e9s a f\u00fcrd\u0151szoba \u00f6sszk\u00e9p\u00e9t is jelent\u0151sen jav\u00edthatja.<\/p><\/blockquote>\n<h2>Mit kell tudni az Aldi f\u00fcrd\u0151szobasz\u0151nyeg\u00e9r\u0151l?<\/h2>\n<p><strong>M\u00e1rcius 12-t\u0151l, cs\u00fct\u00f6rt\u00f6kt\u0151l<\/strong> praktikus lak\u00e1stextil ker\u00fcl a Aldi k\u00edn\u00e1lat\u00e1ba: \u00e9rkezik a Novitesse zsen\u00edlia f\u00fcrd\u0151szobasz\u0151nyeg, amely <strong>t\u00f6bbf\u00e9le sz\u00ednben \u00e9s m\u00e9retben<\/strong> lesz el\u00e9rhet\u0151 (<a href=\"https:\/\/akcios-ujsag.hu\/akcios-ujsagok\/aldi-kozepso-sor-akcios-ujsag-2026-03-12\/#4\" target=\"_blank\" target=\"_blank\" rel=\"noopener\">k\u00e9p az \u00e1rur\u00f3l az akci\u00f3s \u00fajs\u00e1gban<\/a>). A puha tapint\u00e1s\u00fa, 100% poli\u00e9szterb\u0151l k\u00e9sz\u00fclt term\u00e9k a megszokott akci\u00f3s k\u00edn\u00e1lat r\u00e9szek\u00e9nt, korl\u00e1tozott ideig \u00e9s a k\u00e9szlet erej\u00e9ig lesz kaphat\u00f3 az \u00fczletekben. \u00cdme, a f\u0151bb tulajdons\u00e1gai:<\/p>\n<ul>\n<li>kis m\u00e9ret\u0171, 2 darab: m\u00e9ret (egyenk\u00e9nt): kb. 50 x 70 cm vagy;<\/li>\n<li>nagy m\u00e9ret\u0171, 1 darab: m\u00e9ret: kb. 60 x 100 cm;<\/li>\n<li>\u00e1ra: 2999 forint \/ 2 vagy 1 darab\/szett.&nbsp;<\/li>\n<\/ul>\n<figure id=\"attachment_2278160\" aria-describedby=\"caption-attachment-2278160\" style=\"width: 755px\" class=\"wp-caption alignnone\"><a href=\"https:\/\/www.startlap.hu\/vasarlas\/uploads\/2026\/03\/aldi-logo-oszlop-fak.jpg\"><img loading=\"lazy\" decoding=\"async\" class=\"size-article-size-large-image wp-image-2278160\" src=\"https:\/\/www.startlap.hu\/vasarlas\/uploads\/2026\/03\/aldi-logo-oszlop-fak-755x435.jpg\" alt=\"Aldi log\u00f3 egy oszlop tetej\u00e9n a f\u00e1k f\u00f6l\u00f6tt.\" width=\"755\" height=\"435\" srcset=\"https:\/\/www.startlap.hu\/vasarlas\/uploads\/2026\/03\/aldi-logo-oszlop-fak-755x435.jpg 755w, https:\/\/www.startlap.hu\/vasarlas\/uploads\/2026\/03\/aldi-logo-oszlop-fak-720x415.jpg 720w, https:\/\/www.startlap.hu\/vasarlas\/uploads\/2026\/03\/aldi-logo-oszlop-fak-607x350.jpg 607w, https:\/\/www.startlap.hu\/vasarlas\/uploads\/2026\/03\/aldi-logo-oszlop-fak.jpg 1500w\" sizes=\"auto, (max-width: 755px) 100vw, 755px\" \/><\/a><figcaption id=\"caption-attachment-2278160\" class=\"wp-caption-text\">M\u00e1rcius 12-t\u0151l, cs\u00fct\u00f6rt\u00f6kt\u0151l ker\u00fcl az Aldi-\u00fczletekbe a zsen\u00edlia f\u00fcrd\u0151szobasz\u0151nyeg. Fot\u00f3: Getty Images<\/figcaption><\/figure>\n<h2>Meg\u00e9ri az \u00e1r\u00e1t az Aldi term\u00e9ke?<\/h2>\n<p>A <strong>2999 forintos \u00e1r kifejezetten j\u00f3nak sz\u00e1m\u00edt<\/strong> a f\u00fcrd\u0151szobasz\u0151nyegek magyarorsz\u00e1gi k\u00edn\u00e1lat\u00e1ban, f\u0151leg egy zsen\u00edlia t\u00edpus\u00fa darabn\u00e1l. Ilyen \u00e1ron \u00e1ltal\u00e1ban a kedvez\u0151 \u00e1r-\u00e9rt\u00e9k ar\u00e1ny\u00fa, alap vagy k\u00f6z\u00e9pkateg\u00f3ri\u00e1s f\u00fcrd\u0151szobasz\u0151nyegek jelennek meg. Tapasztalatunk szerint hasonl\u00f3 anyag\u00fa f\u00fcrd\u0151szobasz\u0151nyegek t\u00f6bb boltban gyakran 6000 \u00e9s 12000 forint k\u00f6z\u00f6tt kaphat\u00f3k.<\/p>\n<h2>Mi\u00e9rt j\u00f3 v\u00e1laszt\u00e1s a zsen\u00edlia f\u00fcrd\u0151szobasz\u0151nyeg?<\/h2>\n<p>A f\u00fcrd\u0151szob\u00e1k alapkell\u00e9k\u00e9nek sz\u00e1m\u00edt\u00f3 f\u00fcrd\u0151szobasz\u0151nyegek nemcsak k\u00e9nyelmet \u00e9s biztons\u00e1got adnak a l\u00e1bunknak, amikor kil\u00e9p\u00fcnk a zuhanyb\u00f3l vagy a k\u00e1db\u00f3l, hanem a helyis\u00e9g hangulat\u00e1t is meghat\u00e1rozz\u00e1k. Az egyik legn\u00e9pszer\u0171bb t\u00edpus a zsen\u00edlia f\u00fcrd\u0151szobasz\u0151nyeg, amely sz\u00e1mos el\u0151nnyel rendelkezik.<\/p>\n<ol>\n<li><strong>Rendk\u00edv\u00fcl puha \u00e9s k\u00e9nyelmes:<\/strong> a zsen\u00edlia egyik legnagyobb el\u0151nye a k\u00fcl\u00f6nleges, bolyhos szerkezete. A s\u0171r\u0171, puha sz\u00e1lak kellemes \u00e9rzetet adnak a talpnak, \u00edgy igazi luxus\u00e9lm\u00e9ny lehet r\u00e1l\u00e9pni egy zuhany vagy f\u00fcrd\u00e9s ut\u00e1n.<\/li>\n<li><strong>Kiv\u00e1l\u00f3 nedvsz\u00edv\u00f3 k\u00e9pess\u00e9g:<\/strong> a f\u00fcrd\u0151szob\u00e1ban gyakran ker\u00fcl v\u00edz a padl\u00f3ra. A zsen\u00edlia sz\u0151nyegek j\u00f3l felsz\u00edvj\u00e1k a nedvess\u00e9get, \u00edgy seg\u00edtenek sz\u00e1razon tartani a padl\u00f3t \u00e9s cs\u00f6kkentik a cs\u00fasz\u00e1s vesz\u00e9ly\u00e9t.<\/li>\n<li><strong>Gyorsan sz\u00e1rad:<\/strong> a modern zsen\u00edlia sz\u0151nyegek anyaga \u00fagy van kialak\u00edtva, hogy gyorsan megsz\u00e1radjon. Ez <a href=\"https:\/\/www.startlap.hu\/vasarlas\/zuhanyzas-egeszseg-idosek-orvos\/\" target=\"_blank\" rel=\"noopener\">higi\u00e9nikusabb<\/a> megold\u00e1st jelent, hiszen kev\u00e9sb\u00e9 alakul ki kellemetlen szag vagy pen\u00e9sz.<\/li>\n<li><strong>Cs\u00fasz\u00e1sg\u00e1tl\u00f3 h\u00e1toldal:<\/strong> sok zsen\u00edlia f\u00fcrd\u0151szobasz\u0151nyeg cs\u00fasz\u00e1sg\u00e1tl\u00f3 r\u00e9teggel k\u00e9sz\u00fcl, amely stabilan a hely\u00e9n tartja a sz\u0151nyeget. Ez k\u00fcl\u00f6n\u00f6sen fontos nedves padl\u00f3n, ahol k\u00f6nnyen elcs\u00faszhatn\u00e1nk.<\/li>\n<li><strong>Eszt\u00e9tikus megjelen\u00e9s:<\/strong> a zsen\u00edlia sz\u0151nyegek sokf\u00e9le sz\u00ednben, m\u00e9retben \u00e9s form\u00e1ban kaphat\u00f3k. A bolyhos text\u00fara modern \u00e9s otthonos hangulatot ad a f\u00fcrd\u0151szob\u00e1nak, \u00edgy k\u00f6nnyen illeszthet\u0151 b\u00e1rmilyen st\u00edlushoz.<\/li>\n<li><strong>K\u00f6nny\u0171 tiszt\u00edthat\u00f3s\u00e1g:<\/strong> a legt\u00f6bb zsen\u00edlia f\u00fcrd\u0151szobasz\u0151nyeg mos\u00f3g\u00e9pben is moshat\u00f3, \u00edgy egyszer\u0171en tiszt\u00e1n tarthat\u00f3. Ez k\u00fcl\u00f6n\u00f6sen fontos egy olyan helyis\u00e9gben, ahol a higi\u00e9nia kiemelt szerepet j\u00e1tszik.<\/li>\n<\/ol>\n<p>A zsen\u00edlia f\u00fcrd\u0151szobasz\u0151nyeg ide\u00e1lis v\u00e1laszt\u00e1s, ha puha, nedvsz\u00edv\u00f3, biztons\u00e1gos \u00e9s eszt\u00e9tikus megold\u00e1st keres\u00fcnk a f\u00fcrd\u0151szob\u00e1ba. K\u00e9nyelmet \u00e9s st\u00edlust ad a mindennapokhoz, mik\u00f6zben praktikus funkci\u00f3kat is ell\u00e1t. Ha szeretn\u00e9nk egy kis luxust vinni a f\u00fcrd\u0151szob\u00e1nkba, az Aldiban cs\u00fct\u00f6rt\u00f6kt\u0151l kaphat\u00f3 zsen\u00edlia sz\u0151nyeg kiv\u00e1l\u00f3 v\u00e1laszt\u00e1s lehet.<\/p>\n<p data-mrf-recirculation=\"[Article Startlap] Inline links\"><strong>\u00c9rdemes az&nbsp;<a href=\"https:\/\/akcios-ujsag.hu\/\" target=\"_blank\" target=\"_blank\" rel=\"noopener\" data-mrf-recirculation=\"[Article Startlap] Inline Links\" data-mrf-link=\"https:\/\/akcios-ujsag.hu\/\" data-mrf-recirculation-id=\"[Article Startlap] Inline Links_5\">Akci\u00f3s-\u00dajs\u00e1g.hu<\/a>&nbsp;oldal\u00e1n megtal\u00e1lhat\u00f3 m\u00e1s \u00e1ruh\u00e1zl\u00e1ncok akci\u00f3s term\u00e9keit is \u00e1tb\u00f6ng\u00e9szni, p\u00e9ld\u00e1ul:<\/strong><\/p>\n<ul>\n<li><strong><a href=\"https:\/\/akcios-ujsag.hu\/akcios-ujsag\/elelmiszer-aruhaz\/auchan\/\" target=\"_blank\" target=\"_blank\" rel=\"noopener\">Auchan<\/a><\/strong><\/li>\n<li><a href=\"https:\/\/akcios-ujsag.hu\/akcios-ujsag\/elelmiszer-aruhaz\/lidl\/\" target=\"_blank\" target=\"_blank\" rel=\"noopener\"><strong>Lidl<\/strong><\/a><\/li>\n<li><strong><a href=\"https:\/\/akcios-ujsag.hu\/akcios-ujsag\/elelmiszer-aruhaz\/spar-interspar\/\" target=\"_blank\" target=\"_blank\" rel=\"noopener\">Interspar<\/a><\/strong><\/li>\n<li><strong><a href=\"https:\/\/akcios-ujsag.hu\/akcios-ujsag\/elelmiszer-aruhaz\/penny-market\/\" target=\"_blank\" target=\"_blank\" rel=\"noopener\">Penny<\/a><\/strong><\/li>\n<li><strong><a href=\"https:\/\/akcios-ujsag.hu\/akcios-ujsag\/elelmiszer-aruhaz\/tesco\/\" target=\"_blank\" target=\"_blank\" rel=\"noopener\">Tesco<\/a><\/strong><\/li>\n<\/ul>\n<div class=\"o-widget m-readMoreWidget -readMore u-shortDecorLineAfter row widget-container _ce_measure_widget bigdata-widget read-more\" data-ce-measure-widget=\"olvass tov\u00e1bb\">\n\t<div class=\"m-readMoreWidget__imgWrapper image-wrapper col-12 col-md-4 no-p\">\n\t\t<a class=\"m-readMoreWidget__imgLink\" href=\"https:\/\/www.startlap.hu\/vasarlas\/marcius-15-boltok-nyitvatartasa-lidl-aldi-spar-penny-tesco-2026\/\" >\n\t\t\t<img decoding=\"async\" src=\"https:\/\/www.startlap.hu\/vasarlas\/uploads\/2026\/03\/bevasarlokocsi-350x285.jpg\" class=\"m-readMoreWidget__img\">\n\t\t<\/a>\n\t<\/div>\n\t<div class=\"m-readMoreWidget__titleWrapper title-wrapper col-12 col-md-8\">\n\t\t<span class=\"m-readMoreWidget__titleLabel u-shortDecorLineBefore label hidden-sm-up\">Ez is \u00e9rdekelhet:<\/span>\n\t\t<h3 class=\"m-readMoreWidget__title title\">\n\t\t\t<a class=\"m-readMoreWidget__titleLink -secondFont u-bold u-upperCase\" href=\"https:\/\/www.startlap.hu\/vasarlas\/marcius-15-boltok-nyitvatartasa-lidl-aldi-spar-penny-tesco-2026\/\" >Vas\u00e1rnapi boltz\u00e1r j\u00f6n: v\u00e1ltozik a Lidl, Penny, Aldi \u00e9s a t\u00f6bbi \u00fczletl\u00e1nc nyitvatart\u00e1sa<\/a>\n\t\t<\/h3>\n\t\t<a class=\"m-readMoreWidget__btn -coloredBack u-tC link\" href=\"https:\/\/www.startlap.hu\/vasarlas\/marcius-15-boltok-nyitvatartasa-lidl-aldi-spar-penny-tesco-2026\/\" >Elolvasom<\/a>\n\t<\/div>\n<\/div>\n","protected":false},"excerpt":{"rendered":"<p>Amikor a f\u00fcrd\u0151szob\u00e1nkat rendezz\u00fck be vagy \u00faj\u00edtjuk fel, \u00e1ltal\u00e1ban nagy hangs\u00falyt fektet\u00fcnk a l\u00e1tv\u00e1nyos \u00e9s dr\u00e1g\u00e1bb elemek kiv\u00e1laszt\u00e1s\u00e1ra: a csemp\u00e9re, a zuhanykabinra vagy k\u00e1dra, a csaptelepekre, a b\u00fatorokra \u00e9s a vil\u00e1g\u00edt\u00e1sra. Van egy r\u00e9szlet ugyanakkor, amire \u00e1ltal\u00e1ban kevesebb figyelem \u00f6sszepontosul: az Aldiba cs\u00fct\u00f6rt\u00f6k\u00f6n \u00e9rkezik egy &#8222;apr\u00f3 kincs&#8221;, ami j\u00f3 es\u00e9llyel sok magyar bev\u00e1r\u00e1sl\u00f3kocsij\u00e1ba beker\u00fcl majd.<\/p>\n","protected":false},"author":7,"featured_media":2278160,"comment_status":"closed","ping_status":"closed","sticky":false,"template":"","format":"standard","meta":{"footnotes":""},"categories":[8180],"tags":[850,1728,1727,5887],"class_list":["post-2278159","post","type-post","status-publish","format-standard","has-post-thumbnail","hentry","category-trending","tag-aldi","tag-furdoszoba","tag-lakberendezes","tag-szonyeg"],"aioseo_notices":[],"_links":{"self":[{"href":"https:\/\/www.startlap.hu\/vasarlas\/wp-json\/wp\/v2\/posts\/2278159","targetHints":{"allow":["GET"]}}],"collection":[{"href":"https:\/\/www.startlap.hu\/vasarlas\/wp-json\/wp\/v2\/posts"}],"about":[{"href":"https:\/\/www.startlap.hu\/vasarlas\/wp-json\/wp\/v2\/types\/post"}],"author":[{"embeddable":true,"href":"https:\/\/www.startlap.hu\/vasarlas\/wp-json\/wp\/v2\/users\/7"}],"replies":[{"embeddable":true,"href":"https:\/\/www.startlap.hu\/vasarlas\/wp-json\/wp\/v2\/comments?post=2278159"}],"version-history":[{"count":8,"href":"https:\/\/www.startlap.hu\/vasarlas\/wp-json\/wp\/v2\/posts\/2278159\/revisions"}],"predecessor-version":[{"id":2278168,"href":"https:\/\/www.startlap.hu\/vasarlas\/wp-json\/wp\/v2\/posts\/2278159\/revisions\/2278168"}],"wp:featuredmedia":[{"embeddable":true,"href":"https:\/\/www.startlap.hu\/vasarlas\/wp-json\/wp\/v2\/media\/2278160"}],"wp:attachment":[{"href":"https:\/\/www.startlap.hu\/vasarlas\/wp-json\/wp\/v2\/media?parent=2278159"}],"wp:term":[{"taxonomy":"category","embeddable":true,"href":"https:\/\/www.startlap.hu\/vasarlas\/wp-json\/wp\/v2\/categories?post=2278159"},{"taxonomy":"post_tag","embeddable":true,"href":"https:\/\/www.startlap.hu\/vasarlas\/wp-json\/wp\/v2\/tags?post=2278159"}],"curies":[{"name":"wp","href":"https:\/\/api.w.org\/{rel}","templated":true}]}}