{"id":2278128,"date":"2026-03-09T16:58:32","date_gmt":"2026-03-09T15:58:32","guid":{"rendered":"https:\/\/www.startlap.hu\/vasarlas\/?p=2278128"},"modified":"2026-03-09T17:41:02","modified_gmt":"2026-03-09T16:41:02","slug":"benzinarstop-vedett-ar-orban-bejelentes","status":"publish","type":"post","link":"https:\/\/www.startlap.hu\/vasarlas\/benzinarstop-vedett-ar-orban-bejelentes\/","title":{"rendered":"Hivatalos: itt az \u00fajabb benzin\u00e1rstop, mutatjuk a plafon\u00e1rat"},"content":{"rendered":"<p>Orb\u00e1n Viktor h\u00e9tf\u0151 d\u00e9lut\u00e1ni Facebook-bejegyz\u00e9s\u00e9ben k\u00f6z\u00f6lte, hogy a kabinet aznapi d\u00f6nt\u00e9se \u00e9rtelm\u00e9ben \u00fajra r\u00f6gz\u00edtik az \u00fczemanyag\u00e1rakat.<\/p>\n<div class=\"o-widget m-readMoreWidget -readMore u-shortDecorLineAfter row widget-container _ce_measure_widget bigdata-widget read-more\" data-ce-measure-widget=\"olvass tov\u00e1bb\">\n\t<div class=\"m-readMoreWidget__imgWrapper image-wrapper col-12 col-md-4 no-p\">\n\t\t<a class=\"m-readMoreWidget__imgLink\" href=\"https:\/\/www.startlap.hu\/vasarlas\/zuhanyzas-egeszseg-idosek-orvos\/\" >\n\t\t\t<img decoding=\"async\" src=\"https:\/\/www.startlap.hu\/vasarlas\/uploads\/2026\/02\/zuhanyzas-2-350x285.jpg\" class=\"m-readMoreWidget__img\">\n\t\t<\/a>\n\t<\/div>\n\t<div class=\"m-readMoreWidget__titleWrapper title-wrapper col-12 col-md-8\">\n\t\t<span class=\"m-readMoreWidget__titleLabel u-shortDecorLineBefore label hidden-sm-up\">Ez is \u00e9rdekelhet:<\/span>\n\t\t<h3 class=\"m-readMoreWidget__title title\">\n\t\t\t<a class=\"m-readMoreWidget__titleLink -secondFont u-bold u-upperCase\" href=\"https:\/\/www.startlap.hu\/vasarlas\/zuhanyzas-egeszseg-idosek-orvos\/\" >Higi\u00e9nia 65 \u00e9v felett: nem naponta egyszer, nem hetente egyszer &#8211; ilyen gyakran aj\u00e1nlott a zuhanyoz\u00e1s id\u0151s korban<\/a>\n\t\t<\/h3>\n\t\t<a class=\"m-readMoreWidget__btn -coloredBack u-tC link\" href=\"https:\/\/www.startlap.hu\/vasarlas\/zuhanyzas-egeszseg-idosek-orvos\/\" >Elolvasom<\/a>\n\t<\/div>\n<\/div>\n<p>A korm\u00e1nyf\u0151 indokl\u00e1sa szerint a <strong>v\u00e9dett \u00e1r bevezet\u00e9s\u00e9re<\/strong> az ir\u00e1ni konfliktus \u00e9s az ukrajnai olajsz\u00e1ll\u00edt\u00e1si neh\u00e9zs\u00e9gek okozta vil\u00e1gpiaci <a href=\"https:\/\/www.startlap.hu\/vasarlas\/mesterseges-intelligencia-memoriachip-hiany-okostelefon-szamitogep-teve-dragulas\/\" target=\"_blank\" rel=\"noopener\"><strong>dr\u00e1gul\u00e1s<\/strong><\/a> miatt van sz\u00fcks\u00e9g.<\/p>\n<blockquote class=\"article__extraTxt\"><p>A r\u00f6gz\u00edtett tarifa a benzin literenk\u00e9nti \u00e1r\u00e1t 595 forintban, a g\u00e1zolaj\u00e9t pedig 615 forintban hat\u00e1rozza meg.<\/p><\/blockquote>\n<p>A folyamatos kiszolg\u00e1l\u00e1s fenntart\u00e1sa \u00e9rdek\u00e9ben a minisztereln\u00f6k elrendelte az orsz\u00e1gos strat\u00e9giai k\u00e9szletek megnyit\u00e1s\u00e1t is.<\/p>\n<figure id=\"attachment_2278138\" aria-describedby=\"caption-attachment-2278138\" style=\"width: 755px\" class=\"wp-caption alignnone\"><img loading=\"lazy\" decoding=\"async\" class=\"size-article-size-large-image wp-image-2278138\" src=\"https:\/\/www.startlap.hu\/vasarlas\/uploads\/2026\/03\/tankolas_piros_auto_-755x503.jpg\" alt=\"Tankol\u00e1s egy benzink\u00faton\" width=\"755\" height=\"503\" srcset=\"https:\/\/www.startlap.hu\/vasarlas\/uploads\/2026\/03\/tankolas_piros_auto_-755x503.jpg 755w, https:\/\/www.startlap.hu\/vasarlas\/uploads\/2026\/03\/tankolas_piros_auto_-525x350.jpg 525w, https:\/\/www.startlap.hu\/vasarlas\/uploads\/2026\/03\/tankolas_piros_auto_.jpg 1200w\" sizes=\"auto, (max-width: 755px) 100vw, 755px\" \/><figcaption id=\"caption-attachment-2278138\" class=\"wp-caption-text\">Ism\u00e9t benzin\u00e1rstopot vezetett be a korm\u00e1ny &#8211; Fot\u00f3: Getty Images<\/figcaption><\/figure>\n<h2>\u00c9rintettek \u00e9s hat\u00e1lybal\u00e9p\u00e9s<\/h2>\n<p>A hat\u00f3s\u00e1gi \u00e1r kiz\u00e1r\u00f3lag a <strong>magyar okm\u00e1nyokkal \u00e9s rendsz\u00e1mmal ell\u00e1tott j\u00e1rm\u0171vekre \u00e9rv\u00e9nyes<\/strong>, \u00e9s a lakoss\u00e1gi felhaszn\u00e1l\u00f3k mellett \u00e9rinti az agr\u00e1r\u00e1gazat szerepl\u0151it, a sz\u00e1ll\u00edtm\u00e1nyoz\u00f3kat, valamint a v\u00e1llalkoz\u00e1sokat is.<\/p>\n<p>Az int\u00e9zked\u00e9s h\u00e9tf\u0151r\u0151l keddre virrad\u00f3 \u00e9jszaka, pontosan \u00e9jf\u00e9lkor v\u00e1lik hat\u00e1lyoss\u00e1.<\/p>\n<h2>Diplom\u00e1ciai l\u00e9p\u00e9sek \u00e9s gazdas\u00e1gi h\u00e1tt\u00e9r<\/h2>\n<p>A korm\u00e1nyf\u0151 m\u00e1r a d\u00e9lel\u0151tti \u00f3r\u00e1kban egy vide\u00f3s \u00fczenetben hangs\u00falyozta, hogy <strong>g\u00e1tat kell szabni az \u00fczemanyag\u00e1rak drasztikus n\u00f6veked\u00e9s\u00e9nek az orsz\u00e1gban.&nbsp;<\/strong><\/p>\n<p>Ezzel p\u00e1rhuzamosan Orb\u00e1n Viktor az <strong>orosz energi\u00e1t \u00e9rint\u0151 eur\u00f3pai b\u00fcntet\u0151int\u00e9zked\u00e9sek elt\u00f6rl\u00e9s\u00e9t<\/strong> szorgalmazta, \u00e9s hivatalos lev\u00e9lben fordult Ursula von der Leyenhez, az Eur\u00f3pai Bizotts\u00e1g eln\u00f6k\u00e9hez.<\/p>\n<p>A korl\u00e1toz\u00e1s bevezet\u00e9s\u00e9t a <strong>reggeli t\u0151zsdei \u00e1rfolyamugr\u00e1s v\u00e1ltotta ki<\/strong>, amelyet a k\u00f6zel-keleti fesz\u00fclts\u00e9g m\u00e9ly\u00fcl\u00e9se \u00e9s a Hormuzi-szoros esetleges tart\u00f3s lez\u00e1r\u00e1sa miatti f\u00e9lelem gener\u00e1lt.<\/p>\n<p>Mivel a glob\u00e1lis k\u0151olaj- \u00e9s g\u00e1zforgalom legal\u00e1bb <strong>egy\u00f6t\u00f6de ezen a tengerszoroson halad kereszt\u00fcl<\/strong>, annak akad\u00e1lyoztat\u00e1sa vil\u00e1gszint\u0171 ell\u00e1t\u00e1si probl\u00e9m\u00e1khoz vezet.<\/p>\n<p>A r\u00e9gi\u00f3 kulcsfontoss\u00e1g\u00fa export\u0151rei \u2013 k\u00f6zt\u00fck Sza\u00fad-Ar\u00e1bia, Irak \u00e9s az Em\u00edrs\u00e9gek \u2013 korl\u00e1tozt\u00e1k vagy besz\u00fcntett\u00e9k a kitermel\u00e9st t\u00f6bb ter\u00fcleten, mivel a logisztikai neh\u00e9zs\u00e9gek miatt felhalmoz\u00f3dott nyersanyag m\u00e1r nem f\u00e9r el a megtelt t\u00e1roz\u00f3kban.<\/p>\n<div class=\"o-widget m-readMoreWidget -readMore u-shortDecorLineAfter row widget-container _ce_measure_widget bigdata-widget read-more\" data-ce-measure-widget=\"olvass tov\u00e1bb\">\n\t<div class=\"m-readMoreWidget__imgWrapper image-wrapper col-12 col-md-4 no-p\">\n\t\t<a class=\"m-readMoreWidget__imgLink\" href=\"https:\/\/www.startlap.hu\/vasarlas\/futes-radiator-tavasz-pazarlas\/\" >\n\t\t\t<img decoding=\"async\" src=\"https:\/\/www.startlap.hu\/vasarlas\/uploads\/2026\/01\/radiator-futes-350x285.jpg\" class=\"m-readMoreWidget__img\">\n\t\t<\/a>\n\t<\/div>\n\t<div class=\"m-readMoreWidget__titleWrapper title-wrapper col-12 col-md-8\">\n\t\t<span class=\"m-readMoreWidget__titleLabel u-shortDecorLineBefore label hidden-sm-up\">Ez is \u00e9rdekelhet:<\/span>\n\t\t<h3 class=\"m-readMoreWidget__title title\">\n\t\t\t<a class=\"m-readMoreWidget__titleLink -secondFont u-bold u-upperCase\" href=\"https:\/\/www.startlap.hu\/vasarlas\/futes-radiator-tavasz-pazarlas\/\" >Dr\u00e1ga hib\u00e1k tavasszal: ezeket a f\u0171t\u00e9si bakikat jobb elker\u00fclni<\/a>\n\t\t<\/h3>\n\t\t<a class=\"m-readMoreWidget__btn -coloredBack u-tC link\" href=\"https:\/\/www.startlap.hu\/vasarlas\/futes-radiator-tavasz-pazarlas\/\" >Elolvasom<\/a>\n\t<\/div>\n<\/div>\n","protected":false},"excerpt":{"rendered":"<p>H\u00e9tf\u0151 \u00e9jf\u00e9lt\u0151l \u00fajra \u00e9l az benzin\u00e1rstop: a kedvezm\u00e9nyt a magyar rendsz\u00e1mos mag\u00e1naut\u00f3sok, fuvaroz\u00f3k, mez\u0151gazdas\u00e1gi dolgoz\u00f3k \u00e9s v\u00e1llalkoz\u00f3k vehetik ig\u00e9nybe.<\/p>\n","protected":false},"author":8,"featured_media":2278135,"comment_status":"closed","ping_status":"closed","sticky":false,"template":"","format":"standard","meta":{"footnotes":""},"categories":[8180],"tags":[16941,3973,16864],"class_list":["post-2278128","post","type-post","status-publish","format-standard","has-post-thumbnail","hentry","category-trending","tag-benzinarstop","tag-kormany","tag-uzemanyagarak"],"aioseo_notices":[],"_links":{"self":[{"href":"https:\/\/www.startlap.hu\/vasarlas\/wp-json\/wp\/v2\/posts\/2278128","targetHints":{"allow":["GET"]}}],"collection":[{"href":"https:\/\/www.startlap.hu\/vasarlas\/wp-json\/wp\/v2\/posts"}],"about":[{"href":"https:\/\/www.startlap.hu\/vasarlas\/wp-json\/wp\/v2\/types\/post"}],"author":[{"embeddable":true,"href":"https:\/\/www.startlap.hu\/vasarlas\/wp-json\/wp\/v2\/users\/8"}],"replies":[{"embeddable":true,"href":"https:\/\/www.startlap.hu\/vasarlas\/wp-json\/wp\/v2\/comments?post=2278128"}],"version-history":[{"count":11,"href":"https:\/\/www.startlap.hu\/vasarlas\/wp-json\/wp\/v2\/posts\/2278128\/revisions"}],"predecessor-version":[{"id":2278158,"href":"https:\/\/www.startlap.hu\/vasarlas\/wp-json\/wp\/v2\/posts\/2278128\/revisions\/2278158"}],"wp:featuredmedia":[{"embeddable":true,"href":"https:\/\/www.startlap.hu\/vasarlas\/wp-json\/wp\/v2\/media\/2278135"}],"wp:attachment":[{"href":"https:\/\/www.startlap.hu\/vasarlas\/wp-json\/wp\/v2\/media?parent=2278128"}],"wp:term":[{"taxonomy":"category","embeddable":true,"href":"https:\/\/www.startlap.hu\/vasarlas\/wp-json\/wp\/v2\/categories?post=2278128"},{"taxonomy":"post_tag","embeddable":true,"href":"https:\/\/www.startlap.hu\/vasarlas\/wp-json\/wp\/v2\/tags?post=2278128"}],"curies":[{"name":"wp","href":"https:\/\/api.w.org\/{rel}","templated":true}]}}