{"id":2278124,"date":"2026-03-09T13:47:14","date_gmt":"2026-03-09T12:47:14","guid":{"rendered":"https:\/\/www.startlap.hu\/vasarlas\/?p=2278124"},"modified":"2026-03-09T13:47:14","modified_gmt":"2026-03-09T12:47:14","slug":"aldi-hordozhhato-mixxer-termekvisszahivas","status":"publish","type":"post","link":"https:\/\/www.startlap.hu\/vasarlas\/aldi-hordozhhato-mixxer-termekvisszahivas\/","title":{"rendered":"Fontos k\u00f6zlem\u00e9nyt adott ki az Aldi: kigyulladhat az egyik term\u00e9k\u00fck, tilos haszn\u00e1lni"},"content":{"rendered":"<p>&#8222;Az Ambiano Hordozhat\u00f3 mixer sz\u00fcrke, k\u00e9k \u00e9s z\u00f6ld sz\u00ednekben term\u00e9kre a sz\u00e1ll\u00edt\u00f3 \u00e9s az <a href=\"https:\/\/www.startlap.hu\/vasarlas\/aldi-lidl-egyesult-kiralysag-beremeles\/\" target=\"_blank\" rel=\"noopener\">Aldi<\/a> Magyarorsz\u00e1g \u00c9lelmiszer Bt. el\u0151vigy\u00e1zatoss\u00e1gb\u00f3l, a felel\u0151s forgalmaz\u00f3i magatart\u00e1s szab\u00e1lyait betartva term\u00e9kvisszah\u00edv\u00e1st ind\u00edt\u201d \u2013 olvashat\u00f3 az \u00fczletl\u00e1nc <a href=\"https:\/\/www.aldi.hu\/hu\/informaciok\/vasarloi-tajekoztato-amibano_hordozhato_mixer.html\" target=\"_blank\" target=\"_blank\" rel=\"noopener\">honlapj\u00e1n<\/a>. A term\u00e9k vonalk\u00f3djai a k\u00f6vetkez\u0151k:<\/p>\n<ul>\n<li>sz\u00fcrke -4069365007389,<\/li>\n<li>k\u00e9k &#8211; 4069365007242,<\/li>\n<li>z\u00f6ld &#8211; 4069365007259).<\/li>\n<\/ul>\n<p>Mint \u00edrj\u00e1k, a term\u00e9k haszn\u00e1lat, t\u00f6lt\u00e9se sor\u00e1n egyes esetekben t\u00falmelegedhet, ami a hordozhat\u00f3 mixer kigyullad\u00e1s\u00e1hoz vezethet, <strong>emiatt a term\u00e9k nem haszn\u00e1lhat\u00f3.<\/strong><\/p>\n<figure id=\"attachment_2255284\" aria-describedby=\"caption-attachment-2255284\" style=\"width: 755px\" class=\"wp-caption alignnone\"><a href=\"https:\/\/www.startlap.hu\/vasarlas\/uploads\/2024\/12\/figyelmeztetes-jel.jpg\"><img loading=\"lazy\" decoding=\"async\" class=\"size-article-size-large-image wp-image-2255284\" src=\"https:\/\/www.startlap.hu\/vasarlas\/uploads\/2024\/12\/figyelmeztetes-jel-755x437.jpg\" alt=\"Figyelmeztet\u00e9s jel.\" width=\"755\" height=\"437\" srcset=\"https:\/\/www.startlap.hu\/vasarlas\/uploads\/2024\/12\/figyelmeztetes-jel-755x437.jpg 755w, https:\/\/www.startlap.hu\/vasarlas\/uploads\/2024\/12\/figyelmeztetes-jel-604x350.jpg 604w, https:\/\/www.startlap.hu\/vasarlas\/uploads\/2024\/12\/figyelmeztetes-jel.jpg 1200w\" sizes=\"auto, (max-width: 755px) 100vw, 755px\" \/><\/a><figcaption id=\"caption-attachment-2255284\" class=\"wp-caption-text\">Getty Images<\/figcaption><\/figure>\n<p>A hordozhat\u00f3 mixer minden magyarorsz\u00e1gi Aldi-\u00fczletben el\u00e9rhet\u0151 volt kor\u00e1bban, mostanra azonban felf\u00fcggesztett\u00e9k az \u00e9rt\u00e9kes\u00edt\u00e9s\u00e9t.<\/p>\n<p>&#8222;K\u00e9rj\u00fck, a megv\u00e1s\u00e1rolt term\u00e9ket hozd vissza b\u00e1rmely magyarorsz\u00e1gi \u00fczlet\u00fcnkbe! A v\u00e9tel\u00e1rat a v\u00e1s\u00e1rl\u00e1st igazol\u00f3 blokk hi\u00e1ny\u00e1ban is visszat\u00e9r\u00edtj\u00fck&#8221; \u2013 \u00edrja a bolt a k\u00f6zlem\u00e9nyben. Hozz\u00e1teszik: ez a v\u00e1s\u00e1rl\u00f3i t\u00e1j\u00e9koztat\u00f3 nem jelenti az el\u0151\u00e1ll\u00edt\u00f3, a gy\u00e1rt\u00f3 vagy a forgalmaz\u00f3 felel\u0151ss\u00e9g\u00e9nek meg\u00e1llap\u00edt\u00e1s\u00e1t.<\/p>\n<div class=\"o-widget m-readMoreWidget -readMore u-shortDecorLineAfter row widget-container _ce_measure_widget bigdata-widget read-more\" data-ce-measure-widget=\"olvass tov\u00e1bb\">\n\t<div class=\"m-readMoreWidget__imgWrapper image-wrapper col-12 col-md-4 no-p\">\n\t\t<a class=\"m-readMoreWidget__imgLink\" href=\"https:\/\/www.startlap.hu\/vasarlas\/marcius-15-boltok-nyitvatartasa-lidl-aldi-spar-penny-tesco-2026\/\" >\n\t\t\t<img decoding=\"async\" src=\"https:\/\/www.startlap.hu\/vasarlas\/uploads\/2026\/03\/bevasarlokocsi-350x285.jpg\" class=\"m-readMoreWidget__img\">\n\t\t<\/a>\n\t<\/div>\n\t<div class=\"m-readMoreWidget__titleWrapper title-wrapper col-12 col-md-8\">\n\t\t<span class=\"m-readMoreWidget__titleLabel u-shortDecorLineBefore label hidden-sm-up\">Ez is \u00e9rdekelhet:<\/span>\n\t\t<h3 class=\"m-readMoreWidget__title title\">\n\t\t\t<a class=\"m-readMoreWidget__titleLink -secondFont u-bold u-upperCase\" href=\"https:\/\/www.startlap.hu\/vasarlas\/marcius-15-boltok-nyitvatartasa-lidl-aldi-spar-penny-tesco-2026\/\" >Vas\u00e1rnapi boltz\u00e1r j\u00f6n: v\u00e1ltozik a Lidl, Penny, Aldi \u00e9s a t\u00f6bbi \u00fczletl\u00e1nc nyitvatart\u00e1sa<\/a>\n\t\t<\/h3>\n\t\t<a class=\"m-readMoreWidget__btn -coloredBack u-tC link\" href=\"https:\/\/www.startlap.hu\/vasarlas\/marcius-15-boltok-nyitvatartasa-lidl-aldi-spar-penny-tesco-2026\/\" >Elolvasom<\/a>\n\t<\/div>\n<\/div>\n","protected":false},"excerpt":{"rendered":"<p>Az Aldi visszah\u00edvja az egyik konyhai kisg\u00e9p\u00e9t lehets\u00e9ges kigyullad\u00e1svesz\u00e9ly miatt. A v\u00e9tel\u00e1rat a v\u00e1s\u00e1rl\u00e1st igazol\u00f3 blokk hi\u00e1ny\u00e1ban is visszat\u00e9r\u00edtik.<\/p>\n","protected":false},"author":7,"featured_media":2255284,"comment_status":"closed","ping_status":"closed","sticky":false,"template":"","format":"standard","meta":{"footnotes":""},"categories":[8180],"tags":[850,11684,4724],"class_list":["post-2278124","post","type-post","status-publish","format-standard","has-post-thumbnail","hentry","category-trending","tag-aldi","tag-mixer","tag-termekvisszahivas"],"aioseo_notices":[],"_links":{"self":[{"href":"https:\/\/www.startlap.hu\/vasarlas\/wp-json\/wp\/v2\/posts\/2278124","targetHints":{"allow":["GET"]}}],"collection":[{"href":"https:\/\/www.startlap.hu\/vasarlas\/wp-json\/wp\/v2\/posts"}],"about":[{"href":"https:\/\/www.startlap.hu\/vasarlas\/wp-json\/wp\/v2\/types\/post"}],"author":[{"embeddable":true,"href":"https:\/\/www.startlap.hu\/vasarlas\/wp-json\/wp\/v2\/users\/7"}],"replies":[{"embeddable":true,"href":"https:\/\/www.startlap.hu\/vasarlas\/wp-json\/wp\/v2\/comments?post=2278124"}],"version-history":[{"count":1,"href":"https:\/\/www.startlap.hu\/vasarlas\/wp-json\/wp\/v2\/posts\/2278124\/revisions"}],"predecessor-version":[{"id":2278125,"href":"https:\/\/www.startlap.hu\/vasarlas\/wp-json\/wp\/v2\/posts\/2278124\/revisions\/2278125"}],"wp:featuredmedia":[{"embeddable":true,"href":"https:\/\/www.startlap.hu\/vasarlas\/wp-json\/wp\/v2\/media\/2255284"}],"wp:attachment":[{"href":"https:\/\/www.startlap.hu\/vasarlas\/wp-json\/wp\/v2\/media?parent=2278124"}],"wp:term":[{"taxonomy":"category","embeddable":true,"href":"https:\/\/www.startlap.hu\/vasarlas\/wp-json\/wp\/v2\/categories?post=2278124"},{"taxonomy":"post_tag","embeddable":true,"href":"https:\/\/www.startlap.hu\/vasarlas\/wp-json\/wp\/v2\/tags?post=2278124"}],"curies":[{"name":"wp","href":"https:\/\/api.w.org\/{rel}","templated":true}]}}