{"id":2278092,"date":"2026-03-10T12:33:40","date_gmt":"2026-03-10T11:33:40","guid":{"rendered":"https:\/\/www.startlap.hu\/vasarlas\/?p=2278092"},"modified":"2026-03-10T12:33:04","modified_gmt":"2026-03-10T11:33:04","slug":"mosogep-konyhab-gondok","status":"publish","type":"post","link":"https:\/\/www.startlap.hu\/vasarlas\/mosogep-konyhab-gondok\/","title":{"rendered":"Nagyon megb\u00e1nod, ha a mos\u00f3g\u00e9pet a konyh\u00e1ba teszed &#8211; sorra j\u00f6nnek a probl\u00e9m\u00e1k"},"content":{"rendered":"<p>Sok lak\u00e1sban a <a href=\"https:\/\/www.startlap.hu\/vasarlas\/mosogep-beallitas-vizespoharteszt\/\" target=\"_blank\" rel=\"noopener\">mos\u00f3g\u00e9p<\/a> a konyh\u00e1ban kap helyet, k\u00fcl\u00f6n\u00f6sen kisebb otthonokban vagy panellak\u00e1sokban. Praktikus megold\u00e1snak t\u0171nhet, hiszen \u00edgy nem foglal helyet a f\u00fcrd\u0151szob\u00e1ban, m\u00e9gis egyre t\u00f6bb lakberendez\u0151 figyelmeztet arra, hogy ez hossz\u00fa t\u00e1von nem felt\u00e9tlen\u00fcl a legjobb d\u00f6nt\u00e9s. A szak\u00e9rt\u0151k szerint a konyhai elhelyez\u00e9s t\u00f6bb olyan probl\u00e9m\u00e1t is okozhat, amelyre sokan csak k\u00e9s\u0151n j\u00f6nnek r\u00e1.<\/p>\n<div class=\"o-widget m-readMoreWidget -readMore u-shortDecorLineAfter row widget-container _ce_measure_widget bigdata-widget read-more\" data-ce-measure-widget=\"olvass tov\u00e1bb\">\n\t<div class=\"m-readMoreWidget__imgWrapper image-wrapper col-12 col-md-4 no-p\">\n\t\t<a class=\"m-readMoreWidget__imgLink\" href=\"https:\/\/www.startlap.hu\/vasarlas\/zuhanyzas-egeszseg-idosek-orvos\/\" >\n\t\t\t<img decoding=\"async\" src=\"https:\/\/www.startlap.hu\/vasarlas\/uploads\/2026\/02\/zuhanyzas-2-350x285.jpg\" class=\"m-readMoreWidget__img\">\n\t\t<\/a>\n\t<\/div>\n\t<div class=\"m-readMoreWidget__titleWrapper title-wrapper col-12 col-md-8\">\n\t\t<span class=\"m-readMoreWidget__titleLabel u-shortDecorLineBefore label hidden-sm-up\">Ez is \u00e9rdekelhet:<\/span>\n\t\t<h3 class=\"m-readMoreWidget__title title\">\n\t\t\t<a class=\"m-readMoreWidget__titleLink -secondFont u-bold u-upperCase\" href=\"https:\/\/www.startlap.hu\/vasarlas\/zuhanyzas-egeszseg-idosek-orvos\/\" >Higi\u00e9nia 65 \u00e9v felett: nem naponta egyszer, nem hetente egyszer &#8211; ilyen gyakran aj\u00e1nlott a zuhanyoz\u00e1s id\u0151s korban<\/a>\n\t\t<\/h3>\n\t\t<a class=\"m-readMoreWidget__btn -coloredBack u-tC link\" href=\"https:\/\/www.startlap.hu\/vasarlas\/zuhanyzas-egeszseg-idosek-orvos\/\" >Elolvasom<\/a>\n\t<\/div>\n<\/div>\n<p>A mos\u00f3g\u00e9p hagyom\u00e1nyos helye a f\u00fcrd\u0151szoba vagy egy k\u00fcl\u00f6n mos\u00f3konyha lenne, azonban sok lak\u00e1sban egyszer\u0171en nincs ott elegend\u0151 hely. A kisebb alapter\u00fclet\u0171 otthonokn\u00e1l gyakran a <a href=\"https:\/\/www.startlap.hu\/vasarlas\/alkohol-menta-konyha-takaritas\/\" target=\"_blank\" rel=\"noopener\">konyha<\/a> az egyetlen olyan helyis\u00e9g, ahol a v\u00edzcsatlakoz\u00e1s \u00e9s a lefoly\u00f3 is rendelkez\u00e9sre \u00e1ll. Emiatt sokan automatikusan ide tervezik a k\u00e9sz\u00fcl\u00e9ket, k\u00fcl\u00f6n\u00f6sen akkor, ha a konyhab\u00fatorba is be lehet \u00e9p\u00edteni. B\u00e1r ez els\u0151 pillant\u00e1sra rendezett \u00e9s praktikus megold\u00e1snak t\u0171nik, a lakberendez\u0151k szerint t\u00f6bb szempontb\u00f3l sem ide\u00e1lis.<\/p>\n<figure id=\"attachment_2278094\" aria-describedby=\"caption-attachment-2278094\" style=\"width: 755px\" class=\"wp-caption alignnone\"><img loading=\"lazy\" decoding=\"async\" class=\"size-article-size-large-image wp-image-2278094\" src=\"https:\/\/www.startlap.hu\/vasarlas\/uploads\/2026\/03\/mosogep-7_11zon-755x503.jpg\" alt=\"Mos\u00f3g\u00e9pet a konyh\u00e1ban haszn\u00e1l\u00f3 f\u00e9rfi\" width=\"755\" height=\"503\" srcset=\"https:\/\/www.startlap.hu\/vasarlas\/uploads\/2026\/03\/mosogep-7_11zon-755x503.jpg 755w, https:\/\/www.startlap.hu\/vasarlas\/uploads\/2026\/03\/mosogep-7_11zon-1536x1024.jpg 1536w, https:\/\/www.startlap.hu\/vasarlas\/uploads\/2026\/03\/mosogep-7_11zon-525x350.jpg 525w, https:\/\/www.startlap.hu\/vasarlas\/uploads\/2026\/03\/mosogep-7_11zon.jpg 1696w\" sizes=\"auto, (max-width: 755px) 100vw, 755px\" \/><figcaption id=\"caption-attachment-2278094\" class=\"wp-caption-text\">Fot\u00f3: Getty Images<\/figcaption><\/figure>\n<h2>A mos\u00f3g\u00e9p a konyh\u00e1ban t\u00f6bb probl\u00e9m\u00e1t is okozhat<\/h2>\n<p>A szak\u00e9rt\u0151k szerint a legnagyobb gond az, hogy a konyha teljesen m\u00e1s funkci\u00f3t t\u00f6lt be, mint egy mos\u00f3konyha vagy f\u00fcrd\u0151szoba. Itt k\u00e9sz\u00fcl az \u00e9tel, itt t\u00e1roljuk az alapanyagokat, \u00e9s sok csal\u00e1dban a k\u00f6z\u00f6s \u00e9tkez\u00e9sek helysz\u00edne is ez a t\u00e9r.<\/p>\n<p>A mos\u00f3g\u00e9p m\u0171k\u00f6d\u00e9se azonban zajjal j\u00e1r, k\u00fcl\u00f6n\u00f6sen centrifug\u00e1l\u00e1skor. Ez k\u00f6nnyen zavar\u00f3 lehet f\u0151z\u00e9s vagy \u00e9tkez\u00e9s k\u00f6zben, \u00e9s egy kisebb lak\u00e1sban m\u00e9g a nappaliban is hallhat\u00f3 lehet. A m\u00e1sik probl\u00e9ma a nedvess\u00e9g. <strong>Mos\u00e1s k\u00f6zben p\u00e1ra keletkezik, amely a konyh\u00e1ban k\u00f6nnyebben meg\u00fcl a b\u00fatorokon \u00e9s a falakon, k\u00fcl\u00f6n\u00f6sen akkor, ha a helyis\u00e9g nem szell\u0151zik megfelel\u0151en.<\/strong> Hosszabb t\u00e1von ez kellemetlen szagokhoz vagy ak\u00e1r pen\u00e9szesed\u00e9shez is vezethet. Emellett a v\u00edzcsatlakoz\u00e1sok \u00e9s a lefoly\u00f3 sem minden konyh\u00e1ban ide\u00e1lis. Ha a rendszer nem megfelel\u0151en van kialak\u00edtva, egy kisebb sziv\u00e1rg\u00e1s is komoly k\u00e1rokat okozhat a konyhab\u00fatorban vagy a padl\u00f3ban.<\/p>\n<h2>Mit tehetsz, ha m\u00e9gis a konyh\u00e1ban van a mos\u00f3g\u00e9p?<\/h2>\n<p>Sok lak\u00e1sban nincs m\u00e1s alternat\u00edva, ez\u00e9rt a mos\u00f3g\u00e9p a konyh\u00e1ban marad. Ilyenkor n\u00e9h\u00e1ny egyszer\u0171 megold\u00e1ssal cs\u00f6kkenthet\u0151k a kellemetlens\u00e9gek:<\/p>\n<ul>\n<li>\u00c9rdemes halk m\u0171k\u00f6d\u00e9s\u0171, modern mos\u00f3g\u00e9pet v\u00e1lasztani.<\/li>\n<li>Fontos a megfelel\u0151 szell\u0151z\u00e9s, hogy a p\u00e1ra ne maradjon a helyis\u00e9gben.<\/li>\n<li>A k\u00e9sz\u00fcl\u00e9k k\u00f6rny\u00e9k\u00e9n c\u00e9lszer\u0171 v\u00edz\u00e1ll\u00f3 fel\u00fcleteket haszn\u00e1lni.<\/li>\n<li>A rendszeres tiszt\u00edt\u00e1s seg\u00edt megel\u0151zni a kellemetlen szagokat \u00e9s a pen\u00e9szt.<\/li>\n<li>Ha lehet, a mos\u00e1st ne akkor ind\u00edtsuk el, amikor \u00e9ppen f\u0151z\u00fcnk vagy \u00e9tkez\u00fcnk.<\/li>\n<\/ul>\n<h2>Hol \u00e9rdemes ink\u00e1bb elhelyezni a mos\u00f3g\u00e9pet?<\/h2>\n<p>A lakberendez\u0151k szerint a legjobb megold\u00e1s az, ha a mos\u00f3g\u00e9p olyan helyis\u00e9gbe ker\u00fcl, ahol a v\u00edz \u00e9s a p\u00e1ra term\u00e9szetes m\u00f3don jelen van. Ilyen p\u00e9ld\u00e1ul a f\u00fcrd\u0151szoba vagy egy k\u00fcl\u00f6n mos\u00f3konyha. Ezekben a terekben a szell\u0151z\u00e9s \u00e9s a v\u00edzelvezet\u00e9s is eleve ehhez a funkci\u00f3hoz igazodik, ez\u00e9rt kisebb az es\u00e9ly a kellemetlen mell\u00e9khat\u00e1sokra.<\/p>\n<blockquote class=\"article__extraTxt\"><p>Ha a mos\u00f3g\u00e9p m\u00e9gis a konyh\u00e1ban kap helyet, fontos odafigyelni a tisztas\u00e1gra \u00e9s a szell\u0151ztet\u00e9sre.<\/p><\/blockquote>\n<p>A rendszeres takar\u00edt\u00e1s, a megfelel\u0151 l\u00e9gcsere \u00e9s a j\u00f3l megv\u00e1lasztott k\u00e9sz\u00fcl\u00e9k seg\u00edthet abban, hogy a konyha tov\u00e1bbra is k\u00e9nyelmes \u00e9s higi\u00e9nikus maradjon.<\/p>\n<p><strong>B\u00e1r sok lak\u00e1sban megszokott megold\u00e1s a konyhai mos\u00f3g\u00e9p, a lakberendez\u0151k szerint \u00e9rdemes \u00e1tgondolni az elhelyez\u00e9st.<\/strong> Ha van r\u00e1 lehet\u0151s\u00e9g, a k\u00e9sz\u00fcl\u00e9knek jobb helye lehet a f\u00fcrd\u0151szob\u00e1ban vagy egy k\u00fcl\u00f6n mos\u00f3konyh\u00e1ban.<\/p>\n<p><a href=\"https:\/\/www.sorrashome.gr\/clothes-dryer-costs\/\" target=\"_blank\" target=\"_blank\" rel=\"noopener\">via<\/a><\/p>\n<div class=\"o-widget m-readMoreWidget -readMore u-shortDecorLineAfter row widget-container _ce_measure_widget bigdata-widget read-more\" data-ce-measure-widget=\"olvass tov\u00e1bb\">\n\t<div class=\"m-readMoreWidget__imgWrapper image-wrapper col-12 col-md-4 no-p\">\n\t\t<a class=\"m-readMoreWidget__imgLink\" href=\"https:\/\/www.startlap.hu\/vasarlas\/csomag-csalas-rendeles\/\" >\n\t\t\t<img decoding=\"async\" src=\"https:\/\/www.startlap.hu\/vasarlas\/uploads\/2026\/03\/csomag-350x285.jpg\" class=\"m-readMoreWidget__img\">\n\t\t<\/a>\n\t<\/div>\n\t<div class=\"m-readMoreWidget__titleWrapper title-wrapper col-12 col-md-8\">\n\t\t<span class=\"m-readMoreWidget__titleLabel u-shortDecorLineBefore label hidden-sm-up\">Ez is \u00e9rdekelhet:<\/span>\n\t\t<h3 class=\"m-readMoreWidget__title title\">\n\t\t\t<a class=\"m-readMoreWidget__titleLink -secondFont u-bold u-upperCase\" href=\"https:\/\/www.startlap.hu\/vasarlas\/csomag-csalas-rendeles\/\" >Nem rendelt\u00e9l semmit, m\u00e9gis csomagod \u00e9rkezett? D\u00f6bbenetes csal\u00e1si m\u00f3dszer terjed<\/a>\n\t\t<\/h3>\n\t\t<a class=\"m-readMoreWidget__btn -coloredBack u-tC link\" href=\"https:\/\/www.startlap.hu\/vasarlas\/csomag-csalas-rendeles\/\" >Elolvasom<\/a>\n\t<\/div>\n<\/div>\n","protected":false},"excerpt":{"rendered":"<p>Sok lak\u00e1sban a konyh\u00e1ba ker\u00fcl a mos\u00f3g\u00e9p, pedig a lakberendez\u0151k szerint ez komoly gondot okozhat: zajt, p\u00e1r\u00e1t \u00e9s kellemetlen szagokat is hozhat a f\u0151z\u00e9s ter\u00e9be.<\/p>\n","protected":false},"author":64,"featured_media":2278094,"comment_status":"closed","ping_status":"closed","sticky":false,"template":"","format":"standard","meta":{"footnotes":""},"categories":[8180],"tags":[4741,8902,3942,10670],"class_list":["post-2278092","post","type-post","status-publish","format-standard","has-post-thumbnail","hentry","category-trending","tag-konyha","tag-mosas","tag-mosogep","tag-para"],"aioseo_notices":[],"_links":{"self":[{"href":"https:\/\/www.startlap.hu\/vasarlas\/wp-json\/wp\/v2\/posts\/2278092","targetHints":{"allow":["GET"]}}],"collection":[{"href":"https:\/\/www.startlap.hu\/vasarlas\/wp-json\/wp\/v2\/posts"}],"about":[{"href":"https:\/\/www.startlap.hu\/vasarlas\/wp-json\/wp\/v2\/types\/post"}],"author":[{"embeddable":true,"href":"https:\/\/www.startlap.hu\/vasarlas\/wp-json\/wp\/v2\/users\/64"}],"replies":[{"embeddable":true,"href":"https:\/\/www.startlap.hu\/vasarlas\/wp-json\/wp\/v2\/comments?post=2278092"}],"version-history":[{"count":6,"href":"https:\/\/www.startlap.hu\/vasarlas\/wp-json\/wp\/v2\/posts\/2278092\/revisions"}],"predecessor-version":[{"id":2278120,"href":"https:\/\/www.startlap.hu\/vasarlas\/wp-json\/wp\/v2\/posts\/2278092\/revisions\/2278120"}],"wp:featuredmedia":[{"embeddable":true,"href":"https:\/\/www.startlap.hu\/vasarlas\/wp-json\/wp\/v2\/media\/2278094"}],"wp:attachment":[{"href":"https:\/\/www.startlap.hu\/vasarlas\/wp-json\/wp\/v2\/media?parent=2278092"}],"wp:term":[{"taxonomy":"category","embeddable":true,"href":"https:\/\/www.startlap.hu\/vasarlas\/wp-json\/wp\/v2\/categories?post=2278092"},{"taxonomy":"post_tag","embeddable":true,"href":"https:\/\/www.startlap.hu\/vasarlas\/wp-json\/wp\/v2\/tags?post=2278092"}],"curies":[{"name":"wp","href":"https:\/\/api.w.org\/{rel}","templated":true}]}}